{"id":136839,"date":"2024-05-08T15:02:25","date_gmt":"2024-05-08T20:02:25","guid":{"rendered":"https:\/\/graziamagazine.com\/mx\/?post_type=articles&#038;p=136839"},"modified":"2024-05-08T15:12:28","modified_gmt":"2024-05-08T20:12:28","slug":"leau-de-parfum-por-cirque-du-soleil","status":"publish","type":"articles","link":"https:\/\/graziamagazine.com\/mx\/articles\/leau-de-parfum-por-cirque-du-soleil\/","title":{"rendered":"&#8220;L&#8217;eau de parfum&#8221; por Cirque du Soleil"},"content":{"rendered":"<p>El <strong>Cirque du Soleil<\/strong>, reconocido por sus deslumbrantes <strong>espect\u00e1culos visuales<\/strong>, est\u00e1 incursionando en el mundo de las experiencias sensoriales con el lanzamiento de su <strong>primera fragancia. <\/strong><\/p>\n<p>En asociaci\u00f3n con <strong>Flower Shop Perfumes Co<\/strong>., la marca de entretenimiento presenta <strong>&#8220;l&#8217;eau de parfum by Cirque du Soleil&#8221;,<\/strong> una fragancia \u00fanica que promete transportar a los usuarios a un mundo de maravillas y emociones.<\/p>\n<p>La fragancia, descrita como un tejido de notas de bergamota, manzana roja, algod\u00f3n de az\u00facar, iris y fresia, palomitas de ma\u00edz mantecosas, s\u00e1ndalo c\u00e1lido, vainilla y \u00e1mbar caramelizado, es una combinaci\u00f3n \u00fanica que busca capturar la esencia del Cirque du Soleil en una botella.<\/p>\n<figure id=\"attachment_136841\" aria-describedby=\"caption-attachment-136841\" style=\"width: 819px\" class=\"wp-caption alignnone\"><img loading=\"lazy\" decoding=\"async\" class=\"size-large wp-image-136841\" src=\"https:\/\/graziamagazine.com\/mx\/wp-content\/uploads\/sites\/13\/2024\/05\/Jaramillo_FLWRShop_1stPass_9-819x1024.jpg\" alt=\"&quot;L'eau de parfum&quot; por Cirque du Soleil\" width=\"819\" height=\"1024\" srcset=\"https:\/\/graziamagazine.com\/mx\/wp-content\/uploads\/sites\/13\/2024\/05\/Jaramillo_FLWRShop_1stPass_9-819x1024.jpg 819w, https:\/\/graziamagazine.com\/mx\/wp-content\/uploads\/sites\/13\/2024\/05\/Jaramillo_FLWRShop_1stPass_9-360x450.jpg 360w, https:\/\/graziamagazine.com\/mx\/wp-content\/uploads\/sites\/13\/2024\/05\/Jaramillo_FLWRShop_1stPass_9-768x960.jpg 768w, https:\/\/graziamagazine.com\/mx\/wp-content\/uploads\/sites\/13\/2024\/05\/Jaramillo_FLWRShop_1stPass_9-1229x1536.jpg 1229w, https:\/\/graziamagazine.com\/mx\/wp-content\/uploads\/sites\/13\/2024\/05\/Jaramillo_FLWRShop_1stPass_9-1638x2048.jpg 1638w, https:\/\/graziamagazine.com\/mx\/wp-content\/uploads\/sites\/13\/2024\/05\/Jaramillo_FLWRShop_1stPass_9-400x500.jpg 400w, https:\/\/graziamagazine.com\/mx\/wp-content\/uploads\/sites\/13\/2024\/05\/Jaramillo_FLWRShop_1stPass_9-155x194.jpg 155w, https:\/\/graziamagazine.com\/mx\/wp-content\/uploads\/sites\/13\/2024\/05\/Jaramillo_FLWRShop_1stPass_9-scaled.jpg 2048w\" sizes=\"(max-width: 819px) 100vw, 819px\" \/><figcaption id=\"caption-attachment-136841\" class=\"wp-caption-text\">&#8220;L&#8217;eau de parfum&#8221; por Cirque du Soleil<\/figcaption><\/figure>\n<p>&#8220;En nuestro 40.\u00ba a\u00f1o en el negocio, continuamos evolucionando m\u00e1s all\u00e1 de nuestra oferta de espect\u00e1culos en vivo y aprovechando v\u00edas creativas adicionales&#8221;, coment\u00f3 <strong>Eleni Planet<\/strong>, directora de licencias y colaboraciones de Cirque du Soleil Entertainment Group, en un comunicado.<\/p>\n<p>La botella de vidrio est\u00e1 adornada con una tapa escalonada de<strong> estilo Art D\u00e9co<\/strong> y un tap\u00f3n dorado con surcos que representa un gran sol elev\u00e1ndose sobre la luna, un homenaje visual al &#8220;circo del sol&#8221;.<\/p>\n<p>La colaboraci\u00f3n con Flower Shop Perfumes Co. representa un paso m\u00e1s en la expansi\u00f3n de Cirque du Soleil m\u00e1s all\u00e1 de sus espect\u00e1culos en vivo, ofreciendo a los consumidores de todo el mundo la oportunidad de <strong>experimentar la magia y el asombro<\/strong> de la marca en su vida diaria.<\/p>\n<figure id=\"attachment_136840\" aria-describedby=\"caption-attachment-136840\" style=\"width: 800px\" class=\"wp-caption alignnone\"><img loading=\"lazy\" decoding=\"async\" class=\"size-full wp-image-136840\" src=\"https:\/\/graziamagazine.com\/mx\/wp-content\/uploads\/sites\/13\/2024\/05\/especial-desta-55.jpg\" alt=\"&quot;L'eau de parfum&quot; por Cirque du Soleil\" width=\"800\" height=\"445\" srcset=\"https:\/\/graziamagazine.com\/mx\/wp-content\/uploads\/sites\/13\/2024\/05\/especial-desta-55.jpg 800w, https:\/\/graziamagazine.com\/mx\/wp-content\/uploads\/sites\/13\/2024\/05\/especial-desta-55-450x250.jpg 450w, https:\/\/graziamagazine.com\/mx\/wp-content\/uploads\/sites\/13\/2024\/05\/especial-desta-55-768x427.jpg 768w, https:\/\/graziamagazine.com\/mx\/wp-content\/uploads\/sites\/13\/2024\/05\/especial-desta-55-400x223.jpg 400w, https:\/\/graziamagazine.com\/mx\/wp-content\/uploads\/sites\/13\/2024\/05\/especial-desta-55-155x86.jpg 155w\" sizes=\"(max-width: 800px) 100vw, 800px\" \/><figcaption id=\"caption-attachment-136840\" class=\"wp-caption-text\">&#8220;L&#8217;eau de parfum&#8221; por Cirque du Soleil<\/figcaption><\/figure>\n<p>&#8220;Estamos encantados de anunciar esta fragancia con Flower Shop, que permite a los consumidores de todo el mundo experimentar el asombro de nuestros espect\u00e1culos ic\u00f3nicos y compartir la alegr\u00eda del Cirque du Soleil todos los d\u00edas&#8221;.<\/p>\n<p>Cada botella de eau de parfum de 100 ml estar\u00e1 disponible por $195 y se podr\u00e1 adquirir exclusivamente en el sitio web oficial de Cirque du Soleil a partir del<strong> mi\u00e9rcoles 8 de mayo.<\/strong><\/p>\n<p>Con esta emocionante colaboraci\u00f3n, Cirque du Soleil demuestra una vez m\u00e1s su capacidad para cautivar y sorprender, no solo en el escenario, sino tambi\u00e9n en el mundo de la moda y la fragancia.<\/p>\n<p><em><strong>*iMAGEN: Google Images<\/strong><\/em><\/p>\n","protected":false},"author":28953,"featured_media":136842,"template":"","format":"standard","categories":[4],"acf":[],"yoast_head":"<!-- This site is optimized with the Yoast SEO Premium plugin v18.5 (Yoast SEO v20.4) - https:\/\/yoast.com\/wordpress\/plugins\/seo\/ -->\n<title>&quot;L&#039;eau de parfum&quot; por Cirque du Soleil<\/title>\n<meta name=\"description\" content=\"\u00a1S\u00ed, el Cirque du Soleil acaba de lanzar su propia agua de perfume! En colaboraci\u00f3n con Flower Shop Perfumes Co.\" \/>\n<meta name=\"robots\" content=\"index, follow, max-snippet:-1, max-image-preview:large, max-video-preview:-1\" \/>\n<link rel=\"canonical\" href=\"https:\/\/graziamagazine.com\/mx\/articles\/leau-de-parfum-por-cirque-du-soleil\/\" \/>\n<meta property=\"og:locale\" content=\"es_MX\" \/>\n<meta property=\"og:type\" content=\"article\" \/>\n<meta property=\"og:title\" content=\"&quot;L&#039;eau de parfum&quot; por Cirque du Soleil\" \/>\n<meta property=\"og:description\" content=\"\u00a1S\u00ed, el Cirque du Soleil acaba de lanzar su propia agua de perfume! En colaboraci\u00f3n con Flower Shop Perfumes Co.\" \/>\n<meta property=\"og:url\" content=\"https:\/\/graziamagazine.com\/mx\/articles\/leau-de-parfum-por-cirque-du-soleil\/\" \/>\n<meta property=\"og:site_name\" content=\"Grazia M\u00e9xico y Latinoam\u00e9rica\" \/>\n<meta property=\"article:modified_time\" content=\"2024-05-08T20:12:28+00:00\" \/>\n<meta property=\"og:image\" content=\"https:\/\/graziamagazine.com\/mx\/wp-content\/uploads\/sites\/13\/2024\/05\/Captura-de-Pantalla-2024-05-08-a-las-14.11.22-1024x728.png\" \/>\n\t<meta property=\"og:image:width\" content=\"1024\" \/>\n\t<meta property=\"og:image:height\" content=\"728\" \/>\n\t<meta property=\"og:image:type\" content=\"image\/png\" \/>\n<meta name=\"twitter:card\" content=\"summary_large_image\" \/>\n<meta name=\"twitter:label1\" content=\"Est. reading time\" \/>\n\t<meta name=\"twitter:data1\" content=\"3 minutos\" \/>\n<script type=\"application\/ld+json\" class=\"yoast-schema-graph\">{\"@context\":\"https:\/\/schema.org\",\"@graph\":[{\"@type\":\"WebPage\",\"@id\":\"https:\/\/graziamagazine.com\/mx\/articles\/leau-de-parfum-por-cirque-du-soleil\/\",\"url\":\"https:\/\/graziamagazine.com\/mx\/articles\/leau-de-parfum-por-cirque-du-soleil\/\",\"name\":\"\\\"L'eau de parfum\\\" por Cirque du Soleil\",\"isPartOf\":{\"@id\":\"https:\/\/graziamagazine.com\/mx\/#website\"},\"datePublished\":\"2024-05-08T20:02:25+00:00\",\"dateModified\":\"2024-05-08T20:12:28+00:00\",\"description\":\"\u00a1S\u00ed, el Cirque du Soleil acaba de lanzar su propia agua de perfume! En colaboraci\u00f3n con Flower Shop Perfumes Co.\",\"breadcrumb\":{\"@id\":\"https:\/\/graziamagazine.com\/mx\/articles\/leau-de-parfum-por-cirque-du-soleil\/#breadcrumb\"},\"inLanguage\":\"es-MX\",\"potentialAction\":[{\"@type\":\"ReadAction\",\"target\":[\"https:\/\/graziamagazine.com\/mx\/articles\/leau-de-parfum-por-cirque-du-soleil\/\"]}]},{\"@type\":\"BreadcrumbList\",\"@id\":\"https:\/\/graziamagazine.com\/mx\/articles\/leau-de-parfum-por-cirque-du-soleil\/#breadcrumb\",\"itemListElement\":[{\"@type\":\"ListItem\",\"position\":1,\"name\":\"Home\",\"item\":\"https:\/\/graziamagazine.com\/mx\/\"},{\"@type\":\"ListItem\",\"position\":2,\"name\":\"&#8220;L&#8217;eau de parfum&#8221; por Cirque du Soleil\"}]},{\"@type\":\"WebSite\",\"@id\":\"https:\/\/graziamagazine.com\/mx\/#website\",\"url\":\"https:\/\/graziamagazine.com\/mx\/\",\"name\":\"Grazia M\u00e9xico y Latinoam\u00e9rica\",\"description\":\"Grazia es moda, belleza y noticias  de actualidad \",\"potentialAction\":[{\"@type\":\"SearchAction\",\"target\":{\"@type\":\"EntryPoint\",\"urlTemplate\":\"https:\/\/graziamagazine.com\/mx\/?s={search_term_string}\"},\"query-input\":\"required name=search_term_string\"}],\"inLanguage\":\"es-MX\"}]}<\/script>\n<!-- \/ Yoast SEO Premium plugin. -->","yoast_head_json":{"title":"\"L'eau de parfum\" por Cirque du Soleil","description":"\u00a1S\u00ed, el Cirque du Soleil acaba de lanzar su propia agua de perfume! En colaboraci\u00f3n con Flower Shop Perfumes Co.","robots":{"index":"index","follow":"follow","max-snippet":"max-snippet:-1","max-image-preview":"max-image-preview:large","max-video-preview":"max-video-preview:-1"},"canonical":"https:\/\/graziamagazine.com\/mx\/articles\/leau-de-parfum-por-cirque-du-soleil\/","og_locale":"es_MX","og_type":"article","og_title":"\"L'eau de parfum\" por Cirque du Soleil","og_description":"\u00a1S\u00ed, el Cirque du Soleil acaba de lanzar su propia agua de perfume! En colaboraci\u00f3n con Flower Shop Perfumes Co.","og_url":"https:\/\/graziamagazine.com\/mx\/articles\/leau-de-parfum-por-cirque-du-soleil\/","og_site_name":"Grazia M\u00e9xico y Latinoam\u00e9rica","article_modified_time":"2024-05-08T20:12:28+00:00","og_image":[{"width":1024,"height":728,"url":"https:\/\/graziamagazine.com\/mx\/wp-content\/uploads\/sites\/13\/2024\/05\/Captura-de-Pantalla-2024-05-08-a-las-14.11.22-1024x728.png","type":"image\/png"}],"twitter_card":"summary_large_image","twitter_misc":{"Est. reading time":"3 minutos"},"schema":{"@context":"https:\/\/schema.org","@graph":[{"@type":"WebPage","@id":"https:\/\/graziamagazine.com\/mx\/articles\/leau-de-parfum-por-cirque-du-soleil\/","url":"https:\/\/graziamagazine.com\/mx\/articles\/leau-de-parfum-por-cirque-du-soleil\/","name":"\"L'eau de parfum\" por Cirque du Soleil","isPartOf":{"@id":"https:\/\/graziamagazine.com\/mx\/#website"},"datePublished":"2024-05-08T20:02:25+00:00","dateModified":"2024-05-08T20:12:28+00:00","description":"\u00a1S\u00ed, el Cirque du Soleil acaba de lanzar su propia agua de perfume! En colaboraci\u00f3n con Flower Shop Perfumes Co.","breadcrumb":{"@id":"https:\/\/graziamagazine.com\/mx\/articles\/leau-de-parfum-por-cirque-du-soleil\/#breadcrumb"},"inLanguage":"es-MX","potentialAction":[{"@type":"ReadAction","target":["https:\/\/graziamagazine.com\/mx\/articles\/leau-de-parfum-por-cirque-du-soleil\/"]}]},{"@type":"BreadcrumbList","@id":"https:\/\/graziamagazine.com\/mx\/articles\/leau-de-parfum-por-cirque-du-soleil\/#breadcrumb","itemListElement":[{"@type":"ListItem","position":1,"name":"Home","item":"https:\/\/graziamagazine.com\/mx\/"},{"@type":"ListItem","position":2,"name":"&#8220;L&#8217;eau de parfum&#8221; por Cirque du Soleil"}]},{"@type":"WebSite","@id":"https:\/\/graziamagazine.com\/mx\/#website","url":"https:\/\/graziamagazine.com\/mx\/","name":"Grazia M\u00e9xico y Latinoam\u00e9rica","description":"Grazia es moda, belleza y noticias  de actualidad ","potentialAction":[{"@type":"SearchAction","target":{"@type":"EntryPoint","urlTemplate":"https:\/\/graziamagazine.com\/mx\/?s={search_term_string}"},"query-input":"required name=search_term_string"}],"inLanguage":"es-MX"}]}},"jetpack_sharing_enabled":true,"distributor_meta":false,"distributor_terms":false,"distributor_media":false,"distributor_original_site_name":"Grazia M\u00e9xico y Latinoam\u00e9rica","distributor_original_site_url":"https:\/\/graziamagazine.com\/mx","push-errors":false,"_links":{"self":[{"href":"https:\/\/graziamagazine.com\/mx\/wp-json\/wp\/v2\/articles\/136839"}],"collection":[{"href":"https:\/\/graziamagazine.com\/mx\/wp-json\/wp\/v2\/articles"}],"about":[{"href":"https:\/\/graziamagazine.com\/mx\/wp-json\/wp\/v2\/types\/articles"}],"author":[{"embeddable":true,"href":"https:\/\/graziamagazine.com\/mx\/wp-json\/wp\/v2\/users\/28953"}],"wp:featuredmedia":[{"embeddable":true,"href":"https:\/\/graziamagazine.com\/mx\/wp-json\/wp\/v2\/media\/136842"}],"wp:attachment":[{"href":"https:\/\/graziamagazine.com\/mx\/wp-json\/wp\/v2\/media?parent=136839"}],"wp:term":[{"taxonomy":"category","embeddable":true,"href":"https:\/\/graziamagazine.com\/mx\/wp-json\/wp\/v2\/categories?post=136839"}],"curies":[{"name":"wp","href":"https:\/\/api.w.org\/{rel}","templated":true}]}}