{"id":136688,"date":"2024-05-02T19:01:31","date_gmt":"2024-05-03T00:01:31","guid":{"rendered":"https:\/\/graziamagazine.com\/mx\/?post_type=articles&#038;p=136688"},"modified":"2024-05-02T19:06:33","modified_gmt":"2024-05-03T00:06:33","slug":"kim-kardashian-se-tine-el-cabello-y-vuelve-a-ser-rubia-antes-de-la-met-gala-2024","status":"publish","type":"articles","link":"https:\/\/graziamagazine.com\/mx\/articles\/kim-kardashian-se-tine-el-cabello-y-vuelve-a-ser-rubia-antes-de-la-met-gala-2024\/","title":{"rendered":"Kim Kardashian se ti\u00f1e el cabello y vuelve a ser rubia antes de la Met Gala 2024"},"content":{"rendered":"<p><span style=\"font-weight: 400\">El 27 de abril, durante la 22\u00aa Gala Anual Lo M\u00e1ximo en Los \u00c1ngeles,<strong> Kim Kardashian<\/strong> sorprendi\u00f3 con su cabello nuevamente te\u00f1ido de rubio, pocos d\u00edas antes de la gran presentaci\u00f3n p\u00fablica durante el evento de la<strong> MET Gala 2024.\u00a0<\/strong><\/span><\/p>\n<p><span style=\"font-weight: 400\">Kim luci\u00f3 un abrigo de piel hasta el suelo con aretes plateados de Balenciaga, cabello recogido reci\u00e9n te\u00f1ido con un mo\u00f1o y un poco de cabello suelto a un lado. Para su maquillaje, se puso un labial en color nude.<\/span><\/p>\n<p><span style=\"font-weight: 400\">El famoso estilista Chris Appleton recurri\u00f3 a<em><strong> TikTok<\/strong><\/em> para mostrar el look final de<a href=\"https:\/\/graziamagazine.com\/mx\/articles\/kim-kardashian-causa-polemica-por-foto-de-su-hija-north-repleta-de-diamantes\/\"> Kim Kardashian<\/a>. En el clip, la empresaria camin\u00f3 delante de Appleton y le dio una suave sonrisa a la c\u00e1mara mientras lo miraba.<\/span><\/p>\n<p><span style=\"font-weight: 400\">\u201c<em>Ice Kimmy.<\/em> Quer\u00edamos mantener una ra\u00edz corta y el rubio fresco y cremoso. Lo te\u00f1\u00ed en un par de sesiones para mantener la integridad del cabello agradable y jugosa\u201d, escribi\u00f3.<\/span><\/p>\n<p><span style=\"font-weight: 400\">Kardashian tuvo previamente cabello rubio antes del evento ben\u00e9fico anual de 2022 en el Museo Metropolitano de Arte. Se decolor\u00f3 el cabello en homenaje a <strong>Marilyn Monroe,<\/strong> cuyo vestido tom\u00f3 prestado de Ripley&#8217;s Believe It or Not! Museo.\u00a0<\/span><\/p>\n<p><span style=\"font-weight: 400\">Meses despu\u00e9s del evento, la <em>socialit\u00e9<\/em> habl\u00f3 sobre la preparaci\u00f3n detr\u00e1s de escena de su apariencia. \u201cEste proceso de te\u00f1ido del cabello es muy tedioso y molesto. No tenemos un recipiente para shampoo, as\u00ed que tenemos que enjuagarlo un mill\u00f3n de veces. Es lo que es\u201d, explic\u00f3 en un confesionario durante un episodio de The Kardashians de Hulu en noviembre de 2022.<\/span><\/p>\n","protected":false},"author":11628,"featured_media":110980,"template":"","format":"standard","categories":[4],"acf":[],"yoast_head":"<!-- This site is optimized with the Yoast SEO Premium plugin v18.5 (Yoast SEO v20.4) - https:\/\/yoast.com\/wordpress\/plugins\/seo\/ -->\n<title>Kim Kardashian se ti\u00f1e el cabello y vuelve a ser rubia antes de la Met Gala 2024 | Grazia M\u00e9xico y Latinoam\u00e9rica<\/title>\n<meta name=\"description\" content=\"El 27 de abril, durante la 22\u00aa Gala Anual Lo M\u00e1ximo en Los \u00c1ngeles, Kim Kardashian sorprendi\u00f3 con su cabello nuevamente te\u00f1ido de rubio, pocos d\u00edas antes\" \/>\n<meta name=\"robots\" content=\"index, follow, max-snippet:-1, max-image-preview:large, max-video-preview:-1\" \/>\n<link rel=\"canonical\" href=\"https:\/\/graziamagazine.com\/mx\/articles\/kim-kardashian-se-tine-el-cabello-y-vuelve-a-ser-rubia-antes-de-la-met-gala-2024\/\" \/>\n<meta property=\"og:locale\" content=\"es_MX\" \/>\n<meta property=\"og:type\" content=\"article\" \/>\n<meta property=\"og:title\" content=\"Kim Kardashian se ti\u00f1e el cabello y vuelve a ser rubia antes de la Met Gala 2024\" \/>\n<meta property=\"og:description\" content=\"El 27 de abril, durante la 22\u00aa Gala Anual Lo M\u00e1ximo en Los \u00c1ngeles, Kim Kardashian sorprendi\u00f3 con su cabello nuevamente te\u00f1ido de rubio, pocos d\u00edas antes\" \/>\n<meta property=\"og:url\" content=\"https:\/\/graziamagazine.com\/mx\/articles\/kim-kardashian-se-tine-el-cabello-y-vuelve-a-ser-rubia-antes-de-la-met-gala-2024\/\" \/>\n<meta property=\"og:site_name\" content=\"Grazia M\u00e9xico y Latinoam\u00e9rica\" \/>\n<meta property=\"article:modified_time\" content=\"2024-05-03T00:06:33+00:00\" \/>\n<meta property=\"og:image\" content=\"https:\/\/graziamagazine.com\/mx\/wp-content\/uploads\/sites\/13\/2022\/05\/Captura-de-Pantalla-2022-05-03-a-las-9.23.00.png\" \/>\n\t<meta property=\"og:image:width\" content=\"720\" \/>\n\t<meta property=\"og:image:height\" content=\"577\" \/>\n\t<meta property=\"og:image:type\" content=\"image\/png\" \/>\n<meta name=\"twitter:card\" content=\"summary_large_image\" \/>\n<meta name=\"twitter:label1\" content=\"Est. reading time\" \/>\n\t<meta name=\"twitter:data1\" content=\"2 minutos\" \/>\n<script type=\"application\/ld+json\" class=\"yoast-schema-graph\">{\"@context\":\"https:\/\/schema.org\",\"@graph\":[{\"@type\":\"WebPage\",\"@id\":\"https:\/\/graziamagazine.com\/mx\/articles\/kim-kardashian-se-tine-el-cabello-y-vuelve-a-ser-rubia-antes-de-la-met-gala-2024\/\",\"url\":\"https:\/\/graziamagazine.com\/mx\/articles\/kim-kardashian-se-tine-el-cabello-y-vuelve-a-ser-rubia-antes-de-la-met-gala-2024\/\",\"name\":\"Kim Kardashian se ti\u00f1e el cabello y vuelve a ser rubia antes de la Met Gala 2024 | Grazia M\u00e9xico y Latinoam\u00e9rica\",\"isPartOf\":{\"@id\":\"https:\/\/graziamagazine.com\/mx\/#website\"},\"datePublished\":\"2024-05-03T00:01:31+00:00\",\"dateModified\":\"2024-05-03T00:06:33+00:00\",\"description\":\"El 27 de abril, durante la 22\u00aa Gala Anual Lo M\u00e1ximo en Los \u00c1ngeles, Kim Kardashian sorprendi\u00f3 con su cabello nuevamente te\u00f1ido de rubio, pocos d\u00edas antes\",\"breadcrumb\":{\"@id\":\"https:\/\/graziamagazine.com\/mx\/articles\/kim-kardashian-se-tine-el-cabello-y-vuelve-a-ser-rubia-antes-de-la-met-gala-2024\/#breadcrumb\"},\"inLanguage\":\"es-MX\",\"potentialAction\":[{\"@type\":\"ReadAction\",\"target\":[\"https:\/\/graziamagazine.com\/mx\/articles\/kim-kardashian-se-tine-el-cabello-y-vuelve-a-ser-rubia-antes-de-la-met-gala-2024\/\"]}]},{\"@type\":\"BreadcrumbList\",\"@id\":\"https:\/\/graziamagazine.com\/mx\/articles\/kim-kardashian-se-tine-el-cabello-y-vuelve-a-ser-rubia-antes-de-la-met-gala-2024\/#breadcrumb\",\"itemListElement\":[{\"@type\":\"ListItem\",\"position\":1,\"name\":\"Home\",\"item\":\"https:\/\/graziamagazine.com\/mx\/\"},{\"@type\":\"ListItem\",\"position\":2,\"name\":\"Kim Kardashian se ti\u00f1e el cabello y vuelve a ser rubia antes de la Met Gala 2024\"}]},{\"@type\":\"WebSite\",\"@id\":\"https:\/\/graziamagazine.com\/mx\/#website\",\"url\":\"https:\/\/graziamagazine.com\/mx\/\",\"name\":\"Grazia M\u00e9xico y Latinoam\u00e9rica\",\"description\":\"Grazia es moda, belleza y noticias  de actualidad \",\"potentialAction\":[{\"@type\":\"SearchAction\",\"target\":{\"@type\":\"EntryPoint\",\"urlTemplate\":\"https:\/\/graziamagazine.com\/mx\/?s={search_term_string}\"},\"query-input\":\"required name=search_term_string\"}],\"inLanguage\":\"es-MX\"}]}<\/script>\n<!-- \/ Yoast SEO Premium plugin. -->","yoast_head_json":{"title":"Kim Kardashian se ti\u00f1e el cabello y vuelve a ser rubia antes de la Met Gala 2024 | Grazia M\u00e9xico y Latinoam\u00e9rica","description":"El 27 de abril, durante la 22\u00aa Gala Anual Lo M\u00e1ximo en Los \u00c1ngeles, Kim Kardashian sorprendi\u00f3 con su cabello nuevamente te\u00f1ido de rubio, pocos d\u00edas antes","robots":{"index":"index","follow":"follow","max-snippet":"max-snippet:-1","max-image-preview":"max-image-preview:large","max-video-preview":"max-video-preview:-1"},"canonical":"https:\/\/graziamagazine.com\/mx\/articles\/kim-kardashian-se-tine-el-cabello-y-vuelve-a-ser-rubia-antes-de-la-met-gala-2024\/","og_locale":"es_MX","og_type":"article","og_title":"Kim Kardashian se ti\u00f1e el cabello y vuelve a ser rubia antes de la Met Gala 2024","og_description":"El 27 de abril, durante la 22\u00aa Gala Anual Lo M\u00e1ximo en Los \u00c1ngeles, Kim Kardashian sorprendi\u00f3 con su cabello nuevamente te\u00f1ido de rubio, pocos d\u00edas antes","og_url":"https:\/\/graziamagazine.com\/mx\/articles\/kim-kardashian-se-tine-el-cabello-y-vuelve-a-ser-rubia-antes-de-la-met-gala-2024\/","og_site_name":"Grazia M\u00e9xico y Latinoam\u00e9rica","article_modified_time":"2024-05-03T00:06:33+00:00","og_image":[{"width":720,"height":577,"url":"https:\/\/graziamagazine.com\/mx\/wp-content\/uploads\/sites\/13\/2022\/05\/Captura-de-Pantalla-2022-05-03-a-las-9.23.00.png","type":"image\/png"}],"twitter_card":"summary_large_image","twitter_misc":{"Est. reading time":"2 minutos"},"schema":{"@context":"https:\/\/schema.org","@graph":[{"@type":"WebPage","@id":"https:\/\/graziamagazine.com\/mx\/articles\/kim-kardashian-se-tine-el-cabello-y-vuelve-a-ser-rubia-antes-de-la-met-gala-2024\/","url":"https:\/\/graziamagazine.com\/mx\/articles\/kim-kardashian-se-tine-el-cabello-y-vuelve-a-ser-rubia-antes-de-la-met-gala-2024\/","name":"Kim Kardashian se ti\u00f1e el cabello y vuelve a ser rubia antes de la Met Gala 2024 | Grazia M\u00e9xico y Latinoam\u00e9rica","isPartOf":{"@id":"https:\/\/graziamagazine.com\/mx\/#website"},"datePublished":"2024-05-03T00:01:31+00:00","dateModified":"2024-05-03T00:06:33+00:00","description":"El 27 de abril, durante la 22\u00aa Gala Anual Lo M\u00e1ximo en Los \u00c1ngeles, Kim Kardashian sorprendi\u00f3 con su cabello nuevamente te\u00f1ido de rubio, pocos d\u00edas antes","breadcrumb":{"@id":"https:\/\/graziamagazine.com\/mx\/articles\/kim-kardashian-se-tine-el-cabello-y-vuelve-a-ser-rubia-antes-de-la-met-gala-2024\/#breadcrumb"},"inLanguage":"es-MX","potentialAction":[{"@type":"ReadAction","target":["https:\/\/graziamagazine.com\/mx\/articles\/kim-kardashian-se-tine-el-cabello-y-vuelve-a-ser-rubia-antes-de-la-met-gala-2024\/"]}]},{"@type":"BreadcrumbList","@id":"https:\/\/graziamagazine.com\/mx\/articles\/kim-kardashian-se-tine-el-cabello-y-vuelve-a-ser-rubia-antes-de-la-met-gala-2024\/#breadcrumb","itemListElement":[{"@type":"ListItem","position":1,"name":"Home","item":"https:\/\/graziamagazine.com\/mx\/"},{"@type":"ListItem","position":2,"name":"Kim Kardashian se ti\u00f1e el cabello y vuelve a ser rubia antes de la Met Gala 2024"}]},{"@type":"WebSite","@id":"https:\/\/graziamagazine.com\/mx\/#website","url":"https:\/\/graziamagazine.com\/mx\/","name":"Grazia M\u00e9xico y Latinoam\u00e9rica","description":"Grazia es moda, belleza y noticias  de actualidad ","potentialAction":[{"@type":"SearchAction","target":{"@type":"EntryPoint","urlTemplate":"https:\/\/graziamagazine.com\/mx\/?s={search_term_string}"},"query-input":"required name=search_term_string"}],"inLanguage":"es-MX"}]}},"jetpack_sharing_enabled":true,"distributor_meta":false,"distributor_terms":false,"distributor_media":false,"distributor_original_site_name":"Grazia M\u00e9xico y Latinoam\u00e9rica","distributor_original_site_url":"https:\/\/graziamagazine.com\/mx","push-errors":false,"_links":{"self":[{"href":"https:\/\/graziamagazine.com\/mx\/wp-json\/wp\/v2\/articles\/136688"}],"collection":[{"href":"https:\/\/graziamagazine.com\/mx\/wp-json\/wp\/v2\/articles"}],"about":[{"href":"https:\/\/graziamagazine.com\/mx\/wp-json\/wp\/v2\/types\/articles"}],"author":[{"embeddable":true,"href":"https:\/\/graziamagazine.com\/mx\/wp-json\/wp\/v2\/users\/11628"}],"wp:featuredmedia":[{"embeddable":true,"href":"https:\/\/graziamagazine.com\/mx\/wp-json\/wp\/v2\/media\/110980"}],"wp:attachment":[{"href":"https:\/\/graziamagazine.com\/mx\/wp-json\/wp\/v2\/media?parent=136688"}],"wp:term":[{"taxonomy":"category","embeddable":true,"href":"https:\/\/graziamagazine.com\/mx\/wp-json\/wp\/v2\/categories?post=136688"}],"curies":[{"name":"wp","href":"https:\/\/api.w.org\/{rel}","templated":true}]}}