{"id":136553,"date":"2024-04-28T21:41:06","date_gmt":"2024-04-29T02:41:06","guid":{"rendered":"https:\/\/graziamagazine.com\/mx\/?post_type=articles&#038;p=136553"},"modified":"2024-04-28T21:46:20","modified_gmt":"2024-04-29T02:46:20","slug":"que-pasa-con-harvey-weinstein-y-por-que-vuelve-a-estar-en-las-noticias","status":"publish","type":"articles","link":"https:\/\/graziamagazine.com\/mx\/articles\/que-pasa-con-harvey-weinstein-y-por-que-vuelve-a-estar-en-las-noticias\/","title":{"rendered":"\u00bfQu\u00e9 pasa con Harvey Weinstein y por qu\u00e9 vuelve a estar en las noticias?"},"content":{"rendered":"<p><span style=\"font-weight: 400\"><strong>Harvey Weinstein<\/strong>, el magnate de Hollywood que fue <strong>condenado por violaci\u00f3n en 2020<\/strong> y que se convirti\u00f3 en el mayor antagonista del movimiento <strong>#MeToo<\/strong>, podr\u00eda tener una reevaluaci\u00f3n de su caso en la corte.<\/span><\/p>\n<p><span style=\"font-weight: 400\">El jueves 25 de abril, un tribunal de apelaciones de Nueva York anul\u00f3 su condena bas\u00e1ndose en que los testimonios proporcionados por mujeres que no hab\u00edan presentado casos contra \u00e9l, podr\u00edan haber perjudicado al jurado en su contra.<\/span><\/p>\n<p><span style=\"font-weight: 400\">El abogado del caso, Arthur Aidala, dijo a la prensa frente al Tribunal Penal de Manhattan que \u201cla ley no se aplic\u00f3 de manera justa\u201d.<\/span><\/p>\n<p><span style=\"font-weight: 400\">Otros condenaron el fallo como una maniobra legal que dificultar\u00e1 las cosas para las v\u00edctimas de agresi\u00f3n sexual. Douglas Wigdor, quien represent\u00f3 a ocho acusadoras de <a href=\"https:\/\/graziamagazine.com\/mx\/articles\/harvey-weinstein-es-declarado-culpable-de-violacion-en-su-segundo-juicio\/\">Weinstein<\/a>, dijo que \u201cla decisi\u00f3n es incorrecta. La evidencia era importante para mostrar el motivo y la intenci\u00f3n del acusado&#8221;.<\/span><\/p>\n<p><span style=\"font-weight: 400\">\u201cEs reconfortante que la ley sea capaz de autocorregirse cuando el error humano nubla el proceso\u201d, dice Juliet Williams, profesora de estudios de g\u00e9nero en la Universidad de California-Los \u00c1ngeles. \u201cAl mismo tiempo, es profundamente desalentador vivir bajo un sistema legal que contin\u00faa fallando a las v\u00edctimas de violencia sexual\u201d.<\/span><\/p>\n<p><span style=\"font-weight: 400\">El testimonio de mujeres que hab\u00edan sido abusadas por Weinstein pero que no formaban parte de la demanda fue relevante y vital para este giro en la historia.<\/span><\/p>\n<p><span style=\"font-weight: 400\">El movimiento #MeToo, que fue iniciado por las acusadoras de Weinstein no solo provoc\u00f3 la condena del poderoso productor de Hollywood, sino que tambi\u00e9n condujo a reportajes ganadores del Premio Pulitzer y pel\u00edculas complementarias.<\/span><\/p>\n<p><span style=\"font-weight: 400\">El fallo del jueves no significa libertad para Harvey Weinstein &#8211; que aprovech\u00f3 su poder para abusar de mujeres, desde asistentes desconocidas hasta estrellas como <strong>Gwyneth Paltrow, Salma Hayek y Ashley Judd<\/strong> &#8211; sino una reapertura de su caso en la corte que podr\u00eda llevarlo a medidas menos duras o menos a\u00f1os de c\u00e1rcel.<\/span><\/p>\n","protected":false},"author":11628,"featured_media":81974,"template":"","format":"standard","categories":[114],"acf":[],"yoast_head":"<!-- This site is optimized with the Yoast SEO Premium plugin v18.5 (Yoast SEO v20.4) - https:\/\/yoast.com\/wordpress\/plugins\/seo\/ -->\n<title>\u00bfQu\u00e9 pasa con Harvey Weinstein y por qu\u00e9 vuelve a estar en las noticias? | Grazia M\u00e9xico y Latinoam\u00e9rica<\/title>\n<meta name=\"description\" content=\"Harvey Weinstein, el magnate de Hollywood que fue condenado por violaci\u00f3n en 2020 y que se convirti\u00f3 en el mayor antagonista del movimiento #MeToo, podr\u00eda\" \/>\n<meta name=\"robots\" content=\"index, follow, max-snippet:-1, max-image-preview:large, max-video-preview:-1\" \/>\n<link rel=\"canonical\" href=\"https:\/\/graziamagazine.com\/mx\/articles\/que-pasa-con-harvey-weinstein-y-por-que-vuelve-a-estar-en-las-noticias\/\" \/>\n<meta property=\"og:locale\" content=\"es_MX\" \/>\n<meta property=\"og:type\" content=\"article\" \/>\n<meta property=\"og:title\" content=\"\u00bfQu\u00e9 pasa con Harvey Weinstein y por qu\u00e9 vuelve a estar en las noticias?\" \/>\n<meta property=\"og:description\" content=\"Harvey Weinstein, el magnate de Hollywood que fue condenado por violaci\u00f3n en 2020 y que se convirti\u00f3 en el mayor antagonista del movimiento #MeToo, podr\u00eda\" \/>\n<meta property=\"og:url\" content=\"https:\/\/graziamagazine.com\/mx\/articles\/que-pasa-con-harvey-weinstein-y-por-que-vuelve-a-estar-en-las-noticias\/\" \/>\n<meta property=\"og:site_name\" content=\"Grazia M\u00e9xico y Latinoam\u00e9rica\" \/>\n<meta property=\"article:modified_time\" content=\"2024-04-29T02:46:20+00:00\" \/>\n<meta property=\"og:image\" content=\"https:\/\/graziamagazine.com\/mx\/wp-content\/uploads\/sites\/13\/2020\/03\/harvey-weinstein-es-condenado-a-23-anos-de-carcel-destacadaa.jpg\" \/>\n\t<meta property=\"og:image:width\" content=\"1417\" \/>\n\t<meta property=\"og:image:height\" content=\"945\" \/>\n\t<meta property=\"og:image:type\" content=\"image\/jpeg\" \/>\n<meta name=\"twitter:card\" content=\"summary_large_image\" \/>\n<meta name=\"twitter:label1\" content=\"Est. reading time\" \/>\n\t<meta name=\"twitter:data1\" content=\"2 minutos\" \/>\n<script type=\"application\/ld+json\" class=\"yoast-schema-graph\">{\"@context\":\"https:\/\/schema.org\",\"@graph\":[{\"@type\":\"WebPage\",\"@id\":\"https:\/\/graziamagazine.com\/mx\/articles\/que-pasa-con-harvey-weinstein-y-por-que-vuelve-a-estar-en-las-noticias\/\",\"url\":\"https:\/\/graziamagazine.com\/mx\/articles\/que-pasa-con-harvey-weinstein-y-por-que-vuelve-a-estar-en-las-noticias\/\",\"name\":\"\u00bfQu\u00e9 pasa con Harvey Weinstein y por qu\u00e9 vuelve a estar en las noticias? | Grazia M\u00e9xico y Latinoam\u00e9rica\",\"isPartOf\":{\"@id\":\"https:\/\/graziamagazine.com\/mx\/#website\"},\"datePublished\":\"2024-04-29T02:41:06+00:00\",\"dateModified\":\"2024-04-29T02:46:20+00:00\",\"description\":\"Harvey Weinstein, el magnate de Hollywood que fue condenado por violaci\u00f3n en 2020 y que se convirti\u00f3 en el mayor antagonista del movimiento #MeToo, podr\u00eda\",\"breadcrumb\":{\"@id\":\"https:\/\/graziamagazine.com\/mx\/articles\/que-pasa-con-harvey-weinstein-y-por-que-vuelve-a-estar-en-las-noticias\/#breadcrumb\"},\"inLanguage\":\"es-MX\",\"potentialAction\":[{\"@type\":\"ReadAction\",\"target\":[\"https:\/\/graziamagazine.com\/mx\/articles\/que-pasa-con-harvey-weinstein-y-por-que-vuelve-a-estar-en-las-noticias\/\"]}]},{\"@type\":\"BreadcrumbList\",\"@id\":\"https:\/\/graziamagazine.com\/mx\/articles\/que-pasa-con-harvey-weinstein-y-por-que-vuelve-a-estar-en-las-noticias\/#breadcrumb\",\"itemListElement\":[{\"@type\":\"ListItem\",\"position\":1,\"name\":\"Home\",\"item\":\"https:\/\/graziamagazine.com\/mx\/\"},{\"@type\":\"ListItem\",\"position\":2,\"name\":\"\u00bfQu\u00e9 pasa con Harvey Weinstein y por qu\u00e9 vuelve a estar en las noticias?\"}]},{\"@type\":\"WebSite\",\"@id\":\"https:\/\/graziamagazine.com\/mx\/#website\",\"url\":\"https:\/\/graziamagazine.com\/mx\/\",\"name\":\"Grazia M\u00e9xico y Latinoam\u00e9rica\",\"description\":\"Grazia es moda, belleza y noticias  de actualidad \",\"potentialAction\":[{\"@type\":\"SearchAction\",\"target\":{\"@type\":\"EntryPoint\",\"urlTemplate\":\"https:\/\/graziamagazine.com\/mx\/?s={search_term_string}\"},\"query-input\":\"required name=search_term_string\"}],\"inLanguage\":\"es-MX\"}]}<\/script>\n<!-- \/ Yoast SEO Premium plugin. -->","yoast_head_json":{"title":"\u00bfQu\u00e9 pasa con Harvey Weinstein y por qu\u00e9 vuelve a estar en las noticias? | Grazia M\u00e9xico y Latinoam\u00e9rica","description":"Harvey Weinstein, el magnate de Hollywood que fue condenado por violaci\u00f3n en 2020 y que se convirti\u00f3 en el mayor antagonista del movimiento #MeToo, podr\u00eda","robots":{"index":"index","follow":"follow","max-snippet":"max-snippet:-1","max-image-preview":"max-image-preview:large","max-video-preview":"max-video-preview:-1"},"canonical":"https:\/\/graziamagazine.com\/mx\/articles\/que-pasa-con-harvey-weinstein-y-por-que-vuelve-a-estar-en-las-noticias\/","og_locale":"es_MX","og_type":"article","og_title":"\u00bfQu\u00e9 pasa con Harvey Weinstein y por qu\u00e9 vuelve a estar en las noticias?","og_description":"Harvey Weinstein, el magnate de Hollywood que fue condenado por violaci\u00f3n en 2020 y que se convirti\u00f3 en el mayor antagonista del movimiento #MeToo, podr\u00eda","og_url":"https:\/\/graziamagazine.com\/mx\/articles\/que-pasa-con-harvey-weinstein-y-por-que-vuelve-a-estar-en-las-noticias\/","og_site_name":"Grazia M\u00e9xico y Latinoam\u00e9rica","article_modified_time":"2024-04-29T02:46:20+00:00","og_image":[{"width":1417,"height":945,"url":"https:\/\/graziamagazine.com\/mx\/wp-content\/uploads\/sites\/13\/2020\/03\/harvey-weinstein-es-condenado-a-23-anos-de-carcel-destacadaa.jpg","type":"image\/jpeg"}],"twitter_card":"summary_large_image","twitter_misc":{"Est. reading time":"2 minutos"},"schema":{"@context":"https:\/\/schema.org","@graph":[{"@type":"WebPage","@id":"https:\/\/graziamagazine.com\/mx\/articles\/que-pasa-con-harvey-weinstein-y-por-que-vuelve-a-estar-en-las-noticias\/","url":"https:\/\/graziamagazine.com\/mx\/articles\/que-pasa-con-harvey-weinstein-y-por-que-vuelve-a-estar-en-las-noticias\/","name":"\u00bfQu\u00e9 pasa con Harvey Weinstein y por qu\u00e9 vuelve a estar en las noticias? | Grazia M\u00e9xico y Latinoam\u00e9rica","isPartOf":{"@id":"https:\/\/graziamagazine.com\/mx\/#website"},"datePublished":"2024-04-29T02:41:06+00:00","dateModified":"2024-04-29T02:46:20+00:00","description":"Harvey Weinstein, el magnate de Hollywood que fue condenado por violaci\u00f3n en 2020 y que se convirti\u00f3 en el mayor antagonista del movimiento #MeToo, podr\u00eda","breadcrumb":{"@id":"https:\/\/graziamagazine.com\/mx\/articles\/que-pasa-con-harvey-weinstein-y-por-que-vuelve-a-estar-en-las-noticias\/#breadcrumb"},"inLanguage":"es-MX","potentialAction":[{"@type":"ReadAction","target":["https:\/\/graziamagazine.com\/mx\/articles\/que-pasa-con-harvey-weinstein-y-por-que-vuelve-a-estar-en-las-noticias\/"]}]},{"@type":"BreadcrumbList","@id":"https:\/\/graziamagazine.com\/mx\/articles\/que-pasa-con-harvey-weinstein-y-por-que-vuelve-a-estar-en-las-noticias\/#breadcrumb","itemListElement":[{"@type":"ListItem","position":1,"name":"Home","item":"https:\/\/graziamagazine.com\/mx\/"},{"@type":"ListItem","position":2,"name":"\u00bfQu\u00e9 pasa con Harvey Weinstein y por qu\u00e9 vuelve a estar en las noticias?"}]},{"@type":"WebSite","@id":"https:\/\/graziamagazine.com\/mx\/#website","url":"https:\/\/graziamagazine.com\/mx\/","name":"Grazia M\u00e9xico y Latinoam\u00e9rica","description":"Grazia es moda, belleza y noticias  de actualidad ","potentialAction":[{"@type":"SearchAction","target":{"@type":"EntryPoint","urlTemplate":"https:\/\/graziamagazine.com\/mx\/?s={search_term_string}"},"query-input":"required name=search_term_string"}],"inLanguage":"es-MX"}]}},"jetpack_sharing_enabled":true,"distributor_meta":false,"distributor_terms":false,"distributor_media":false,"distributor_original_site_name":"Grazia M\u00e9xico y Latinoam\u00e9rica","distributor_original_site_url":"https:\/\/graziamagazine.com\/mx","push-errors":false,"_links":{"self":[{"href":"https:\/\/graziamagazine.com\/mx\/wp-json\/wp\/v2\/articles\/136553"}],"collection":[{"href":"https:\/\/graziamagazine.com\/mx\/wp-json\/wp\/v2\/articles"}],"about":[{"href":"https:\/\/graziamagazine.com\/mx\/wp-json\/wp\/v2\/types\/articles"}],"author":[{"embeddable":true,"href":"https:\/\/graziamagazine.com\/mx\/wp-json\/wp\/v2\/users\/11628"}],"wp:featuredmedia":[{"embeddable":true,"href":"https:\/\/graziamagazine.com\/mx\/wp-json\/wp\/v2\/media\/81974"}],"wp:attachment":[{"href":"https:\/\/graziamagazine.com\/mx\/wp-json\/wp\/v2\/media?parent=136553"}],"wp:term":[{"taxonomy":"category","embeddable":true,"href":"https:\/\/graziamagazine.com\/mx\/wp-json\/wp\/v2\/categories?post=136553"}],"curies":[{"name":"wp","href":"https:\/\/api.w.org\/{rel}","templated":true}]}}