{"id":136383,"date":"2024-04-22T15:53:10","date_gmt":"2024-04-22T20:53:10","guid":{"rendered":"https:\/\/graziamagazine.com\/mx\/?post_type=articles&#038;p=136383"},"modified":"2024-04-22T16:08:48","modified_gmt":"2024-04-22T21:08:48","slug":"senalan-eiza-gonzalez-supuesto-video-racista-responde","status":"publish","type":"articles","link":"https:\/\/graziamagazine.com\/mx\/articles\/senalan-eiza-gonzalez-supuesto-video-racista-responde\/","title":{"rendered":"Se\u00f1alan a Eiza Gonz\u00e1lez por supuesto video racista; esto responde"},"content":{"rendered":"<p><strong>Eiza Gonz\u00e1lez<\/strong> aclar\u00f3 lo que sucedi\u00f3 en un video donde supuestamente fue racista con el actor nigeriano <strong>Babs Olusanmokun<\/strong>. Todo sucedi\u00f3 durante la premiere de la pel\u00edcula <em><strong>The Ministry of Ungentlemanly Warfare<\/strong><\/em>, el pasado 15 de abril en <strong>Nueva York<\/strong> cuando parece que la actriz ignora de forma deliberada al actor en la alfombra roja.<\/p>\n<p>&#8220;Buen intento para tratar de destruir la integridad de una persona. Babs (Olusanmokun) es un gran amigo, tan amigo que llegamos juntos al evento&#8221;, escribi\u00f3 Eiza en su cuenta de <strong>X<\/strong>.<\/p>\n<p>&#8220;Este video de 3 segundos es (de) nosotros form\u00e1ndonos para tomarnos una foto de elenco y Henry iba llegando y ambos lo felicitamos por su beb\u00e9&#8221;, explic\u00f3 la actriz.<\/p>\n<figure id=\"attachment_136386\" aria-describedby=\"caption-attachment-136386\" style=\"width: 450px\" class=\"wp-caption alignnone\"><img loading=\"lazy\" decoding=\"async\" class=\"size-medium wp-image-136386\" src=\"https:\/\/graziamagazine.com\/mx\/wp-content\/uploads\/sites\/13\/2024\/04\/Captura-de-Pantalla-2024-04-22-a-las-14.58.03-450x299.png\" alt=\"\" width=\"450\" height=\"299\" srcset=\"https:\/\/graziamagazine.com\/mx\/wp-content\/uploads\/sites\/13\/2024\/04\/Captura-de-Pantalla-2024-04-22-a-las-14.58.03-450x299.png 450w, https:\/\/graziamagazine.com\/mx\/wp-content\/uploads\/sites\/13\/2024\/04\/Captura-de-Pantalla-2024-04-22-a-las-14.58.03-1024x680.png 1024w, https:\/\/graziamagazine.com\/mx\/wp-content\/uploads\/sites\/13\/2024\/04\/Captura-de-Pantalla-2024-04-22-a-las-14.58.03-768x510.png 768w, https:\/\/graziamagazine.com\/mx\/wp-content\/uploads\/sites\/13\/2024\/04\/Captura-de-Pantalla-2024-04-22-a-las-14.58.03-400x266.png 400w, https:\/\/graziamagazine.com\/mx\/wp-content\/uploads\/sites\/13\/2024\/04\/Captura-de-Pantalla-2024-04-22-a-las-14.58.03-155x103.png 155w, https:\/\/graziamagazine.com\/mx\/wp-content\/uploads\/sites\/13\/2024\/04\/Captura-de-Pantalla-2024-04-22-a-las-14.58.03.png 1154w\" sizes=\"(max-width: 450px) 100vw, 450px\" \/><figcaption id=\"caption-attachment-136386\" class=\"wp-caption-text\">Getty<\/figcaption><\/figure>\n<p>La actriz buscaba enfatizar que el video de tres segundos no contaba la historia completa y que ambos hab\u00edan estado juntos desde antes en la alfombra roja. &#8220;Babs y yo llev\u00e1bamos 30 minutos juntos ah\u00ed&#8221;, escribi\u00f3.<\/p>\n<p>&#8220;Cabe recalcar que t\u00fa lo hiciste un tema de raza. Eso habla de ti mucho m\u00e1s que de mi. Es una verg\u00fcenza que se hable del color de una persona en este tiempo. Sobre todo cuando nosotros somos minor\u00eda. Pena te deber\u00eda dar este twit ya que es un reflejo de c\u00f3mo t\u00fa piensas. Saludo de parte de nosotros. Orgullosa si\u00e9ntente por incitar este tipo de conversaciones en 2024&#8221;, agreg\u00f3 Eiza.<\/p>\n<figure id=\"attachment_136384\" aria-describedby=\"caption-attachment-136384\" style=\"width: 450px\" class=\"wp-caption alignnone\"><img loading=\"lazy\" decoding=\"async\" class=\"size-medium wp-image-136384\" src=\"https:\/\/graziamagazine.com\/mx\/wp-content\/uploads\/sites\/13\/2024\/04\/Captura-de-Pantalla-2024-04-22-a-las-14.57.32-450x301.png\" alt=\"\" width=\"450\" height=\"301\" srcset=\"https:\/\/graziamagazine.com\/mx\/wp-content\/uploads\/sites\/13\/2024\/04\/Captura-de-Pantalla-2024-04-22-a-las-14.57.32-450x301.png 450w, https:\/\/graziamagazine.com\/mx\/wp-content\/uploads\/sites\/13\/2024\/04\/Captura-de-Pantalla-2024-04-22-a-las-14.57.32-1024x684.png 1024w, https:\/\/graziamagazine.com\/mx\/wp-content\/uploads\/sites\/13\/2024\/04\/Captura-de-Pantalla-2024-04-22-a-las-14.57.32-768x513.png 768w, https:\/\/graziamagazine.com\/mx\/wp-content\/uploads\/sites\/13\/2024\/04\/Captura-de-Pantalla-2024-04-22-a-las-14.57.32-400x267.png 400w, https:\/\/graziamagazine.com\/mx\/wp-content\/uploads\/sites\/13\/2024\/04\/Captura-de-Pantalla-2024-04-22-a-las-14.57.32-155x104.png 155w, https:\/\/graziamagazine.com\/mx\/wp-content\/uploads\/sites\/13\/2024\/04\/Captura-de-Pantalla-2024-04-22-a-las-14.57.32.png 1144w\" sizes=\"(max-width: 450px) 100vw, 450px\" \/><figcaption id=\"caption-attachment-136384\" class=\"wp-caption-text\">Getty<\/figcaption><\/figure>\n<p>Por otro lado, la graf\u00f3loga <strong>Maryfer Centeno<\/strong> analiz\u00f3 el lenguaje corporal presente en el breve clip a trav\u00e9s de su cuenta de <strong>TikTok<\/strong>.<\/p>\n<p>&#8220;En ning\u00fan momento hace contacto visual Eiza Gonz\u00e1lez con el otro actor. Eso s\u00ed, \u00e9l s\u00ed lo hace con Henry Cavill. Es importante mencionar que no sabemos el contexto. Ella es la \u00fanica mujer en todo el reparto y nos deber\u00eda dar orgullo en que esta mexicana est\u00e1 rompiendo esquemas, hace papeles que nos dignifican\u201d, asegur\u00f3 Maryfer.<\/p>\n<p>Es muy f\u00e1cil cancelar a una persona por peque\u00f1os fragmentos de la realidad que indican lo que queremos ver, sin embargo, esta vez no les sali\u00f3 el chistecito en contra de la actriz mexicana que est\u00e1 logrando consolidarse cada vez m\u00e1s en <strong>Hollywood<\/strong>.<\/p>\n","protected":false},"author":36289,"featured_media":136387,"template":"","format":"standard","categories":[2],"acf":[],"yoast_head":"<!-- This site is optimized with the Yoast SEO Premium plugin v18.5 (Yoast SEO v20.4) - https:\/\/yoast.com\/wordpress\/plugins\/seo\/ -->\n<title>Se\u00f1alan a Eiza Gonz\u00e1lez por supuesto video racista; esto responde | Grazia M\u00e9xico y Latinoam\u00e9rica<\/title>\n<meta name=\"description\" content=\"Eiza Gonz\u00e1lez aclar\u00f3 lo que sucedi\u00f3 en un video donde supuestamente fue racista con el actor nigeriano Babs Olusanmokun. Todo sucedi\u00f3 durante la premiere\" \/>\n<meta name=\"robots\" content=\"index, follow, max-snippet:-1, max-image-preview:large, max-video-preview:-1\" \/>\n<link rel=\"canonical\" href=\"https:\/\/graziamagazine.com\/mx\/articles\/senalan-eiza-gonzalez-supuesto-video-racista-responde\/\" \/>\n<meta property=\"og:locale\" content=\"es_MX\" \/>\n<meta property=\"og:type\" content=\"article\" \/>\n<meta property=\"og:title\" content=\"Se\u00f1alan a Eiza Gonz\u00e1lez por supuesto video racista; esto responde\" \/>\n<meta property=\"og:description\" content=\"Eiza Gonz\u00e1lez aclar\u00f3 lo que sucedi\u00f3 en un video donde supuestamente fue racista con el actor nigeriano Babs Olusanmokun. Todo sucedi\u00f3 durante la premiere\" \/>\n<meta property=\"og:url\" content=\"https:\/\/graziamagazine.com\/mx\/articles\/senalan-eiza-gonzalez-supuesto-video-racista-responde\/\" \/>\n<meta property=\"og:site_name\" content=\"Grazia M\u00e9xico y Latinoam\u00e9rica\" \/>\n<meta property=\"article:modified_time\" content=\"2024-04-22T21:08:48+00:00\" \/>\n<meta property=\"og:image\" content=\"https:\/\/graziamagazine.com\/mx\/wp-content\/uploads\/sites\/13\/2024\/04\/WhatsApp-Image-2024-04-22-at-3.04.54-PM-e1713820085569.jpeg\" \/>\n\t<meta property=\"og:image:width\" content=\"1125\" \/>\n\t<meta property=\"og:image:height\" content=\"720\" \/>\n\t<meta property=\"og:image:type\" content=\"image\/jpeg\" \/>\n<meta name=\"twitter:card\" content=\"summary_large_image\" \/>\n<meta name=\"twitter:label1\" content=\"Est. reading time\" \/>\n\t<meta name=\"twitter:data1\" content=\"3 minutos\" \/>\n<script type=\"application\/ld+json\" class=\"yoast-schema-graph\">{\"@context\":\"https:\/\/schema.org\",\"@graph\":[{\"@type\":\"WebPage\",\"@id\":\"https:\/\/graziamagazine.com\/mx\/articles\/senalan-eiza-gonzalez-supuesto-video-racista-responde\/\",\"url\":\"https:\/\/graziamagazine.com\/mx\/articles\/senalan-eiza-gonzalez-supuesto-video-racista-responde\/\",\"name\":\"Se\u00f1alan a Eiza Gonz\u00e1lez por supuesto video racista; esto responde | Grazia M\u00e9xico y Latinoam\u00e9rica\",\"isPartOf\":{\"@id\":\"https:\/\/graziamagazine.com\/mx\/#website\"},\"datePublished\":\"2024-04-22T20:53:10+00:00\",\"dateModified\":\"2024-04-22T21:08:48+00:00\",\"description\":\"Eiza Gonz\u00e1lez aclar\u00f3 lo que sucedi\u00f3 en un video donde supuestamente fue racista con el actor nigeriano Babs Olusanmokun. Todo sucedi\u00f3 durante la premiere\",\"breadcrumb\":{\"@id\":\"https:\/\/graziamagazine.com\/mx\/articles\/senalan-eiza-gonzalez-supuesto-video-racista-responde\/#breadcrumb\"},\"inLanguage\":\"es-MX\",\"potentialAction\":[{\"@type\":\"ReadAction\",\"target\":[\"https:\/\/graziamagazine.com\/mx\/articles\/senalan-eiza-gonzalez-supuesto-video-racista-responde\/\"]}]},{\"@type\":\"BreadcrumbList\",\"@id\":\"https:\/\/graziamagazine.com\/mx\/articles\/senalan-eiza-gonzalez-supuesto-video-racista-responde\/#breadcrumb\",\"itemListElement\":[{\"@type\":\"ListItem\",\"position\":1,\"name\":\"Home\",\"item\":\"https:\/\/graziamagazine.com\/mx\/\"},{\"@type\":\"ListItem\",\"position\":2,\"name\":\"Se\u00f1alan a Eiza Gonz\u00e1lez por supuesto video racista; esto responde\"}]},{\"@type\":\"WebSite\",\"@id\":\"https:\/\/graziamagazine.com\/mx\/#website\",\"url\":\"https:\/\/graziamagazine.com\/mx\/\",\"name\":\"Grazia M\u00e9xico y Latinoam\u00e9rica\",\"description\":\"Grazia es moda, belleza y noticias  de actualidad \",\"potentialAction\":[{\"@type\":\"SearchAction\",\"target\":{\"@type\":\"EntryPoint\",\"urlTemplate\":\"https:\/\/graziamagazine.com\/mx\/?s={search_term_string}\"},\"query-input\":\"required name=search_term_string\"}],\"inLanguage\":\"es-MX\"}]}<\/script>\n<!-- \/ Yoast SEO Premium plugin. -->","yoast_head_json":{"title":"Se\u00f1alan a Eiza Gonz\u00e1lez por supuesto video racista; esto responde | Grazia M\u00e9xico y Latinoam\u00e9rica","description":"Eiza Gonz\u00e1lez aclar\u00f3 lo que sucedi\u00f3 en un video donde supuestamente fue racista con el actor nigeriano Babs Olusanmokun. Todo sucedi\u00f3 durante la premiere","robots":{"index":"index","follow":"follow","max-snippet":"max-snippet:-1","max-image-preview":"max-image-preview:large","max-video-preview":"max-video-preview:-1"},"canonical":"https:\/\/graziamagazine.com\/mx\/articles\/senalan-eiza-gonzalez-supuesto-video-racista-responde\/","og_locale":"es_MX","og_type":"article","og_title":"Se\u00f1alan a Eiza Gonz\u00e1lez por supuesto video racista; esto responde","og_description":"Eiza Gonz\u00e1lez aclar\u00f3 lo que sucedi\u00f3 en un video donde supuestamente fue racista con el actor nigeriano Babs Olusanmokun. Todo sucedi\u00f3 durante la premiere","og_url":"https:\/\/graziamagazine.com\/mx\/articles\/senalan-eiza-gonzalez-supuesto-video-racista-responde\/","og_site_name":"Grazia M\u00e9xico y Latinoam\u00e9rica","article_modified_time":"2024-04-22T21:08:48+00:00","og_image":[{"width":1125,"height":720,"url":"https:\/\/graziamagazine.com\/mx\/wp-content\/uploads\/sites\/13\/2024\/04\/WhatsApp-Image-2024-04-22-at-3.04.54-PM-e1713820085569.jpeg","type":"image\/jpeg"}],"twitter_card":"summary_large_image","twitter_misc":{"Est. reading time":"3 minutos"},"schema":{"@context":"https:\/\/schema.org","@graph":[{"@type":"WebPage","@id":"https:\/\/graziamagazine.com\/mx\/articles\/senalan-eiza-gonzalez-supuesto-video-racista-responde\/","url":"https:\/\/graziamagazine.com\/mx\/articles\/senalan-eiza-gonzalez-supuesto-video-racista-responde\/","name":"Se\u00f1alan a Eiza Gonz\u00e1lez por supuesto video racista; esto responde | Grazia M\u00e9xico y Latinoam\u00e9rica","isPartOf":{"@id":"https:\/\/graziamagazine.com\/mx\/#website"},"datePublished":"2024-04-22T20:53:10+00:00","dateModified":"2024-04-22T21:08:48+00:00","description":"Eiza Gonz\u00e1lez aclar\u00f3 lo que sucedi\u00f3 en un video donde supuestamente fue racista con el actor nigeriano Babs Olusanmokun. Todo sucedi\u00f3 durante la premiere","breadcrumb":{"@id":"https:\/\/graziamagazine.com\/mx\/articles\/senalan-eiza-gonzalez-supuesto-video-racista-responde\/#breadcrumb"},"inLanguage":"es-MX","potentialAction":[{"@type":"ReadAction","target":["https:\/\/graziamagazine.com\/mx\/articles\/senalan-eiza-gonzalez-supuesto-video-racista-responde\/"]}]},{"@type":"BreadcrumbList","@id":"https:\/\/graziamagazine.com\/mx\/articles\/senalan-eiza-gonzalez-supuesto-video-racista-responde\/#breadcrumb","itemListElement":[{"@type":"ListItem","position":1,"name":"Home","item":"https:\/\/graziamagazine.com\/mx\/"},{"@type":"ListItem","position":2,"name":"Se\u00f1alan a Eiza Gonz\u00e1lez por supuesto video racista; esto responde"}]},{"@type":"WebSite","@id":"https:\/\/graziamagazine.com\/mx\/#website","url":"https:\/\/graziamagazine.com\/mx\/","name":"Grazia M\u00e9xico y Latinoam\u00e9rica","description":"Grazia es moda, belleza y noticias  de actualidad ","potentialAction":[{"@type":"SearchAction","target":{"@type":"EntryPoint","urlTemplate":"https:\/\/graziamagazine.com\/mx\/?s={search_term_string}"},"query-input":"required name=search_term_string"}],"inLanguage":"es-MX"}]}},"jetpack_sharing_enabled":true,"distributor_meta":false,"distributor_terms":false,"distributor_media":false,"distributor_original_site_name":"Grazia M\u00e9xico y Latinoam\u00e9rica","distributor_original_site_url":"https:\/\/graziamagazine.com\/mx","push-errors":false,"_links":{"self":[{"href":"https:\/\/graziamagazine.com\/mx\/wp-json\/wp\/v2\/articles\/136383"}],"collection":[{"href":"https:\/\/graziamagazine.com\/mx\/wp-json\/wp\/v2\/articles"}],"about":[{"href":"https:\/\/graziamagazine.com\/mx\/wp-json\/wp\/v2\/types\/articles"}],"author":[{"embeddable":true,"href":"https:\/\/graziamagazine.com\/mx\/wp-json\/wp\/v2\/users\/36289"}],"wp:featuredmedia":[{"embeddable":true,"href":"https:\/\/graziamagazine.com\/mx\/wp-json\/wp\/v2\/media\/136387"}],"wp:attachment":[{"href":"https:\/\/graziamagazine.com\/mx\/wp-json\/wp\/v2\/media?parent=136383"}],"wp:term":[{"taxonomy":"category","embeddable":true,"href":"https:\/\/graziamagazine.com\/mx\/wp-json\/wp\/v2\/categories?post=136383"}],"curies":[{"name":"wp","href":"https:\/\/api.w.org\/{rel}","templated":true}]}}