{"id":136291,"date":"2024-04-18T14:59:02","date_gmt":"2024-04-18T19:59:02","guid":{"rendered":"https:\/\/graziamagazine.com\/mx\/?post_type=articles&#038;p=136291"},"modified":"2024-04-18T15:09:06","modified_gmt":"2024-04-18T20:09:06","slug":"todo-debes-saber-mujeres-ya-no-lloran-wold-tour-shakira","status":"publish","type":"articles","link":"https:\/\/graziamagazine.com\/mx\/articles\/todo-debes-saber-mujeres-ya-no-lloran-wold-tour-shakira\/","title":{"rendered":"Todo lo que debes saber de Las Mujeres Ya No Lloran Wold Tour de Shakira"},"content":{"rendered":"<p><strong>Shakira<\/strong> sali\u00f3 del exilio m\u00e1s consolidada de que nunca. Tras un \u00e9xito total con su nuevo disco <em>Las Mujeres Ya No Lloran<\/em>, que ocupa el puesto #1 en las listas de Latin Albums y Latin Pop Albums de Billboard, la cantante est\u00e1 lista para irse de gira mundial.<\/p>\n<p>Como lo confirm\u00f3 en el festival <strong>Coachella 2024<\/strong>, el disco que incluye toda la \u201ctiradera\u201d a su expareja Gerard Piqu\u00e9 se ha convertido en <strong>Las Mujeres Ya No Lloran Wold Tour<\/strong> y los conciertos empezar\u00e1n a partir de noviembre de este a\u00f1o en Estados Unidos.<\/p>\n<p>Los boletos para estos conciertos estar\u00e1n disponibles a partir del <strong>22 de abril<\/strong> a las 10 a.m. (hora local) en su <a href=\"https:\/\/www.shakira.com\/\" target=\"_blank\">p\u00e1gina oficial<\/a>.<\/p>\n<p>&#8220;Estoy feliz de anunciar las primeras fechas de mi gira mundial LAS MUJERES YA NO LLORAN, una celebraci\u00f3n para <strong>mi manada<\/strong>!\u201d, escribi\u00f3 Shakira en su instragram para anunciar la gira.<\/p>\n<p>\u201cLa primera parte de la gira ser\u00e1 por Norteam\u00e9rica, la \u00fanica oportunidad para ver el espect\u00e1culo de una manera m\u00e1s \u00edntima! Las fechas internacionales <strong>se anunciar\u00e1n pronto<\/strong>, as\u00ed que est\u00e9n atentos!&#8221;, agreg\u00f3.<\/p>\n<figure id=\"attachment_136295\" aria-describedby=\"caption-attachment-136295\" style=\"width: 450px\" class=\"wp-caption alignnone\"><img loading=\"lazy\" decoding=\"async\" class=\"size-medium wp-image-136295\" src=\"https:\/\/graziamagazine.com\/mx\/wp-content\/uploads\/sites\/13\/2024\/04\/WhatsApp-Image-2024-04-18-at-2.08.36-PM-450x303.jpeg\" alt=\"\" width=\"450\" height=\"303\" srcset=\"https:\/\/graziamagazine.com\/mx\/wp-content\/uploads\/sites\/13\/2024\/04\/WhatsApp-Image-2024-04-18-at-2.08.36-PM-450x303.jpeg 450w, https:\/\/graziamagazine.com\/mx\/wp-content\/uploads\/sites\/13\/2024\/04\/WhatsApp-Image-2024-04-18-at-2.08.36-PM-768x517.jpeg 768w, https:\/\/graziamagazine.com\/mx\/wp-content\/uploads\/sites\/13\/2024\/04\/WhatsApp-Image-2024-04-18-at-2.08.36-PM-400x269.jpeg 400w, https:\/\/graziamagazine.com\/mx\/wp-content\/uploads\/sites\/13\/2024\/04\/WhatsApp-Image-2024-04-18-at-2.08.36-PM-155x104.jpeg 155w, https:\/\/graziamagazine.com\/mx\/wp-content\/uploads\/sites\/13\/2024\/04\/WhatsApp-Image-2024-04-18-at-2.08.36-PM.jpeg 796w\" sizes=\"(max-width: 450px) 100vw, 450px\" \/><figcaption id=\"caption-attachment-136295\" class=\"wp-caption-text\">Instagram<\/figcaption><\/figure>\n<p>&nbsp;<\/p>\n<h3>Las primeras fechas<\/h3>\n<p>S\u00e1bado 2 de noviembre \u2013 Palm Desert, CA \u2013 Acrisure Arena<\/p>\n<p>Jueves 7 de noviembre \u2013 Phoenix, AZ \u2013 Footprint Center<\/p>\n<p>S\u00e1bado 9 de noviembre \u2013 Los \u00c1ngeles, CA \u2013 Kia Forum<\/p>\n<p>S\u00e1bado 16 de noviembre \u2013 San Antonio, TX \u2013 Frost Bank Center<\/p>\n<p>Domingo 17 de noviembre \u2013 Dallas, TX \u2013 American Airlines Center<\/p>\n<p>Mi\u00e9rcoles 20 de noviembre \u2013 Miami, FL \u2013 Kaseya Center<\/p>\n<p>S\u00e1bado 23 de noviembre \u2013 Charlotte, NC \u2013 Spectrum Center<\/p>\n<p>Lunes 25 de noviembre \u2013 Washington, DC \u2013 Capital One Arena<\/p>\n<p>S\u00e1bado 30 de noviembre \u2013 Toronto, ON \u2013 Scotiabank Arena<\/p>\n<p>Jueves 5 de diciembre \u2013 Brooklyn, NY \u2013 Barclays Center<\/p>\n<p>Domingo 8 de diciembre \u2013 Boston, MA \u2013 TD Garden<\/p>\n<p>Martes 10 de diciembre \u2013 Montreal, QC \u2013 Bell Centre<\/p>\n<p>S\u00e1bado 14 de diciembre \u2013 Chicago, IL \u2013 United Center<\/p>\n<p>Domingo 15 de diciembre \u2013 Detroit, MI \u2013 Little Caesars Arena<\/p>\n<figure id=\"attachment_136292\" aria-describedby=\"caption-attachment-136292\" style=\"width: 400px\" class=\"wp-caption alignnone\"><img loading=\"lazy\" decoding=\"async\" class=\"size-full wp-image-136292\" src=\"https:\/\/graziamagazine.com\/mx\/wp-content\/uploads\/sites\/13\/2024\/04\/WhatsApp-Image-2024-04-18-at-1.59.04-PM.jpeg\" alt=\"\" width=\"400\" height=\"400\" srcset=\"https:\/\/graziamagazine.com\/mx\/wp-content\/uploads\/sites\/13\/2024\/04\/WhatsApp-Image-2024-04-18-at-1.59.04-PM.jpeg 400w, https:\/\/graziamagazine.com\/mx\/wp-content\/uploads\/sites\/13\/2024\/04\/WhatsApp-Image-2024-04-18-at-1.59.04-PM-150x150.jpeg 150w, https:\/\/graziamagazine.com\/mx\/wp-content\/uploads\/sites\/13\/2024\/04\/WhatsApp-Image-2024-04-18-at-1.59.04-PM-155x155.jpeg 155w\" sizes=\"(max-width: 400px) 100vw, 400px\" \/><figcaption id=\"caption-attachment-136292\" class=\"wp-caption-text\">Shakira.com<\/figcaption><\/figure>\n<h3>Shakira en M\u00e9xico<\/h3>\n<p>En la primera ronda de fechas, la cantante no incluy\u00f3 ning\u00fan pa\u00eds fuera de Estados Unidos, <strong>ni siquiera su natal Colombia<\/strong>. Sin embargo, se espera que la gira llegue a M\u00e9xico en el 2025 dado que es uno de los pa\u00edses m\u00e1s importantes en la carrera de la artista. Por ejemplo, <strong>M\u00e9xico es el pa\u00eds donde m\u00e1s personas escuchan a Shakira<\/strong> a nivel mundial en Spotify donde tiene m\u00e1s de 69 millones de oyentes mensuales.<\/p>\n<p>La cantante no ha hecho una gira desde 2018 donde dio <strong>54 conciertos<\/strong> en Latinoam\u00e9rica, Norteam\u00e9rica, Europa y Asia.<\/p>\n<p>&nbsp;<\/p>\n","protected":false},"author":36289,"featured_media":136293,"template":"","format":"standard","categories":[12517],"acf":[],"yoast_head":"<!-- This site is optimized with the Yoast SEO Premium plugin v18.5 (Yoast SEO v20.4) - https:\/\/yoast.com\/wordpress\/plugins\/seo\/ -->\n<title>Todo lo que debes saber de Las Mujeres Ya No Lloran Wold Tour de Shakira | Grazia M\u00e9xico y Latinoam\u00e9rica<\/title>\n<meta name=\"description\" content=\"Shakira sali\u00f3 del exilio m\u00e1s consolidada de que nunca. Tras un \u00e9xito total con su nuevo disco Las Mujeres Ya No Lloran, que ocupa el puesto #1 en las\" \/>\n<meta name=\"robots\" content=\"index, follow, max-snippet:-1, max-image-preview:large, max-video-preview:-1\" \/>\n<link rel=\"canonical\" href=\"https:\/\/graziamagazine.com\/mx\/articles\/todo-debes-saber-mujeres-ya-no-lloran-wold-tour-shakira\/\" \/>\n<meta property=\"og:locale\" content=\"es_MX\" \/>\n<meta property=\"og:type\" content=\"article\" \/>\n<meta property=\"og:title\" content=\"Todo lo que debes saber de Las Mujeres Ya No Lloran Wold Tour de Shakira\" \/>\n<meta property=\"og:description\" content=\"Shakira sali\u00f3 del exilio m\u00e1s consolidada de que nunca. Tras un \u00e9xito total con su nuevo disco Las Mujeres Ya No Lloran, que ocupa el puesto #1 en las\" \/>\n<meta property=\"og:url\" content=\"https:\/\/graziamagazine.com\/mx\/articles\/todo-debes-saber-mujeres-ya-no-lloran-wold-tour-shakira\/\" \/>\n<meta property=\"og:site_name\" content=\"Grazia M\u00e9xico y Latinoam\u00e9rica\" \/>\n<meta property=\"article:modified_time\" content=\"2024-04-18T20:09:06+00:00\" \/>\n<meta property=\"og:image\" content=\"https:\/\/graziamagazine.com\/mx\/wp-content\/uploads\/sites\/13\/2024\/04\/WhatsApp-Image-2024-04-18-at-1.59.15-PM.jpeg\" \/>\n\t<meta property=\"og:image:width\" content=\"767\" \/>\n\t<meta property=\"og:image:height\" content=\"446\" \/>\n\t<meta property=\"og:image:type\" content=\"image\/jpeg\" \/>\n<meta name=\"twitter:card\" content=\"summary_large_image\" \/>\n<meta name=\"twitter:label1\" content=\"Est. reading time\" \/>\n\t<meta name=\"twitter:data1\" content=\"3 minutos\" \/>\n<script type=\"application\/ld+json\" class=\"yoast-schema-graph\">{\"@context\":\"https:\/\/schema.org\",\"@graph\":[{\"@type\":\"WebPage\",\"@id\":\"https:\/\/graziamagazine.com\/mx\/articles\/todo-debes-saber-mujeres-ya-no-lloran-wold-tour-shakira\/\",\"url\":\"https:\/\/graziamagazine.com\/mx\/articles\/todo-debes-saber-mujeres-ya-no-lloran-wold-tour-shakira\/\",\"name\":\"Todo lo que debes saber de Las Mujeres Ya No Lloran Wold Tour de Shakira | Grazia M\u00e9xico y Latinoam\u00e9rica\",\"isPartOf\":{\"@id\":\"https:\/\/graziamagazine.com\/mx\/#website\"},\"datePublished\":\"2024-04-18T19:59:02+00:00\",\"dateModified\":\"2024-04-18T20:09:06+00:00\",\"description\":\"Shakira sali\u00f3 del exilio m\u00e1s consolidada de que nunca. Tras un \u00e9xito total con su nuevo disco Las Mujeres Ya No Lloran, que ocupa el puesto #1 en las\",\"breadcrumb\":{\"@id\":\"https:\/\/graziamagazine.com\/mx\/articles\/todo-debes-saber-mujeres-ya-no-lloran-wold-tour-shakira\/#breadcrumb\"},\"inLanguage\":\"es-MX\",\"potentialAction\":[{\"@type\":\"ReadAction\",\"target\":[\"https:\/\/graziamagazine.com\/mx\/articles\/todo-debes-saber-mujeres-ya-no-lloran-wold-tour-shakira\/\"]}]},{\"@type\":\"BreadcrumbList\",\"@id\":\"https:\/\/graziamagazine.com\/mx\/articles\/todo-debes-saber-mujeres-ya-no-lloran-wold-tour-shakira\/#breadcrumb\",\"itemListElement\":[{\"@type\":\"ListItem\",\"position\":1,\"name\":\"Home\",\"item\":\"https:\/\/graziamagazine.com\/mx\/\"},{\"@type\":\"ListItem\",\"position\":2,\"name\":\"Todo lo que debes saber de Las Mujeres Ya No Lloran Wold Tour de Shakira\"}]},{\"@type\":\"WebSite\",\"@id\":\"https:\/\/graziamagazine.com\/mx\/#website\",\"url\":\"https:\/\/graziamagazine.com\/mx\/\",\"name\":\"Grazia M\u00e9xico y Latinoam\u00e9rica\",\"description\":\"Grazia es moda, belleza y noticias  de actualidad \",\"potentialAction\":[{\"@type\":\"SearchAction\",\"target\":{\"@type\":\"EntryPoint\",\"urlTemplate\":\"https:\/\/graziamagazine.com\/mx\/?s={search_term_string}\"},\"query-input\":\"required name=search_term_string\"}],\"inLanguage\":\"es-MX\"}]}<\/script>\n<!-- \/ Yoast SEO Premium plugin. -->","yoast_head_json":{"title":"Todo lo que debes saber de Las Mujeres Ya No Lloran Wold Tour de Shakira | Grazia M\u00e9xico y Latinoam\u00e9rica","description":"Shakira sali\u00f3 del exilio m\u00e1s consolidada de que nunca. Tras un \u00e9xito total con su nuevo disco Las Mujeres Ya No Lloran, que ocupa el puesto #1 en las","robots":{"index":"index","follow":"follow","max-snippet":"max-snippet:-1","max-image-preview":"max-image-preview:large","max-video-preview":"max-video-preview:-1"},"canonical":"https:\/\/graziamagazine.com\/mx\/articles\/todo-debes-saber-mujeres-ya-no-lloran-wold-tour-shakira\/","og_locale":"es_MX","og_type":"article","og_title":"Todo lo que debes saber de Las Mujeres Ya No Lloran Wold Tour de Shakira","og_description":"Shakira sali\u00f3 del exilio m\u00e1s consolidada de que nunca. Tras un \u00e9xito total con su nuevo disco Las Mujeres Ya No Lloran, que ocupa el puesto #1 en las","og_url":"https:\/\/graziamagazine.com\/mx\/articles\/todo-debes-saber-mujeres-ya-no-lloran-wold-tour-shakira\/","og_site_name":"Grazia M\u00e9xico y Latinoam\u00e9rica","article_modified_time":"2024-04-18T20:09:06+00:00","og_image":[{"width":767,"height":446,"url":"https:\/\/graziamagazine.com\/mx\/wp-content\/uploads\/sites\/13\/2024\/04\/WhatsApp-Image-2024-04-18-at-1.59.15-PM.jpeg","type":"image\/jpeg"}],"twitter_card":"summary_large_image","twitter_misc":{"Est. reading time":"3 minutos"},"schema":{"@context":"https:\/\/schema.org","@graph":[{"@type":"WebPage","@id":"https:\/\/graziamagazine.com\/mx\/articles\/todo-debes-saber-mujeres-ya-no-lloran-wold-tour-shakira\/","url":"https:\/\/graziamagazine.com\/mx\/articles\/todo-debes-saber-mujeres-ya-no-lloran-wold-tour-shakira\/","name":"Todo lo que debes saber de Las Mujeres Ya No Lloran Wold Tour de Shakira | Grazia M\u00e9xico y Latinoam\u00e9rica","isPartOf":{"@id":"https:\/\/graziamagazine.com\/mx\/#website"},"datePublished":"2024-04-18T19:59:02+00:00","dateModified":"2024-04-18T20:09:06+00:00","description":"Shakira sali\u00f3 del exilio m\u00e1s consolidada de que nunca. Tras un \u00e9xito total con su nuevo disco Las Mujeres Ya No Lloran, que ocupa el puesto #1 en las","breadcrumb":{"@id":"https:\/\/graziamagazine.com\/mx\/articles\/todo-debes-saber-mujeres-ya-no-lloran-wold-tour-shakira\/#breadcrumb"},"inLanguage":"es-MX","potentialAction":[{"@type":"ReadAction","target":["https:\/\/graziamagazine.com\/mx\/articles\/todo-debes-saber-mujeres-ya-no-lloran-wold-tour-shakira\/"]}]},{"@type":"BreadcrumbList","@id":"https:\/\/graziamagazine.com\/mx\/articles\/todo-debes-saber-mujeres-ya-no-lloran-wold-tour-shakira\/#breadcrumb","itemListElement":[{"@type":"ListItem","position":1,"name":"Home","item":"https:\/\/graziamagazine.com\/mx\/"},{"@type":"ListItem","position":2,"name":"Todo lo que debes saber de Las Mujeres Ya No Lloran Wold Tour de Shakira"}]},{"@type":"WebSite","@id":"https:\/\/graziamagazine.com\/mx\/#website","url":"https:\/\/graziamagazine.com\/mx\/","name":"Grazia M\u00e9xico y Latinoam\u00e9rica","description":"Grazia es moda, belleza y noticias  de actualidad ","potentialAction":[{"@type":"SearchAction","target":{"@type":"EntryPoint","urlTemplate":"https:\/\/graziamagazine.com\/mx\/?s={search_term_string}"},"query-input":"required name=search_term_string"}],"inLanguage":"es-MX"}]}},"jetpack_sharing_enabled":true,"distributor_meta":false,"distributor_terms":false,"distributor_media":false,"distributor_original_site_name":"Grazia M\u00e9xico y Latinoam\u00e9rica","distributor_original_site_url":"https:\/\/graziamagazine.com\/mx","push-errors":false,"_links":{"self":[{"href":"https:\/\/graziamagazine.com\/mx\/wp-json\/wp\/v2\/articles\/136291"}],"collection":[{"href":"https:\/\/graziamagazine.com\/mx\/wp-json\/wp\/v2\/articles"}],"about":[{"href":"https:\/\/graziamagazine.com\/mx\/wp-json\/wp\/v2\/types\/articles"}],"author":[{"embeddable":true,"href":"https:\/\/graziamagazine.com\/mx\/wp-json\/wp\/v2\/users\/36289"}],"wp:featuredmedia":[{"embeddable":true,"href":"https:\/\/graziamagazine.com\/mx\/wp-json\/wp\/v2\/media\/136293"}],"wp:attachment":[{"href":"https:\/\/graziamagazine.com\/mx\/wp-json\/wp\/v2\/media?parent=136291"}],"wp:term":[{"taxonomy":"category","embeddable":true,"href":"https:\/\/graziamagazine.com\/mx\/wp-json\/wp\/v2\/categories?post=136291"}],"curies":[{"name":"wp","href":"https:\/\/api.w.org\/{rel}","templated":true}]}}