{"id":136284,"date":"2024-04-18T13:06:17","date_gmt":"2024-04-18T18:06:17","guid":{"rendered":"https:\/\/graziamagazine.com\/mx\/?post_type=articles&#038;p=136284"},"modified":"2024-04-18T16:03:04","modified_gmt":"2024-04-18T21:03:04","slug":"descubre-los-aromas-del-universo-de-carolina-herrera","status":"publish","type":"articles","link":"https:\/\/graziamagazine.com\/mx\/articles\/descubre-los-aromas-del-universo-de-carolina-herrera\/","title":{"rendered":"Descubre los aromas del universo de Carolina Herrera"},"content":{"rendered":"<p>Descubrir las historias que hay detr\u00e1s de un aroma es algo que personalmente me encanta. Ahora, t\u00fa tambi\u00e9n podr\u00e1s vivir esta experiencia en la nueva <strong>Pop Up de Carolina Herrera<\/strong> en <strong>El Palacio de Hierro de Polanco<\/strong>. Podr\u00e1s conocer mucho m\u00e1s sobre la colecci\u00f3n<strong> Herrera Confidential<\/strong>, un tributo a la vida de <strong>Carolina Herrera<\/strong>, sus viajes, pasiones y recuerdos familiares.<\/p>\n<p><img loading=\"lazy\" decoding=\"async\" class=\"alignnone size-medium wp-image-136287\" src=\"https:\/\/graziamagazine.com\/mx\/wp-content\/uploads\/sites\/13\/2024\/04\/Screen-Shot-2024-04-18-at-12.33.48-272x450.png\" alt=\"\" width=\"272\" height=\"450\" srcset=\"https:\/\/graziamagazine.com\/mx\/wp-content\/uploads\/sites\/13\/2024\/04\/Screen-Shot-2024-04-18-at-12.33.48-272x450.png 272w, https:\/\/graziamagazine.com\/mx\/wp-content\/uploads\/sites\/13\/2024\/04\/Screen-Shot-2024-04-18-at-12.33.48-619x1024.png 619w, https:\/\/graziamagazine.com\/mx\/wp-content\/uploads\/sites\/13\/2024\/04\/Screen-Shot-2024-04-18-at-12.33.48-768x1271.png 768w, https:\/\/graziamagazine.com\/mx\/wp-content\/uploads\/sites\/13\/2024\/04\/Screen-Shot-2024-04-18-at-12.33.48-400x662.png 400w, https:\/\/graziamagazine.com\/mx\/wp-content\/uploads\/sites\/13\/2024\/04\/Screen-Shot-2024-04-18-at-12.33.48-130x215.png 130w, https:\/\/graziamagazine.com\/mx\/wp-content\/uploads\/sites\/13\/2024\/04\/Screen-Shot-2024-04-18-at-12.33.48.png 864w\" sizes=\"(max-width: 272px) 100vw, 272px\" \/><\/p>\n<p><strong>Amazonian Rose<\/strong> es el nuevo integrante de esta colecci\u00f3n. <strong>Carolina A. Herrera<\/strong>, directora creativa de Carolina Herrera Beauty, rinde homenaje olfativo a su madre. Se inspira en la <strong>Rosa de Venezuela<\/strong>, la flor ic\u00f3nica que se encontraba en la <strong>Hacienda de la Vega<\/strong>, propiedad de la familia de Carolina Herrera. La Rosa de Venezuela no tiene aroma, entonces el reto fue darle un aroma imaginario. En las notas de fondo tiene copal mexicano.<\/p>\n<p><img loading=\"lazy\" decoding=\"async\" class=\"alignnone size-medium wp-image-136288\" src=\"https:\/\/graziamagazine.com\/mx\/wp-content\/uploads\/sites\/13\/2024\/04\/Screen-Shot-2024-04-18-at-12.35.16-299x450.png\" alt=\"\" width=\"299\" height=\"450\" srcset=\"https:\/\/graziamagazine.com\/mx\/wp-content\/uploads\/sites\/13\/2024\/04\/Screen-Shot-2024-04-18-at-12.35.16-299x450.png 299w, https:\/\/graziamagazine.com\/mx\/wp-content\/uploads\/sites\/13\/2024\/04\/Screen-Shot-2024-04-18-at-12.35.16-681x1024.png 681w, https:\/\/graziamagazine.com\/mx\/wp-content\/uploads\/sites\/13\/2024\/04\/Screen-Shot-2024-04-18-at-12.35.16-768x1155.png 768w, https:\/\/graziamagazine.com\/mx\/wp-content\/uploads\/sites\/13\/2024\/04\/Screen-Shot-2024-04-18-at-12.35.16-1021x1536.png 1021w, https:\/\/graziamagazine.com\/mx\/wp-content\/uploads\/sites\/13\/2024\/04\/Screen-Shot-2024-04-18-at-12.35.16-400x601.png 400w, https:\/\/graziamagazine.com\/mx\/wp-content\/uploads\/sites\/13\/2024\/04\/Screen-Shot-2024-04-18-at-12.35.16-143x215.png 143w, https:\/\/graziamagazine.com\/mx\/wp-content\/uploads\/sites\/13\/2024\/04\/Screen-Shot-2024-04-18-at-12.35.16.png 1072w\" sizes=\"(max-width: 299px) 100vw, 299px\" \/><\/p>\n<p>Adem\u00e1s, podr\u00e1s descubrir la colecci\u00f3n de maquillaje <strong>Fabulous Kiss &amp; Skin<\/strong>, que cuenta con seis nuevos lipsticks en tonos fr\u00edos, tres con acabado satinado y tres con acabado mate, y se a\u00f1ade un fresco iluminador. Esta colecci\u00f3n se inspira en los estampados florales.<\/p>\n<p><img loading=\"lazy\" decoding=\"async\" class=\"alignnone size-medium wp-image-136285\" src=\"https:\/\/graziamagazine.com\/mx\/wp-content\/uploads\/sites\/13\/2024\/04\/Screen-Shot-2024-04-18-at-12.24.14-258x450.png\" alt=\"\" width=\"258\" height=\"450\" srcset=\"https:\/\/graziamagazine.com\/mx\/wp-content\/uploads\/sites\/13\/2024\/04\/Screen-Shot-2024-04-18-at-12.24.14-258x450.png 258w, https:\/\/graziamagazine.com\/mx\/wp-content\/uploads\/sites\/13\/2024\/04\/Screen-Shot-2024-04-18-at-12.24.14-586x1024.png 586w, https:\/\/graziamagazine.com\/mx\/wp-content\/uploads\/sites\/13\/2024\/04\/Screen-Shot-2024-04-18-at-12.24.14-768x1342.png 768w, https:\/\/graziamagazine.com\/mx\/wp-content\/uploads\/sites\/13\/2024\/04\/Screen-Shot-2024-04-18-at-12.24.14-879x1536.png 879w, https:\/\/graziamagazine.com\/mx\/wp-content\/uploads\/sites\/13\/2024\/04\/Screen-Shot-2024-04-18-at-12.24.14-400x699.png 400w, https:\/\/graziamagazine.com\/mx\/wp-content\/uploads\/sites\/13\/2024\/04\/Screen-Shot-2024-04-18-at-12.24.14-123x215.png 123w, https:\/\/graziamagazine.com\/mx\/wp-content\/uploads\/sites\/13\/2024\/04\/Screen-Shot-2024-04-18-at-12.24.14.png 886w\" sizes=\"(max-width: 258px) 100vw, 258px\" \/><\/p>\n<p>Para disfrutar a\u00fan m\u00e1s de la experiencia olfativa, puedes conocer y probar la colecci\u00f3n <strong>Lucky Charm<\/strong>, fragancias florales afrutadas. Es destacable que esta colecci\u00f3n est\u00e9 muy relacionada con la colecci\u00f3n de maquillaje, ya que tambi\u00e9n cuenta con <strong>Charms<\/strong> con los que puedes personalizar tu frasco.<\/p>\n<p><img loading=\"lazy\" decoding=\"async\" class=\"alignnone size-medium wp-image-136286\" src=\"https:\/\/graziamagazine.com\/mx\/wp-content\/uploads\/sites\/13\/2024\/04\/Screen-Shot-2024-04-18-at-12.32.26-433x450.png\" alt=\"\" width=\"433\" height=\"450\" srcset=\"https:\/\/graziamagazine.com\/mx\/wp-content\/uploads\/sites\/13\/2024\/04\/Screen-Shot-2024-04-18-at-12.32.26-433x450.png 433w, https:\/\/graziamagazine.com\/mx\/wp-content\/uploads\/sites\/13\/2024\/04\/Screen-Shot-2024-04-18-at-12.32.26-985x1024.png 985w, https:\/\/graziamagazine.com\/mx\/wp-content\/uploads\/sites\/13\/2024\/04\/Screen-Shot-2024-04-18-at-12.32.26-768x799.png 768w, https:\/\/graziamagazine.com\/mx\/wp-content\/uploads\/sites\/13\/2024\/04\/Screen-Shot-2024-04-18-at-12.32.26-400x416.png 400w, https:\/\/graziamagazine.com\/mx\/wp-content\/uploads\/sites\/13\/2024\/04\/Screen-Shot-2024-04-18-at-12.32.26-155x161.png 155w, https:\/\/graziamagazine.com\/mx\/wp-content\/uploads\/sites\/13\/2024\/04\/Screen-Shot-2024-04-18-at-12.32.26.png 1358w\" sizes=\"(max-width: 433px) 100vw, 433px\" \/><\/p>\n<p>La Pop Up Store de Carolina Herrera estar\u00e1 abierta hasta el <strong>28 de abril<\/strong>, as\u00ed que te recomiendo que la visites para que vivas tu propia experiencia olfativa.<\/p>\n<p>&nbsp;<\/p>\n<p>&nbsp;<\/p>\n","protected":false},"author":33326,"featured_media":136289,"template":"","format":"standard","categories":[3],"acf":[],"yoast_head":"<!-- This site is optimized with the Yoast SEO Premium plugin v18.5 (Yoast SEO v20.4) - https:\/\/yoast.com\/wordpress\/plugins\/seo\/ -->\n<title>Descubre los aromas del mundo de Carolina Herrera<\/title>\n<meta name=\"description\" content=\"Descubrir las historias que hay detr\u00e1s de un aroma es algo que personalmente me encanta. Ahora, t\u00fa tambi\u00e9n podr\u00e1s vivir esta experiencia en la nueva Pop D\u00e9jate conquistar por los aromas en la nueva Pop Up Store de Carolina Herrera en El Palacio de Hierro de Polanco.\" \/>\n<meta name=\"robots\" content=\"index, follow, max-snippet:-1, max-image-preview:large, max-video-preview:-1\" \/>\n<link rel=\"canonical\" href=\"https:\/\/graziamagazine.com\/mx\/articles\/descubre-los-aromas-del-universo-de-carolina-herrera\/\" \/>\n<meta property=\"og:locale\" content=\"es_MX\" \/>\n<meta property=\"og:type\" content=\"article\" \/>\n<meta property=\"og:title\" content=\"Descubre los aromas del universo de Carolina Herrera\" \/>\n<meta property=\"og:description\" content=\"Descubrir las historias que hay detr\u00e1s de un aroma es algo que personalmente me encanta. Ahora, t\u00fa tambi\u00e9n podr\u00e1s vivir esta experiencia en la nueva Pop D\u00e9jate conquistar por los aromas en la nueva Pop Up Store de Carolina Herrera en El Palacio de Hierro de Polanco.\" \/>\n<meta property=\"og:url\" content=\"https:\/\/graziamagazine.com\/mx\/articles\/descubre-los-aromas-del-universo-de-carolina-herrera\/\" \/>\n<meta property=\"og:site_name\" content=\"Grazia M\u00e9xico y Latinoam\u00e9rica\" \/>\n<meta property=\"article:modified_time\" content=\"2024-04-18T21:03:04+00:00\" \/>\n<meta property=\"og:image\" content=\"https:\/\/graziamagazine.com\/mx\/wp-content\/uploads\/sites\/13\/2024\/04\/Screen-Shot-2024-04-18-at-12.57.44.png\" \/>\n\t<meta property=\"og:image:width\" content=\"1390\" \/>\n\t<meta property=\"og:image:height\" content=\"790\" \/>\n\t<meta property=\"og:image:type\" content=\"image\/png\" \/>\n<meta name=\"twitter:card\" content=\"summary_large_image\" \/>\n<meta name=\"twitter:label1\" content=\"Est. reading time\" \/>\n\t<meta name=\"twitter:data1\" content=\"2 minutos\" \/>\n<script type=\"application\/ld+json\" class=\"yoast-schema-graph\">{\"@context\":\"https:\/\/schema.org\",\"@graph\":[{\"@type\":\"WebPage\",\"@id\":\"https:\/\/graziamagazine.com\/mx\/articles\/descubre-los-aromas-del-universo-de-carolina-herrera\/\",\"url\":\"https:\/\/graziamagazine.com\/mx\/articles\/descubre-los-aromas-del-universo-de-carolina-herrera\/\",\"name\":\"Descubre los aromas del mundo de Carolina Herrera\",\"isPartOf\":{\"@id\":\"https:\/\/graziamagazine.com\/mx\/#website\"},\"datePublished\":\"2024-04-18T18:06:17+00:00\",\"dateModified\":\"2024-04-18T21:03:04+00:00\",\"description\":\"Descubrir las historias que hay detr\u00e1s de un aroma es algo que personalmente me encanta. Ahora, t\u00fa tambi\u00e9n podr\u00e1s vivir esta experiencia en la nueva Pop D\u00e9jate conquistar por los aromas en la nueva Pop Up Store de Carolina Herrera en El Palacio de Hierro de Polanco.\",\"breadcrumb\":{\"@id\":\"https:\/\/graziamagazine.com\/mx\/articles\/descubre-los-aromas-del-universo-de-carolina-herrera\/#breadcrumb\"},\"inLanguage\":\"es-MX\",\"potentialAction\":[{\"@type\":\"ReadAction\",\"target\":[\"https:\/\/graziamagazine.com\/mx\/articles\/descubre-los-aromas-del-universo-de-carolina-herrera\/\"]}]},{\"@type\":\"BreadcrumbList\",\"@id\":\"https:\/\/graziamagazine.com\/mx\/articles\/descubre-los-aromas-del-universo-de-carolina-herrera\/#breadcrumb\",\"itemListElement\":[{\"@type\":\"ListItem\",\"position\":1,\"name\":\"Home\",\"item\":\"https:\/\/graziamagazine.com\/mx\/\"},{\"@type\":\"ListItem\",\"position\":2,\"name\":\"Descubre los aromas del universo de Carolina Herrera\"}]},{\"@type\":\"WebSite\",\"@id\":\"https:\/\/graziamagazine.com\/mx\/#website\",\"url\":\"https:\/\/graziamagazine.com\/mx\/\",\"name\":\"Grazia M\u00e9xico y Latinoam\u00e9rica\",\"description\":\"Grazia es moda, belleza y noticias  de actualidad \",\"potentialAction\":[{\"@type\":\"SearchAction\",\"target\":{\"@type\":\"EntryPoint\",\"urlTemplate\":\"https:\/\/graziamagazine.com\/mx\/?s={search_term_string}\"},\"query-input\":\"required name=search_term_string\"}],\"inLanguage\":\"es-MX\"}]}<\/script>\n<!-- \/ Yoast SEO Premium plugin. -->","yoast_head_json":{"title":"Descubre los aromas del mundo de Carolina Herrera","description":"Descubrir las historias que hay detr\u00e1s de un aroma es algo que personalmente me encanta. Ahora, t\u00fa tambi\u00e9n podr\u00e1s vivir esta experiencia en la nueva Pop D\u00e9jate conquistar por los aromas en la nueva Pop Up Store de Carolina Herrera en El Palacio de Hierro de Polanco.","robots":{"index":"index","follow":"follow","max-snippet":"max-snippet:-1","max-image-preview":"max-image-preview:large","max-video-preview":"max-video-preview:-1"},"canonical":"https:\/\/graziamagazine.com\/mx\/articles\/descubre-los-aromas-del-universo-de-carolina-herrera\/","og_locale":"es_MX","og_type":"article","og_title":"Descubre los aromas del universo de Carolina Herrera","og_description":"Descubrir las historias que hay detr\u00e1s de un aroma es algo que personalmente me encanta. Ahora, t\u00fa tambi\u00e9n podr\u00e1s vivir esta experiencia en la nueva Pop D\u00e9jate conquistar por los aromas en la nueva Pop Up Store de Carolina Herrera en El Palacio de Hierro de Polanco.","og_url":"https:\/\/graziamagazine.com\/mx\/articles\/descubre-los-aromas-del-universo-de-carolina-herrera\/","og_site_name":"Grazia M\u00e9xico y Latinoam\u00e9rica","article_modified_time":"2024-04-18T21:03:04+00:00","og_image":[{"width":1390,"height":790,"url":"https:\/\/graziamagazine.com\/mx\/wp-content\/uploads\/sites\/13\/2024\/04\/Screen-Shot-2024-04-18-at-12.57.44.png","type":"image\/png"}],"twitter_card":"summary_large_image","twitter_misc":{"Est. reading time":"2 minutos"},"schema":{"@context":"https:\/\/schema.org","@graph":[{"@type":"WebPage","@id":"https:\/\/graziamagazine.com\/mx\/articles\/descubre-los-aromas-del-universo-de-carolina-herrera\/","url":"https:\/\/graziamagazine.com\/mx\/articles\/descubre-los-aromas-del-universo-de-carolina-herrera\/","name":"Descubre los aromas del mundo de Carolina Herrera","isPartOf":{"@id":"https:\/\/graziamagazine.com\/mx\/#website"},"datePublished":"2024-04-18T18:06:17+00:00","dateModified":"2024-04-18T21:03:04+00:00","description":"Descubrir las historias que hay detr\u00e1s de un aroma es algo que personalmente me encanta. Ahora, t\u00fa tambi\u00e9n podr\u00e1s vivir esta experiencia en la nueva Pop D\u00e9jate conquistar por los aromas en la nueva Pop Up Store de Carolina Herrera en El Palacio de Hierro de Polanco.","breadcrumb":{"@id":"https:\/\/graziamagazine.com\/mx\/articles\/descubre-los-aromas-del-universo-de-carolina-herrera\/#breadcrumb"},"inLanguage":"es-MX","potentialAction":[{"@type":"ReadAction","target":["https:\/\/graziamagazine.com\/mx\/articles\/descubre-los-aromas-del-universo-de-carolina-herrera\/"]}]},{"@type":"BreadcrumbList","@id":"https:\/\/graziamagazine.com\/mx\/articles\/descubre-los-aromas-del-universo-de-carolina-herrera\/#breadcrumb","itemListElement":[{"@type":"ListItem","position":1,"name":"Home","item":"https:\/\/graziamagazine.com\/mx\/"},{"@type":"ListItem","position":2,"name":"Descubre los aromas del universo de Carolina Herrera"}]},{"@type":"WebSite","@id":"https:\/\/graziamagazine.com\/mx\/#website","url":"https:\/\/graziamagazine.com\/mx\/","name":"Grazia M\u00e9xico y Latinoam\u00e9rica","description":"Grazia es moda, belleza y noticias  de actualidad ","potentialAction":[{"@type":"SearchAction","target":{"@type":"EntryPoint","urlTemplate":"https:\/\/graziamagazine.com\/mx\/?s={search_term_string}"},"query-input":"required name=search_term_string"}],"inLanguage":"es-MX"}]}},"jetpack_sharing_enabled":true,"distributor_meta":false,"distributor_terms":false,"distributor_media":false,"distributor_original_site_name":"Grazia M\u00e9xico y Latinoam\u00e9rica","distributor_original_site_url":"https:\/\/graziamagazine.com\/mx","push-errors":false,"_links":{"self":[{"href":"https:\/\/graziamagazine.com\/mx\/wp-json\/wp\/v2\/articles\/136284"}],"collection":[{"href":"https:\/\/graziamagazine.com\/mx\/wp-json\/wp\/v2\/articles"}],"about":[{"href":"https:\/\/graziamagazine.com\/mx\/wp-json\/wp\/v2\/types\/articles"}],"author":[{"embeddable":true,"href":"https:\/\/graziamagazine.com\/mx\/wp-json\/wp\/v2\/users\/33326"}],"wp:featuredmedia":[{"embeddable":true,"href":"https:\/\/graziamagazine.com\/mx\/wp-json\/wp\/v2\/media\/136289"}],"wp:attachment":[{"href":"https:\/\/graziamagazine.com\/mx\/wp-json\/wp\/v2\/media?parent=136284"}],"wp:term":[{"taxonomy":"category","embeddable":true,"href":"https:\/\/graziamagazine.com\/mx\/wp-json\/wp\/v2\/categories?post=136284"}],"curies":[{"name":"wp","href":"https:\/\/api.w.org\/{rel}","templated":true}]}}