{"id":136175,"date":"2024-04-15T19:56:33","date_gmt":"2024-04-16T00:56:33","guid":{"rendered":"https:\/\/graziamagazine.com\/mx\/?post_type=articles&#038;p=136175"},"modified":"2024-04-15T19:58:08","modified_gmt":"2024-04-16T00:58:08","slug":"kim-kardashian-causa-polemica-por-foto-de-su-hija-north-repleta-de-diamantes","status":"publish","type":"articles","link":"https:\/\/graziamagazine.com\/mx\/articles\/kim-kardashian-causa-polemica-por-foto-de-su-hija-north-repleta-de-diamantes\/","title":{"rendered":"Kim Kardashian causa pol\u00e9mica por foto de su hija North repleta de diamantes"},"content":{"rendered":"<p><span style=\"font-weight: 400\">Como toda madre orgullosa, Kim Kardashian comparte en redes sociales cada momento especial con sus hijos, aunque esta vez una foto de su hija mayor, North West, no fue muy bien recibida por los fans de la <em>socialit\u00e9.<\/em><\/span><\/p>\n<p><span style=\"font-weight: 400\">Kim subi\u00f3 a su cuenta de Instagram una fotograf\u00eda de la ni\u00f1a de 10 a\u00f1os repleta de joyas con diamantes: collares, pulseras, anillos, aretes, diadema, etc., y la titul\u00f3 \u201cEstilista del a\u00f1o\u201d.<\/span><\/p>\n<p><span style=\"font-weight: 400\">En la pol\u00e9mica fotograf\u00eda, North est\u00e1 con los brazos levantados y las manos en la cabeza, mientras viste una camiseta roja de los Chicago Bulls. Kim tambi\u00e9n public\u00f3 una foto en blanco y negro de la misma foto de North en la publicaci\u00f3n.<\/span><\/p>\n<p><span style=\"font-weight: 400\">Mientras que personas como la directora creativa de Swarovski, Giovanna Battaglia Engelbert, apoy\u00f3 la descripci\u00f3n que Kim hace de North, tambi\u00e9n comentaron algunos detractores.\u00a0<\/span><\/p>\n<p><img loading=\"lazy\" decoding=\"async\" class=\"alignnone size-medium wp-image-136176\" src=\"https:\/\/graziamagazine.com\/mx\/wp-content\/uploads\/sites\/13\/2024\/04\/Captura-de-Pantalla-2024-04-15-a-las-17.28.41-401x450.png\" alt=\"\" width=\"401\" height=\"450\" srcset=\"https:\/\/graziamagazine.com\/mx\/wp-content\/uploads\/sites\/13\/2024\/04\/Captura-de-Pantalla-2024-04-15-a-las-17.28.41-401x450.png 401w, https:\/\/graziamagazine.com\/mx\/wp-content\/uploads\/sites\/13\/2024\/04\/Captura-de-Pantalla-2024-04-15-a-las-17.28.41-400x449.png 400w, https:\/\/graziamagazine.com\/mx\/wp-content\/uploads\/sites\/13\/2024\/04\/Captura-de-Pantalla-2024-04-15-a-las-17.28.41-155x174.png 155w, https:\/\/graziamagazine.com\/mx\/wp-content\/uploads\/sites\/13\/2024\/04\/Captura-de-Pantalla-2024-04-15-a-las-17.28.41.png 422w\" sizes=\"(max-width: 401px) 100vw, 401px\" \/><\/p>\n<p><span style=\"font-weight: 400\">\u201c\u00a1Joven reina! Nunca olvidar\u00e9 la escena en la que lleg\u00f3 North mientras est\u00e1bamos haciendo las pruebas para la campa\u00f1a para mam\u00e1 @kimkardashian\u201d, escribi\u00f3 Giovanna Battaglia.<\/span><\/p>\n<p><span style=\"font-weight: 400\">\u201c\u00a1Todas las joyas se exhibieron para dise\u00f1ar la colaboraci\u00f3n de @skims, por lo que North comenz\u00f3 a dise\u00f1arse con las joyas de @swarovski!. Me encant\u00f3, nos divertimos mucho, \u00a1el esp\u00edritu que adoro! \u00a1Alegre y sin esfuerzo de una manera totalmente audaz!\u201d, continu\u00f3.<\/span><\/p>\n<p><span style=\"font-weight: 400\">Por otra parte, algunos fans dijeron que es exagerado que la ni\u00f1a tenga a su disposici\u00f3n esa cantidad de joyas y, adem\u00e1s, se presuma en redes sociales.<\/span><\/p>\n<p><span style=\"font-weight: 400\">En octubre del a\u00f1o pasado, North habl\u00f3 sobre su sue\u00f1o de seguir los pasos de su madre en la moda mientras hablaba sobre sus futuras posibilidades profesionales.<\/span><\/p>\n<p><span style=\"font-weight: 400\">&#8220;Una jugadora de baloncesto, una rapera, um&#8230; Bueno, cuando ten\u00eda 7 a\u00f1os quer\u00eda ser boxeadora&#8221;, dijo y agreg\u00f3: &#8220;Voy a hacer arte al mismo tiempo. Adem\u00e1s, alg\u00fan d\u00eda quiero ser due\u00f1a de Yeezy y SKIMS, y quiero ser propietaria de un negocio&#8221;.<\/span><\/p>\n","protected":false},"author":11628,"featured_media":127244,"template":"","format":"standard","categories":[2],"acf":[],"yoast_head":"<!-- This site is optimized with the Yoast SEO Premium plugin v18.5 (Yoast SEO v20.4) - https:\/\/yoast.com\/wordpress\/plugins\/seo\/ -->\n<title>Kim Kardashian causa pol\u00e9mica por foto de su hija North repleta de diamantes | Grazia M\u00e9xico y Latinoam\u00e9rica<\/title>\n<meta name=\"description\" content=\"Como toda madre orgullosa, Kim Kardashian comparte en redes sociales cada momento especial con sus hijos, aunque esta vez una foto de su hija mayor, North\" \/>\n<meta name=\"robots\" content=\"index, follow, max-snippet:-1, max-image-preview:large, max-video-preview:-1\" \/>\n<link rel=\"canonical\" href=\"https:\/\/graziamagazine.com\/mx\/articles\/kim-kardashian-causa-polemica-por-foto-de-su-hija-north-repleta-de-diamantes\/\" \/>\n<meta property=\"og:locale\" content=\"es_MX\" \/>\n<meta property=\"og:type\" content=\"article\" \/>\n<meta property=\"og:title\" content=\"Kim Kardashian causa pol\u00e9mica por foto de su hija North repleta de diamantes\" \/>\n<meta property=\"og:description\" content=\"Como toda madre orgullosa, Kim Kardashian comparte en redes sociales cada momento especial con sus hijos, aunque esta vez una foto de su hija mayor, North\" \/>\n<meta property=\"og:url\" content=\"https:\/\/graziamagazine.com\/mx\/articles\/kim-kardashian-causa-polemica-por-foto-de-su-hija-north-repleta-de-diamantes\/\" \/>\n<meta property=\"og:site_name\" content=\"Grazia M\u00e9xico y Latinoam\u00e9rica\" \/>\n<meta property=\"article:modified_time\" content=\"2024-04-16T00:58:08+00:00\" \/>\n<meta property=\"og:image\" content=\"https:\/\/graziamagazine.com\/mx\/wp-content\/uploads\/sites\/13\/2023\/07\/Captura-de-Pantalla-2023-07-11-a-las-17.57.20.png\" \/>\n\t<meta property=\"og:image:width\" content=\"984\" \/>\n\t<meta property=\"og:image:height\" content=\"700\" \/>\n\t<meta property=\"og:image:type\" content=\"image\/png\" \/>\n<meta name=\"twitter:card\" content=\"summary_large_image\" \/>\n<meta name=\"twitter:label1\" content=\"Est. reading time\" \/>\n\t<meta name=\"twitter:data1\" content=\"2 minutos\" \/>\n<script type=\"application\/ld+json\" class=\"yoast-schema-graph\">{\"@context\":\"https:\/\/schema.org\",\"@graph\":[{\"@type\":\"WebPage\",\"@id\":\"https:\/\/graziamagazine.com\/mx\/articles\/kim-kardashian-causa-polemica-por-foto-de-su-hija-north-repleta-de-diamantes\/\",\"url\":\"https:\/\/graziamagazine.com\/mx\/articles\/kim-kardashian-causa-polemica-por-foto-de-su-hija-north-repleta-de-diamantes\/\",\"name\":\"Kim Kardashian causa pol\u00e9mica por foto de su hija North repleta de diamantes | Grazia M\u00e9xico y Latinoam\u00e9rica\",\"isPartOf\":{\"@id\":\"https:\/\/graziamagazine.com\/mx\/#website\"},\"datePublished\":\"2024-04-16T00:56:33+00:00\",\"dateModified\":\"2024-04-16T00:58:08+00:00\",\"description\":\"Como toda madre orgullosa, Kim Kardashian comparte en redes sociales cada momento especial con sus hijos, aunque esta vez una foto de su hija mayor, North\",\"breadcrumb\":{\"@id\":\"https:\/\/graziamagazine.com\/mx\/articles\/kim-kardashian-causa-polemica-por-foto-de-su-hija-north-repleta-de-diamantes\/#breadcrumb\"},\"inLanguage\":\"es-MX\",\"potentialAction\":[{\"@type\":\"ReadAction\",\"target\":[\"https:\/\/graziamagazine.com\/mx\/articles\/kim-kardashian-causa-polemica-por-foto-de-su-hija-north-repleta-de-diamantes\/\"]}]},{\"@type\":\"BreadcrumbList\",\"@id\":\"https:\/\/graziamagazine.com\/mx\/articles\/kim-kardashian-causa-polemica-por-foto-de-su-hija-north-repleta-de-diamantes\/#breadcrumb\",\"itemListElement\":[{\"@type\":\"ListItem\",\"position\":1,\"name\":\"Home\",\"item\":\"https:\/\/graziamagazine.com\/mx\/\"},{\"@type\":\"ListItem\",\"position\":2,\"name\":\"Kim Kardashian causa pol\u00e9mica por foto de su hija North repleta de diamantes\"}]},{\"@type\":\"WebSite\",\"@id\":\"https:\/\/graziamagazine.com\/mx\/#website\",\"url\":\"https:\/\/graziamagazine.com\/mx\/\",\"name\":\"Grazia M\u00e9xico y Latinoam\u00e9rica\",\"description\":\"Grazia es moda, belleza y noticias  de actualidad \",\"potentialAction\":[{\"@type\":\"SearchAction\",\"target\":{\"@type\":\"EntryPoint\",\"urlTemplate\":\"https:\/\/graziamagazine.com\/mx\/?s={search_term_string}\"},\"query-input\":\"required name=search_term_string\"}],\"inLanguage\":\"es-MX\"}]}<\/script>\n<!-- \/ Yoast SEO Premium plugin. -->","yoast_head_json":{"title":"Kim Kardashian causa pol\u00e9mica por foto de su hija North repleta de diamantes | Grazia M\u00e9xico y Latinoam\u00e9rica","description":"Como toda madre orgullosa, Kim Kardashian comparte en redes sociales cada momento especial con sus hijos, aunque esta vez una foto de su hija mayor, North","robots":{"index":"index","follow":"follow","max-snippet":"max-snippet:-1","max-image-preview":"max-image-preview:large","max-video-preview":"max-video-preview:-1"},"canonical":"https:\/\/graziamagazine.com\/mx\/articles\/kim-kardashian-causa-polemica-por-foto-de-su-hija-north-repleta-de-diamantes\/","og_locale":"es_MX","og_type":"article","og_title":"Kim Kardashian causa pol\u00e9mica por foto de su hija North repleta de diamantes","og_description":"Como toda madre orgullosa, Kim Kardashian comparte en redes sociales cada momento especial con sus hijos, aunque esta vez una foto de su hija mayor, North","og_url":"https:\/\/graziamagazine.com\/mx\/articles\/kim-kardashian-causa-polemica-por-foto-de-su-hija-north-repleta-de-diamantes\/","og_site_name":"Grazia M\u00e9xico y Latinoam\u00e9rica","article_modified_time":"2024-04-16T00:58:08+00:00","og_image":[{"width":984,"height":700,"url":"https:\/\/graziamagazine.com\/mx\/wp-content\/uploads\/sites\/13\/2023\/07\/Captura-de-Pantalla-2023-07-11-a-las-17.57.20.png","type":"image\/png"}],"twitter_card":"summary_large_image","twitter_misc":{"Est. reading time":"2 minutos"},"schema":{"@context":"https:\/\/schema.org","@graph":[{"@type":"WebPage","@id":"https:\/\/graziamagazine.com\/mx\/articles\/kim-kardashian-causa-polemica-por-foto-de-su-hija-north-repleta-de-diamantes\/","url":"https:\/\/graziamagazine.com\/mx\/articles\/kim-kardashian-causa-polemica-por-foto-de-su-hija-north-repleta-de-diamantes\/","name":"Kim Kardashian causa pol\u00e9mica por foto de su hija North repleta de diamantes | Grazia M\u00e9xico y Latinoam\u00e9rica","isPartOf":{"@id":"https:\/\/graziamagazine.com\/mx\/#website"},"datePublished":"2024-04-16T00:56:33+00:00","dateModified":"2024-04-16T00:58:08+00:00","description":"Como toda madre orgullosa, Kim Kardashian comparte en redes sociales cada momento especial con sus hijos, aunque esta vez una foto de su hija mayor, North","breadcrumb":{"@id":"https:\/\/graziamagazine.com\/mx\/articles\/kim-kardashian-causa-polemica-por-foto-de-su-hija-north-repleta-de-diamantes\/#breadcrumb"},"inLanguage":"es-MX","potentialAction":[{"@type":"ReadAction","target":["https:\/\/graziamagazine.com\/mx\/articles\/kim-kardashian-causa-polemica-por-foto-de-su-hija-north-repleta-de-diamantes\/"]}]},{"@type":"BreadcrumbList","@id":"https:\/\/graziamagazine.com\/mx\/articles\/kim-kardashian-causa-polemica-por-foto-de-su-hija-north-repleta-de-diamantes\/#breadcrumb","itemListElement":[{"@type":"ListItem","position":1,"name":"Home","item":"https:\/\/graziamagazine.com\/mx\/"},{"@type":"ListItem","position":2,"name":"Kim Kardashian causa pol\u00e9mica por foto de su hija North repleta de diamantes"}]},{"@type":"WebSite","@id":"https:\/\/graziamagazine.com\/mx\/#website","url":"https:\/\/graziamagazine.com\/mx\/","name":"Grazia M\u00e9xico y Latinoam\u00e9rica","description":"Grazia es moda, belleza y noticias  de actualidad ","potentialAction":[{"@type":"SearchAction","target":{"@type":"EntryPoint","urlTemplate":"https:\/\/graziamagazine.com\/mx\/?s={search_term_string}"},"query-input":"required name=search_term_string"}],"inLanguage":"es-MX"}]}},"jetpack_sharing_enabled":true,"distributor_meta":false,"distributor_terms":false,"distributor_media":false,"distributor_original_site_name":"Grazia M\u00e9xico y Latinoam\u00e9rica","distributor_original_site_url":"https:\/\/graziamagazine.com\/mx","push-errors":false,"_links":{"self":[{"href":"https:\/\/graziamagazine.com\/mx\/wp-json\/wp\/v2\/articles\/136175"}],"collection":[{"href":"https:\/\/graziamagazine.com\/mx\/wp-json\/wp\/v2\/articles"}],"about":[{"href":"https:\/\/graziamagazine.com\/mx\/wp-json\/wp\/v2\/types\/articles"}],"author":[{"embeddable":true,"href":"https:\/\/graziamagazine.com\/mx\/wp-json\/wp\/v2\/users\/11628"}],"wp:featuredmedia":[{"embeddable":true,"href":"https:\/\/graziamagazine.com\/mx\/wp-json\/wp\/v2\/media\/127244"}],"wp:attachment":[{"href":"https:\/\/graziamagazine.com\/mx\/wp-json\/wp\/v2\/media?parent=136175"}],"wp:term":[{"taxonomy":"category","embeddable":true,"href":"https:\/\/graziamagazine.com\/mx\/wp-json\/wp\/v2\/categories?post=136175"}],"curies":[{"name":"wp","href":"https:\/\/api.w.org\/{rel}","templated":true}]}}