{"id":136127,"date":"2024-04-12T14:06:58","date_gmt":"2024-04-12T19:06:58","guid":{"rendered":"https:\/\/graziamagazine.com\/mx\/?post_type=articles&#038;p=136127"},"modified":"2024-04-15T10:41:32","modified_gmt":"2024-04-15T15:41:32","slug":"tiffany-co-lanza-tiffany-wonder-en-tokio-un-homenaje-a-la-creatividad-y-la-herencia","status":"publish","type":"articles","link":"https:\/\/graziamagazine.com\/mx\/articles\/tiffany-co-lanza-tiffany-wonder-en-tokio-un-homenaje-a-la-creatividad-y-la-herencia\/","title":{"rendered":"Tiffany &amp; Co. Lanza Tiffany Wonder en Tokio: Un Homenaje a la Creatividad y la Herencia"},"content":{"rendered":"<p>Tiffany &amp; Co. ha deslumbrado una vez m\u00e1s con la inauguraci\u00f3n de su exposici\u00f3n m\u00e1s reciente, <em><strong>Tiffany Wonder<\/strong><\/em>, en la prestigiosa galer\u00eda <strong>TOKYO NODE. <\/strong><\/p>\n<p>El evento de apertura reuni\u00f3 a una lista impresionante de invitados, incluidas celebridades como <strong>Pharrell Williams, ROS\u00c9, Rosie Huntington-Whiteley y Olivia Wilde<\/strong>, quienes lucieron dise\u00f1os emblem\u00e1ticos de la marca.<\/p>\n<p>La exposici\u00f3n, que abrir\u00e1 sus puertas al p\u00fablico el <strong>12 de abril<\/strong>, promete llevar a los visitantes en un viaje visual a trav\u00e9s de la rica historia y la artesan\u00eda incomparable de Tiffany &amp; Co.<\/p>\n<figure id=\"attachment_136150\" aria-describedby=\"caption-attachment-136150\" style=\"width: 1024px\" class=\"wp-caption alignnone\"><img loading=\"lazy\" decoding=\"async\" class=\"size-large wp-image-136150\" src=\"https:\/\/graziamagazine.com\/mx\/wp-content\/uploads\/sites\/13\/2024\/04\/unnamed-1024x683.png\" alt=\"Tiffany &amp; Co. Lanza Tiffany Wonder en Tokio: Un Homenaje a la Creatividad y la Herencia\" width=\"1024\" height=\"683\" srcset=\"https:\/\/graziamagazine.com\/mx\/wp-content\/uploads\/sites\/13\/2024\/04\/unnamed-1024x683.png 1024w, https:\/\/graziamagazine.com\/mx\/wp-content\/uploads\/sites\/13\/2024\/04\/unnamed-450x300.png 450w, https:\/\/graziamagazine.com\/mx\/wp-content\/uploads\/sites\/13\/2024\/04\/unnamed-768x512.png 768w, https:\/\/graziamagazine.com\/mx\/wp-content\/uploads\/sites\/13\/2024\/04\/unnamed-1536x1025.png 1536w, https:\/\/graziamagazine.com\/mx\/wp-content\/uploads\/sites\/13\/2024\/04\/unnamed-2048x1367.png 2048w, https:\/\/graziamagazine.com\/mx\/wp-content\/uploads\/sites\/13\/2024\/04\/unnamed-400x267.png 400w, https:\/\/graziamagazine.com\/mx\/wp-content\/uploads\/sites\/13\/2024\/04\/unnamed-155x103.png 155w\" sizes=\"(max-width: 1024px) 100vw, 1024px\" \/><figcaption id=\"caption-attachment-136150\" class=\"wp-caption-text\">Tiffany &amp; Co. Lanza Tiffany Wonder en Tokio: Un Homenaje a la Creatividad y la Herencia<\/figcaption><\/figure>\n<p>Con cientos de obras maestras en exhibici\u00f3n, incluida la alta joyer\u00eda contempor\u00e1nea y creaciones archivadas, Tiffany Wonder cuenta la historia de la marca durante sus <strong>187 a\u00f1os de historia.<\/strong><\/p>\n<p>Uno de los aspectos m\u00e1s destacados de la exposici\u00f3n es su dedicaci\u00f3n a la influencia de Jap\u00f3n en el dise\u00f1o de Tiffany &amp; Co. Varios elementos de la exposici\u00f3n exploran c\u00f3mo la est\u00e9tica y la cultura japonesas han inspirado a la marca a lo largo de los a\u00f1os.<\/p>\n<p>La noche de apertura tambi\u00e9n cont\u00f3 con una actuaci\u00f3n especial del talentoso artista japon\u00e9s Gen Hoshino, que a\u00f1adi\u00f3 un toque de encanto y emoci\u00f3n a la celebraci\u00f3n.<\/p>\n<figure id=\"attachment_136148\" aria-describedby=\"caption-attachment-136148\" style=\"width: 827px\" class=\"wp-caption alignnone\"><img loading=\"lazy\" decoding=\"async\" class=\"size-large wp-image-136148\" src=\"https:\/\/graziamagazine.com\/mx\/wp-content\/uploads\/sites\/13\/2024\/04\/unnamed-1-827x1024.png\" alt=\"Tiffany &amp; Co. Lanza Tiffany Wonder en Tokio: Un Homenaje a la Creatividad y la Herencia\" width=\"827\" height=\"1024\" srcset=\"https:\/\/graziamagazine.com\/mx\/wp-content\/uploads\/sites\/13\/2024\/04\/unnamed-1-827x1024.png 827w, https:\/\/graziamagazine.com\/mx\/wp-content\/uploads\/sites\/13\/2024\/04\/unnamed-1-363x450.png 363w, https:\/\/graziamagazine.com\/mx\/wp-content\/uploads\/sites\/13\/2024\/04\/unnamed-1-768x951.png 768w, https:\/\/graziamagazine.com\/mx\/wp-content\/uploads\/sites\/13\/2024\/04\/unnamed-1-400x495.png 400w, https:\/\/graziamagazine.com\/mx\/wp-content\/uploads\/sites\/13\/2024\/04\/unnamed-1-155x192.png 155w, https:\/\/graziamagazine.com\/mx\/wp-content\/uploads\/sites\/13\/2024\/04\/unnamed-1.png 1090w\" sizes=\"(max-width: 827px) 100vw, 827px\" \/><figcaption id=\"caption-attachment-136148\" class=\"wp-caption-text\">Tiffany &amp; Co. Lanza Tiffany Wonder en Tokio: Un Homenaje a la Creatividad y la Herencia<\/figcaption><\/figure>\n<p>Tiffany Wonder es una<strong> experiencia inmersiva y emocionante<\/strong> que consta de 10 salas y casi 500 objetos que celebran la creatividad, la herencia y la modernidad de Tiffany &amp; Co.<\/p>\n<p>Esta exposici\u00f3n, la m\u00e1s grande de la marca hasta la fecha, estar\u00e1 abierta al p\u00fablico hasta el 23 de junio de 2024, y las entradas ya est\u00e1n disponibles en la aplicaci\u00f3n de Tiffany &amp; Co.<\/p>\n<p>Para aquellos que buscan sumergirse en el mundo de la alta joyer\u00eda y el dise\u00f1o de lujo, Tiffany Wonder en Tokio es una visita que no te puedes perder.<\/p>\n<p>Con su impresionante colecci\u00f3n de piezas ic\u00f3nicas y su enfoque en la conexi\u00f3n \u00fanica de Tiffany con Jap\u00f3n, esta exposici\u00f3n promete ser una experiencia inolvidable para todos los amantes de la moda y la joyer\u00eda.<\/p>\n<p><em><strong>IMAGEN: Cortes\u00eda Tiffany &amp; Co.\u00a0<\/strong><\/em><\/p>\n","protected":false},"author":28953,"featured_media":136149,"template":"","format":"standard","categories":[4],"acf":[],"yoast_head":"<!-- This site is optimized with the Yoast SEO Premium plugin v18.5 (Yoast SEO v20.4) - https:\/\/yoast.com\/wordpress\/plugins\/seo\/ -->\n<title>Tiffany &amp; Co. Lanza Tiffany Wonder en Tokio: Un Homenaje a la Creatividad y la Herencia<\/title>\n<meta name=\"description\" content=\"&quot;Tiffany Wonder&quot; es un viaje cautivador a trav\u00e9s de la rica historia y el legado de Tiffany &amp; Co., que abarca 185 a\u00f1os de artesan\u00eda, innovaci\u00f3n y dise\u00f1o atemporal.\" \/>\n<meta name=\"robots\" content=\"index, follow, max-snippet:-1, max-image-preview:large, max-video-preview:-1\" \/>\n<link rel=\"canonical\" href=\"https:\/\/graziamagazine.com\/mx\/articles\/tiffany-co-lanza-tiffany-wonder-en-tokio-un-homenaje-a-la-creatividad-y-la-herencia\/\" \/>\n<meta property=\"og:locale\" content=\"es_MX\" \/>\n<meta property=\"og:type\" content=\"article\" \/>\n<meta property=\"og:title\" content=\"Tiffany &amp; Co. Lanza Tiffany Wonder en Tokio: Un Homenaje a la Creatividad y la Herencia\" \/>\n<meta property=\"og:description\" content=\"&quot;Tiffany Wonder&quot; es un viaje cautivador a trav\u00e9s de la rica historia y el legado de Tiffany &amp; Co., que abarca 185 a\u00f1os de artesan\u00eda, innovaci\u00f3n y dise\u00f1o atemporal.\" \/>\n<meta property=\"og:url\" content=\"https:\/\/graziamagazine.com\/mx\/articles\/tiffany-co-lanza-tiffany-wonder-en-tokio-un-homenaje-a-la-creatividad-y-la-herencia\/\" \/>\n<meta property=\"og:site_name\" content=\"Grazia M\u00e9xico y Latinoam\u00e9rica\" \/>\n<meta property=\"article:modified_time\" content=\"2024-04-15T15:41:32+00:00\" \/>\n<meta property=\"og:image\" content=\"https:\/\/graziamagazine.com\/mx\/wp-content\/uploads\/sites\/13\/2024\/04\/unnamed-2-1024x676.png\" \/>\n\t<meta property=\"og:image:width\" content=\"1024\" \/>\n\t<meta property=\"og:image:height\" content=\"676\" \/>\n\t<meta property=\"og:image:type\" content=\"image\/png\" \/>\n<meta name=\"twitter:card\" content=\"summary_large_image\" \/>\n<meta name=\"twitter:label1\" content=\"Est. reading time\" \/>\n\t<meta name=\"twitter:data1\" content=\"3 minutos\" \/>\n<script type=\"application\/ld+json\" class=\"yoast-schema-graph\">{\"@context\":\"https:\/\/schema.org\",\"@graph\":[{\"@type\":\"WebPage\",\"@id\":\"https:\/\/graziamagazine.com\/mx\/articles\/tiffany-co-lanza-tiffany-wonder-en-tokio-un-homenaje-a-la-creatividad-y-la-herencia\/\",\"url\":\"https:\/\/graziamagazine.com\/mx\/articles\/tiffany-co-lanza-tiffany-wonder-en-tokio-un-homenaje-a-la-creatividad-y-la-herencia\/\",\"name\":\"Tiffany & Co. Lanza Tiffany Wonder en Tokio: Un Homenaje a la Creatividad y la Herencia\",\"isPartOf\":{\"@id\":\"https:\/\/graziamagazine.com\/mx\/#website\"},\"datePublished\":\"2024-04-12T19:06:58+00:00\",\"dateModified\":\"2024-04-15T15:41:32+00:00\",\"description\":\"\\\"Tiffany Wonder\\\" es un viaje cautivador a trav\u00e9s de la rica historia y el legado de Tiffany & Co., que abarca 185 a\u00f1os de artesan\u00eda, innovaci\u00f3n y dise\u00f1o atemporal.\",\"breadcrumb\":{\"@id\":\"https:\/\/graziamagazine.com\/mx\/articles\/tiffany-co-lanza-tiffany-wonder-en-tokio-un-homenaje-a-la-creatividad-y-la-herencia\/#breadcrumb\"},\"inLanguage\":\"es-MX\",\"potentialAction\":[{\"@type\":\"ReadAction\",\"target\":[\"https:\/\/graziamagazine.com\/mx\/articles\/tiffany-co-lanza-tiffany-wonder-en-tokio-un-homenaje-a-la-creatividad-y-la-herencia\/\"]}]},{\"@type\":\"BreadcrumbList\",\"@id\":\"https:\/\/graziamagazine.com\/mx\/articles\/tiffany-co-lanza-tiffany-wonder-en-tokio-un-homenaje-a-la-creatividad-y-la-herencia\/#breadcrumb\",\"itemListElement\":[{\"@type\":\"ListItem\",\"position\":1,\"name\":\"Home\",\"item\":\"https:\/\/graziamagazine.com\/mx\/\"},{\"@type\":\"ListItem\",\"position\":2,\"name\":\"Tiffany &amp; Co. Lanza Tiffany Wonder en Tokio: Un Homenaje a la Creatividad y la Herencia\"}]},{\"@type\":\"WebSite\",\"@id\":\"https:\/\/graziamagazine.com\/mx\/#website\",\"url\":\"https:\/\/graziamagazine.com\/mx\/\",\"name\":\"Grazia M\u00e9xico y Latinoam\u00e9rica\",\"description\":\"Grazia es moda, belleza y noticias  de actualidad \",\"potentialAction\":[{\"@type\":\"SearchAction\",\"target\":{\"@type\":\"EntryPoint\",\"urlTemplate\":\"https:\/\/graziamagazine.com\/mx\/?s={search_term_string}\"},\"query-input\":\"required name=search_term_string\"}],\"inLanguage\":\"es-MX\"}]}<\/script>\n<!-- \/ Yoast SEO Premium plugin. -->","yoast_head_json":{"title":"Tiffany & Co. Lanza Tiffany Wonder en Tokio: Un Homenaje a la Creatividad y la Herencia","description":"\"Tiffany Wonder\" es un viaje cautivador a trav\u00e9s de la rica historia y el legado de Tiffany & Co., que abarca 185 a\u00f1os de artesan\u00eda, innovaci\u00f3n y dise\u00f1o atemporal.","robots":{"index":"index","follow":"follow","max-snippet":"max-snippet:-1","max-image-preview":"max-image-preview:large","max-video-preview":"max-video-preview:-1"},"canonical":"https:\/\/graziamagazine.com\/mx\/articles\/tiffany-co-lanza-tiffany-wonder-en-tokio-un-homenaje-a-la-creatividad-y-la-herencia\/","og_locale":"es_MX","og_type":"article","og_title":"Tiffany &amp; Co. Lanza Tiffany Wonder en Tokio: Un Homenaje a la Creatividad y la Herencia","og_description":"\"Tiffany Wonder\" es un viaje cautivador a trav\u00e9s de la rica historia y el legado de Tiffany & Co., que abarca 185 a\u00f1os de artesan\u00eda, innovaci\u00f3n y dise\u00f1o atemporal.","og_url":"https:\/\/graziamagazine.com\/mx\/articles\/tiffany-co-lanza-tiffany-wonder-en-tokio-un-homenaje-a-la-creatividad-y-la-herencia\/","og_site_name":"Grazia M\u00e9xico y Latinoam\u00e9rica","article_modified_time":"2024-04-15T15:41:32+00:00","og_image":[{"width":1024,"height":676,"url":"https:\/\/graziamagazine.com\/mx\/wp-content\/uploads\/sites\/13\/2024\/04\/unnamed-2-1024x676.png","type":"image\/png"}],"twitter_card":"summary_large_image","twitter_misc":{"Est. reading time":"3 minutos"},"schema":{"@context":"https:\/\/schema.org","@graph":[{"@type":"WebPage","@id":"https:\/\/graziamagazine.com\/mx\/articles\/tiffany-co-lanza-tiffany-wonder-en-tokio-un-homenaje-a-la-creatividad-y-la-herencia\/","url":"https:\/\/graziamagazine.com\/mx\/articles\/tiffany-co-lanza-tiffany-wonder-en-tokio-un-homenaje-a-la-creatividad-y-la-herencia\/","name":"Tiffany & Co. Lanza Tiffany Wonder en Tokio: Un Homenaje a la Creatividad y la Herencia","isPartOf":{"@id":"https:\/\/graziamagazine.com\/mx\/#website"},"datePublished":"2024-04-12T19:06:58+00:00","dateModified":"2024-04-15T15:41:32+00:00","description":"\"Tiffany Wonder\" es un viaje cautivador a trav\u00e9s de la rica historia y el legado de Tiffany & Co., que abarca 185 a\u00f1os de artesan\u00eda, innovaci\u00f3n y dise\u00f1o atemporal.","breadcrumb":{"@id":"https:\/\/graziamagazine.com\/mx\/articles\/tiffany-co-lanza-tiffany-wonder-en-tokio-un-homenaje-a-la-creatividad-y-la-herencia\/#breadcrumb"},"inLanguage":"es-MX","potentialAction":[{"@type":"ReadAction","target":["https:\/\/graziamagazine.com\/mx\/articles\/tiffany-co-lanza-tiffany-wonder-en-tokio-un-homenaje-a-la-creatividad-y-la-herencia\/"]}]},{"@type":"BreadcrumbList","@id":"https:\/\/graziamagazine.com\/mx\/articles\/tiffany-co-lanza-tiffany-wonder-en-tokio-un-homenaje-a-la-creatividad-y-la-herencia\/#breadcrumb","itemListElement":[{"@type":"ListItem","position":1,"name":"Home","item":"https:\/\/graziamagazine.com\/mx\/"},{"@type":"ListItem","position":2,"name":"Tiffany &amp; Co. Lanza Tiffany Wonder en Tokio: Un Homenaje a la Creatividad y la Herencia"}]},{"@type":"WebSite","@id":"https:\/\/graziamagazine.com\/mx\/#website","url":"https:\/\/graziamagazine.com\/mx\/","name":"Grazia M\u00e9xico y Latinoam\u00e9rica","description":"Grazia es moda, belleza y noticias  de actualidad ","potentialAction":[{"@type":"SearchAction","target":{"@type":"EntryPoint","urlTemplate":"https:\/\/graziamagazine.com\/mx\/?s={search_term_string}"},"query-input":"required name=search_term_string"}],"inLanguage":"es-MX"}]}},"jetpack_sharing_enabled":true,"distributor_meta":false,"distributor_terms":false,"distributor_media":false,"distributor_original_site_name":"Grazia M\u00e9xico y Latinoam\u00e9rica","distributor_original_site_url":"https:\/\/graziamagazine.com\/mx","push-errors":false,"_links":{"self":[{"href":"https:\/\/graziamagazine.com\/mx\/wp-json\/wp\/v2\/articles\/136127"}],"collection":[{"href":"https:\/\/graziamagazine.com\/mx\/wp-json\/wp\/v2\/articles"}],"about":[{"href":"https:\/\/graziamagazine.com\/mx\/wp-json\/wp\/v2\/types\/articles"}],"author":[{"embeddable":true,"href":"https:\/\/graziamagazine.com\/mx\/wp-json\/wp\/v2\/users\/28953"}],"wp:featuredmedia":[{"embeddable":true,"href":"https:\/\/graziamagazine.com\/mx\/wp-json\/wp\/v2\/media\/136149"}],"wp:attachment":[{"href":"https:\/\/graziamagazine.com\/mx\/wp-json\/wp\/v2\/media?parent=136127"}],"wp:term":[{"taxonomy":"category","embeddable":true,"href":"https:\/\/graziamagazine.com\/mx\/wp-json\/wp\/v2\/categories?post=136127"}],"curies":[{"name":"wp","href":"https:\/\/api.w.org\/{rel}","templated":true}]}}