{"id":136107,"date":"2024-04-11T22:06:18","date_gmt":"2024-04-12T03:06:18","guid":{"rendered":"https:\/\/graziamagazine.com\/mx\/?post_type=articles&#038;p=136107"},"modified":"2024-04-11T22:20:28","modified_gmt":"2024-04-12T03:20:28","slug":"peter-dinklage-dara-voz-dr-dillamond-adaptacion-cinematografica-wicked","status":"publish","type":"articles","link":"https:\/\/graziamagazine.com\/mx\/articles\/peter-dinklage-dara-voz-dr-dillamond-adaptacion-cinematografica-wicked\/","title":{"rendered":"Peter Dinklage dar\u00e1 voz al Dr. Dillamond en la adaptaci\u00f3n cinematogr\u00e1fica de Wicked"},"content":{"rendered":"<p><strong>Universal<\/strong> anunci\u00f3 el pasado mi\u00e9rcoles en en <strong>CinemaCon<\/strong> que <strong>Peter Dinklage<\/strong> dar\u00e1 voz al Dr. Dillamond en la adaptaci\u00f3n cinematogr\u00e1fica de <em><strong>Wicked<\/strong><\/em>.<\/p>\n<p>En la historia de <em>Wicked<\/em>, el Dr. Dillamond, es una cabra que ense\u00f1a historia de Elphaba en la Universidad de Shiz.<\/p>\n<p>Pocas veces se ha visto a Peter incursionar en el mundo de los musicales, aunque interpret\u00f3 al personaje principal en una versi\u00f3n musicalizada de <em><strong>Cyrano de Bergerac<\/strong><\/em> llamada simplemente <em><strong>Cyrano<\/strong><\/em>.<\/p>\n<figure id=\"attachment_136109\" aria-describedby=\"caption-attachment-136109\" style=\"width: 450px\" class=\"wp-caption alignnone\"><img loading=\"lazy\" decoding=\"async\" class=\"size-medium wp-image-136109\" src=\"https:\/\/graziamagazine.com\/mx\/wp-content\/uploads\/sites\/13\/2024\/04\/Captura-de-Pantalla-2024-04-11-a-las-21.14.00-450x366.png\" alt=\"\" width=\"450\" height=\"366\" srcset=\"https:\/\/graziamagazine.com\/mx\/wp-content\/uploads\/sites\/13\/2024\/04\/Captura-de-Pantalla-2024-04-11-a-las-21.14.00-450x366.png 450w, https:\/\/graziamagazine.com\/mx\/wp-content\/uploads\/sites\/13\/2024\/04\/Captura-de-Pantalla-2024-04-11-a-las-21.14.00-400x325.png 400w, https:\/\/graziamagazine.com\/mx\/wp-content\/uploads\/sites\/13\/2024\/04\/Captura-de-Pantalla-2024-04-11-a-las-21.14.00-155x126.png 155w, https:\/\/graziamagazine.com\/mx\/wp-content\/uploads\/sites\/13\/2024\/04\/Captura-de-Pantalla-2024-04-11-a-las-21.14.00.png 598w\" sizes=\"(max-width: 450px) 100vw, 450px\" \/><figcaption id=\"caption-attachment-136109\" class=\"wp-caption-text\">Getty<\/figcaption><\/figure>\n<p>Las protagonistas de la adaptaci\u00f3n como las dos principales brujas son <strong>Cynthia Erivo<\/strong> y <strong>Ariana Grande<\/strong> y adem\u00e1s participar\u00e1n actores como <strong>Michelle Yeoh<\/strong> en el papel de Madame Morrible, la directora de la Universidad Shiz y <strong>Jeff Goldblum<\/strong>, quien dar\u00e1 vida al Mago de Oz, y <strong>Jonathan Bailey<\/strong> ser\u00e1 el Pr\u00edncipe Fiyero.<\/p>\n<p><em>Wicked<\/em>, basada en el exitoso musical del mismo nombre, cuenta la historia de dos brujas de Oz, Elphaba (Cynthia), que se convertir\u00e1 en la Malvada Bruja del Oeste, y Glinda (Ariana), este personaje se llamaba originalmente Galinda.<\/p>\n<p><strong>Keala Settle<\/strong>, <strong>Bowen Yang<\/strong>, <strong>Bronwyn James<\/strong>, <strong>Colin Michael Carmichael<\/strong>, <strong>Ethan Slater<\/strong>, <strong>Marissa Bode<\/strong> como Nessarose y <strong>Aaron Teoh<\/strong> tambi\u00e9n forman parte del elenco.<\/p>\n<p><iframe loading=\"lazy\" title=\"WICKED - Primer Vistazo (Universal Pictures) - HD\" width=\"500\" height=\"281\" src=\"https:\/\/www.youtube.com\/embed\/D_y0kyL2ZEU?feature=oembed\" frameborder=\"0\" allow=\"accelerometer; autoplay; clipboard-write; encrypted-media; gyroscope; picture-in-picture; web-share\" referrerpolicy=\"strict-origin-when-cross-origin\" allowfullscreen><\/iframe><\/p>\n<p>La historia sigue la poco probable amistad entre las dos mujeres mientras la magia y el amor buscan ayudar a salvar el futuro de Oz.<\/p>\n<p>&#8220;Esta pel\u00edcula lo tiene todo: n\u00fameros musicales gigantes, grandes piezas de acci\u00f3n. Y utilizando una historia cl\u00e1sica que todos conocen, el Mago de Oz&#8221;, dijo el director <strong>Jon M. Chu<\/strong> en la CinemaCon 2023.<\/p>\n<p>&#8220;Y al final del d\u00eda, en realidad no se trata de esas cosas. Se trata del cambio y de c\u00f3mo es necesario que las cosas mejoren&#8221;, asegur\u00f3.<\/p>\n<p>La historia se dividir\u00e1 en dos pel\u00edculas, la primera llegar\u00e1 a las salas de cine el 27 de noviembre del 2024 y la segunda el 26 de noviembre del 2025.<\/p>\n","protected":false},"author":36289,"featured_media":136110,"template":"","format":"standard","categories":[12517],"acf":[],"yoast_head":"<!-- This site is optimized with the Yoast SEO Premium plugin v18.5 (Yoast SEO v20.4) - https:\/\/yoast.com\/wordpress\/plugins\/seo\/ -->\n<title>Peter Dinklage dar\u00e1 voz al Dr. Dillamond en la adaptaci\u00f3n cinematogr\u00e1fica de Wicked | Grazia M\u00e9xico y Latinoam\u00e9rica<\/title>\n<meta name=\"description\" content=\"Universal anunci\u00f3 el pasado mi\u00e9rcoles en en CinemaCon que Peter Dinklage dar\u00e1 voz al Dr. Dillamond en la adaptaci\u00f3n cinematogr\u00e1fica de Wicked. En la\" \/>\n<meta name=\"robots\" content=\"index, follow, max-snippet:-1, max-image-preview:large, max-video-preview:-1\" \/>\n<link rel=\"canonical\" href=\"https:\/\/graziamagazine.com\/mx\/articles\/peter-dinklage-dara-voz-dr-dillamond-adaptacion-cinematografica-wicked\/\" \/>\n<meta property=\"og:locale\" content=\"es_MX\" \/>\n<meta property=\"og:type\" content=\"article\" \/>\n<meta property=\"og:title\" content=\"Peter Dinklage dar\u00e1 voz al Dr. Dillamond en la adaptaci\u00f3n cinematogr\u00e1fica de Wicked\" \/>\n<meta property=\"og:description\" content=\"Universal anunci\u00f3 el pasado mi\u00e9rcoles en en CinemaCon que Peter Dinklage dar\u00e1 voz al Dr. Dillamond en la adaptaci\u00f3n cinematogr\u00e1fica de Wicked. En la\" \/>\n<meta property=\"og:url\" content=\"https:\/\/graziamagazine.com\/mx\/articles\/peter-dinklage-dara-voz-dr-dillamond-adaptacion-cinematografica-wicked\/\" \/>\n<meta property=\"og:site_name\" content=\"Grazia M\u00e9xico y Latinoam\u00e9rica\" \/>\n<meta property=\"article:modified_time\" content=\"2024-04-12T03:20:28+00:00\" \/>\n<meta property=\"og:image\" content=\"https:\/\/graziamagazine.com\/mx\/wp-content\/uploads\/sites\/13\/2024\/04\/Captura-de-Pantalla-2024-04-11-a-las-21.15.38-e1712891892350.png\" \/>\n\t<meta property=\"og:image:width\" content=\"826\" \/>\n\t<meta property=\"og:image:height\" content=\"454\" \/>\n\t<meta property=\"og:image:type\" content=\"image\/png\" \/>\n<meta name=\"twitter:card\" content=\"summary_large_image\" \/>\n<meta name=\"twitter:label1\" content=\"Est. reading time\" \/>\n\t<meta name=\"twitter:data1\" content=\"2 minutos\" \/>\n<script type=\"application\/ld+json\" class=\"yoast-schema-graph\">{\"@context\":\"https:\/\/schema.org\",\"@graph\":[{\"@type\":\"WebPage\",\"@id\":\"https:\/\/graziamagazine.com\/mx\/articles\/peter-dinklage-dara-voz-dr-dillamond-adaptacion-cinematografica-wicked\/\",\"url\":\"https:\/\/graziamagazine.com\/mx\/articles\/peter-dinklage-dara-voz-dr-dillamond-adaptacion-cinematografica-wicked\/\",\"name\":\"Peter Dinklage dar\u00e1 voz al Dr. Dillamond en la adaptaci\u00f3n cinematogr\u00e1fica de Wicked | Grazia M\u00e9xico y Latinoam\u00e9rica\",\"isPartOf\":{\"@id\":\"https:\/\/graziamagazine.com\/mx\/#website\"},\"datePublished\":\"2024-04-12T03:06:18+00:00\",\"dateModified\":\"2024-04-12T03:20:28+00:00\",\"description\":\"Universal anunci\u00f3 el pasado mi\u00e9rcoles en en CinemaCon que Peter Dinklage dar\u00e1 voz al Dr. Dillamond en la adaptaci\u00f3n cinematogr\u00e1fica de Wicked. En la\",\"breadcrumb\":{\"@id\":\"https:\/\/graziamagazine.com\/mx\/articles\/peter-dinklage-dara-voz-dr-dillamond-adaptacion-cinematografica-wicked\/#breadcrumb\"},\"inLanguage\":\"es-MX\",\"potentialAction\":[{\"@type\":\"ReadAction\",\"target\":[\"https:\/\/graziamagazine.com\/mx\/articles\/peter-dinklage-dara-voz-dr-dillamond-adaptacion-cinematografica-wicked\/\"]}]},{\"@type\":\"BreadcrumbList\",\"@id\":\"https:\/\/graziamagazine.com\/mx\/articles\/peter-dinklage-dara-voz-dr-dillamond-adaptacion-cinematografica-wicked\/#breadcrumb\",\"itemListElement\":[{\"@type\":\"ListItem\",\"position\":1,\"name\":\"Home\",\"item\":\"https:\/\/graziamagazine.com\/mx\/\"},{\"@type\":\"ListItem\",\"position\":2,\"name\":\"Peter Dinklage dar\u00e1 voz al Dr. Dillamond en la adaptaci\u00f3n cinematogr\u00e1fica de Wicked\"}]},{\"@type\":\"WebSite\",\"@id\":\"https:\/\/graziamagazine.com\/mx\/#website\",\"url\":\"https:\/\/graziamagazine.com\/mx\/\",\"name\":\"Grazia M\u00e9xico y Latinoam\u00e9rica\",\"description\":\"Grazia es moda, belleza y noticias  de actualidad \",\"potentialAction\":[{\"@type\":\"SearchAction\",\"target\":{\"@type\":\"EntryPoint\",\"urlTemplate\":\"https:\/\/graziamagazine.com\/mx\/?s={search_term_string}\"},\"query-input\":\"required name=search_term_string\"}],\"inLanguage\":\"es-MX\"}]}<\/script>\n<!-- \/ Yoast SEO Premium plugin. -->","yoast_head_json":{"title":"Peter Dinklage dar\u00e1 voz al Dr. Dillamond en la adaptaci\u00f3n cinematogr\u00e1fica de Wicked | Grazia M\u00e9xico y Latinoam\u00e9rica","description":"Universal anunci\u00f3 el pasado mi\u00e9rcoles en en CinemaCon que Peter Dinklage dar\u00e1 voz al Dr. Dillamond en la adaptaci\u00f3n cinematogr\u00e1fica de Wicked. En la","robots":{"index":"index","follow":"follow","max-snippet":"max-snippet:-1","max-image-preview":"max-image-preview:large","max-video-preview":"max-video-preview:-1"},"canonical":"https:\/\/graziamagazine.com\/mx\/articles\/peter-dinklage-dara-voz-dr-dillamond-adaptacion-cinematografica-wicked\/","og_locale":"es_MX","og_type":"article","og_title":"Peter Dinklage dar\u00e1 voz al Dr. Dillamond en la adaptaci\u00f3n cinematogr\u00e1fica de Wicked","og_description":"Universal anunci\u00f3 el pasado mi\u00e9rcoles en en CinemaCon que Peter Dinklage dar\u00e1 voz al Dr. Dillamond en la adaptaci\u00f3n cinematogr\u00e1fica de Wicked. En la","og_url":"https:\/\/graziamagazine.com\/mx\/articles\/peter-dinklage-dara-voz-dr-dillamond-adaptacion-cinematografica-wicked\/","og_site_name":"Grazia M\u00e9xico y Latinoam\u00e9rica","article_modified_time":"2024-04-12T03:20:28+00:00","og_image":[{"width":826,"height":454,"url":"https:\/\/graziamagazine.com\/mx\/wp-content\/uploads\/sites\/13\/2024\/04\/Captura-de-Pantalla-2024-04-11-a-las-21.15.38-e1712891892350.png","type":"image\/png"}],"twitter_card":"summary_large_image","twitter_misc":{"Est. reading time":"2 minutos"},"schema":{"@context":"https:\/\/schema.org","@graph":[{"@type":"WebPage","@id":"https:\/\/graziamagazine.com\/mx\/articles\/peter-dinklage-dara-voz-dr-dillamond-adaptacion-cinematografica-wicked\/","url":"https:\/\/graziamagazine.com\/mx\/articles\/peter-dinklage-dara-voz-dr-dillamond-adaptacion-cinematografica-wicked\/","name":"Peter Dinklage dar\u00e1 voz al Dr. Dillamond en la adaptaci\u00f3n cinematogr\u00e1fica de Wicked | Grazia M\u00e9xico y Latinoam\u00e9rica","isPartOf":{"@id":"https:\/\/graziamagazine.com\/mx\/#website"},"datePublished":"2024-04-12T03:06:18+00:00","dateModified":"2024-04-12T03:20:28+00:00","description":"Universal anunci\u00f3 el pasado mi\u00e9rcoles en en CinemaCon que Peter Dinklage dar\u00e1 voz al Dr. Dillamond en la adaptaci\u00f3n cinematogr\u00e1fica de Wicked. En la","breadcrumb":{"@id":"https:\/\/graziamagazine.com\/mx\/articles\/peter-dinklage-dara-voz-dr-dillamond-adaptacion-cinematografica-wicked\/#breadcrumb"},"inLanguage":"es-MX","potentialAction":[{"@type":"ReadAction","target":["https:\/\/graziamagazine.com\/mx\/articles\/peter-dinklage-dara-voz-dr-dillamond-adaptacion-cinematografica-wicked\/"]}]},{"@type":"BreadcrumbList","@id":"https:\/\/graziamagazine.com\/mx\/articles\/peter-dinklage-dara-voz-dr-dillamond-adaptacion-cinematografica-wicked\/#breadcrumb","itemListElement":[{"@type":"ListItem","position":1,"name":"Home","item":"https:\/\/graziamagazine.com\/mx\/"},{"@type":"ListItem","position":2,"name":"Peter Dinklage dar\u00e1 voz al Dr. Dillamond en la adaptaci\u00f3n cinematogr\u00e1fica de Wicked"}]},{"@type":"WebSite","@id":"https:\/\/graziamagazine.com\/mx\/#website","url":"https:\/\/graziamagazine.com\/mx\/","name":"Grazia M\u00e9xico y Latinoam\u00e9rica","description":"Grazia es moda, belleza y noticias  de actualidad ","potentialAction":[{"@type":"SearchAction","target":{"@type":"EntryPoint","urlTemplate":"https:\/\/graziamagazine.com\/mx\/?s={search_term_string}"},"query-input":"required name=search_term_string"}],"inLanguage":"es-MX"}]}},"jetpack_sharing_enabled":true,"distributor_meta":false,"distributor_terms":false,"distributor_media":false,"distributor_original_site_name":"Grazia M\u00e9xico y Latinoam\u00e9rica","distributor_original_site_url":"https:\/\/graziamagazine.com\/mx","push-errors":false,"_links":{"self":[{"href":"https:\/\/graziamagazine.com\/mx\/wp-json\/wp\/v2\/articles\/136107"}],"collection":[{"href":"https:\/\/graziamagazine.com\/mx\/wp-json\/wp\/v2\/articles"}],"about":[{"href":"https:\/\/graziamagazine.com\/mx\/wp-json\/wp\/v2\/types\/articles"}],"author":[{"embeddable":true,"href":"https:\/\/graziamagazine.com\/mx\/wp-json\/wp\/v2\/users\/36289"}],"wp:featuredmedia":[{"embeddable":true,"href":"https:\/\/graziamagazine.com\/mx\/wp-json\/wp\/v2\/media\/136110"}],"wp:attachment":[{"href":"https:\/\/graziamagazine.com\/mx\/wp-json\/wp\/v2\/media?parent=136107"}],"wp:term":[{"taxonomy":"category","embeddable":true,"href":"https:\/\/graziamagazine.com\/mx\/wp-json\/wp\/v2\/categories?post=136107"}],"curies":[{"name":"wp","href":"https:\/\/api.w.org\/{rel}","templated":true}]}}