{"id":136069,"date":"2024-04-10T15:10:29","date_gmt":"2024-04-10T20:10:29","guid":{"rendered":"https:\/\/graziamagazine.com\/mx\/?post_type=articles&#038;p=136069"},"modified":"2024-04-10T15:11:47","modified_gmt":"2024-04-10T20:11:47","slug":"la-viuda-de-patrick-swayze-habla-de-como-fueron-los-ultimos-dias-del-actor","status":"publish","type":"articles","link":"https:\/\/graziamagazine.com\/mx\/articles\/la-viuda-de-patrick-swayze-habla-de-como-fueron-los-ultimos-dias-del-actor\/","title":{"rendered":"La viuda de Patrick Swayze habla de c\u00f3mo fueron los \u00faltimos d\u00edas del actor"},"content":{"rendered":"<p><span style=\"font-weight: 400\"><strong>Lisa Niemi Swayz<\/strong>, viuda del actor <strong>Patrick Swayze<\/strong>, habl\u00f3 de c\u00f3mo fueron los \u00faltimos momentos de vida de su esposo, desde que diagnosticaron con c\u00e1ncer al int\u00e9rprete. Tambi\u00e9n habl\u00f3 sobre el odio que sinti\u00f3 despu\u00e9s de volverse a casar tras la muerte de su marido.<\/span><\/p>\n<p><span style=\"font-weight: 400\">Durante una aparici\u00f3n el 7 de abril en <em><strong>Amy and T.J. Podcast,<\/strong><\/em> con los presentadores <strong>Amy Robach y T. J. Holmes<\/strong>, la viuda del actor de de <em><strong>Dirty Dancing,<\/strong><\/em> record\u00f3 c\u00f3mo Patrick le dijo que le hab\u00edan diagnosticado c\u00e1ncer.<\/span><\/p>\n<p><span style=\"font-weight: 400\">&#8220;Cuando descubri\u00f3 por primera vez que ten\u00eda c\u00e1ncer de p\u00e1ncreas, se volvi\u00f3 hacia m\u00ed y me dijo: &#8216;Soy hombre muerto'&#8221;, record\u00f3 Lisa. &#8220;Yo no sab\u00eda mucho sobre el c\u00e1ncer de p\u00e1ncreas, pero \u00e9l s\u00ed, y por lo que sab\u00eda, cada vez que escuchabas que alguien hab\u00eda tenido c\u00e1ncer de p\u00e1ncreas pensaba: &#8216;Bueno, se va de aqu\u00ed'&#8221;.<\/span><\/p>\n<p><span style=\"font-weight: 400\">&#8220;Efectivamente, el m\u00e9dico dijo que puedes seguir adelante y tratarlo y ser tan agresivo como quieras, pero piensa en poner tus asuntos en orden lo antes posible&#8221;, a\u00f1adi\u00f3.<\/span><\/p>\n<p><span style=\"font-weight: 400\">&#8220;Mi primera acci\u00f3n fue: llam\u00e9 a mi cu\u00f1ada, que es una brillante onc\u00f3loga en Houston, Texas, y cuando le cont\u00e9 la noticia, ella me dijo: &#8216;Oh, no, necesitamos un ensayo cl\u00ednico para \u00e9l. No quiero retrasarlo. Quiero que lo tengan en tratamiento dentro de una semana y que salgan disparados'&#8221;, record\u00f3. &#8220;Tu vida da un giro repentino y nunca vuelve a ser la misma despu\u00e9s de eso. Todo cambi\u00f3&#8230; Nos mantuvimos muy positivos sobre todo, pero te digo una cosa, era como vivir en una completa pesadilla las 24 horas del d\u00eda, los 7 d\u00edas de la semana&#8221;.<\/span><\/p>\n<p><span style=\"font-weight: 400\">Lisa tambi\u00e9n record\u00f3 c\u00f3mo Patrick se sincer\u00f3 con ella sobre su diagn\u00f3stico mientras los dos pasaban un d\u00eda juntos en su rancho de Nuevo M\u00e9xico, discutiendo c\u00f3mo tal vez querr\u00edan ir a acampar por \u00faltima vez antes de que \u00e9l muriera.<\/span><\/p>\n<p><span style=\"font-weight: 400\">&#8220;Estamos caminando. Es un d\u00eda hermoso y \u00e9l me mir\u00f3 con l\u00e1grimas en los ojos y dijo: &#8216;Quiero vivir'&#8221;, dijo.<\/span><\/p>\n<p><span style=\"font-weight: 400\">Lisa conoci\u00f3 a Patrick en el estudio de danza de su madre y se cas\u00f3 con \u00e9l en 1975, un a\u00f1o despu\u00e9s de que Lisa se mudara a la ciudad de Nueva York para actuar con el prestigioso <strong>Joffrey Ballet.<\/strong><\/span><\/p>\n<p><span style=\"font-weight: 400\">&#8220;La vida es demasiado corta para no encontrar el amor y demasiado larga para estar sola&#8221;, a\u00f1adi\u00f3. &#8220;S\u00ed, recib\u00ed muchas cr\u00edticas. Es como &#8216;\u00bfC\u00f3mo te atreves?&#8217; Hay algunos fan\u00e1ticos de Patrick bastante rabiosos que piensan que soy malvada o simplemente no les agrado porque estaba casada con \u00e9l&#8230; Simplemente aprendes a lidiar con eso y sigues adelante. Me sent\u00ed tentado tantas veces. decir: &#8220;Oye novia, ponte en mi lugar. Cu\u00e9ntamelo. Adelante. Dime que solo porque perd\u00ed a mi marido ya no lo amo. \u00bfC\u00f3mo pudiste decir eso?&#8221;<\/span><\/p>\n<p><span style=\"font-weight: 400\">En otra parte de la entrevista, la bailarina tambi\u00e9n dijo que su difunto esposo estaba preocupado por su legado despu\u00e9s de ser diagnosticado, pero, seg\u00fan Lisa, no ten\u00eda motivos para hacerlo.<\/span><\/p>\n<p><span style=\"font-weight: 400\">&#8220;Tengo que decir que no ten\u00eda por qu\u00e9 preocuparse en absoluto, todav\u00eda est\u00e1 muy en la mente de la gente&#8221;, dijo. &#8220;Sab\u00eda que hab\u00eda alcanzado una gran fama. Tambi\u00e9n sab\u00eda que a veces pod\u00eda ser dif\u00edcil, pero les dir\u00e9 una cosa, la mayor\u00eda de las personas que lo rodeaban nunca vieron ese lado dif\u00edcil y lo adoraban absolutamente&#8221;.<\/span><\/p>\n","protected":false},"author":11628,"featured_media":136070,"template":"","format":"standard","categories":[2],"acf":[],"yoast_head":"<!-- This site is optimized with the Yoast SEO Premium plugin v18.5 (Yoast SEO v20.4) - https:\/\/yoast.com\/wordpress\/plugins\/seo\/ -->\n<title>La viuda de Patrick Swayze habla de c\u00f3mo fueron los \u00faltimos d\u00edas del actor | Grazia M\u00e9xico y Latinoam\u00e9rica<\/title>\n<meta name=\"description\" content=\"Lisa Niemi Swayz, viuda del actor Patrick Swayze, habl\u00f3 de c\u00f3mo fueron los \u00faltimos momentos de vida de su esposo, desde que diagnosticaron con c\u00e1ncer al\" \/>\n<meta name=\"robots\" content=\"index, follow, max-snippet:-1, max-image-preview:large, max-video-preview:-1\" \/>\n<link rel=\"canonical\" href=\"https:\/\/graziamagazine.com\/mx\/articles\/la-viuda-de-patrick-swayze-habla-de-como-fueron-los-ultimos-dias-del-actor\/\" \/>\n<meta property=\"og:locale\" content=\"es_MX\" \/>\n<meta property=\"og:type\" content=\"article\" \/>\n<meta property=\"og:title\" content=\"La viuda de Patrick Swayze habla de c\u00f3mo fueron los \u00faltimos d\u00edas del actor\" \/>\n<meta property=\"og:description\" content=\"Lisa Niemi Swayz, viuda del actor Patrick Swayze, habl\u00f3 de c\u00f3mo fueron los \u00faltimos momentos de vida de su esposo, desde que diagnosticaron con c\u00e1ncer al\" \/>\n<meta property=\"og:url\" content=\"https:\/\/graziamagazine.com\/mx\/articles\/la-viuda-de-patrick-swayze-habla-de-como-fueron-los-ultimos-dias-del-actor\/\" \/>\n<meta property=\"og:site_name\" content=\"Grazia M\u00e9xico y Latinoam\u00e9rica\" \/>\n<meta property=\"article:modified_time\" content=\"2024-04-10T20:11:47+00:00\" \/>\n<meta property=\"og:image\" content=\"https:\/\/graziamagazine.com\/mx\/wp-content\/uploads\/sites\/13\/2024\/04\/Captura-de-Pantalla-2024-04-10-a-las-13.38.51.png\" \/>\n\t<meta property=\"og:image:width\" content=\"529\" \/>\n\t<meta property=\"og:image:height\" content=\"298\" \/>\n\t<meta property=\"og:image:type\" content=\"image\/png\" \/>\n<meta name=\"twitter:card\" content=\"summary_large_image\" \/>\n<meta name=\"twitter:label1\" content=\"Est. reading time\" \/>\n\t<meta name=\"twitter:data1\" content=\"3 minutos\" \/>\n<script type=\"application\/ld+json\" class=\"yoast-schema-graph\">{\"@context\":\"https:\/\/schema.org\",\"@graph\":[{\"@type\":\"WebPage\",\"@id\":\"https:\/\/graziamagazine.com\/mx\/articles\/la-viuda-de-patrick-swayze-habla-de-como-fueron-los-ultimos-dias-del-actor\/\",\"url\":\"https:\/\/graziamagazine.com\/mx\/articles\/la-viuda-de-patrick-swayze-habla-de-como-fueron-los-ultimos-dias-del-actor\/\",\"name\":\"La viuda de Patrick Swayze habla de c\u00f3mo fueron los \u00faltimos d\u00edas del actor | Grazia M\u00e9xico y Latinoam\u00e9rica\",\"isPartOf\":{\"@id\":\"https:\/\/graziamagazine.com\/mx\/#website\"},\"datePublished\":\"2024-04-10T20:10:29+00:00\",\"dateModified\":\"2024-04-10T20:11:47+00:00\",\"description\":\"Lisa Niemi Swayz, viuda del actor Patrick Swayze, habl\u00f3 de c\u00f3mo fueron los \u00faltimos momentos de vida de su esposo, desde que diagnosticaron con c\u00e1ncer al\",\"breadcrumb\":{\"@id\":\"https:\/\/graziamagazine.com\/mx\/articles\/la-viuda-de-patrick-swayze-habla-de-como-fueron-los-ultimos-dias-del-actor\/#breadcrumb\"},\"inLanguage\":\"es-MX\",\"potentialAction\":[{\"@type\":\"ReadAction\",\"target\":[\"https:\/\/graziamagazine.com\/mx\/articles\/la-viuda-de-patrick-swayze-habla-de-como-fueron-los-ultimos-dias-del-actor\/\"]}]},{\"@type\":\"BreadcrumbList\",\"@id\":\"https:\/\/graziamagazine.com\/mx\/articles\/la-viuda-de-patrick-swayze-habla-de-como-fueron-los-ultimos-dias-del-actor\/#breadcrumb\",\"itemListElement\":[{\"@type\":\"ListItem\",\"position\":1,\"name\":\"Home\",\"item\":\"https:\/\/graziamagazine.com\/mx\/\"},{\"@type\":\"ListItem\",\"position\":2,\"name\":\"La viuda de Patrick Swayze habla de c\u00f3mo fueron los \u00faltimos d\u00edas del actor\"}]},{\"@type\":\"WebSite\",\"@id\":\"https:\/\/graziamagazine.com\/mx\/#website\",\"url\":\"https:\/\/graziamagazine.com\/mx\/\",\"name\":\"Grazia M\u00e9xico y Latinoam\u00e9rica\",\"description\":\"Grazia es moda, belleza y noticias  de actualidad \",\"potentialAction\":[{\"@type\":\"SearchAction\",\"target\":{\"@type\":\"EntryPoint\",\"urlTemplate\":\"https:\/\/graziamagazine.com\/mx\/?s={search_term_string}\"},\"query-input\":\"required name=search_term_string\"}],\"inLanguage\":\"es-MX\"}]}<\/script>\n<!-- \/ Yoast SEO Premium plugin. -->","yoast_head_json":{"title":"La viuda de Patrick Swayze habla de c\u00f3mo fueron los \u00faltimos d\u00edas del actor | Grazia M\u00e9xico y Latinoam\u00e9rica","description":"Lisa Niemi Swayz, viuda del actor Patrick Swayze, habl\u00f3 de c\u00f3mo fueron los \u00faltimos momentos de vida de su esposo, desde que diagnosticaron con c\u00e1ncer al","robots":{"index":"index","follow":"follow","max-snippet":"max-snippet:-1","max-image-preview":"max-image-preview:large","max-video-preview":"max-video-preview:-1"},"canonical":"https:\/\/graziamagazine.com\/mx\/articles\/la-viuda-de-patrick-swayze-habla-de-como-fueron-los-ultimos-dias-del-actor\/","og_locale":"es_MX","og_type":"article","og_title":"La viuda de Patrick Swayze habla de c\u00f3mo fueron los \u00faltimos d\u00edas del actor","og_description":"Lisa Niemi Swayz, viuda del actor Patrick Swayze, habl\u00f3 de c\u00f3mo fueron los \u00faltimos momentos de vida de su esposo, desde que diagnosticaron con c\u00e1ncer al","og_url":"https:\/\/graziamagazine.com\/mx\/articles\/la-viuda-de-patrick-swayze-habla-de-como-fueron-los-ultimos-dias-del-actor\/","og_site_name":"Grazia M\u00e9xico y Latinoam\u00e9rica","article_modified_time":"2024-04-10T20:11:47+00:00","og_image":[{"width":529,"height":298,"url":"https:\/\/graziamagazine.com\/mx\/wp-content\/uploads\/sites\/13\/2024\/04\/Captura-de-Pantalla-2024-04-10-a-las-13.38.51.png","type":"image\/png"}],"twitter_card":"summary_large_image","twitter_misc":{"Est. reading time":"3 minutos"},"schema":{"@context":"https:\/\/schema.org","@graph":[{"@type":"WebPage","@id":"https:\/\/graziamagazine.com\/mx\/articles\/la-viuda-de-patrick-swayze-habla-de-como-fueron-los-ultimos-dias-del-actor\/","url":"https:\/\/graziamagazine.com\/mx\/articles\/la-viuda-de-patrick-swayze-habla-de-como-fueron-los-ultimos-dias-del-actor\/","name":"La viuda de Patrick Swayze habla de c\u00f3mo fueron los \u00faltimos d\u00edas del actor | Grazia M\u00e9xico y Latinoam\u00e9rica","isPartOf":{"@id":"https:\/\/graziamagazine.com\/mx\/#website"},"datePublished":"2024-04-10T20:10:29+00:00","dateModified":"2024-04-10T20:11:47+00:00","description":"Lisa Niemi Swayz, viuda del actor Patrick Swayze, habl\u00f3 de c\u00f3mo fueron los \u00faltimos momentos de vida de su esposo, desde que diagnosticaron con c\u00e1ncer al","breadcrumb":{"@id":"https:\/\/graziamagazine.com\/mx\/articles\/la-viuda-de-patrick-swayze-habla-de-como-fueron-los-ultimos-dias-del-actor\/#breadcrumb"},"inLanguage":"es-MX","potentialAction":[{"@type":"ReadAction","target":["https:\/\/graziamagazine.com\/mx\/articles\/la-viuda-de-patrick-swayze-habla-de-como-fueron-los-ultimos-dias-del-actor\/"]}]},{"@type":"BreadcrumbList","@id":"https:\/\/graziamagazine.com\/mx\/articles\/la-viuda-de-patrick-swayze-habla-de-como-fueron-los-ultimos-dias-del-actor\/#breadcrumb","itemListElement":[{"@type":"ListItem","position":1,"name":"Home","item":"https:\/\/graziamagazine.com\/mx\/"},{"@type":"ListItem","position":2,"name":"La viuda de Patrick Swayze habla de c\u00f3mo fueron los \u00faltimos d\u00edas del actor"}]},{"@type":"WebSite","@id":"https:\/\/graziamagazine.com\/mx\/#website","url":"https:\/\/graziamagazine.com\/mx\/","name":"Grazia M\u00e9xico y Latinoam\u00e9rica","description":"Grazia es moda, belleza y noticias  de actualidad ","potentialAction":[{"@type":"SearchAction","target":{"@type":"EntryPoint","urlTemplate":"https:\/\/graziamagazine.com\/mx\/?s={search_term_string}"},"query-input":"required name=search_term_string"}],"inLanguage":"es-MX"}]}},"jetpack_sharing_enabled":true,"distributor_meta":false,"distributor_terms":false,"distributor_media":false,"distributor_original_site_name":"Grazia M\u00e9xico y Latinoam\u00e9rica","distributor_original_site_url":"https:\/\/graziamagazine.com\/mx","push-errors":false,"_links":{"self":[{"href":"https:\/\/graziamagazine.com\/mx\/wp-json\/wp\/v2\/articles\/136069"}],"collection":[{"href":"https:\/\/graziamagazine.com\/mx\/wp-json\/wp\/v2\/articles"}],"about":[{"href":"https:\/\/graziamagazine.com\/mx\/wp-json\/wp\/v2\/types\/articles"}],"author":[{"embeddable":true,"href":"https:\/\/graziamagazine.com\/mx\/wp-json\/wp\/v2\/users\/11628"}],"wp:featuredmedia":[{"embeddable":true,"href":"https:\/\/graziamagazine.com\/mx\/wp-json\/wp\/v2\/media\/136070"}],"wp:attachment":[{"href":"https:\/\/graziamagazine.com\/mx\/wp-json\/wp\/v2\/media?parent=136069"}],"wp:term":[{"taxonomy":"category","embeddable":true,"href":"https:\/\/graziamagazine.com\/mx\/wp-json\/wp\/v2\/categories?post=136069"}],"curies":[{"name":"wp","href":"https:\/\/api.w.org\/{rel}","templated":true}]}}