{"id":136053,"date":"2024-04-10T12:23:07","date_gmt":"2024-04-10T17:23:07","guid":{"rendered":"https:\/\/graziamagazine.com\/mx\/?post_type=articles&#038;p=136053"},"modified":"2024-04-10T12:36:07","modified_gmt":"2024-04-10T17:36:07","slug":"descubre-los-tonos-de-cabello-perfectos-para-esta-primavera","status":"publish","type":"articles","link":"https:\/\/graziamagazine.com\/mx\/articles\/descubre-los-tonos-de-cabello-perfectos-para-esta-primavera\/","title":{"rendered":"Descubre los tonos de cabello perfectos para esta primavera"},"content":{"rendered":"<p>Con la llegada de la primavera, muchas personas buscan renovar su estilo, y qu\u00e9 mejor manera de hacerlo que cambiando el color de tu cabello.<\/p>\n<p>Los tonos frescos y vibrantes de esta temporada pueden iluminar tu apariencia y reflejar el renacimiento de la naturaleza que nos rodea.<\/p>\n<p>Desde rubios soleados hasta rojos intensos, aqu\u00ed te presentamos algunas opciones de tonos de cabello perfectos para esta primavera.<\/p>\n<h3><strong>Rubio C\u00e1lido con Destellos Dorados<\/strong><\/h3>\n<figure id=\"attachment_136056\" aria-describedby=\"caption-attachment-136056\" style=\"width: 927px\" class=\"wp-caption alignnone\"><img loading=\"lazy\" decoding=\"async\" class=\"size-large wp-image-136056\" src=\"https:\/\/graziamagazine.com\/mx\/wp-content\/uploads\/sites\/13\/2024\/04\/Captura-de-Pantalla-2024-04-10-a-las-11.30.08-927x1024.png\" alt=\"Descubre los tonos de cabello perfectos para esta primavera\" width=\"927\" height=\"1024\" srcset=\"https:\/\/graziamagazine.com\/mx\/wp-content\/uploads\/sites\/13\/2024\/04\/Captura-de-Pantalla-2024-04-10-a-las-11.30.08-927x1024.png 927w, https:\/\/graziamagazine.com\/mx\/wp-content\/uploads\/sites\/13\/2024\/04\/Captura-de-Pantalla-2024-04-10-a-las-11.30.08-407x450.png 407w, https:\/\/graziamagazine.com\/mx\/wp-content\/uploads\/sites\/13\/2024\/04\/Captura-de-Pantalla-2024-04-10-a-las-11.30.08-768x848.png 768w, https:\/\/graziamagazine.com\/mx\/wp-content\/uploads\/sites\/13\/2024\/04\/Captura-de-Pantalla-2024-04-10-a-las-11.30.08-400x442.png 400w, https:\/\/graziamagazine.com\/mx\/wp-content\/uploads\/sites\/13\/2024\/04\/Captura-de-Pantalla-2024-04-10-a-las-11.30.08-155x171.png 155w, https:\/\/graziamagazine.com\/mx\/wp-content\/uploads\/sites\/13\/2024\/04\/Captura-de-Pantalla-2024-04-10-a-las-11.30.08.png 1374w\" sizes=\"(max-width: 927px) 100vw, 927px\" \/><figcaption id=\"caption-attachment-136056\" class=\"wp-caption-text\">Descubre los tonos de cabello perfectos para esta primavera<\/figcaption><\/figure>\n<p>Este tono es perfecto para darle luz y brillo a tu cabello durante los d\u00edas soleados de primavera. Opta por reflejos dorados que se mezclen suavemente con tu color base para crear un aspecto natural y radiante.<\/p>\n<h3><strong>Balayage de Caramelo<\/strong><\/h3>\n<figure id=\"attachment_136059\" aria-describedby=\"caption-attachment-136059\" style=\"width: 726px\" class=\"wp-caption alignnone\"><img loading=\"lazy\" decoding=\"async\" class=\"size-large wp-image-136059\" src=\"https:\/\/graziamagazine.com\/mx\/wp-content\/uploads\/sites\/13\/2024\/04\/gettyimages-669585670-799ef9827ea046eca88da69bc12fb0e5-726x1024.jpg\" alt=\"Descubre los tonos de cabello perfectos para esta primavera\" width=\"726\" height=\"1024\" srcset=\"https:\/\/graziamagazine.com\/mx\/wp-content\/uploads\/sites\/13\/2024\/04\/gettyimages-669585670-799ef9827ea046eca88da69bc12fb0e5-726x1024.jpg 726w, https:\/\/graziamagazine.com\/mx\/wp-content\/uploads\/sites\/13\/2024\/04\/gettyimages-669585670-799ef9827ea046eca88da69bc12fb0e5-319x450.jpg 319w, https:\/\/graziamagazine.com\/mx\/wp-content\/uploads\/sites\/13\/2024\/04\/gettyimages-669585670-799ef9827ea046eca88da69bc12fb0e5-768x1083.jpg 768w, https:\/\/graziamagazine.com\/mx\/wp-content\/uploads\/sites\/13\/2024\/04\/gettyimages-669585670-799ef9827ea046eca88da69bc12fb0e5-1089x1536.jpg 1089w, https:\/\/graziamagazine.com\/mx\/wp-content\/uploads\/sites\/13\/2024\/04\/gettyimages-669585670-799ef9827ea046eca88da69bc12fb0e5-1452x2048.jpg 1452w, https:\/\/graziamagazine.com\/mx\/wp-content\/uploads\/sites\/13\/2024\/04\/gettyimages-669585670-799ef9827ea046eca88da69bc12fb0e5-400x564.jpg 400w, https:\/\/graziamagazine.com\/mx\/wp-content\/uploads\/sites\/13\/2024\/04\/gettyimages-669585670-799ef9827ea046eca88da69bc12fb0e5-152x215.jpg 152w, https:\/\/graziamagazine.com\/mx\/wp-content\/uploads\/sites\/13\/2024\/04\/gettyimages-669585670-799ef9827ea046eca88da69bc12fb0e5.jpg 1500w\" sizes=\"(max-width: 726px) 100vw, 726px\" \/><figcaption id=\"caption-attachment-136059\" class=\"wp-caption-text\">Descubre los tonos de cabello perfectos para esta primavera<\/figcaption><\/figure>\n<p>El balayage es una t\u00e9cnica de coloraci\u00f3n que crea un efecto degradado, perfecto para agregar dimensi\u00f3n y profundidad a tu cabello. El caramelo es un tono c\u00e1lido que complementa a la perfecci\u00f3n los tonos de piel m\u00e1s claros y brinda un aspecto soleado y natural.<\/p>\n<h3><strong>Rubio Platino Helado<\/strong><\/h3>\n<figure id=\"attachment_136054\" aria-describedby=\"caption-attachment-136054\" style=\"width: 683px\" class=\"wp-caption alignnone\"><img loading=\"lazy\" decoding=\"async\" class=\"size-full wp-image-136054\" src=\"https:\/\/graziamagazine.com\/mx\/wp-content\/uploads\/sites\/13\/2024\/04\/75c5790a85753d4dc3a563942f459ee2.jpg\" alt=\"Descubre los tonos de cabello perfectos para esta primavera\" width=\"683\" height=\"995\" srcset=\"https:\/\/graziamagazine.com\/mx\/wp-content\/uploads\/sites\/13\/2024\/04\/75c5790a85753d4dc3a563942f459ee2.jpg 683w, https:\/\/graziamagazine.com\/mx\/wp-content\/uploads\/sites\/13\/2024\/04\/75c5790a85753d4dc3a563942f459ee2-309x450.jpg 309w, https:\/\/graziamagazine.com\/mx\/wp-content\/uploads\/sites\/13\/2024\/04\/75c5790a85753d4dc3a563942f459ee2-400x583.jpg 400w, https:\/\/graziamagazine.com\/mx\/wp-content\/uploads\/sites\/13\/2024\/04\/75c5790a85753d4dc3a563942f459ee2-148x215.jpg 148w\" sizes=\"(max-width: 683px) 100vw, 683px\" \/><figcaption id=\"caption-attachment-136054\" class=\"wp-caption-text\">Descubre los tonos de cabello perfectos para esta primavera<\/figcaption><\/figure>\n<p>Si buscas un cambio audaz, el rubio platino helado es una excelente opci\u00f3n para esta primavera. Este tono fresco y deslumbrante puede iluminar tu rostro y darle un toque de sofisticaci\u00f3n a tu look primaveral.<\/p>\n<h3><strong>Castano Ceniza Claro<\/strong><\/h3>\n<figure id=\"attachment_136055\" aria-describedby=\"caption-attachment-136055\" style=\"width: 1000px\" class=\"wp-caption alignnone\"><img loading=\"lazy\" decoding=\"async\" class=\"size-full wp-image-136055\" src=\"https:\/\/graziamagazine.com\/mx\/wp-content\/uploads\/sites\/13\/2024\/04\/16160069232798.jpg\" alt=\"Descubre los tonos de cabello perfectos para esta primavera\" width=\"1000\" height=\"1000\" srcset=\"https:\/\/graziamagazine.com\/mx\/wp-content\/uploads\/sites\/13\/2024\/04\/16160069232798.jpg 1000w, https:\/\/graziamagazine.com\/mx\/wp-content\/uploads\/sites\/13\/2024\/04\/16160069232798-450x450.jpg 450w, https:\/\/graziamagazine.com\/mx\/wp-content\/uploads\/sites\/13\/2024\/04\/16160069232798-150x150.jpg 150w, https:\/\/graziamagazine.com\/mx\/wp-content\/uploads\/sites\/13\/2024\/04\/16160069232798-768x768.jpg 768w, https:\/\/graziamagazine.com\/mx\/wp-content\/uploads\/sites\/13\/2024\/04\/16160069232798-400x400.jpg 400w, https:\/\/graziamagazine.com\/mx\/wp-content\/uploads\/sites\/13\/2024\/04\/16160069232798-155x155.jpg 155w\" sizes=\"(max-width: 1000px) 100vw, 1000px\" \/><figcaption id=\"caption-attachment-136055\" class=\"wp-caption-text\">Descubre los tonos de cabello perfectos para esta primavera<\/figcaption><\/figure>\n<p>Para aquellos que prefieren tonos m\u00e1s oscuros, el casta\u00f1o ceniza claro es una excelente opci\u00f3n. Este tono suave y natural es perfecto para a\u00f1adir profundidad y definici\u00f3n a tu cabello sin ser demasiado dr\u00e1stico.<\/p>\n<h3><strong>Rojo Intenso<\/strong><\/h3>\n<figure id=\"attachment_136057\" aria-describedby=\"caption-attachment-136057\" style=\"width: 669px\" class=\"wp-caption alignnone\"><img loading=\"lazy\" decoding=\"async\" class=\"size-large wp-image-136057\" src=\"https:\/\/graziamagazine.com\/mx\/wp-content\/uploads\/sites\/13\/2024\/04\/Captura-de-Pantalla-2024-04-10-a-las-11.30.16-669x1024.png\" alt=\"Descubre los tonos de cabello perfectos para esta primavera\" width=\"669\" height=\"1024\" srcset=\"https:\/\/graziamagazine.com\/mx\/wp-content\/uploads\/sites\/13\/2024\/04\/Captura-de-Pantalla-2024-04-10-a-las-11.30.16-669x1024.png 669w, https:\/\/graziamagazine.com\/mx\/wp-content\/uploads\/sites\/13\/2024\/04\/Captura-de-Pantalla-2024-04-10-a-las-11.30.16-294x450.png 294w, https:\/\/graziamagazine.com\/mx\/wp-content\/uploads\/sites\/13\/2024\/04\/Captura-de-Pantalla-2024-04-10-a-las-11.30.16-768x1176.png 768w, https:\/\/graziamagazine.com\/mx\/wp-content\/uploads\/sites\/13\/2024\/04\/Captura-de-Pantalla-2024-04-10-a-las-11.30.16-400x612.png 400w, https:\/\/graziamagazine.com\/mx\/wp-content\/uploads\/sites\/13\/2024\/04\/Captura-de-Pantalla-2024-04-10-a-las-11.30.16-140x215.png 140w, https:\/\/graziamagazine.com\/mx\/wp-content\/uploads\/sites\/13\/2024\/04\/Captura-de-Pantalla-2024-04-10-a-las-11.30.16.png 998w\" sizes=\"(max-width: 669px) 100vw, 669px\" \/><figcaption id=\"caption-attachment-136057\" class=\"wp-caption-text\">Descubre los tonos de cabello perfectos para esta primavera<\/figcaption><\/figure>\n<p>Si buscas un cambio m\u00e1s atrevido, considera el rojo cereza intenso. Este tono vibrante y llamativo es perfecto para destacar tu cabello y a\u00f1adir un toque de energ\u00eda a tu look primaveral.<\/p>\n<h3><strong>Reflejos de Miel<\/strong><\/h3>\n<figure id=\"attachment_136058\" aria-describedby=\"caption-attachment-136058\" style=\"width: 825px\" class=\"wp-caption alignnone\"><img loading=\"lazy\" decoding=\"async\" class=\"size-large wp-image-136058\" src=\"https:\/\/graziamagazine.com\/mx\/wp-content\/uploads\/sites\/13\/2024\/04\/Captura-de-Pantalla-2024-04-10-a-las-11.31.22-825x1024.png\" alt=\"Descubre los tonos de cabello perfectos para esta primavera\" width=\"825\" height=\"1024\" srcset=\"https:\/\/graziamagazine.com\/mx\/wp-content\/uploads\/sites\/13\/2024\/04\/Captura-de-Pantalla-2024-04-10-a-las-11.31.22-825x1024.png 825w, https:\/\/graziamagazine.com\/mx\/wp-content\/uploads\/sites\/13\/2024\/04\/Captura-de-Pantalla-2024-04-10-a-las-11.31.22-363x450.png 363w, https:\/\/graziamagazine.com\/mx\/wp-content\/uploads\/sites\/13\/2024\/04\/Captura-de-Pantalla-2024-04-10-a-las-11.31.22-768x953.png 768w, https:\/\/graziamagazine.com\/mx\/wp-content\/uploads\/sites\/13\/2024\/04\/Captura-de-Pantalla-2024-04-10-a-las-11.31.22-400x496.png 400w, https:\/\/graziamagazine.com\/mx\/wp-content\/uploads\/sites\/13\/2024\/04\/Captura-de-Pantalla-2024-04-10-a-las-11.31.22-155x192.png 155w, https:\/\/graziamagazine.com\/mx\/wp-content\/uploads\/sites\/13\/2024\/04\/Captura-de-Pantalla-2024-04-10-a-las-11.31.22.png 1238w\" sizes=\"(max-width: 825px) 100vw, 825px\" \/><figcaption id=\"caption-attachment-136058\" class=\"wp-caption-text\">Descubre los tonos de cabello perfectos para esta primavera<\/figcaption><\/figure>\n<p>Los reflejos de miel son una excelente manera de iluminar tu cabello sin hacer un cambio dr\u00e1stico en tu color base. Estos reflejos c\u00e1lidos y dorados pueden a\u00f1adir dimensi\u00f3n y brillo a tu cabello, creando un aspecto natural y luminoso.<\/p>\n<h3><strong>Rubio Arenoso<img loading=\"lazy\" decoding=\"async\" class=\"alignnone size-full wp-image-136061\" src=\"https:\/\/graziamagazine.com\/mx\/wp-content\/uploads\/sites\/13\/2024\/04\/jlo-648d91be63de4.png\" alt=\"\" width=\"842\" height=\"928\" srcset=\"https:\/\/graziamagazine.com\/mx\/wp-content\/uploads\/sites\/13\/2024\/04\/jlo-648d91be63de4.png 842w, https:\/\/graziamagazine.com\/mx\/wp-content\/uploads\/sites\/13\/2024\/04\/jlo-648d91be63de4-408x450.png 408w, https:\/\/graziamagazine.com\/mx\/wp-content\/uploads\/sites\/13\/2024\/04\/jlo-648d91be63de4-768x846.png 768w, https:\/\/graziamagazine.com\/mx\/wp-content\/uploads\/sites\/13\/2024\/04\/jlo-648d91be63de4-400x441.png 400w, https:\/\/graziamagazine.com\/mx\/wp-content\/uploads\/sites\/13\/2024\/04\/jlo-648d91be63de4-155x171.png 155w\" sizes=\"(max-width: 842px) 100vw, 842px\" \/><\/strong><\/h3>\n<p>El rubio arenoso es otro tono popular para esta primavera. Este tono suave y natural es perfecto para aquellos que buscan un cambio sutil pero elegante en su cabello. Los reflejos c\u00e1lidos y dorados a\u00f1aden luminosidad y brillo a tu look primaveral.<\/p>\n<p>Ya sea que prefieras tonos c\u00e1lidos y dorados o colores m\u00e1s vibrantes y atrevidos, hay una amplia gama de opciones disponibles para esta primavera.<\/p>\n<p>Consulta con tu estilista para encontrar el tono perfecto que complemente tu tono de piel y resalte tu belleza natural. \u00a1Prep\u00e1rate para lucir radiante y deslumbrante esta primavera con un nuevo tono de cabello!<\/p>\n<p><em><strong>*IMAGEN: Google Images<\/strong><\/em><\/p>\n","protected":false},"author":28953,"featured_media":136060,"template":"","format":"standard","categories":[15260],"acf":[],"yoast_head":"<!-- This site is optimized with the Yoast SEO Premium plugin v18.5 (Yoast SEO v20.4) - https:\/\/yoast.com\/wordpress\/plugins\/seo\/ -->\n<title>Descubre los tonos de cabello perfectos para esta primavera<\/title>\n<meta name=\"description\" content=\"\u00a1Renueva tu look! La primavera es la \u00e9poca ideal para renovar tu imagen y darle un toque fresco a tu cabello.\" \/>\n<meta name=\"robots\" content=\"index, follow, max-snippet:-1, max-image-preview:large, max-video-preview:-1\" \/>\n<link rel=\"canonical\" href=\"https:\/\/graziamagazine.com\/mx\/articles\/descubre-los-tonos-de-cabello-perfectos-para-esta-primavera\/\" \/>\n<meta property=\"og:locale\" content=\"es_MX\" \/>\n<meta property=\"og:type\" content=\"article\" \/>\n<meta property=\"og:title\" content=\"Descubre los tonos de cabello perfectos para esta primavera\" \/>\n<meta property=\"og:description\" content=\"\u00a1Renueva tu look! La primavera es la \u00e9poca ideal para renovar tu imagen y darle un toque fresco a tu cabello.\" \/>\n<meta property=\"og:url\" content=\"https:\/\/graziamagazine.com\/mx\/articles\/descubre-los-tonos-de-cabello-perfectos-para-esta-primavera\/\" \/>\n<meta property=\"og:site_name\" content=\"Grazia M\u00e9xico y Latinoam\u00e9rica\" \/>\n<meta property=\"article:modified_time\" content=\"2024-04-10T17:36:07+00:00\" \/>\n<meta property=\"og:image\" content=\"https:\/\/graziamagazine.com\/mx\/wp-content\/uploads\/sites\/13\/2024\/04\/Captura-de-Pantalla-2024-04-10-a-las-11.32.18.png\" \/>\n\t<meta property=\"og:image:width\" content=\"1244\" \/>\n\t<meta property=\"og:image:height\" content=\"808\" \/>\n\t<meta property=\"og:image:type\" content=\"image\/png\" \/>\n<meta name=\"twitter:card\" content=\"summary_large_image\" \/>\n<meta name=\"twitter:label1\" content=\"Est. reading time\" \/>\n\t<meta name=\"twitter:data1\" content=\"4 minutos\" \/>\n<script type=\"application\/ld+json\" class=\"yoast-schema-graph\">{\"@context\":\"https:\/\/schema.org\",\"@graph\":[{\"@type\":\"WebPage\",\"@id\":\"https:\/\/graziamagazine.com\/mx\/articles\/descubre-los-tonos-de-cabello-perfectos-para-esta-primavera\/\",\"url\":\"https:\/\/graziamagazine.com\/mx\/articles\/descubre-los-tonos-de-cabello-perfectos-para-esta-primavera\/\",\"name\":\"Descubre los tonos de cabello perfectos para esta primavera\",\"isPartOf\":{\"@id\":\"https:\/\/graziamagazine.com\/mx\/#website\"},\"datePublished\":\"2024-04-10T17:23:07+00:00\",\"dateModified\":\"2024-04-10T17:36:07+00:00\",\"description\":\"\u00a1Renueva tu look! La primavera es la \u00e9poca ideal para renovar tu imagen y darle un toque fresco a tu cabello.\",\"breadcrumb\":{\"@id\":\"https:\/\/graziamagazine.com\/mx\/articles\/descubre-los-tonos-de-cabello-perfectos-para-esta-primavera\/#breadcrumb\"},\"inLanguage\":\"es-MX\",\"potentialAction\":[{\"@type\":\"ReadAction\",\"target\":[\"https:\/\/graziamagazine.com\/mx\/articles\/descubre-los-tonos-de-cabello-perfectos-para-esta-primavera\/\"]}]},{\"@type\":\"BreadcrumbList\",\"@id\":\"https:\/\/graziamagazine.com\/mx\/articles\/descubre-los-tonos-de-cabello-perfectos-para-esta-primavera\/#breadcrumb\",\"itemListElement\":[{\"@type\":\"ListItem\",\"position\":1,\"name\":\"Home\",\"item\":\"https:\/\/graziamagazine.com\/mx\/\"},{\"@type\":\"ListItem\",\"position\":2,\"name\":\"Descubre los tonos de cabello perfectos para esta primavera\"}]},{\"@type\":\"WebSite\",\"@id\":\"https:\/\/graziamagazine.com\/mx\/#website\",\"url\":\"https:\/\/graziamagazine.com\/mx\/\",\"name\":\"Grazia M\u00e9xico y Latinoam\u00e9rica\",\"description\":\"Grazia es moda, belleza y noticias  de actualidad \",\"potentialAction\":[{\"@type\":\"SearchAction\",\"target\":{\"@type\":\"EntryPoint\",\"urlTemplate\":\"https:\/\/graziamagazine.com\/mx\/?s={search_term_string}\"},\"query-input\":\"required name=search_term_string\"}],\"inLanguage\":\"es-MX\"}]}<\/script>\n<!-- \/ Yoast SEO Premium plugin. -->","yoast_head_json":{"title":"Descubre los tonos de cabello perfectos para esta primavera","description":"\u00a1Renueva tu look! La primavera es la \u00e9poca ideal para renovar tu imagen y darle un toque fresco a tu cabello.","robots":{"index":"index","follow":"follow","max-snippet":"max-snippet:-1","max-image-preview":"max-image-preview:large","max-video-preview":"max-video-preview:-1"},"canonical":"https:\/\/graziamagazine.com\/mx\/articles\/descubre-los-tonos-de-cabello-perfectos-para-esta-primavera\/","og_locale":"es_MX","og_type":"article","og_title":"Descubre los tonos de cabello perfectos para esta primavera","og_description":"\u00a1Renueva tu look! La primavera es la \u00e9poca ideal para renovar tu imagen y darle un toque fresco a tu cabello.","og_url":"https:\/\/graziamagazine.com\/mx\/articles\/descubre-los-tonos-de-cabello-perfectos-para-esta-primavera\/","og_site_name":"Grazia M\u00e9xico y Latinoam\u00e9rica","article_modified_time":"2024-04-10T17:36:07+00:00","og_image":[{"width":1244,"height":808,"url":"https:\/\/graziamagazine.com\/mx\/wp-content\/uploads\/sites\/13\/2024\/04\/Captura-de-Pantalla-2024-04-10-a-las-11.32.18.png","type":"image\/png"}],"twitter_card":"summary_large_image","twitter_misc":{"Est. reading time":"4 minutos"},"schema":{"@context":"https:\/\/schema.org","@graph":[{"@type":"WebPage","@id":"https:\/\/graziamagazine.com\/mx\/articles\/descubre-los-tonos-de-cabello-perfectos-para-esta-primavera\/","url":"https:\/\/graziamagazine.com\/mx\/articles\/descubre-los-tonos-de-cabello-perfectos-para-esta-primavera\/","name":"Descubre los tonos de cabello perfectos para esta primavera","isPartOf":{"@id":"https:\/\/graziamagazine.com\/mx\/#website"},"datePublished":"2024-04-10T17:23:07+00:00","dateModified":"2024-04-10T17:36:07+00:00","description":"\u00a1Renueva tu look! La primavera es la \u00e9poca ideal para renovar tu imagen y darle un toque fresco a tu cabello.","breadcrumb":{"@id":"https:\/\/graziamagazine.com\/mx\/articles\/descubre-los-tonos-de-cabello-perfectos-para-esta-primavera\/#breadcrumb"},"inLanguage":"es-MX","potentialAction":[{"@type":"ReadAction","target":["https:\/\/graziamagazine.com\/mx\/articles\/descubre-los-tonos-de-cabello-perfectos-para-esta-primavera\/"]}]},{"@type":"BreadcrumbList","@id":"https:\/\/graziamagazine.com\/mx\/articles\/descubre-los-tonos-de-cabello-perfectos-para-esta-primavera\/#breadcrumb","itemListElement":[{"@type":"ListItem","position":1,"name":"Home","item":"https:\/\/graziamagazine.com\/mx\/"},{"@type":"ListItem","position":2,"name":"Descubre los tonos de cabello perfectos para esta primavera"}]},{"@type":"WebSite","@id":"https:\/\/graziamagazine.com\/mx\/#website","url":"https:\/\/graziamagazine.com\/mx\/","name":"Grazia M\u00e9xico y Latinoam\u00e9rica","description":"Grazia es moda, belleza y noticias  de actualidad ","potentialAction":[{"@type":"SearchAction","target":{"@type":"EntryPoint","urlTemplate":"https:\/\/graziamagazine.com\/mx\/?s={search_term_string}"},"query-input":"required name=search_term_string"}],"inLanguage":"es-MX"}]}},"jetpack_sharing_enabled":true,"distributor_meta":false,"distributor_terms":false,"distributor_media":false,"distributor_original_site_name":"Grazia M\u00e9xico y Latinoam\u00e9rica","distributor_original_site_url":"https:\/\/graziamagazine.com\/mx","push-errors":false,"_links":{"self":[{"href":"https:\/\/graziamagazine.com\/mx\/wp-json\/wp\/v2\/articles\/136053"}],"collection":[{"href":"https:\/\/graziamagazine.com\/mx\/wp-json\/wp\/v2\/articles"}],"about":[{"href":"https:\/\/graziamagazine.com\/mx\/wp-json\/wp\/v2\/types\/articles"}],"author":[{"embeddable":true,"href":"https:\/\/graziamagazine.com\/mx\/wp-json\/wp\/v2\/users\/28953"}],"wp:featuredmedia":[{"embeddable":true,"href":"https:\/\/graziamagazine.com\/mx\/wp-json\/wp\/v2\/media\/136060"}],"wp:attachment":[{"href":"https:\/\/graziamagazine.com\/mx\/wp-json\/wp\/v2\/media?parent=136053"}],"wp:term":[{"taxonomy":"category","embeddable":true,"href":"https:\/\/graziamagazine.com\/mx\/wp-json\/wp\/v2\/categories?post=136053"}],"curies":[{"name":"wp","href":"https:\/\/api.w.org\/{rel}","templated":true}]}}