{"id":135819,"date":"2024-04-02T18:40:22","date_gmt":"2024-04-02T23:40:22","guid":{"rendered":"https:\/\/graziamagazine.com\/mx\/?post_type=articles&#038;p=135819"},"modified":"2024-04-02T18:50:56","modified_gmt":"2024-04-02T23:50:56","slug":"que-dijo-shakira-de-barbie-y-por-que-tanto-alboroto","status":"publish","type":"articles","link":"https:\/\/graziamagazine.com\/mx\/articles\/que-dijo-shakira-de-barbie-y-por-que-tanto-alboroto\/","title":{"rendered":"\u00bfQu\u00e9 dijo Shakira de la pel\u00edcula &#8216;Barbie&#8217; y por qu\u00e9 tanto alboroto?"},"content":{"rendered":"<p><span style=\"font-weight: 400\"><strong>Shakira<\/strong> tiene una opini\u00f3n muy personal &#8211; y pol\u00e9mica &#8211; de la taquillera cinta de 2023, <em><strong>Barbie<\/strong><\/em>. A la cantante colombiana, y a sus dos ni\u00f1os, no les gust\u00f3 la pel\u00edcula dirigida por <strong>Greta Gerwig<\/strong>, argumentando que su mensaje \u201cpriva a los hombres de la oportunidad de proteger y brindar&#8221;.<\/span><\/p>\n<p><span style=\"font-weight: 400\">La cantante dijo que la cinta es \u201ccastradora\u201d y ha sugerido que \u201croba a los hombres su posibilidad de ser hombres\u201d, causando mucha pol\u00e9mica.<\/span><\/p>\n<p><span style=\"font-weight: 400\">En una entrevista con la revista <em>Allure<\/em> que se centr\u00f3 en el \u201cfeminismo loba\u201d detr\u00e1s de su trabajo, Shakira dijo que vio la producci\u00f3n protagonizada por <strong>Margot Robbie<\/strong> y dijo: \u201cMis hijos la odiaron absolutamente. Sintieron que era castradora. Y estoy de acuerdo, hasta cierto punto\u201d.<\/span><\/p>\n<figure id=\"attachment_128494\" aria-describedby=\"caption-attachment-128494\" style=\"width: 1200px\" class=\"wp-caption alignnone\"><img loading=\"lazy\" decoding=\"async\" class=\"size-full wp-image-128494\" src=\"https:\/\/graziamagazine.com\/mx\/wp-content\/uploads\/sites\/13\/2023\/08\/margot-robbie-barbie-64a80bc59cdd1.jpg\" alt=\"Barbie se lanzar\u00e1 en IMAX y con nueva escena post-cr\u00e9ditos\" width=\"1200\" height=\"675\" \/><figcaption id=\"caption-attachment-128494\" class=\"wp-caption-text\">Barbie se lanzar\u00e1 en IMAX y con nueva escena post-cr\u00e9ditos<\/figcaption><\/figure>\n<p><span style=\"font-weight: 400\">\u201cMe gusta la cultura pop cuando intenta empoderar a las mujeres sin privar a los hombres de su posibilidad de ser hombres, de proteger y proveer tambi\u00e9n. Creo en darle a las mujeres todas las herramientas y la confianza de que podemos hacerlo todo sin perder nuestra esencia, sin perder nuestra feminidad. Creo que los hombres tienen un prop\u00f3sito en la sociedad y las mujeres tambi\u00e9n tienen otro prop\u00f3sito. Nos complementamos y ese complemento no debe perderse\u201d, asegur\u00f3.<\/span><\/p>\n<p><span style=\"font-weight: 400\">Las opiniones de <a href=\"https:\/\/graziamagazine.com\/mx\/articles\/shakira-revela-que-haran-sus-hijos-con-las-regalias-de-la-melodia-acrostico\/\">Shakira<\/a> sobre<em> Barbie<\/em> han sido respaldadas por varios comentaristas conservadores, incluido <strong>Piers Morgan<\/strong>, quien public\u00f3 un mensaje en las redes sociales que dec\u00eda: \u201cViva @shakira \u2013 finalmente, una mujer de alto perfil dispuesta a defender que los hombres sean hombres&#8221;.<\/span><\/p>\n<p><span style=\"font-weight: 400\">Otros haters de <em>Barbie<\/em> son el cineasta <strong>Oliver Stone<\/strong>, quien critic\u00f3 al actor <strong>Ryan Gosling<\/strong> por \u201chacer esa mierda por dinero\u201d.\u00a0<\/span><\/p>\n","protected":false},"author":11628,"featured_media":133975,"template":"","format":"standard","categories":[2,12832],"acf":[],"yoast_head":"<!-- This site is optimized with the Yoast SEO Premium plugin v18.5 (Yoast SEO v20.4) - https:\/\/yoast.com\/wordpress\/plugins\/seo\/ -->\n<title>\u00bfQu\u00e9 dijo Shakira de la pel\u00edcula &#039;Barbie&#039; y por qu\u00e9 tanto alboroto? | Grazia M\u00e9xico y Latinoam\u00e9rica<\/title>\n<meta name=\"description\" content=\"Shakira tiene una opini\u00f3n muy personal - y pol\u00e9mica - de la taquillera cinta de 2023, Barbie. A la cantante colombiana, y a sus dos ni\u00f1os, no les gust\u00f3 la\" \/>\n<meta name=\"robots\" content=\"index, follow, max-snippet:-1, max-image-preview:large, max-video-preview:-1\" \/>\n<link rel=\"canonical\" href=\"https:\/\/graziamagazine.com\/mx\/articles\/que-dijo-shakira-de-barbie-y-por-que-tanto-alboroto\/\" \/>\n<meta property=\"og:locale\" content=\"es_MX\" \/>\n<meta property=\"og:type\" content=\"article\" \/>\n<meta property=\"og:title\" content=\"\u00bfQu\u00e9 dijo Shakira de la pel\u00edcula &#039;Barbie&#039; y por qu\u00e9 tanto alboroto?\" \/>\n<meta property=\"og:description\" content=\"Shakira tiene una opini\u00f3n muy personal - y pol\u00e9mica - de la taquillera cinta de 2023, Barbie. A la cantante colombiana, y a sus dos ni\u00f1os, no les gust\u00f3 la\" \/>\n<meta property=\"og:url\" content=\"https:\/\/graziamagazine.com\/mx\/articles\/que-dijo-shakira-de-barbie-y-por-que-tanto-alboroto\/\" \/>\n<meta property=\"og:site_name\" content=\"Grazia M\u00e9xico y Latinoam\u00e9rica\" \/>\n<meta property=\"article:modified_time\" content=\"2024-04-02T23:50:56+00:00\" \/>\n<meta property=\"og:image\" content=\"https:\/\/graziamagazine.com\/mx\/wp-content\/uploads\/sites\/13\/2024\/02\/shakira4.1.jpg\" \/>\n\t<meta property=\"og:image:width\" content=\"1014\" \/>\n\t<meta property=\"og:image:height\" content=\"670\" \/>\n\t<meta property=\"og:image:type\" content=\"image\/jpeg\" \/>\n<meta name=\"twitter:card\" content=\"summary_large_image\" \/>\n<meta name=\"twitter:label1\" content=\"Est. reading time\" \/>\n\t<meta name=\"twitter:data1\" content=\"2 minutos\" \/>\n<script type=\"application\/ld+json\" class=\"yoast-schema-graph\">{\"@context\":\"https:\/\/schema.org\",\"@graph\":[{\"@type\":\"WebPage\",\"@id\":\"https:\/\/graziamagazine.com\/mx\/articles\/que-dijo-shakira-de-barbie-y-por-que-tanto-alboroto\/\",\"url\":\"https:\/\/graziamagazine.com\/mx\/articles\/que-dijo-shakira-de-barbie-y-por-que-tanto-alboroto\/\",\"name\":\"\u00bfQu\u00e9 dijo Shakira de la pel\u00edcula 'Barbie' y por qu\u00e9 tanto alboroto? | Grazia M\u00e9xico y Latinoam\u00e9rica\",\"isPartOf\":{\"@id\":\"https:\/\/graziamagazine.com\/mx\/#website\"},\"datePublished\":\"2024-04-02T23:40:22+00:00\",\"dateModified\":\"2024-04-02T23:50:56+00:00\",\"description\":\"Shakira tiene una opini\u00f3n muy personal - y pol\u00e9mica - de la taquillera cinta de 2023, Barbie. A la cantante colombiana, y a sus dos ni\u00f1os, no les gust\u00f3 la\",\"breadcrumb\":{\"@id\":\"https:\/\/graziamagazine.com\/mx\/articles\/que-dijo-shakira-de-barbie-y-por-que-tanto-alboroto\/#breadcrumb\"},\"inLanguage\":\"es-MX\",\"potentialAction\":[{\"@type\":\"ReadAction\",\"target\":[\"https:\/\/graziamagazine.com\/mx\/articles\/que-dijo-shakira-de-barbie-y-por-que-tanto-alboroto\/\"]}]},{\"@type\":\"BreadcrumbList\",\"@id\":\"https:\/\/graziamagazine.com\/mx\/articles\/que-dijo-shakira-de-barbie-y-por-que-tanto-alboroto\/#breadcrumb\",\"itemListElement\":[{\"@type\":\"ListItem\",\"position\":1,\"name\":\"Home\",\"item\":\"https:\/\/graziamagazine.com\/mx\/\"},{\"@type\":\"ListItem\",\"position\":2,\"name\":\"\u00bfQu\u00e9 dijo Shakira de la pel\u00edcula &#8216;Barbie&#8217; y por qu\u00e9 tanto alboroto?\"}]},{\"@type\":\"WebSite\",\"@id\":\"https:\/\/graziamagazine.com\/mx\/#website\",\"url\":\"https:\/\/graziamagazine.com\/mx\/\",\"name\":\"Grazia M\u00e9xico y Latinoam\u00e9rica\",\"description\":\"Grazia es moda, belleza y noticias  de actualidad \",\"potentialAction\":[{\"@type\":\"SearchAction\",\"target\":{\"@type\":\"EntryPoint\",\"urlTemplate\":\"https:\/\/graziamagazine.com\/mx\/?s={search_term_string}\"},\"query-input\":\"required name=search_term_string\"}],\"inLanguage\":\"es-MX\"}]}<\/script>\n<!-- \/ Yoast SEO Premium plugin. -->","yoast_head_json":{"title":"\u00bfQu\u00e9 dijo Shakira de la pel\u00edcula 'Barbie' y por qu\u00e9 tanto alboroto? | Grazia M\u00e9xico y Latinoam\u00e9rica","description":"Shakira tiene una opini\u00f3n muy personal - y pol\u00e9mica - de la taquillera cinta de 2023, Barbie. A la cantante colombiana, y a sus dos ni\u00f1os, no les gust\u00f3 la","robots":{"index":"index","follow":"follow","max-snippet":"max-snippet:-1","max-image-preview":"max-image-preview:large","max-video-preview":"max-video-preview:-1"},"canonical":"https:\/\/graziamagazine.com\/mx\/articles\/que-dijo-shakira-de-barbie-y-por-que-tanto-alboroto\/","og_locale":"es_MX","og_type":"article","og_title":"\u00bfQu\u00e9 dijo Shakira de la pel\u00edcula 'Barbie' y por qu\u00e9 tanto alboroto?","og_description":"Shakira tiene una opini\u00f3n muy personal - y pol\u00e9mica - de la taquillera cinta de 2023, Barbie. A la cantante colombiana, y a sus dos ni\u00f1os, no les gust\u00f3 la","og_url":"https:\/\/graziamagazine.com\/mx\/articles\/que-dijo-shakira-de-barbie-y-por-que-tanto-alboroto\/","og_site_name":"Grazia M\u00e9xico y Latinoam\u00e9rica","article_modified_time":"2024-04-02T23:50:56+00:00","og_image":[{"width":1014,"height":670,"url":"https:\/\/graziamagazine.com\/mx\/wp-content\/uploads\/sites\/13\/2024\/02\/shakira4.1.jpg","type":"image\/jpeg"}],"twitter_card":"summary_large_image","twitter_misc":{"Est. reading time":"2 minutos"},"schema":{"@context":"https:\/\/schema.org","@graph":[{"@type":"WebPage","@id":"https:\/\/graziamagazine.com\/mx\/articles\/que-dijo-shakira-de-barbie-y-por-que-tanto-alboroto\/","url":"https:\/\/graziamagazine.com\/mx\/articles\/que-dijo-shakira-de-barbie-y-por-que-tanto-alboroto\/","name":"\u00bfQu\u00e9 dijo Shakira de la pel\u00edcula 'Barbie' y por qu\u00e9 tanto alboroto? | Grazia M\u00e9xico y Latinoam\u00e9rica","isPartOf":{"@id":"https:\/\/graziamagazine.com\/mx\/#website"},"datePublished":"2024-04-02T23:40:22+00:00","dateModified":"2024-04-02T23:50:56+00:00","description":"Shakira tiene una opini\u00f3n muy personal - y pol\u00e9mica - de la taquillera cinta de 2023, Barbie. A la cantante colombiana, y a sus dos ni\u00f1os, no les gust\u00f3 la","breadcrumb":{"@id":"https:\/\/graziamagazine.com\/mx\/articles\/que-dijo-shakira-de-barbie-y-por-que-tanto-alboroto\/#breadcrumb"},"inLanguage":"es-MX","potentialAction":[{"@type":"ReadAction","target":["https:\/\/graziamagazine.com\/mx\/articles\/que-dijo-shakira-de-barbie-y-por-que-tanto-alboroto\/"]}]},{"@type":"BreadcrumbList","@id":"https:\/\/graziamagazine.com\/mx\/articles\/que-dijo-shakira-de-barbie-y-por-que-tanto-alboroto\/#breadcrumb","itemListElement":[{"@type":"ListItem","position":1,"name":"Home","item":"https:\/\/graziamagazine.com\/mx\/"},{"@type":"ListItem","position":2,"name":"\u00bfQu\u00e9 dijo Shakira de la pel\u00edcula &#8216;Barbie&#8217; y por qu\u00e9 tanto alboroto?"}]},{"@type":"WebSite","@id":"https:\/\/graziamagazine.com\/mx\/#website","url":"https:\/\/graziamagazine.com\/mx\/","name":"Grazia M\u00e9xico y Latinoam\u00e9rica","description":"Grazia es moda, belleza y noticias  de actualidad ","potentialAction":[{"@type":"SearchAction","target":{"@type":"EntryPoint","urlTemplate":"https:\/\/graziamagazine.com\/mx\/?s={search_term_string}"},"query-input":"required name=search_term_string"}],"inLanguage":"es-MX"}]}},"jetpack_sharing_enabled":true,"distributor_meta":false,"distributor_terms":false,"distributor_media":false,"distributor_original_site_name":"Grazia M\u00e9xico y Latinoam\u00e9rica","distributor_original_site_url":"https:\/\/graziamagazine.com\/mx","push-errors":false,"_links":{"self":[{"href":"https:\/\/graziamagazine.com\/mx\/wp-json\/wp\/v2\/articles\/135819"}],"collection":[{"href":"https:\/\/graziamagazine.com\/mx\/wp-json\/wp\/v2\/articles"}],"about":[{"href":"https:\/\/graziamagazine.com\/mx\/wp-json\/wp\/v2\/types\/articles"}],"author":[{"embeddable":true,"href":"https:\/\/graziamagazine.com\/mx\/wp-json\/wp\/v2\/users\/11628"}],"wp:featuredmedia":[{"embeddable":true,"href":"https:\/\/graziamagazine.com\/mx\/wp-json\/wp\/v2\/media\/133975"}],"wp:attachment":[{"href":"https:\/\/graziamagazine.com\/mx\/wp-json\/wp\/v2\/media?parent=135819"}],"wp:term":[{"taxonomy":"category","embeddable":true,"href":"https:\/\/graziamagazine.com\/mx\/wp-json\/wp\/v2\/categories?post=135819"}],"curies":[{"name":"wp","href":"https:\/\/api.w.org\/{rel}","templated":true}]}}