{"id":135799,"date":"2024-04-02T13:42:46","date_gmt":"2024-04-02T18:42:46","guid":{"rendered":"https:\/\/graziamagazine.com\/mx\/?post_type=articles&#038;p=135799"},"modified":"2024-04-02T13:45:18","modified_gmt":"2024-04-02T18:45:18","slug":"lizzo-se-retira-de-la-industria-musical","status":"publish","type":"articles","link":"https:\/\/graziamagazine.com\/mx\/articles\/lizzo-se-retira-de-la-industria-musical\/","title":{"rendered":"\u00bfLizzo se retira de la industria musical?"},"content":{"rendered":"<p><span style=\"font-weight: 400\"><strong>Lizzo<\/strong>, que ha estado involucrada en acusaciones de acoso laboral desde agosto de 2023, public\u00f3 una declaraci\u00f3n en <strong>Instagram<\/strong> en la que habla de su retiro, pero dej\u00f3 m\u00e1s dudas que certezas.<\/span><\/p>\n<p><span style=\"font-weight: 400\">&#8220;Me estoy cansando de soportar que todos en mi vida y en Internet me arrastren. Todo lo que quiero es hacer m\u00fasica y hacer feliz a la gente y ayudar a que el mundo sea un poco mejor de como lo encontr\u00e9. Pero estoy empezando a sentir que el mundo no me quiere en \u00e9l\u201d, escribi\u00f3.<\/span><\/p>\n<p><span style=\"font-weight: 400\">Lizzo no nombr\u00f3 expl\u00edcitamente las dos demandas que sus ex empleados presentaron contra ella el a\u00f1o pasado en relaci\u00f3n a su gira de 2022, pero se refiri\u00f3 a \u201cmentiras que se dicen sobre m\u00ed por influencia y puntos de vista\u201d, adem\u00e1s de \u201cser el blanco de la broma en todo momento por mi apariencia\u201d y \u201cmi personaje es criticado por personas que no me conocen y no respetan mi nombre\u201d.<\/span><\/p>\n<p><span style=\"font-weight: 400\">\u201cNo me inscrib\u00ed en esta mierda\u201d, concluy\u00f3. \u201cRenuncio\u201d, seguido de un emoji de amor y paz.<\/span><\/p>\n<p>https:\/\/www.instagram.com\/p\/C5HVa0hS-VD\/?utm_source=ig_embed&#038;ig_rid=85025b34-a30d-4a11-92a2-ca5840c2e266<\/p>\n<p><span style=\"font-weight: 400\">Lizzo, cuyo nombre legal es <strong>Melissa Viviane Jefferson<\/strong>, fue acusada de crear un ambiente de trabajo hostil y acosar sexualmente a sus empleadas en agosto de 2023, cuando tres de sus ex bailarinas de respaldo presentaron una demanda contra ella, su productora y su capit\u00e1n de baile.\u00a0<\/span><\/p>\n<p><span style=\"font-weight: 400\">Los bailarines afirmaron que estaban sobrecargados de trabajo, avergonzados por su cuerpo y presionados para ponerse en situaciones inc\u00f3modas que giraban en torno a la sexualidad y la desnudez mientras estaban de gira con la cantante en 2022.\u00a0<\/span><\/p>\n<p><span style=\"font-weight: 400\">Su demanda tambi\u00e9n alegaba que los bailarines afroamericanos fueron tratados peor que los miembros blancos del equipo. En septiembre, <strong>Asha Daniels<\/strong>, una estilista que trabaj\u00f3 en la misma gira, present\u00f3 una segunda demanda y present\u00f3 acusaciones similares de \u201cacoso racial y sexual generalizado\u201d.<\/span><\/p>\n<p><span style=\"font-weight: 400\">En un comunicado publicado en Instagram poco despu\u00e9s de que se presentara la primera demanda, Lizzo neg\u00f3 las acusaciones de sus tres ex bailarinas, calific\u00e1ndolas de \u201cacusaciones falsas\u201d e \u201chistorias sensacionalistas\u201d. Sus abogados solicitaron que se desestimaran ambas demandas.\u00a0<\/span><\/p>\n<p><span style=\"font-weight: 400\">En febrero, un juez deneg\u00f3 una de las mociones, pero acord\u00f3 eliminar ciertos aspectos de la primera demanda, incluidas las acusaciones de verg\u00fcenza por sobrepeso y una sesi\u00f3n de fotos de desnudos, determinando que estaban protegidas por las leyes de libertad de expresi\u00f3n.<\/span><\/p>\n","protected":false},"author":11628,"featured_media":80813,"template":"","format":"standard","categories":[2],"acf":[],"yoast_head":"<!-- This site is optimized with the Yoast SEO Premium plugin v18.5 (Yoast SEO v20.4) - https:\/\/yoast.com\/wordpress\/plugins\/seo\/ -->\n<title>\u00bfLizzo se retira de la industria musical? | Grazia M\u00e9xico y Latinoam\u00e9rica<\/title>\n<meta name=\"description\" content=\"Lizzo, que ha estado involucrada en acusaciones de acoso laboral desde agosto de 2023, public\u00f3 una declaraci\u00f3n en Instagram en la que habla de su retiro,\" \/>\n<meta name=\"robots\" content=\"index, follow, max-snippet:-1, max-image-preview:large, max-video-preview:-1\" \/>\n<link rel=\"canonical\" href=\"https:\/\/graziamagazine.com\/mx\/articles\/lizzo-se-retira-de-la-industria-musical\/\" \/>\n<meta property=\"og:locale\" content=\"es_MX\" \/>\n<meta property=\"og:type\" content=\"article\" \/>\n<meta property=\"og:title\" content=\"\u00bfLizzo se retira de la industria musical?\" \/>\n<meta property=\"og:description\" content=\"Lizzo, que ha estado involucrada en acusaciones de acoso laboral desde agosto de 2023, public\u00f3 una declaraci\u00f3n en Instagram en la que habla de su retiro,\" \/>\n<meta property=\"og:url\" content=\"https:\/\/graziamagazine.com\/mx\/articles\/lizzo-se-retira-de-la-industria-musical\/\" \/>\n<meta property=\"og:site_name\" content=\"Grazia M\u00e9xico y Latinoam\u00e9rica\" \/>\n<meta property=\"article:modified_time\" content=\"2024-04-02T18:45:18+00:00\" \/>\n<meta property=\"og:image\" content=\"https:\/\/graziamagazine.com\/mx\/wp-content\/uploads\/sites\/13\/2020\/02\/lizzo-disenara-ropa-interior-para-tommy-hilfiger-destacada.jpg\" \/>\n\t<meta property=\"og:image:width\" content=\"1023\" \/>\n\t<meta property=\"og:image:height\" content=\"575\" \/>\n\t<meta property=\"og:image:type\" content=\"image\/jpeg\" \/>\n<meta name=\"twitter:card\" content=\"summary_large_image\" \/>\n<meta name=\"twitter:label1\" content=\"Est. reading time\" \/>\n\t<meta name=\"twitter:data1\" content=\"2 minutos\" \/>\n<script type=\"application\/ld+json\" class=\"yoast-schema-graph\">{\"@context\":\"https:\/\/schema.org\",\"@graph\":[{\"@type\":\"WebPage\",\"@id\":\"https:\/\/graziamagazine.com\/mx\/articles\/lizzo-se-retira-de-la-industria-musical\/\",\"url\":\"https:\/\/graziamagazine.com\/mx\/articles\/lizzo-se-retira-de-la-industria-musical\/\",\"name\":\"\u00bfLizzo se retira de la industria musical? | Grazia M\u00e9xico y Latinoam\u00e9rica\",\"isPartOf\":{\"@id\":\"https:\/\/graziamagazine.com\/mx\/#website\"},\"datePublished\":\"2024-04-02T18:42:46+00:00\",\"dateModified\":\"2024-04-02T18:45:18+00:00\",\"description\":\"Lizzo, que ha estado involucrada en acusaciones de acoso laboral desde agosto de 2023, public\u00f3 una declaraci\u00f3n en Instagram en la que habla de su retiro,\",\"breadcrumb\":{\"@id\":\"https:\/\/graziamagazine.com\/mx\/articles\/lizzo-se-retira-de-la-industria-musical\/#breadcrumb\"},\"inLanguage\":\"es-MX\",\"potentialAction\":[{\"@type\":\"ReadAction\",\"target\":[\"https:\/\/graziamagazine.com\/mx\/articles\/lizzo-se-retira-de-la-industria-musical\/\"]}]},{\"@type\":\"BreadcrumbList\",\"@id\":\"https:\/\/graziamagazine.com\/mx\/articles\/lizzo-se-retira-de-la-industria-musical\/#breadcrumb\",\"itemListElement\":[{\"@type\":\"ListItem\",\"position\":1,\"name\":\"Home\",\"item\":\"https:\/\/graziamagazine.com\/mx\/\"},{\"@type\":\"ListItem\",\"position\":2,\"name\":\"\u00bfLizzo se retira de la industria musical?\"}]},{\"@type\":\"WebSite\",\"@id\":\"https:\/\/graziamagazine.com\/mx\/#website\",\"url\":\"https:\/\/graziamagazine.com\/mx\/\",\"name\":\"Grazia M\u00e9xico y Latinoam\u00e9rica\",\"description\":\"Grazia es moda, belleza y noticias  de actualidad \",\"potentialAction\":[{\"@type\":\"SearchAction\",\"target\":{\"@type\":\"EntryPoint\",\"urlTemplate\":\"https:\/\/graziamagazine.com\/mx\/?s={search_term_string}\"},\"query-input\":\"required name=search_term_string\"}],\"inLanguage\":\"es-MX\"}]}<\/script>\n<!-- \/ Yoast SEO Premium plugin. -->","yoast_head_json":{"title":"\u00bfLizzo se retira de la industria musical? | Grazia M\u00e9xico y Latinoam\u00e9rica","description":"Lizzo, que ha estado involucrada en acusaciones de acoso laboral desde agosto de 2023, public\u00f3 una declaraci\u00f3n en Instagram en la que habla de su retiro,","robots":{"index":"index","follow":"follow","max-snippet":"max-snippet:-1","max-image-preview":"max-image-preview:large","max-video-preview":"max-video-preview:-1"},"canonical":"https:\/\/graziamagazine.com\/mx\/articles\/lizzo-se-retira-de-la-industria-musical\/","og_locale":"es_MX","og_type":"article","og_title":"\u00bfLizzo se retira de la industria musical?","og_description":"Lizzo, que ha estado involucrada en acusaciones de acoso laboral desde agosto de 2023, public\u00f3 una declaraci\u00f3n en Instagram en la que habla de su retiro,","og_url":"https:\/\/graziamagazine.com\/mx\/articles\/lizzo-se-retira-de-la-industria-musical\/","og_site_name":"Grazia M\u00e9xico y Latinoam\u00e9rica","article_modified_time":"2024-04-02T18:45:18+00:00","og_image":[{"width":1023,"height":575,"url":"https:\/\/graziamagazine.com\/mx\/wp-content\/uploads\/sites\/13\/2020\/02\/lizzo-disenara-ropa-interior-para-tommy-hilfiger-destacada.jpg","type":"image\/jpeg"}],"twitter_card":"summary_large_image","twitter_misc":{"Est. reading time":"2 minutos"},"schema":{"@context":"https:\/\/schema.org","@graph":[{"@type":"WebPage","@id":"https:\/\/graziamagazine.com\/mx\/articles\/lizzo-se-retira-de-la-industria-musical\/","url":"https:\/\/graziamagazine.com\/mx\/articles\/lizzo-se-retira-de-la-industria-musical\/","name":"\u00bfLizzo se retira de la industria musical? | Grazia M\u00e9xico y Latinoam\u00e9rica","isPartOf":{"@id":"https:\/\/graziamagazine.com\/mx\/#website"},"datePublished":"2024-04-02T18:42:46+00:00","dateModified":"2024-04-02T18:45:18+00:00","description":"Lizzo, que ha estado involucrada en acusaciones de acoso laboral desde agosto de 2023, public\u00f3 una declaraci\u00f3n en Instagram en la que habla de su retiro,","breadcrumb":{"@id":"https:\/\/graziamagazine.com\/mx\/articles\/lizzo-se-retira-de-la-industria-musical\/#breadcrumb"},"inLanguage":"es-MX","potentialAction":[{"@type":"ReadAction","target":["https:\/\/graziamagazine.com\/mx\/articles\/lizzo-se-retira-de-la-industria-musical\/"]}]},{"@type":"BreadcrumbList","@id":"https:\/\/graziamagazine.com\/mx\/articles\/lizzo-se-retira-de-la-industria-musical\/#breadcrumb","itemListElement":[{"@type":"ListItem","position":1,"name":"Home","item":"https:\/\/graziamagazine.com\/mx\/"},{"@type":"ListItem","position":2,"name":"\u00bfLizzo se retira de la industria musical?"}]},{"@type":"WebSite","@id":"https:\/\/graziamagazine.com\/mx\/#website","url":"https:\/\/graziamagazine.com\/mx\/","name":"Grazia M\u00e9xico y Latinoam\u00e9rica","description":"Grazia es moda, belleza y noticias  de actualidad ","potentialAction":[{"@type":"SearchAction","target":{"@type":"EntryPoint","urlTemplate":"https:\/\/graziamagazine.com\/mx\/?s={search_term_string}"},"query-input":"required name=search_term_string"}],"inLanguage":"es-MX"}]}},"jetpack_sharing_enabled":true,"distributor_meta":false,"distributor_terms":false,"distributor_media":false,"distributor_original_site_name":"Grazia M\u00e9xico y Latinoam\u00e9rica","distributor_original_site_url":"https:\/\/graziamagazine.com\/mx","push-errors":false,"_links":{"self":[{"href":"https:\/\/graziamagazine.com\/mx\/wp-json\/wp\/v2\/articles\/135799"}],"collection":[{"href":"https:\/\/graziamagazine.com\/mx\/wp-json\/wp\/v2\/articles"}],"about":[{"href":"https:\/\/graziamagazine.com\/mx\/wp-json\/wp\/v2\/types\/articles"}],"author":[{"embeddable":true,"href":"https:\/\/graziamagazine.com\/mx\/wp-json\/wp\/v2\/users\/11628"}],"wp:featuredmedia":[{"embeddable":true,"href":"https:\/\/graziamagazine.com\/mx\/wp-json\/wp\/v2\/media\/80813"}],"wp:attachment":[{"href":"https:\/\/graziamagazine.com\/mx\/wp-json\/wp\/v2\/media?parent=135799"}],"wp:term":[{"taxonomy":"category","embeddable":true,"href":"https:\/\/graziamagazine.com\/mx\/wp-json\/wp\/v2\/categories?post=135799"}],"curies":[{"name":"wp","href":"https:\/\/api.w.org\/{rel}","templated":true}]}}