{"id":135766,"date":"2024-04-01T15:29:44","date_gmt":"2024-04-01T20:29:44","guid":{"rendered":"https:\/\/graziamagazine.com\/mx\/?post_type=articles&#038;p=135766"},"modified":"2024-04-01T16:21:24","modified_gmt":"2024-04-01T21:21:24","slug":"bye-bye-rare-beauty-selena-gomez-vendera-su-marca","status":"publish","type":"articles","link":"https:\/\/graziamagazine.com\/mx\/articles\/bye-bye-rare-beauty-selena-gomez-vendera-su-marca\/","title":{"rendered":"\u00bfBye bye Rare Beauty? \u00bfSelena G\u00f3mez vender\u00e1 su marca?"},"content":{"rendered":"<p>Los rumores est\u00e1n circulando en el mundo de la moda y la belleza: \u00bf<strong>Selena G\u00f3mez<\/strong> est\u00e1 a punto de vender su marca de cosm\u00e9ticos<strong> Rare Beauty? <\/strong><\/p>\n<p>La actriz y cantante estadounidense, conocida por su impecable estilo y su influencia en la industria de la moda, ha generado especulaciones sobre el futuro de su exitosa l\u00ednea de belleza. Aunque no se ha confirmado oficialmente, varios informes sugieren que Selena podr\u00eda estar considerando esta opci\u00f3n.<\/p>\n<figure id=\"attachment_135768\" aria-describedby=\"caption-attachment-135768\" style=\"width: 836px\" class=\"wp-caption alignnone\"><img loading=\"lazy\" decoding=\"async\" class=\"size-large wp-image-135768\" src=\"https:\/\/graziamagazine.com\/mx\/wp-content\/uploads\/sites\/13\/2024\/04\/Captura-de-Pantalla-2024-04-01-a-las-15.15.56-836x1024.png\" alt=\"\u00bfBye bye Rare Beauty? \u00bfSelena G\u00f3mez vender\u00e1 su marca?\" width=\"836\" height=\"1024\" srcset=\"https:\/\/graziamagazine.com\/mx\/wp-content\/uploads\/sites\/13\/2024\/04\/Captura-de-Pantalla-2024-04-01-a-las-15.15.56-836x1024.png 836w, https:\/\/graziamagazine.com\/mx\/wp-content\/uploads\/sites\/13\/2024\/04\/Captura-de-Pantalla-2024-04-01-a-las-15.15.56-367x450.png 367w, https:\/\/graziamagazine.com\/mx\/wp-content\/uploads\/sites\/13\/2024\/04\/Captura-de-Pantalla-2024-04-01-a-las-15.15.56-768x941.png 768w, https:\/\/graziamagazine.com\/mx\/wp-content\/uploads\/sites\/13\/2024\/04\/Captura-de-Pantalla-2024-04-01-a-las-15.15.56-400x490.png 400w, https:\/\/graziamagazine.com\/mx\/wp-content\/uploads\/sites\/13\/2024\/04\/Captura-de-Pantalla-2024-04-01-a-las-15.15.56-155x190.png 155w, https:\/\/graziamagazine.com\/mx\/wp-content\/uploads\/sites\/13\/2024\/04\/Captura-de-Pantalla-2024-04-01-a-las-15.15.56.png 988w\" sizes=\"(max-width: 836px) 100vw, 836px\" \/><figcaption id=\"caption-attachment-135768\" class=\"wp-caption-text\">\u00bfBye bye Rare Beauty? \u00bfSelena G\u00f3mez vender\u00e1 su marca?<\/figcaption><\/figure>\n<p>Seg\u00fan los informes, G\u00f3mez ha contratado a un grupo de asesores para evaluar las ofertas para la empresa, que se estima est\u00e1 valorada en<strong> 2000 millones de d\u00f3lares<\/strong> (1800 millones de euros).<\/p>\n<p>Aunque los detalles sobre las posibles ofertas y los compradores potenciales a\u00fan no se han hecho p\u00fablicos, este movimiento ha generado un gran inter\u00e9s en la industria de la belleza y m\u00e1s all\u00e1.<\/p>\n<p>Rare Beauty se lanz\u00f3 en septiembre de 2020 con el objetivo de <strong>promover la autoexpresi\u00f3n<\/strong> y la <strong>inclusi\u00f3n<\/strong> en la industria de la belleza.<\/p>\n<figure id=\"attachment_135767\" aria-describedby=\"caption-attachment-135767\" style=\"width: 818px\" class=\"wp-caption alignnone\"><img loading=\"lazy\" decoding=\"async\" class=\"size-large wp-image-135767\" src=\"https:\/\/graziamagazine.com\/mx\/wp-content\/uploads\/sites\/13\/2024\/04\/Captura-de-Pantalla-2024-04-01-a-las-15.15.34-818x1024.png\" alt=\"\u00bfBye bye Rare Beauty? \u00bfSelena G\u00f3mez vender\u00e1 su marca?\" width=\"818\" height=\"1024\" srcset=\"https:\/\/graziamagazine.com\/mx\/wp-content\/uploads\/sites\/13\/2024\/04\/Captura-de-Pantalla-2024-04-01-a-las-15.15.34-818x1024.png 818w, https:\/\/graziamagazine.com\/mx\/wp-content\/uploads\/sites\/13\/2024\/04\/Captura-de-Pantalla-2024-04-01-a-las-15.15.34-360x450.png 360w, https:\/\/graziamagazine.com\/mx\/wp-content\/uploads\/sites\/13\/2024\/04\/Captura-de-Pantalla-2024-04-01-a-las-15.15.34-768x961.png 768w, https:\/\/graziamagazine.com\/mx\/wp-content\/uploads\/sites\/13\/2024\/04\/Captura-de-Pantalla-2024-04-01-a-las-15.15.34-400x501.png 400w, https:\/\/graziamagazine.com\/mx\/wp-content\/uploads\/sites\/13\/2024\/04\/Captura-de-Pantalla-2024-04-01-a-las-15.15.34-155x194.png 155w, https:\/\/graziamagazine.com\/mx\/wp-content\/uploads\/sites\/13\/2024\/04\/Captura-de-Pantalla-2024-04-01-a-las-15.15.34.png 1018w\" sizes=\"(max-width: 818px) 100vw, 818px\" \/><figcaption id=\"caption-attachment-135767\" class=\"wp-caption-text\">\u00bfBye bye Rare Beauty? \u00bfSelena G\u00f3mez vender\u00e1 su marca?<\/figcaption><\/figure>\n<p>La marca se ha destacado por su enfoque en la salud mental y su compromiso con la diversidad y la autenticidad. Desde su lanzamiento, Rare Beauty ha recibido elogios tanto de cr\u00edticos como de consumidores, convirti\u00e9ndose en una de las marcas de cosm\u00e9ticos m\u00e1s populares del mercado.<\/p>\n<p>Recientemente, han surgido informes que sugieren que Selena G\u00f3mez est\u00e1 considerando vender Rare Beauty. Si bien no se han proporcionado detalles espec\u00edficos sobre los motivos detr\u00e1s de esta posible decisi\u00f3n, algunos especulan que Selena podr\u00eda estar<strong> buscando nuevas oportunidades profesionales<\/strong> o simplemente buscando<strong> expandir el alcance<\/strong> <strong>de la marca<\/strong> a trav\u00e9s de una asociaci\u00f3n estrat\u00e9gica.<\/p>\n<p>La posibilidad de que Selena G\u00f3mez venda Rare Beauty ha generado una serie de reacciones en la industria de la belleza.<img loading=\"lazy\" decoding=\"async\" class=\"alignnone size-large wp-image-135770\" src=\"https:\/\/graziamagazine.com\/mx\/wp-content\/uploads\/sites\/13\/2024\/04\/Captura-de-Pantalla-2024-04-01-a-las-15.18.45-909x1024.png\" alt=\"\" width=\"909\" height=\"1024\" srcset=\"https:\/\/graziamagazine.com\/mx\/wp-content\/uploads\/sites\/13\/2024\/04\/Captura-de-Pantalla-2024-04-01-a-las-15.18.45-909x1024.png 909w, https:\/\/graziamagazine.com\/mx\/wp-content\/uploads\/sites\/13\/2024\/04\/Captura-de-Pantalla-2024-04-01-a-las-15.18.45-400x450.png 400w, https:\/\/graziamagazine.com\/mx\/wp-content\/uploads\/sites\/13\/2024\/04\/Captura-de-Pantalla-2024-04-01-a-las-15.18.45-768x865.png 768w, https:\/\/graziamagazine.com\/mx\/wp-content\/uploads\/sites\/13\/2024\/04\/Captura-de-Pantalla-2024-04-01-a-las-15.18.45-155x175.png 155w, https:\/\/graziamagazine.com\/mx\/wp-content\/uploads\/sites\/13\/2024\/04\/Captura-de-Pantalla-2024-04-01-a-las-15.18.45.png 1096w\" sizes=\"(max-width: 909px) 100vw, 909px\" \/><\/p>\n<p>Muchos admiradores de la marca expresan su apoyo a Selena y su equipo, elogiando su visi\u00f3n y su compromiso con la inclusi\u00f3n. Otros se preguntan qu\u00e9 impacto tendr\u00eda una posible venta en la identidad y la direcci\u00f3n de la marca.<\/p>\n<p>Independientemente de si Selena G\u00f3mez decide vender Rare Beauty o no, est\u00e1 claro que la marca ha dejado una marca indeleble en la industria de la belleza.<\/p>\n<p>Su enfoque en la <strong>autenticidad, la inclusi\u00f3n y la salud mental<\/strong> ha resonado con millones de personas en todo el mundo, convirti\u00e9ndola en una fuerza poderosa en el mercado de cosm\u00e9ticos. Si la marca cambia de manos, los fan\u00e1ticos esperan que su misi\u00f3n y su compromiso con estos valores fundamentales permanezcan intactos.<\/p>\n<p><em><strong>*IMAGEN: Instagram<\/strong><\/em><\/p>\n<p>&nbsp;<\/p>\n","protected":false},"author":28953,"featured_media":135769,"template":"","format":"standard","categories":[3],"acf":[],"yoast_head":"<!-- This site is optimized with the Yoast SEO Premium plugin v18.5 (Yoast SEO v20.4) - https:\/\/yoast.com\/wordpress\/plugins\/seo\/ -->\n<title>\u00bfBye bye Rare Beauty? \u00bfSelena G\u00f3mez vender\u00e1 su marca?<\/title>\n<meta name=\"description\" content=\"Existen rumores de que Selena G\u00f3mez podr\u00eda estar considerando vender su marca de cosm\u00e9ticos Rare Beauty\" \/>\n<meta name=\"robots\" content=\"index, follow, max-snippet:-1, max-image-preview:large, max-video-preview:-1\" \/>\n<link rel=\"canonical\" href=\"https:\/\/graziamagazine.com\/mx\/articles\/bye-bye-rare-beauty-selena-gomez-vendera-su-marca\/\" \/>\n<meta property=\"og:locale\" content=\"es_MX\" \/>\n<meta property=\"og:type\" content=\"article\" \/>\n<meta property=\"og:title\" content=\"\u00bfBye bye Rare Beauty? \u00bfSelena G\u00f3mez vender\u00e1 su marca?\" \/>\n<meta property=\"og:description\" content=\"Existen rumores de que Selena G\u00f3mez podr\u00eda estar considerando vender su marca de cosm\u00e9ticos Rare Beauty\" \/>\n<meta property=\"og:url\" content=\"https:\/\/graziamagazine.com\/mx\/articles\/bye-bye-rare-beauty-selena-gomez-vendera-su-marca\/\" \/>\n<meta property=\"og:site_name\" content=\"Grazia M\u00e9xico y Latinoam\u00e9rica\" \/>\n<meta property=\"article:modified_time\" content=\"2024-04-01T21:21:24+00:00\" \/>\n<meta property=\"og:image\" content=\"https:\/\/graziamagazine.com\/mx\/wp-content\/uploads\/sites\/13\/2024\/04\/Captura-de-Pantalla-2024-04-01-a-las-15.16.15.png\" \/>\n\t<meta property=\"og:image:width\" content=\"1028\" \/>\n\t<meta property=\"og:image:height\" content=\"810\" \/>\n\t<meta property=\"og:image:type\" content=\"image\/png\" \/>\n<meta name=\"twitter:card\" content=\"summary_large_image\" \/>\n<meta name=\"twitter:label1\" content=\"Est. reading time\" \/>\n\t<meta name=\"twitter:data1\" content=\"3 minutos\" \/>\n<script type=\"application\/ld+json\" class=\"yoast-schema-graph\">{\"@context\":\"https:\/\/schema.org\",\"@graph\":[{\"@type\":\"WebPage\",\"@id\":\"https:\/\/graziamagazine.com\/mx\/articles\/bye-bye-rare-beauty-selena-gomez-vendera-su-marca\/\",\"url\":\"https:\/\/graziamagazine.com\/mx\/articles\/bye-bye-rare-beauty-selena-gomez-vendera-su-marca\/\",\"name\":\"\u00bfBye bye Rare Beauty? \u00bfSelena G\u00f3mez vender\u00e1 su marca?\",\"isPartOf\":{\"@id\":\"https:\/\/graziamagazine.com\/mx\/#website\"},\"datePublished\":\"2024-04-01T20:29:44+00:00\",\"dateModified\":\"2024-04-01T21:21:24+00:00\",\"description\":\"Existen rumores de que Selena G\u00f3mez podr\u00eda estar considerando vender su marca de cosm\u00e9ticos Rare Beauty\",\"breadcrumb\":{\"@id\":\"https:\/\/graziamagazine.com\/mx\/articles\/bye-bye-rare-beauty-selena-gomez-vendera-su-marca\/#breadcrumb\"},\"inLanguage\":\"es-MX\",\"potentialAction\":[{\"@type\":\"ReadAction\",\"target\":[\"https:\/\/graziamagazine.com\/mx\/articles\/bye-bye-rare-beauty-selena-gomez-vendera-su-marca\/\"]}]},{\"@type\":\"BreadcrumbList\",\"@id\":\"https:\/\/graziamagazine.com\/mx\/articles\/bye-bye-rare-beauty-selena-gomez-vendera-su-marca\/#breadcrumb\",\"itemListElement\":[{\"@type\":\"ListItem\",\"position\":1,\"name\":\"Home\",\"item\":\"https:\/\/graziamagazine.com\/mx\/\"},{\"@type\":\"ListItem\",\"position\":2,\"name\":\"\u00bfBye bye Rare Beauty? \u00bfSelena G\u00f3mez vender\u00e1 su marca?\"}]},{\"@type\":\"WebSite\",\"@id\":\"https:\/\/graziamagazine.com\/mx\/#website\",\"url\":\"https:\/\/graziamagazine.com\/mx\/\",\"name\":\"Grazia M\u00e9xico y Latinoam\u00e9rica\",\"description\":\"Grazia es moda, belleza y noticias  de actualidad \",\"potentialAction\":[{\"@type\":\"SearchAction\",\"target\":{\"@type\":\"EntryPoint\",\"urlTemplate\":\"https:\/\/graziamagazine.com\/mx\/?s={search_term_string}\"},\"query-input\":\"required name=search_term_string\"}],\"inLanguage\":\"es-MX\"}]}<\/script>\n<!-- \/ Yoast SEO Premium plugin. -->","yoast_head_json":{"title":"\u00bfBye bye Rare Beauty? \u00bfSelena G\u00f3mez vender\u00e1 su marca?","description":"Existen rumores de que Selena G\u00f3mez podr\u00eda estar considerando vender su marca de cosm\u00e9ticos Rare Beauty","robots":{"index":"index","follow":"follow","max-snippet":"max-snippet:-1","max-image-preview":"max-image-preview:large","max-video-preview":"max-video-preview:-1"},"canonical":"https:\/\/graziamagazine.com\/mx\/articles\/bye-bye-rare-beauty-selena-gomez-vendera-su-marca\/","og_locale":"es_MX","og_type":"article","og_title":"\u00bfBye bye Rare Beauty? \u00bfSelena G\u00f3mez vender\u00e1 su marca?","og_description":"Existen rumores de que Selena G\u00f3mez podr\u00eda estar considerando vender su marca de cosm\u00e9ticos Rare Beauty","og_url":"https:\/\/graziamagazine.com\/mx\/articles\/bye-bye-rare-beauty-selena-gomez-vendera-su-marca\/","og_site_name":"Grazia M\u00e9xico y Latinoam\u00e9rica","article_modified_time":"2024-04-01T21:21:24+00:00","og_image":[{"width":1028,"height":810,"url":"https:\/\/graziamagazine.com\/mx\/wp-content\/uploads\/sites\/13\/2024\/04\/Captura-de-Pantalla-2024-04-01-a-las-15.16.15.png","type":"image\/png"}],"twitter_card":"summary_large_image","twitter_misc":{"Est. reading time":"3 minutos"},"schema":{"@context":"https:\/\/schema.org","@graph":[{"@type":"WebPage","@id":"https:\/\/graziamagazine.com\/mx\/articles\/bye-bye-rare-beauty-selena-gomez-vendera-su-marca\/","url":"https:\/\/graziamagazine.com\/mx\/articles\/bye-bye-rare-beauty-selena-gomez-vendera-su-marca\/","name":"\u00bfBye bye Rare Beauty? \u00bfSelena G\u00f3mez vender\u00e1 su marca?","isPartOf":{"@id":"https:\/\/graziamagazine.com\/mx\/#website"},"datePublished":"2024-04-01T20:29:44+00:00","dateModified":"2024-04-01T21:21:24+00:00","description":"Existen rumores de que Selena G\u00f3mez podr\u00eda estar considerando vender su marca de cosm\u00e9ticos Rare Beauty","breadcrumb":{"@id":"https:\/\/graziamagazine.com\/mx\/articles\/bye-bye-rare-beauty-selena-gomez-vendera-su-marca\/#breadcrumb"},"inLanguage":"es-MX","potentialAction":[{"@type":"ReadAction","target":["https:\/\/graziamagazine.com\/mx\/articles\/bye-bye-rare-beauty-selena-gomez-vendera-su-marca\/"]}]},{"@type":"BreadcrumbList","@id":"https:\/\/graziamagazine.com\/mx\/articles\/bye-bye-rare-beauty-selena-gomez-vendera-su-marca\/#breadcrumb","itemListElement":[{"@type":"ListItem","position":1,"name":"Home","item":"https:\/\/graziamagazine.com\/mx\/"},{"@type":"ListItem","position":2,"name":"\u00bfBye bye Rare Beauty? \u00bfSelena G\u00f3mez vender\u00e1 su marca?"}]},{"@type":"WebSite","@id":"https:\/\/graziamagazine.com\/mx\/#website","url":"https:\/\/graziamagazine.com\/mx\/","name":"Grazia M\u00e9xico y Latinoam\u00e9rica","description":"Grazia es moda, belleza y noticias  de actualidad ","potentialAction":[{"@type":"SearchAction","target":{"@type":"EntryPoint","urlTemplate":"https:\/\/graziamagazine.com\/mx\/?s={search_term_string}"},"query-input":"required name=search_term_string"}],"inLanguage":"es-MX"}]}},"jetpack_sharing_enabled":true,"distributor_meta":false,"distributor_terms":false,"distributor_media":false,"distributor_original_site_name":"Grazia M\u00e9xico y Latinoam\u00e9rica","distributor_original_site_url":"https:\/\/graziamagazine.com\/mx","push-errors":false,"_links":{"self":[{"href":"https:\/\/graziamagazine.com\/mx\/wp-json\/wp\/v2\/articles\/135766"}],"collection":[{"href":"https:\/\/graziamagazine.com\/mx\/wp-json\/wp\/v2\/articles"}],"about":[{"href":"https:\/\/graziamagazine.com\/mx\/wp-json\/wp\/v2\/types\/articles"}],"author":[{"embeddable":true,"href":"https:\/\/graziamagazine.com\/mx\/wp-json\/wp\/v2\/users\/28953"}],"wp:featuredmedia":[{"embeddable":true,"href":"https:\/\/graziamagazine.com\/mx\/wp-json\/wp\/v2\/media\/135769"}],"wp:attachment":[{"href":"https:\/\/graziamagazine.com\/mx\/wp-json\/wp\/v2\/media?parent=135766"}],"wp:term":[{"taxonomy":"category","embeddable":true,"href":"https:\/\/graziamagazine.com\/mx\/wp-json\/wp\/v2\/categories?post=135766"}],"curies":[{"name":"wp","href":"https:\/\/api.w.org\/{rel}","templated":true}]}}