{"id":135728,"date":"2024-03-28T20:04:11","date_gmt":"2024-03-29T01:04:11","guid":{"rendered":"https:\/\/graziamagazine.com\/mx\/?post_type=articles&#038;p=135728"},"modified":"2024-03-28T20:08:04","modified_gmt":"2024-03-29T01:08:04","slug":"shakira-revela-que-haran-sus-hijos-con-las-regalias-de-la-melodia-acrostico","status":"publish","type":"articles","link":"https:\/\/graziamagazine.com\/mx\/articles\/shakira-revela-que-haran-sus-hijos-con-las-regalias-de-la-melodia-acrostico\/","title":{"rendered":"Shakira revela qu\u00e9 har\u00e1n sus hijos con las regal\u00edas de la melod\u00eda \u2018Acr\u00f3stico\u2019"},"content":{"rendered":"<p><span style=\"font-weight: 400\">Los hijos de <strong>Shakira y Gerard Piqu\u00e9, Milan y Sasha<\/strong> &#8211; de once y nueve a\u00f1os, respectivamente &#8211; heredaron el talento musical de su mam\u00e1, debutando con su famoso y exitoso tema <em><strong>Acr\u00f3stico.<\/strong><\/em><\/span><\/p>\n<p><span style=\"font-weight: 400\">La orgullosa colombiana revel\u00f3 recientemente que sus hijos no solo la acompa\u00f1aron al estudio, sino que tienen derecho a regal\u00edas producidas por la canci\u00f3n.<\/span><\/p>\n<p><span style=\"font-weight: 400\">Shakira estuvo en <em><strong>The Tonight Show<\/strong><\/em> con <strong>Jimmy Fallon<\/strong>, donde habl\u00f3 sobre la experiencia de trabajar con sus hijos. \u201cLes escrib\u00ed una canci\u00f3n que se llama \u2018<em>Acr\u00f3stico<\/em>\u2019 y ya sabes, a veces pasaban por el estudio y me visitaban mientras la grababa. La escucharon, supieron que era para ellos y comenzaron a cantar frente al micr\u00f3fono&#8230; sonaban tan bien\u201d, cont\u00f3.<\/span><\/p>\n<p><span style=\"font-weight: 400\">Fue idea de los ni\u00f1os aparecer en el video. \u201cMe dijeron: &#8216;Mam\u00e1, queremos estar en el \u00e1lbum&#8217;. As\u00ed que lo grabamos. Luego tambi\u00e9n quisieron aparecer en el video y ahora preguntan por las regal\u00edas\u201d.\u00a0<\/span><\/p>\n<p><span style=\"font-weight: 400\">Jimmy Fallon brome\u00f3 diciendo que son &#8220;ni\u00f1os muy inteligentes&#8221; y fue entonces cuando la feliz mam\u00e1 revel\u00f3 lo que hab\u00edan planeado con el dinero. \u201cEst\u00e1n ahorrando. Cada uno tiene una alcanc\u00eda porque quieren comprarse un auto cuando sean mayores\u201d, comparti\u00f3 Shakira.<\/span><\/p>\n<p><span style=\"font-weight: 400\">\u201cLes he dicho que no les voy a comprar un auto, que si quieren un auto, un tel\u00e9fono nuevo o cualquier otra cosa, tienen que aprender a conseguirlo ellos mismos. Entonces ahora me preguntan: &#8216;Mam\u00e1, \u00bfcu\u00e1ndo entran las regal\u00edas? Porque tenemos que ahorrar para el coche\u201d, dijo.<\/span><\/p>\n","protected":false},"author":11628,"featured_media":133975,"template":"","format":"standard","categories":[12483],"acf":[],"yoast_head":"<!-- This site is optimized with the Yoast SEO Premium plugin v18.5 (Yoast SEO v20.4) - https:\/\/yoast.com\/wordpress\/plugins\/seo\/ -->\n<title>Shakira revela qu\u00e9 har\u00e1n sus hijos con las regal\u00edas de la melod\u00eda \u2018Acr\u00f3stico\u2019 | Grazia M\u00e9xico y Latinoam\u00e9rica<\/title>\n<meta name=\"description\" content=\"Los hijos de Shakira y Gerard Piqu\u00e9, Milan y Sasha - de once y nueve a\u00f1os, respectivamente - heredaron el talento musical de su mam\u00e1, debutando con su\" \/>\n<meta name=\"robots\" content=\"index, follow, max-snippet:-1, max-image-preview:large, max-video-preview:-1\" \/>\n<link rel=\"canonical\" href=\"https:\/\/graziamagazine.com\/mx\/articles\/shakira-revela-que-haran-sus-hijos-con-las-regalias-de-la-melodia-acrostico\/\" \/>\n<meta property=\"og:locale\" content=\"es_MX\" \/>\n<meta property=\"og:type\" content=\"article\" \/>\n<meta property=\"og:title\" content=\"Shakira revela qu\u00e9 har\u00e1n sus hijos con las regal\u00edas de la melod\u00eda \u2018Acr\u00f3stico\u2019\" \/>\n<meta property=\"og:description\" content=\"Los hijos de Shakira y Gerard Piqu\u00e9, Milan y Sasha - de once y nueve a\u00f1os, respectivamente - heredaron el talento musical de su mam\u00e1, debutando con su\" \/>\n<meta property=\"og:url\" content=\"https:\/\/graziamagazine.com\/mx\/articles\/shakira-revela-que-haran-sus-hijos-con-las-regalias-de-la-melodia-acrostico\/\" \/>\n<meta property=\"og:site_name\" content=\"Grazia M\u00e9xico y Latinoam\u00e9rica\" \/>\n<meta property=\"article:modified_time\" content=\"2024-03-29T01:08:04+00:00\" \/>\n<meta property=\"og:image\" content=\"https:\/\/graziamagazine.com\/mx\/wp-content\/uploads\/sites\/13\/2024\/02\/shakira4.1.jpg\" \/>\n\t<meta property=\"og:image:width\" content=\"1014\" \/>\n\t<meta property=\"og:image:height\" content=\"670\" \/>\n\t<meta property=\"og:image:type\" content=\"image\/jpeg\" \/>\n<meta name=\"twitter:card\" content=\"summary_large_image\" \/>\n<meta name=\"twitter:label1\" content=\"Est. reading time\" \/>\n\t<meta name=\"twitter:data1\" content=\"2 minutos\" \/>\n<script type=\"application\/ld+json\" class=\"yoast-schema-graph\">{\"@context\":\"https:\/\/schema.org\",\"@graph\":[{\"@type\":\"WebPage\",\"@id\":\"https:\/\/graziamagazine.com\/mx\/articles\/shakira-revela-que-haran-sus-hijos-con-las-regalias-de-la-melodia-acrostico\/\",\"url\":\"https:\/\/graziamagazine.com\/mx\/articles\/shakira-revela-que-haran-sus-hijos-con-las-regalias-de-la-melodia-acrostico\/\",\"name\":\"Shakira revela qu\u00e9 har\u00e1n sus hijos con las regal\u00edas de la melod\u00eda \u2018Acr\u00f3stico\u2019 | Grazia M\u00e9xico y Latinoam\u00e9rica\",\"isPartOf\":{\"@id\":\"https:\/\/graziamagazine.com\/mx\/#website\"},\"datePublished\":\"2024-03-29T01:04:11+00:00\",\"dateModified\":\"2024-03-29T01:08:04+00:00\",\"description\":\"Los hijos de Shakira y Gerard Piqu\u00e9, Milan y Sasha - de once y nueve a\u00f1os, respectivamente - heredaron el talento musical de su mam\u00e1, debutando con su\",\"breadcrumb\":{\"@id\":\"https:\/\/graziamagazine.com\/mx\/articles\/shakira-revela-que-haran-sus-hijos-con-las-regalias-de-la-melodia-acrostico\/#breadcrumb\"},\"inLanguage\":\"es-MX\",\"potentialAction\":[{\"@type\":\"ReadAction\",\"target\":[\"https:\/\/graziamagazine.com\/mx\/articles\/shakira-revela-que-haran-sus-hijos-con-las-regalias-de-la-melodia-acrostico\/\"]}]},{\"@type\":\"BreadcrumbList\",\"@id\":\"https:\/\/graziamagazine.com\/mx\/articles\/shakira-revela-que-haran-sus-hijos-con-las-regalias-de-la-melodia-acrostico\/#breadcrumb\",\"itemListElement\":[{\"@type\":\"ListItem\",\"position\":1,\"name\":\"Home\",\"item\":\"https:\/\/graziamagazine.com\/mx\/\"},{\"@type\":\"ListItem\",\"position\":2,\"name\":\"Shakira revela qu\u00e9 har\u00e1n sus hijos con las regal\u00edas de la melod\u00eda \u2018Acr\u00f3stico\u2019\"}]},{\"@type\":\"WebSite\",\"@id\":\"https:\/\/graziamagazine.com\/mx\/#website\",\"url\":\"https:\/\/graziamagazine.com\/mx\/\",\"name\":\"Grazia M\u00e9xico y Latinoam\u00e9rica\",\"description\":\"Grazia es moda, belleza y noticias  de actualidad \",\"potentialAction\":[{\"@type\":\"SearchAction\",\"target\":{\"@type\":\"EntryPoint\",\"urlTemplate\":\"https:\/\/graziamagazine.com\/mx\/?s={search_term_string}\"},\"query-input\":\"required name=search_term_string\"}],\"inLanguage\":\"es-MX\"}]}<\/script>\n<!-- \/ Yoast SEO Premium plugin. -->","yoast_head_json":{"title":"Shakira revela qu\u00e9 har\u00e1n sus hijos con las regal\u00edas de la melod\u00eda \u2018Acr\u00f3stico\u2019 | Grazia M\u00e9xico y Latinoam\u00e9rica","description":"Los hijos de Shakira y Gerard Piqu\u00e9, Milan y Sasha - de once y nueve a\u00f1os, respectivamente - heredaron el talento musical de su mam\u00e1, debutando con su","robots":{"index":"index","follow":"follow","max-snippet":"max-snippet:-1","max-image-preview":"max-image-preview:large","max-video-preview":"max-video-preview:-1"},"canonical":"https:\/\/graziamagazine.com\/mx\/articles\/shakira-revela-que-haran-sus-hijos-con-las-regalias-de-la-melodia-acrostico\/","og_locale":"es_MX","og_type":"article","og_title":"Shakira revela qu\u00e9 har\u00e1n sus hijos con las regal\u00edas de la melod\u00eda \u2018Acr\u00f3stico\u2019","og_description":"Los hijos de Shakira y Gerard Piqu\u00e9, Milan y Sasha - de once y nueve a\u00f1os, respectivamente - heredaron el talento musical de su mam\u00e1, debutando con su","og_url":"https:\/\/graziamagazine.com\/mx\/articles\/shakira-revela-que-haran-sus-hijos-con-las-regalias-de-la-melodia-acrostico\/","og_site_name":"Grazia M\u00e9xico y Latinoam\u00e9rica","article_modified_time":"2024-03-29T01:08:04+00:00","og_image":[{"width":1014,"height":670,"url":"https:\/\/graziamagazine.com\/mx\/wp-content\/uploads\/sites\/13\/2024\/02\/shakira4.1.jpg","type":"image\/jpeg"}],"twitter_card":"summary_large_image","twitter_misc":{"Est. reading time":"2 minutos"},"schema":{"@context":"https:\/\/schema.org","@graph":[{"@type":"WebPage","@id":"https:\/\/graziamagazine.com\/mx\/articles\/shakira-revela-que-haran-sus-hijos-con-las-regalias-de-la-melodia-acrostico\/","url":"https:\/\/graziamagazine.com\/mx\/articles\/shakira-revela-que-haran-sus-hijos-con-las-regalias-de-la-melodia-acrostico\/","name":"Shakira revela qu\u00e9 har\u00e1n sus hijos con las regal\u00edas de la melod\u00eda \u2018Acr\u00f3stico\u2019 | Grazia M\u00e9xico y Latinoam\u00e9rica","isPartOf":{"@id":"https:\/\/graziamagazine.com\/mx\/#website"},"datePublished":"2024-03-29T01:04:11+00:00","dateModified":"2024-03-29T01:08:04+00:00","description":"Los hijos de Shakira y Gerard Piqu\u00e9, Milan y Sasha - de once y nueve a\u00f1os, respectivamente - heredaron el talento musical de su mam\u00e1, debutando con su","breadcrumb":{"@id":"https:\/\/graziamagazine.com\/mx\/articles\/shakira-revela-que-haran-sus-hijos-con-las-regalias-de-la-melodia-acrostico\/#breadcrumb"},"inLanguage":"es-MX","potentialAction":[{"@type":"ReadAction","target":["https:\/\/graziamagazine.com\/mx\/articles\/shakira-revela-que-haran-sus-hijos-con-las-regalias-de-la-melodia-acrostico\/"]}]},{"@type":"BreadcrumbList","@id":"https:\/\/graziamagazine.com\/mx\/articles\/shakira-revela-que-haran-sus-hijos-con-las-regalias-de-la-melodia-acrostico\/#breadcrumb","itemListElement":[{"@type":"ListItem","position":1,"name":"Home","item":"https:\/\/graziamagazine.com\/mx\/"},{"@type":"ListItem","position":2,"name":"Shakira revela qu\u00e9 har\u00e1n sus hijos con las regal\u00edas de la melod\u00eda \u2018Acr\u00f3stico\u2019"}]},{"@type":"WebSite","@id":"https:\/\/graziamagazine.com\/mx\/#website","url":"https:\/\/graziamagazine.com\/mx\/","name":"Grazia M\u00e9xico y Latinoam\u00e9rica","description":"Grazia es moda, belleza y noticias  de actualidad ","potentialAction":[{"@type":"SearchAction","target":{"@type":"EntryPoint","urlTemplate":"https:\/\/graziamagazine.com\/mx\/?s={search_term_string}"},"query-input":"required name=search_term_string"}],"inLanguage":"es-MX"}]}},"jetpack_sharing_enabled":true,"distributor_meta":false,"distributor_terms":false,"distributor_media":false,"distributor_original_site_name":"Grazia M\u00e9xico y Latinoam\u00e9rica","distributor_original_site_url":"https:\/\/graziamagazine.com\/mx","push-errors":false,"_links":{"self":[{"href":"https:\/\/graziamagazine.com\/mx\/wp-json\/wp\/v2\/articles\/135728"}],"collection":[{"href":"https:\/\/graziamagazine.com\/mx\/wp-json\/wp\/v2\/articles"}],"about":[{"href":"https:\/\/graziamagazine.com\/mx\/wp-json\/wp\/v2\/types\/articles"}],"author":[{"embeddable":true,"href":"https:\/\/graziamagazine.com\/mx\/wp-json\/wp\/v2\/users\/11628"}],"wp:featuredmedia":[{"embeddable":true,"href":"https:\/\/graziamagazine.com\/mx\/wp-json\/wp\/v2\/media\/133975"}],"wp:attachment":[{"href":"https:\/\/graziamagazine.com\/mx\/wp-json\/wp\/v2\/media?parent=135728"}],"wp:term":[{"taxonomy":"category","embeddable":true,"href":"https:\/\/graziamagazine.com\/mx\/wp-json\/wp\/v2\/categories?post=135728"}],"curies":[{"name":"wp","href":"https:\/\/api.w.org\/{rel}","templated":true}]}}