{"id":135718,"date":"2024-03-27T17:27:11","date_gmt":"2024-03-27T22:27:11","guid":{"rendered":"https:\/\/graziamagazine.com\/mx\/?post_type=articles&#038;p=135718"},"modified":"2024-03-27T17:30:25","modified_gmt":"2024-03-27T22:30:25","slug":"el-rey-charles-iii-reaparecera-en-la-misa-de-celebracion-de-pascua","status":"publish","type":"articles","link":"https:\/\/graziamagazine.com\/mx\/articles\/el-rey-charles-iii-reaparecera-en-la-misa-de-celebracion-de-pascua\/","title":{"rendered":"El Rey Charles III reaparecer\u00e1 en la misa de celebraci\u00f3n de Pascua"},"content":{"rendered":"<p><span style=\"font-weight: 400\">El<strong> rey Charles III<\/strong> est\u00e1 listo para aparecer en p\u00fablico junto a su esposa, la <strong>reina Camilla<\/strong>, pues se ha confirmado que los monarcas\u00a0 asistir\u00e1n al servicio del Domingo de Pascua en la Capilla de San Jorge, en el Castillo de Windsor, confirm\u00f3 el Palacio de Buckingham.<\/span><\/p>\n<p><span style=\"font-weight: 400\">Este ser\u00e1 uno de los eventos m\u00e1s importantes a los que habr\u00e1 asistido el rey Chales desde que le diagnosticaron c\u00e1ncer, el pasado mes de febrero.<\/span><\/p>\n<p><span style=\"font-weight: 400\">A los reyes se les unir\u00e1n otros miembros de la realeza de alto rango, sin estar entre ellos el <strong>pr\u00edncipe William y la princesa Kate Middleton,<\/strong> que contin\u00faa con su tratamiento contra el c\u00e1ncer.<\/span><\/p>\n<p><span style=\"font-weight: 400\">Despu\u00e9s de recibir tratamiento para un agrandamiento de la pr\u00f3stata y luego revelar que le hab\u00edan diagnosticado un tipo de c\u00e1ncer, el rey Charles III ha estado ausente del foco p\u00fablico, mientras que Camilla ha estado llevando a cabo una serie de compromisos reales en solitario debido a la ausencia de su marido.<\/span><\/p>\n<p><span style=\"font-weight: 400\">La misa de Pascua es una caracter\u00edstica habitual del calendario real, al que generalmente asisten muchos miembros de la realeza, pero este a\u00f1o se espera que sea una reuni\u00f3n m\u00e1s peque\u00f1a.<\/span><\/p>\n<p><span style=\"font-weight: 400\">En el per\u00edodo previo a la Pascua, el rey Charles III organiz\u00f3 una reuni\u00f3n de l\u00edderes religiosos en el Palacio de Buckingham. Se llev\u00f3 a cabo el martes y fue en apoyo de una organizaci\u00f3n ben\u00e9fica que re\u00fane a representantes de creencias religiosas, incluidos l\u00edderes cristianos, musulmanes y jud\u00edos.<\/span><\/p>\n","protected":false},"author":11628,"featured_media":119158,"template":"","format":"standard","categories":[12655],"acf":[],"yoast_head":"<!-- This site is optimized with the Yoast SEO Premium plugin v18.5 (Yoast SEO v20.4) - https:\/\/yoast.com\/wordpress\/plugins\/seo\/ -->\n<title>El Rey Charles III reaparecer\u00e1 en la misa de celebraci\u00f3n de Pascua | Grazia M\u00e9xico y Latinoam\u00e9rica<\/title>\n<meta name=\"description\" content=\"El rey Charles III est\u00e1 listo para aparecer en p\u00fablico junto a su esposa, la reina Camilla, pues se ha confirmado que los monarcas\u00a0 asistir\u00e1n al servicio\" \/>\n<meta name=\"robots\" content=\"index, follow, max-snippet:-1, max-image-preview:large, max-video-preview:-1\" \/>\n<link rel=\"canonical\" href=\"https:\/\/graziamagazine.com\/mx\/articles\/el-rey-charles-iii-reaparecera-en-la-misa-de-celebracion-de-pascua\/\" \/>\n<meta property=\"og:locale\" content=\"es_MX\" \/>\n<meta property=\"og:type\" content=\"article\" \/>\n<meta property=\"og:title\" content=\"El Rey Charles III reaparecer\u00e1 en la misa de celebraci\u00f3n de Pascua\" \/>\n<meta property=\"og:description\" content=\"El rey Charles III est\u00e1 listo para aparecer en p\u00fablico junto a su esposa, la reina Camilla, pues se ha confirmado que los monarcas\u00a0 asistir\u00e1n al servicio\" \/>\n<meta property=\"og:url\" content=\"https:\/\/graziamagazine.com\/mx\/articles\/el-rey-charles-iii-reaparecera-en-la-misa-de-celebracion-de-pascua\/\" \/>\n<meta property=\"og:site_name\" content=\"Grazia M\u00e9xico y Latinoam\u00e9rica\" \/>\n<meta property=\"article:modified_time\" content=\"2024-03-27T22:30:25+00:00\" \/>\n<meta property=\"og:image\" content=\"https:\/\/graziamagazine.com\/mx\/wp-content\/uploads\/sites\/13\/2022\/11\/britains-king-charles-iii-attends-the-presentation-of-news-photo-1664820972.jpeg\" \/>\n\t<meta property=\"og:image:width\" content=\"4000\" \/>\n\t<meta property=\"og:image:height\" content=\"2667\" \/>\n\t<meta property=\"og:image:type\" content=\"image\/jpeg\" \/>\n<meta name=\"twitter:card\" content=\"summary_large_image\" \/>\n<meta name=\"twitter:label1\" content=\"Est. reading time\" \/>\n\t<meta name=\"twitter:data1\" content=\"2 minutos\" \/>\n<script type=\"application\/ld+json\" class=\"yoast-schema-graph\">{\"@context\":\"https:\/\/schema.org\",\"@graph\":[{\"@type\":\"WebPage\",\"@id\":\"https:\/\/graziamagazine.com\/mx\/articles\/el-rey-charles-iii-reaparecera-en-la-misa-de-celebracion-de-pascua\/\",\"url\":\"https:\/\/graziamagazine.com\/mx\/articles\/el-rey-charles-iii-reaparecera-en-la-misa-de-celebracion-de-pascua\/\",\"name\":\"El Rey Charles III reaparecer\u00e1 en la misa de celebraci\u00f3n de Pascua | Grazia M\u00e9xico y Latinoam\u00e9rica\",\"isPartOf\":{\"@id\":\"https:\/\/graziamagazine.com\/mx\/#website\"},\"datePublished\":\"2024-03-27T22:27:11+00:00\",\"dateModified\":\"2024-03-27T22:30:25+00:00\",\"description\":\"El rey Charles III est\u00e1 listo para aparecer en p\u00fablico junto a su esposa, la reina Camilla, pues se ha confirmado que los monarcas\u00a0 asistir\u00e1n al servicio\",\"breadcrumb\":{\"@id\":\"https:\/\/graziamagazine.com\/mx\/articles\/el-rey-charles-iii-reaparecera-en-la-misa-de-celebracion-de-pascua\/#breadcrumb\"},\"inLanguage\":\"es-MX\",\"potentialAction\":[{\"@type\":\"ReadAction\",\"target\":[\"https:\/\/graziamagazine.com\/mx\/articles\/el-rey-charles-iii-reaparecera-en-la-misa-de-celebracion-de-pascua\/\"]}]},{\"@type\":\"BreadcrumbList\",\"@id\":\"https:\/\/graziamagazine.com\/mx\/articles\/el-rey-charles-iii-reaparecera-en-la-misa-de-celebracion-de-pascua\/#breadcrumb\",\"itemListElement\":[{\"@type\":\"ListItem\",\"position\":1,\"name\":\"Home\",\"item\":\"https:\/\/graziamagazine.com\/mx\/\"},{\"@type\":\"ListItem\",\"position\":2,\"name\":\"El Rey Charles III reaparecer\u00e1 en la misa de celebraci\u00f3n de Pascua\"}]},{\"@type\":\"WebSite\",\"@id\":\"https:\/\/graziamagazine.com\/mx\/#website\",\"url\":\"https:\/\/graziamagazine.com\/mx\/\",\"name\":\"Grazia M\u00e9xico y Latinoam\u00e9rica\",\"description\":\"Grazia es moda, belleza y noticias  de actualidad \",\"potentialAction\":[{\"@type\":\"SearchAction\",\"target\":{\"@type\":\"EntryPoint\",\"urlTemplate\":\"https:\/\/graziamagazine.com\/mx\/?s={search_term_string}\"},\"query-input\":\"required name=search_term_string\"}],\"inLanguage\":\"es-MX\"}]}<\/script>\n<!-- \/ Yoast SEO Premium plugin. -->","yoast_head_json":{"title":"El Rey Charles III reaparecer\u00e1 en la misa de celebraci\u00f3n de Pascua | Grazia M\u00e9xico y Latinoam\u00e9rica","description":"El rey Charles III est\u00e1 listo para aparecer en p\u00fablico junto a su esposa, la reina Camilla, pues se ha confirmado que los monarcas\u00a0 asistir\u00e1n al servicio","robots":{"index":"index","follow":"follow","max-snippet":"max-snippet:-1","max-image-preview":"max-image-preview:large","max-video-preview":"max-video-preview:-1"},"canonical":"https:\/\/graziamagazine.com\/mx\/articles\/el-rey-charles-iii-reaparecera-en-la-misa-de-celebracion-de-pascua\/","og_locale":"es_MX","og_type":"article","og_title":"El Rey Charles III reaparecer\u00e1 en la misa de celebraci\u00f3n de Pascua","og_description":"El rey Charles III est\u00e1 listo para aparecer en p\u00fablico junto a su esposa, la reina Camilla, pues se ha confirmado que los monarcas\u00a0 asistir\u00e1n al servicio","og_url":"https:\/\/graziamagazine.com\/mx\/articles\/el-rey-charles-iii-reaparecera-en-la-misa-de-celebracion-de-pascua\/","og_site_name":"Grazia M\u00e9xico y Latinoam\u00e9rica","article_modified_time":"2024-03-27T22:30:25+00:00","og_image":[{"width":4000,"height":2667,"url":"https:\/\/graziamagazine.com\/mx\/wp-content\/uploads\/sites\/13\/2022\/11\/britains-king-charles-iii-attends-the-presentation-of-news-photo-1664820972.jpeg","type":"image\/jpeg"}],"twitter_card":"summary_large_image","twitter_misc":{"Est. reading time":"2 minutos"},"schema":{"@context":"https:\/\/schema.org","@graph":[{"@type":"WebPage","@id":"https:\/\/graziamagazine.com\/mx\/articles\/el-rey-charles-iii-reaparecera-en-la-misa-de-celebracion-de-pascua\/","url":"https:\/\/graziamagazine.com\/mx\/articles\/el-rey-charles-iii-reaparecera-en-la-misa-de-celebracion-de-pascua\/","name":"El Rey Charles III reaparecer\u00e1 en la misa de celebraci\u00f3n de Pascua | Grazia M\u00e9xico y Latinoam\u00e9rica","isPartOf":{"@id":"https:\/\/graziamagazine.com\/mx\/#website"},"datePublished":"2024-03-27T22:27:11+00:00","dateModified":"2024-03-27T22:30:25+00:00","description":"El rey Charles III est\u00e1 listo para aparecer en p\u00fablico junto a su esposa, la reina Camilla, pues se ha confirmado que los monarcas\u00a0 asistir\u00e1n al servicio","breadcrumb":{"@id":"https:\/\/graziamagazine.com\/mx\/articles\/el-rey-charles-iii-reaparecera-en-la-misa-de-celebracion-de-pascua\/#breadcrumb"},"inLanguage":"es-MX","potentialAction":[{"@type":"ReadAction","target":["https:\/\/graziamagazine.com\/mx\/articles\/el-rey-charles-iii-reaparecera-en-la-misa-de-celebracion-de-pascua\/"]}]},{"@type":"BreadcrumbList","@id":"https:\/\/graziamagazine.com\/mx\/articles\/el-rey-charles-iii-reaparecera-en-la-misa-de-celebracion-de-pascua\/#breadcrumb","itemListElement":[{"@type":"ListItem","position":1,"name":"Home","item":"https:\/\/graziamagazine.com\/mx\/"},{"@type":"ListItem","position":2,"name":"El Rey Charles III reaparecer\u00e1 en la misa de celebraci\u00f3n de Pascua"}]},{"@type":"WebSite","@id":"https:\/\/graziamagazine.com\/mx\/#website","url":"https:\/\/graziamagazine.com\/mx\/","name":"Grazia M\u00e9xico y Latinoam\u00e9rica","description":"Grazia es moda, belleza y noticias  de actualidad ","potentialAction":[{"@type":"SearchAction","target":{"@type":"EntryPoint","urlTemplate":"https:\/\/graziamagazine.com\/mx\/?s={search_term_string}"},"query-input":"required name=search_term_string"}],"inLanguage":"es-MX"}]}},"jetpack_sharing_enabled":true,"distributor_meta":false,"distributor_terms":false,"distributor_media":false,"distributor_original_site_name":"Grazia M\u00e9xico y Latinoam\u00e9rica","distributor_original_site_url":"https:\/\/graziamagazine.com\/mx","push-errors":false,"_links":{"self":[{"href":"https:\/\/graziamagazine.com\/mx\/wp-json\/wp\/v2\/articles\/135718"}],"collection":[{"href":"https:\/\/graziamagazine.com\/mx\/wp-json\/wp\/v2\/articles"}],"about":[{"href":"https:\/\/graziamagazine.com\/mx\/wp-json\/wp\/v2\/types\/articles"}],"author":[{"embeddable":true,"href":"https:\/\/graziamagazine.com\/mx\/wp-json\/wp\/v2\/users\/11628"}],"wp:featuredmedia":[{"embeddable":true,"href":"https:\/\/graziamagazine.com\/mx\/wp-json\/wp\/v2\/media\/119158"}],"wp:attachment":[{"href":"https:\/\/graziamagazine.com\/mx\/wp-json\/wp\/v2\/media?parent=135718"}],"wp:term":[{"taxonomy":"category","embeddable":true,"href":"https:\/\/graziamagazine.com\/mx\/wp-json\/wp\/v2\/categories?post=135718"}],"curies":[{"name":"wp","href":"https:\/\/api.w.org\/{rel}","templated":true}]}}