{"id":135640,"date":"2024-03-21T21:49:32","date_gmt":"2024-03-22T02:49:32","guid":{"rendered":"https:\/\/graziamagazine.com\/mx\/?post_type=articles&#038;p=135640"},"modified":"2024-03-21T21:52:22","modified_gmt":"2024-03-22T02:52:22","slug":"las-biografias-de-harry-y-meghan-markle-desaparecieron-oficialmente-del-sitio-web-de-la-familia-real","status":"publish","type":"articles","link":"https:\/\/graziamagazine.com\/mx\/articles\/las-biografias-de-harry-y-meghan-markle-desaparecieron-oficialmente-del-sitio-web-de-la-familia-real\/","title":{"rendered":"Las biograf\u00edas del pr\u00edncipe Harry y Meghan Markle desaparecieron oficialmente del sitio web de la familia real"},"content":{"rendered":"<p><span style=\"font-weight: 400\">Esta pen\u00faltima semana del mes de marzo de 2024, las biograf\u00edas del <strong>duque y la duquesa de Sussex<\/strong> han sido actualizadas en el sitio web de la familia real brit\u00e1nica. El <strong>pr\u00edncipe Harry, y Meghan Markle<\/strong> ten\u00edan anteriormente biograf\u00edas para informaci\u00f3n y actualizaciones sobre la monarqu\u00eda moderna, como el resto de los miembros de la familia real, pero eso ahora termin\u00f3.<\/span><\/p>\n<p><span style=\"font-weight: 400\">Ahora, los perfiles individuales de Harry y Meghan se eliminaron por completo, para dar el paso a un perfil conjunto.\u00a0<\/span><\/p>\n<p><span style=\"font-weight: 400\">&#8220;Como se anunci\u00f3 en enero de 2020, el duque y la duquesa de Sussex han dado un paso atr\u00e1s como miembros activos de la familia real. La pareja se cas\u00f3 en la Capilla de St George, Windsor, el 19 de mayo de 2018 y tiene dos hijos: el<strong> pr\u00edncipe Archie de Sussex y la princesa Lilibet de Sussex<\/strong>&#8220;, dice el comunicado, refiri\u00e9ndose al hijo de 4 a\u00f1os y a la hija de 2 a\u00f1os de la pareja.<\/span><\/p>\n<p><span style=\"font-weight: 400\">La p\u00e1gina divide las biograf\u00edas de Harry y Meghan bajo los t\u00edtulos &#8220;Acerca del duque de Sussex&#8221; y &#8220;Acerca de la duquesa de Sussex&#8221;, recapitulando aspectos destacados como la d\u00e9cada de servicio del pr\u00edncipe Harry en el ej\u00e9rcito brit\u00e1nico y el establecimiento de los<strong> Juegos Invictus<\/strong>, junto con las siete temporadas de Meghan en <em><strong>Suits<\/strong><\/em> y su blog de estilo de vida <em><strong>The Tig.<\/strong><\/em><\/span><\/p>\n<p><span style=\"font-weight: 400\">&#8220;Se puede encontrar informaci\u00f3n sobre el trabajo actual del duque y la duquesa de Sussex en su sitio web oficial: sussex.com&#8221;, a\u00f1ade la p\u00e1gina de la familia real.<\/span><\/p>\n<p><span style=\"font-weight: 400\">El 12 de febrero, Meghan y Harry lanzaron silenciosamente un nuevo sitio que engloba sus \u00faltimos esfuerzos, biograf\u00edas y enlaces a su organizaci\u00f3n <strong>Fundaci\u00f3n Archewell y al centro Archewell Productions.\u00a0<\/strong><\/span><\/p>\n","protected":false},"author":11628,"featured_media":92211,"template":"","format":"standard","categories":[12655],"acf":[],"yoast_head":"<!-- This site is optimized with the Yoast SEO Premium plugin v18.5 (Yoast SEO v20.4) - https:\/\/yoast.com\/wordpress\/plugins\/seo\/ -->\n<title>Las biograf\u00edas del pr\u00edncipe Harry y Meghan Markle desaparecieron oficialmente del sitio web de la familia real | Grazia M\u00e9xico y Latinoam\u00e9rica<\/title>\n<meta name=\"description\" content=\"Esta pen\u00faltima semana del mes de marzo de 2024, las biograf\u00edas del duque y la duquesa de Sussex han sido actualizadas en el sitio web de la familia real\" \/>\n<meta name=\"robots\" content=\"index, follow, max-snippet:-1, max-image-preview:large, max-video-preview:-1\" \/>\n<link rel=\"canonical\" href=\"https:\/\/graziamagazine.com\/mx\/articles\/las-biografias-de-harry-y-meghan-markle-desaparecieron-oficialmente-del-sitio-web-de-la-familia-real\/\" \/>\n<meta property=\"og:locale\" content=\"es_MX\" \/>\n<meta property=\"og:type\" content=\"article\" \/>\n<meta property=\"og:title\" content=\"Las biograf\u00edas del pr\u00edncipe Harry y Meghan Markle desaparecieron oficialmente del sitio web de la familia real\" \/>\n<meta property=\"og:description\" content=\"Esta pen\u00faltima semana del mes de marzo de 2024, las biograf\u00edas del duque y la duquesa de Sussex han sido actualizadas en el sitio web de la familia real\" \/>\n<meta property=\"og:url\" content=\"https:\/\/graziamagazine.com\/mx\/articles\/las-biografias-de-harry-y-meghan-markle-desaparecieron-oficialmente-del-sitio-web-de-la-familia-real\/\" \/>\n<meta property=\"og:site_name\" content=\"Grazia M\u00e9xico y Latinoam\u00e9rica\" \/>\n<meta property=\"article:modified_time\" content=\"2024-03-22T02:52:22+00:00\" \/>\n<meta property=\"og:image\" content=\"https:\/\/graziamagazine.com\/mx\/wp-content\/uploads\/sites\/13\/2021\/01\/gettyimages-1155577030.jpg\" \/>\n\t<meta property=\"og:image:width\" content=\"1971\" \/>\n\t<meta property=\"og:image:height\" content=\"1314\" \/>\n\t<meta property=\"og:image:type\" content=\"image\/jpeg\" \/>\n<meta name=\"twitter:card\" content=\"summary_large_image\" \/>\n<meta name=\"twitter:label1\" content=\"Est. reading time\" \/>\n\t<meta name=\"twitter:data1\" content=\"2 minutos\" \/>\n<script type=\"application\/ld+json\" class=\"yoast-schema-graph\">{\"@context\":\"https:\/\/schema.org\",\"@graph\":[{\"@type\":\"WebPage\",\"@id\":\"https:\/\/graziamagazine.com\/mx\/articles\/las-biografias-de-harry-y-meghan-markle-desaparecieron-oficialmente-del-sitio-web-de-la-familia-real\/\",\"url\":\"https:\/\/graziamagazine.com\/mx\/articles\/las-biografias-de-harry-y-meghan-markle-desaparecieron-oficialmente-del-sitio-web-de-la-familia-real\/\",\"name\":\"Las biograf\u00edas del pr\u00edncipe Harry y Meghan Markle desaparecieron oficialmente del sitio web de la familia real | Grazia M\u00e9xico y Latinoam\u00e9rica\",\"isPartOf\":{\"@id\":\"https:\/\/graziamagazine.com\/mx\/#website\"},\"datePublished\":\"2024-03-22T02:49:32+00:00\",\"dateModified\":\"2024-03-22T02:52:22+00:00\",\"description\":\"Esta pen\u00faltima semana del mes de marzo de 2024, las biograf\u00edas del duque y la duquesa de Sussex han sido actualizadas en el sitio web de la familia real\",\"breadcrumb\":{\"@id\":\"https:\/\/graziamagazine.com\/mx\/articles\/las-biografias-de-harry-y-meghan-markle-desaparecieron-oficialmente-del-sitio-web-de-la-familia-real\/#breadcrumb\"},\"inLanguage\":\"es-MX\",\"potentialAction\":[{\"@type\":\"ReadAction\",\"target\":[\"https:\/\/graziamagazine.com\/mx\/articles\/las-biografias-de-harry-y-meghan-markle-desaparecieron-oficialmente-del-sitio-web-de-la-familia-real\/\"]}]},{\"@type\":\"BreadcrumbList\",\"@id\":\"https:\/\/graziamagazine.com\/mx\/articles\/las-biografias-de-harry-y-meghan-markle-desaparecieron-oficialmente-del-sitio-web-de-la-familia-real\/#breadcrumb\",\"itemListElement\":[{\"@type\":\"ListItem\",\"position\":1,\"name\":\"Home\",\"item\":\"https:\/\/graziamagazine.com\/mx\/\"},{\"@type\":\"ListItem\",\"position\":2,\"name\":\"Las biograf\u00edas del pr\u00edncipe Harry y Meghan Markle desaparecieron oficialmente del sitio web de la familia real\"}]},{\"@type\":\"WebSite\",\"@id\":\"https:\/\/graziamagazine.com\/mx\/#website\",\"url\":\"https:\/\/graziamagazine.com\/mx\/\",\"name\":\"Grazia M\u00e9xico y Latinoam\u00e9rica\",\"description\":\"Grazia es moda, belleza y noticias  de actualidad \",\"potentialAction\":[{\"@type\":\"SearchAction\",\"target\":{\"@type\":\"EntryPoint\",\"urlTemplate\":\"https:\/\/graziamagazine.com\/mx\/?s={search_term_string}\"},\"query-input\":\"required name=search_term_string\"}],\"inLanguage\":\"es-MX\"}]}<\/script>\n<!-- \/ Yoast SEO Premium plugin. -->","yoast_head_json":{"title":"Las biograf\u00edas del pr\u00edncipe Harry y Meghan Markle desaparecieron oficialmente del sitio web de la familia real | Grazia M\u00e9xico y Latinoam\u00e9rica","description":"Esta pen\u00faltima semana del mes de marzo de 2024, las biograf\u00edas del duque y la duquesa de Sussex han sido actualizadas en el sitio web de la familia real","robots":{"index":"index","follow":"follow","max-snippet":"max-snippet:-1","max-image-preview":"max-image-preview:large","max-video-preview":"max-video-preview:-1"},"canonical":"https:\/\/graziamagazine.com\/mx\/articles\/las-biografias-de-harry-y-meghan-markle-desaparecieron-oficialmente-del-sitio-web-de-la-familia-real\/","og_locale":"es_MX","og_type":"article","og_title":"Las biograf\u00edas del pr\u00edncipe Harry y Meghan Markle desaparecieron oficialmente del sitio web de la familia real","og_description":"Esta pen\u00faltima semana del mes de marzo de 2024, las biograf\u00edas del duque y la duquesa de Sussex han sido actualizadas en el sitio web de la familia real","og_url":"https:\/\/graziamagazine.com\/mx\/articles\/las-biografias-de-harry-y-meghan-markle-desaparecieron-oficialmente-del-sitio-web-de-la-familia-real\/","og_site_name":"Grazia M\u00e9xico y Latinoam\u00e9rica","article_modified_time":"2024-03-22T02:52:22+00:00","og_image":[{"width":1971,"height":1314,"url":"https:\/\/graziamagazine.com\/mx\/wp-content\/uploads\/sites\/13\/2021\/01\/gettyimages-1155577030.jpg","type":"image\/jpeg"}],"twitter_card":"summary_large_image","twitter_misc":{"Est. reading time":"2 minutos"},"schema":{"@context":"https:\/\/schema.org","@graph":[{"@type":"WebPage","@id":"https:\/\/graziamagazine.com\/mx\/articles\/las-biografias-de-harry-y-meghan-markle-desaparecieron-oficialmente-del-sitio-web-de-la-familia-real\/","url":"https:\/\/graziamagazine.com\/mx\/articles\/las-biografias-de-harry-y-meghan-markle-desaparecieron-oficialmente-del-sitio-web-de-la-familia-real\/","name":"Las biograf\u00edas del pr\u00edncipe Harry y Meghan Markle desaparecieron oficialmente del sitio web de la familia real | Grazia M\u00e9xico y Latinoam\u00e9rica","isPartOf":{"@id":"https:\/\/graziamagazine.com\/mx\/#website"},"datePublished":"2024-03-22T02:49:32+00:00","dateModified":"2024-03-22T02:52:22+00:00","description":"Esta pen\u00faltima semana del mes de marzo de 2024, las biograf\u00edas del duque y la duquesa de Sussex han sido actualizadas en el sitio web de la familia real","breadcrumb":{"@id":"https:\/\/graziamagazine.com\/mx\/articles\/las-biografias-de-harry-y-meghan-markle-desaparecieron-oficialmente-del-sitio-web-de-la-familia-real\/#breadcrumb"},"inLanguage":"es-MX","potentialAction":[{"@type":"ReadAction","target":["https:\/\/graziamagazine.com\/mx\/articles\/las-biografias-de-harry-y-meghan-markle-desaparecieron-oficialmente-del-sitio-web-de-la-familia-real\/"]}]},{"@type":"BreadcrumbList","@id":"https:\/\/graziamagazine.com\/mx\/articles\/las-biografias-de-harry-y-meghan-markle-desaparecieron-oficialmente-del-sitio-web-de-la-familia-real\/#breadcrumb","itemListElement":[{"@type":"ListItem","position":1,"name":"Home","item":"https:\/\/graziamagazine.com\/mx\/"},{"@type":"ListItem","position":2,"name":"Las biograf\u00edas del pr\u00edncipe Harry y Meghan Markle desaparecieron oficialmente del sitio web de la familia real"}]},{"@type":"WebSite","@id":"https:\/\/graziamagazine.com\/mx\/#website","url":"https:\/\/graziamagazine.com\/mx\/","name":"Grazia M\u00e9xico y Latinoam\u00e9rica","description":"Grazia es moda, belleza y noticias  de actualidad ","potentialAction":[{"@type":"SearchAction","target":{"@type":"EntryPoint","urlTemplate":"https:\/\/graziamagazine.com\/mx\/?s={search_term_string}"},"query-input":"required name=search_term_string"}],"inLanguage":"es-MX"}]}},"jetpack_sharing_enabled":true,"distributor_meta":false,"distributor_terms":false,"distributor_media":false,"distributor_original_site_name":"Grazia M\u00e9xico y Latinoam\u00e9rica","distributor_original_site_url":"https:\/\/graziamagazine.com\/mx","push-errors":false,"_links":{"self":[{"href":"https:\/\/graziamagazine.com\/mx\/wp-json\/wp\/v2\/articles\/135640"}],"collection":[{"href":"https:\/\/graziamagazine.com\/mx\/wp-json\/wp\/v2\/articles"}],"about":[{"href":"https:\/\/graziamagazine.com\/mx\/wp-json\/wp\/v2\/types\/articles"}],"author":[{"embeddable":true,"href":"https:\/\/graziamagazine.com\/mx\/wp-json\/wp\/v2\/users\/11628"}],"wp:featuredmedia":[{"embeddable":true,"href":"https:\/\/graziamagazine.com\/mx\/wp-json\/wp\/v2\/media\/92211"}],"wp:attachment":[{"href":"https:\/\/graziamagazine.com\/mx\/wp-json\/wp\/v2\/media?parent=135640"}],"wp:term":[{"taxonomy":"category","embeddable":true,"href":"https:\/\/graziamagazine.com\/mx\/wp-json\/wp\/v2\/categories?post=135640"}],"curies":[{"name":"wp","href":"https:\/\/api.w.org\/{rel}","templated":true}]}}