{"id":135639,"date":"2024-03-21T21:20:14","date_gmt":"2024-03-22T02:20:14","guid":{"rendered":"https:\/\/graziamagazine.com\/mx\/?post_type=articles&#038;p=135639"},"modified":"2024-03-21T21:22:25","modified_gmt":"2024-03-22T02:22:25","slug":"emily-ratajkowski-convierte-su-anillo-de-compromiso-en-dos-anillos-de-divorcio","status":"publish","type":"articles","link":"https:\/\/graziamagazine.com\/mx\/articles\/emily-ratajkowski-convierte-su-anillo-de-compromiso-en-dos-anillos-de-divorcio\/","title":{"rendered":"Emily Ratajkowski convierte su anillo de compromiso en dos &#8216;anillos de divorcio&#8217;"},"content":{"rendered":"<p><span style=\"font-weight: 400\"><strong>Emily Ratajkowski<\/strong> estren\u00f3 hoy sus dos \u201canillos de divorcio\u201d de diamantes de la marca <strong>Alison Lou<\/strong>, como muestra de empoderamiento, \u00a1y no esper\u00e1bamos menos de ella! La modelo dividi\u00f3 los diamantes de su anillo de compromiso de dos piedras que le regal\u00f3 su ex marido, <strong>Sebastian Bear-McClard,<\/strong> y los transform\u00f3 en piezas nuevas.\u00a0<\/span><\/p>\n<p><span style=\"font-weight: 400\">Alison Lou comparti\u00f3 en Instagram el resultado de las nuevas piezas, y escribi\u00f3: &#8220;Hicimos el anillo de compromiso original de dos piedras que marc\u00f3 la tendencia&#8230; Aqu\u00ed vamos de nuevo @emrata <em><strong>Divorce Rings\u2122<\/strong><\/em>&#8220;.<\/span><\/p>\n<p><span style=\"font-weight: 400\">Emily ha sido abierta sobre c\u00f3mo adaptarse a su vida despu\u00e9s del divorcio. En noviembre de 2022, habl\u00f3 en una entrevista sobre sus sentimientos iniciales despu\u00e9s de la separaci\u00f3n. \u201cPuedo decirles que nunca antes hab\u00eda estado soltera. Siento todas las emociones. Siento rabia, tristeza. Siento emoci\u00f3n. Siento alegr\u00eda. Siento ligereza. Cada d\u00eda es diferente. Lo \u00fanico bueno que s\u00e9 es que siento todas esas cosas, lo cual es bueno porque me hace creer que estar\u00e9 bien\u201d, dijo.<\/span><\/p>\n<p>https:\/\/www.instagram.com\/emrata\/p\/C4swhdjMSJO\/?img_index=1<\/p>\n<p><span style=\"font-weight: 400\">Tambi\u00e9n comparti\u00f3 en ese momento que hab\u00eda comenzado a salir nuevamente. \u201cHe tenido citas, pero dame tiempo\u201d, brome\u00f3.<\/span><\/p>\n<p><span style=\"font-weight: 400\">En mayo de 2023, dijo en otra entrevista: \u201cEstoy orgullosa de m\u00ed misma por esta nueva era\u201d, dijo. La versi\u00f3n m\u00e1s joven de m\u00ed probablemente se habr\u00eda conformado con un tipo mediano solo para tener un novio. Me alegro de no estar m\u00e1s en esa \u00e9poca\u201d.<\/span><\/p>\n<p><span style=\"font-weight: 400\">&#8220;Solo tuve una cita desde una aplicaci\u00f3n, pero fue con alguien con quien tambi\u00e9n ten\u00eda amigos en com\u00fan&#8221;, a\u00f1adi\u00f3 Emily Ratajkowski. \u201c\u00a1Estoy realmente abierta a conocer gente de cualquier forma! Pero s\u00ed creo que las mutuas son siempre una buena manera de examinar a las personas\u201d.<\/span><\/p>\n","protected":false},"author":11628,"featured_media":94572,"template":"","format":"standard","categories":[2],"acf":[],"yoast_head":"<!-- This site is optimized with the Yoast SEO Premium plugin v18.5 (Yoast SEO v20.4) - https:\/\/yoast.com\/wordpress\/plugins\/seo\/ -->\n<title>Emily Ratajkowski convierte su anillo de compromiso en dos &#039;anillos de divorcio&#039; | Grazia M\u00e9xico y Latinoam\u00e9rica<\/title>\n<meta name=\"description\" content=\"Emily Ratajkowski estren\u00f3 hoy sus dos \u201canillos de divorcio\u201d de diamantes de la marca Alison Lou, como muestra de empoderamiento, \u00a1y no esper\u00e1bamos menos\" \/>\n<meta name=\"robots\" content=\"index, follow, max-snippet:-1, max-image-preview:large, max-video-preview:-1\" \/>\n<link rel=\"canonical\" href=\"https:\/\/graziamagazine.com\/mx\/articles\/emily-ratajkowski-convierte-su-anillo-de-compromiso-en-dos-anillos-de-divorcio\/\" \/>\n<meta property=\"og:locale\" content=\"es_MX\" \/>\n<meta property=\"og:type\" content=\"article\" \/>\n<meta property=\"og:title\" content=\"Emily Ratajkowski convierte su anillo de compromiso en dos &#039;anillos de divorcio&#039;\" \/>\n<meta property=\"og:description\" content=\"Emily Ratajkowski estren\u00f3 hoy sus dos \u201canillos de divorcio\u201d de diamantes de la marca Alison Lou, como muestra de empoderamiento, \u00a1y no esper\u00e1bamos menos\" \/>\n<meta property=\"og:url\" content=\"https:\/\/graziamagazine.com\/mx\/articles\/emily-ratajkowski-convierte-su-anillo-de-compromiso-en-dos-anillos-de-divorcio\/\" \/>\n<meta property=\"og:site_name\" content=\"Grazia M\u00e9xico y Latinoam\u00e9rica\" \/>\n<meta property=\"article:modified_time\" content=\"2024-03-22T02:22:25+00:00\" \/>\n<meta property=\"og:image\" content=\"https:\/\/graziamagazine.com\/mx\/wp-content\/uploads\/sites\/13\/2021\/03\/emily-bebe-getty-t.jpg\" \/>\n\t<meta property=\"og:image:width\" content=\"1240\" \/>\n\t<meta property=\"og:image:height\" content=\"744\" \/>\n\t<meta property=\"og:image:type\" content=\"image\/jpeg\" \/>\n<meta name=\"twitter:card\" content=\"summary_large_image\" \/>\n<meta name=\"twitter:label1\" content=\"Est. reading time\" \/>\n\t<meta name=\"twitter:data1\" content=\"2 minutos\" \/>\n<script type=\"application\/ld+json\" class=\"yoast-schema-graph\">{\"@context\":\"https:\/\/schema.org\",\"@graph\":[{\"@type\":\"WebPage\",\"@id\":\"https:\/\/graziamagazine.com\/mx\/articles\/emily-ratajkowski-convierte-su-anillo-de-compromiso-en-dos-anillos-de-divorcio\/\",\"url\":\"https:\/\/graziamagazine.com\/mx\/articles\/emily-ratajkowski-convierte-su-anillo-de-compromiso-en-dos-anillos-de-divorcio\/\",\"name\":\"Emily Ratajkowski convierte su anillo de compromiso en dos 'anillos de divorcio' | Grazia M\u00e9xico y Latinoam\u00e9rica\",\"isPartOf\":{\"@id\":\"https:\/\/graziamagazine.com\/mx\/#website\"},\"datePublished\":\"2024-03-22T02:20:14+00:00\",\"dateModified\":\"2024-03-22T02:22:25+00:00\",\"description\":\"Emily Ratajkowski estren\u00f3 hoy sus dos \u201canillos de divorcio\u201d de diamantes de la marca Alison Lou, como muestra de empoderamiento, \u00a1y no esper\u00e1bamos menos\",\"breadcrumb\":{\"@id\":\"https:\/\/graziamagazine.com\/mx\/articles\/emily-ratajkowski-convierte-su-anillo-de-compromiso-en-dos-anillos-de-divorcio\/#breadcrumb\"},\"inLanguage\":\"es-MX\",\"potentialAction\":[{\"@type\":\"ReadAction\",\"target\":[\"https:\/\/graziamagazine.com\/mx\/articles\/emily-ratajkowski-convierte-su-anillo-de-compromiso-en-dos-anillos-de-divorcio\/\"]}]},{\"@type\":\"BreadcrumbList\",\"@id\":\"https:\/\/graziamagazine.com\/mx\/articles\/emily-ratajkowski-convierte-su-anillo-de-compromiso-en-dos-anillos-de-divorcio\/#breadcrumb\",\"itemListElement\":[{\"@type\":\"ListItem\",\"position\":1,\"name\":\"Home\",\"item\":\"https:\/\/graziamagazine.com\/mx\/\"},{\"@type\":\"ListItem\",\"position\":2,\"name\":\"Emily Ratajkowski convierte su anillo de compromiso en dos &#8216;anillos de divorcio&#8217;\"}]},{\"@type\":\"WebSite\",\"@id\":\"https:\/\/graziamagazine.com\/mx\/#website\",\"url\":\"https:\/\/graziamagazine.com\/mx\/\",\"name\":\"Grazia M\u00e9xico y Latinoam\u00e9rica\",\"description\":\"Grazia es moda, belleza y noticias  de actualidad \",\"potentialAction\":[{\"@type\":\"SearchAction\",\"target\":{\"@type\":\"EntryPoint\",\"urlTemplate\":\"https:\/\/graziamagazine.com\/mx\/?s={search_term_string}\"},\"query-input\":\"required name=search_term_string\"}],\"inLanguage\":\"es-MX\"}]}<\/script>\n<!-- \/ Yoast SEO Premium plugin. -->","yoast_head_json":{"title":"Emily Ratajkowski convierte su anillo de compromiso en dos 'anillos de divorcio' | Grazia M\u00e9xico y Latinoam\u00e9rica","description":"Emily Ratajkowski estren\u00f3 hoy sus dos \u201canillos de divorcio\u201d de diamantes de la marca Alison Lou, como muestra de empoderamiento, \u00a1y no esper\u00e1bamos menos","robots":{"index":"index","follow":"follow","max-snippet":"max-snippet:-1","max-image-preview":"max-image-preview:large","max-video-preview":"max-video-preview:-1"},"canonical":"https:\/\/graziamagazine.com\/mx\/articles\/emily-ratajkowski-convierte-su-anillo-de-compromiso-en-dos-anillos-de-divorcio\/","og_locale":"es_MX","og_type":"article","og_title":"Emily Ratajkowski convierte su anillo de compromiso en dos 'anillos de divorcio'","og_description":"Emily Ratajkowski estren\u00f3 hoy sus dos \u201canillos de divorcio\u201d de diamantes de la marca Alison Lou, como muestra de empoderamiento, \u00a1y no esper\u00e1bamos menos","og_url":"https:\/\/graziamagazine.com\/mx\/articles\/emily-ratajkowski-convierte-su-anillo-de-compromiso-en-dos-anillos-de-divorcio\/","og_site_name":"Grazia M\u00e9xico y Latinoam\u00e9rica","article_modified_time":"2024-03-22T02:22:25+00:00","og_image":[{"width":1240,"height":744,"url":"https:\/\/graziamagazine.com\/mx\/wp-content\/uploads\/sites\/13\/2021\/03\/emily-bebe-getty-t.jpg","type":"image\/jpeg"}],"twitter_card":"summary_large_image","twitter_misc":{"Est. reading time":"2 minutos"},"schema":{"@context":"https:\/\/schema.org","@graph":[{"@type":"WebPage","@id":"https:\/\/graziamagazine.com\/mx\/articles\/emily-ratajkowski-convierte-su-anillo-de-compromiso-en-dos-anillos-de-divorcio\/","url":"https:\/\/graziamagazine.com\/mx\/articles\/emily-ratajkowski-convierte-su-anillo-de-compromiso-en-dos-anillos-de-divorcio\/","name":"Emily Ratajkowski convierte su anillo de compromiso en dos 'anillos de divorcio' | Grazia M\u00e9xico y Latinoam\u00e9rica","isPartOf":{"@id":"https:\/\/graziamagazine.com\/mx\/#website"},"datePublished":"2024-03-22T02:20:14+00:00","dateModified":"2024-03-22T02:22:25+00:00","description":"Emily Ratajkowski estren\u00f3 hoy sus dos \u201canillos de divorcio\u201d de diamantes de la marca Alison Lou, como muestra de empoderamiento, \u00a1y no esper\u00e1bamos menos","breadcrumb":{"@id":"https:\/\/graziamagazine.com\/mx\/articles\/emily-ratajkowski-convierte-su-anillo-de-compromiso-en-dos-anillos-de-divorcio\/#breadcrumb"},"inLanguage":"es-MX","potentialAction":[{"@type":"ReadAction","target":["https:\/\/graziamagazine.com\/mx\/articles\/emily-ratajkowski-convierte-su-anillo-de-compromiso-en-dos-anillos-de-divorcio\/"]}]},{"@type":"BreadcrumbList","@id":"https:\/\/graziamagazine.com\/mx\/articles\/emily-ratajkowski-convierte-su-anillo-de-compromiso-en-dos-anillos-de-divorcio\/#breadcrumb","itemListElement":[{"@type":"ListItem","position":1,"name":"Home","item":"https:\/\/graziamagazine.com\/mx\/"},{"@type":"ListItem","position":2,"name":"Emily Ratajkowski convierte su anillo de compromiso en dos &#8216;anillos de divorcio&#8217;"}]},{"@type":"WebSite","@id":"https:\/\/graziamagazine.com\/mx\/#website","url":"https:\/\/graziamagazine.com\/mx\/","name":"Grazia M\u00e9xico y Latinoam\u00e9rica","description":"Grazia es moda, belleza y noticias  de actualidad ","potentialAction":[{"@type":"SearchAction","target":{"@type":"EntryPoint","urlTemplate":"https:\/\/graziamagazine.com\/mx\/?s={search_term_string}"},"query-input":"required name=search_term_string"}],"inLanguage":"es-MX"}]}},"jetpack_sharing_enabled":true,"distributor_meta":false,"distributor_terms":false,"distributor_media":false,"distributor_original_site_name":"Grazia M\u00e9xico y Latinoam\u00e9rica","distributor_original_site_url":"https:\/\/graziamagazine.com\/mx","push-errors":false,"_links":{"self":[{"href":"https:\/\/graziamagazine.com\/mx\/wp-json\/wp\/v2\/articles\/135639"}],"collection":[{"href":"https:\/\/graziamagazine.com\/mx\/wp-json\/wp\/v2\/articles"}],"about":[{"href":"https:\/\/graziamagazine.com\/mx\/wp-json\/wp\/v2\/types\/articles"}],"author":[{"embeddable":true,"href":"https:\/\/graziamagazine.com\/mx\/wp-json\/wp\/v2\/users\/11628"}],"wp:featuredmedia":[{"embeddable":true,"href":"https:\/\/graziamagazine.com\/mx\/wp-json\/wp\/v2\/media\/94572"}],"wp:attachment":[{"href":"https:\/\/graziamagazine.com\/mx\/wp-json\/wp\/v2\/media?parent=135639"}],"wp:term":[{"taxonomy":"category","embeddable":true,"href":"https:\/\/graziamagazine.com\/mx\/wp-json\/wp\/v2\/categories?post=135639"}],"curies":[{"name":"wp","href":"https:\/\/api.w.org\/{rel}","templated":true}]}}