{"id":135527,"date":"2024-03-29T13:34:35","date_gmt":"2024-03-29T18:34:35","guid":{"rendered":"https:\/\/graziamagazine.com\/mx\/?post_type=articles&#038;p=135527"},"modified":"2024-03-29T13:24:31","modified_gmt":"2024-03-29T18:24:31","slug":"te-contamos-como-cuidar-tus-pecas-y-lunares-del-sol","status":"publish","type":"articles","link":"https:\/\/graziamagazine.com\/mx\/articles\/te-contamos-como-cuidar-tus-pecas-y-lunares-del-sol\/","title":{"rendered":"Te contamos como cuidar tus pecas y lunares del sol"},"content":{"rendered":"<p>Las <strong>pecas y los lunares<\/strong> son caracter\u00edsticas \u00fanicas de nuestra piel que nos dan un <strong>toque de singularidad y personalidad<\/strong>. Sin embargo, estos peque\u00f1os detalles tambi\u00e9n requieren<strong> cuidados especiales<\/strong>, especialmente cuando se trata de<strong> protegerlos del da\u00f1o solar. <\/strong><\/p>\n<p>Con la llegada del verano y la exposici\u00f3n al sol, es crucial adoptar medidas para preservar la <strong>salud de nuestra piel<\/strong> y evitar posibles complicaciones. Aqu\u00ed te contamos c\u00f3mo cuidar tus pecas y lunares del sol:<\/p>\n<h3><strong>Protecci\u00f3n Solar<\/strong><\/h3>\n<figure id=\"attachment_135532\" aria-describedby=\"caption-attachment-135532\" style=\"width: 612px\" class=\"wp-caption alignnone\"><img loading=\"lazy\" decoding=\"async\" class=\"size-full wp-image-135532\" src=\"https:\/\/graziamagazine.com\/mx\/wp-content\/uploads\/sites\/13\/2024\/03\/istockphoto-1357956420-612x612-1.jpg\" alt=\"Te contamos como cuidar tus pecas y lunares del sol \" width=\"612\" height=\"408\" srcset=\"https:\/\/graziamagazine.com\/mx\/wp-content\/uploads\/sites\/13\/2024\/03\/istockphoto-1357956420-612x612-1.jpg 612w, https:\/\/graziamagazine.com\/mx\/wp-content\/uploads\/sites\/13\/2024\/03\/istockphoto-1357956420-612x612-1-450x300.jpg 450w, https:\/\/graziamagazine.com\/mx\/wp-content\/uploads\/sites\/13\/2024\/03\/istockphoto-1357956420-612x612-1-400x267.jpg 400w, https:\/\/graziamagazine.com\/mx\/wp-content\/uploads\/sites\/13\/2024\/03\/istockphoto-1357956420-612x612-1-155x103.jpg 155w\" sizes=\"(max-width: 612px) 100vw, 612px\" \/><figcaption id=\"caption-attachment-135532\" class=\"wp-caption-text\">Te contamos como cuidar tus pecas y lunares del sol<\/figcaption><\/figure>\n<p>La protecci\u00f3n solar es fundamental para cuidar la piel, especialmente aquellas \u00e1reas con pecas y lunares. Utiliza siempre un protector solar de amplio espectro con un factor de protecci\u00f3n solar (FPS) de al menos 30, y reaplica cada dos horas o despu\u00e9s de nadar o sudar.<\/p>\n<p>Busca productos espec\u00edficos para pieles sensibles y evita la exposici\u00f3n directa al sol durante las horas pico, generalmente entre las 10 a.m. y las 4 p.m.<\/p>\n<h3><strong>Ropa y Accesorios de Protecci\u00f3n<img loading=\"lazy\" decoding=\"async\" class=\"alignnone wp-image-135534 size-full\" src=\"https:\/\/graziamagazine.com\/mx\/wp-content\/uploads\/sites\/13\/2024\/03\/Captura-de-Pantalla-2024-03-19-a-las-9.38.41-e1710863457714.png\" alt=\"\" width=\"608\" height=\"414\" srcset=\"https:\/\/graziamagazine.com\/mx\/wp-content\/uploads\/sites\/13\/2024\/03\/Captura-de-Pantalla-2024-03-19-a-las-9.38.41-e1710863457714.png 608w, https:\/\/graziamagazine.com\/mx\/wp-content\/uploads\/sites\/13\/2024\/03\/Captura-de-Pantalla-2024-03-19-a-las-9.38.41-e1710863457714-450x306.png 450w, https:\/\/graziamagazine.com\/mx\/wp-content\/uploads\/sites\/13\/2024\/03\/Captura-de-Pantalla-2024-03-19-a-las-9.38.41-e1710863457714-400x272.png 400w, https:\/\/graziamagazine.com\/mx\/wp-content\/uploads\/sites\/13\/2024\/03\/Captura-de-Pantalla-2024-03-19-a-las-9.38.41-e1710863457714-155x106.png 155w\" sizes=\"(max-width: 608px) 100vw, 608px\" \/><\/strong><\/h3>\n<p>Adem\u00e1s del protector solar, considera utilizar ropa y accesorios que proporcionen una barrera f\u00edsica contra los rayos UV.<\/p>\n<p>Opta por sombreros de ala ancha para proteger el rostro, gafas de sol con protecci\u00f3n UV para proteger los ojos y la piel circundante, y prendas de vestir que cubran \u00e1reas con pecas y lunares, como camisas de manga larga y pantalones largos.<\/p>\n<h3><strong>Evita el Bronceado Artificial<img loading=\"lazy\" decoding=\"async\" class=\"alignnone wp-image-135533 size-full\" src=\"https:\/\/graziamagazine.com\/mx\/wp-content\/uploads\/sites\/13\/2024\/03\/Captura-de-Pantalla-2024-03-19-a-las-9.43.43-e1710863405799.png\" alt=\"\" width=\"610\" height=\"341\" srcset=\"https:\/\/graziamagazine.com\/mx\/wp-content\/uploads\/sites\/13\/2024\/03\/Captura-de-Pantalla-2024-03-19-a-las-9.43.43-e1710863405799.png 610w, https:\/\/graziamagazine.com\/mx\/wp-content\/uploads\/sites\/13\/2024\/03\/Captura-de-Pantalla-2024-03-19-a-las-9.43.43-e1710863405799-450x252.png 450w, https:\/\/graziamagazine.com\/mx\/wp-content\/uploads\/sites\/13\/2024\/03\/Captura-de-Pantalla-2024-03-19-a-las-9.43.43-e1710863405799-400x224.png 400w, https:\/\/graziamagazine.com\/mx\/wp-content\/uploads\/sites\/13\/2024\/03\/Captura-de-Pantalla-2024-03-19-a-las-9.43.43-e1710863405799-155x87.png 155w\" sizes=\"(max-width: 610px) 100vw, 610px\" \/><\/strong><\/h3>\n<p>El uso de camas de bronceado y l\u00e1mparas solares aumenta el riesgo de da\u00f1o solar y puede provocar un envejecimiento prematuro de la piel, as\u00ed como un mayor riesgo de desarrollar c\u00e1ncer de piel.<\/p>\n<p>Evita estos m\u00e9todos artificiales de bronceado y opta por alternativas m\u00e1s seguras como los autobronceadores o los polvos bronceadores sin sol.<\/p>\n<h3><strong>Hidrataci\u00f3n y Nutrici\u00f3n<img loading=\"lazy\" decoding=\"async\" class=\"alignnone wp-image-135530 size-full\" src=\"https:\/\/graziamagazine.com\/mx\/wp-content\/uploads\/sites\/13\/2024\/03\/Captura-de-Pantalla-2024-03-19-a-las-9.39.15-e1710863508651.png\" alt=\"\" width=\"612\" height=\"480\" srcset=\"https:\/\/graziamagazine.com\/mx\/wp-content\/uploads\/sites\/13\/2024\/03\/Captura-de-Pantalla-2024-03-19-a-las-9.39.15-e1710863508651.png 612w, https:\/\/graziamagazine.com\/mx\/wp-content\/uploads\/sites\/13\/2024\/03\/Captura-de-Pantalla-2024-03-19-a-las-9.39.15-e1710863508651-450x353.png 450w, https:\/\/graziamagazine.com\/mx\/wp-content\/uploads\/sites\/13\/2024\/03\/Captura-de-Pantalla-2024-03-19-a-las-9.39.15-e1710863508651-400x314.png 400w, https:\/\/graziamagazine.com\/mx\/wp-content\/uploads\/sites\/13\/2024\/03\/Captura-de-Pantalla-2024-03-19-a-las-9.39.15-e1710863508651-155x122.png 155w\" sizes=\"(max-width: 612px) 100vw, 612px\" \/><\/strong><\/h3>\n<p>Mant\u00e9n tu piel hidratada y nutrida desde adentro hacia afuera bebiendo suficiente agua y consumiendo una dieta equilibrada rica en frutas, verduras, prote\u00ednas magras y grasas saludables.<\/p>\n<p>Una piel bien hidratada y nutrida es menos susceptible al da\u00f1o solar y tiene una mayor capacidad para regenerarse y repararse.<\/p>\n<p>Cuidar tus pecas y lunares del sol es esencial para mantener una piel sana y protegida a lo largo del tiempo. Con la protecci\u00f3n solar adecuada, el monitoreo regular de tu piel y el asesoramiento profesional cuando sea necesario, puedes disfrutar del sol de manera segura y mantener la belleza \u00fanica de tus pecas y lunares.<\/p>\n<p><em><strong>*IMAGEN: Google Images\u00a0<\/strong><\/em><\/p>\n","protected":false},"author":28953,"featured_media":135528,"template":"","format":"standard","categories":[3],"acf":[],"yoast_head":"<!-- This site is optimized with the Yoast SEO Premium plugin v18.5 (Yoast SEO v20.4) - https:\/\/yoast.com\/wordpress\/plugins\/seo\/ -->\n<title>Te contamos como cuidar tus pecas y lunares del sol<\/title>\n<meta name=\"description\" content=\"Las pecas y los lunares son marcas en la piel que pueden ser causadas por la gen\u00e9tica, la exposici\u00f3n al sol o cambios hormonales.\" \/>\n<meta name=\"robots\" content=\"index, follow, max-snippet:-1, max-image-preview:large, max-video-preview:-1\" \/>\n<link rel=\"canonical\" href=\"https:\/\/graziamagazine.com\/mx\/articles\/te-contamos-como-cuidar-tus-pecas-y-lunares-del-sol\/\" \/>\n<meta property=\"og:locale\" content=\"es_MX\" \/>\n<meta property=\"og:type\" content=\"article\" \/>\n<meta property=\"og:title\" content=\"Te contamos como cuidar tus pecas y lunares del sol\" \/>\n<meta property=\"og:description\" content=\"Las pecas y los lunares son marcas en la piel que pueden ser causadas por la gen\u00e9tica, la exposici\u00f3n al sol o cambios hormonales.\" \/>\n<meta property=\"og:url\" content=\"https:\/\/graziamagazine.com\/mx\/articles\/te-contamos-como-cuidar-tus-pecas-y-lunares-del-sol\/\" \/>\n<meta property=\"og:site_name\" content=\"Grazia M\u00e9xico y Latinoam\u00e9rica\" \/>\n<meta property=\"article:modified_time\" content=\"2024-03-29T18:24:31+00:00\" \/>\n<meta property=\"og:image\" content=\"https:\/\/graziamagazine.com\/mx\/wp-content\/uploads\/sites\/13\/2024\/03\/15506510641253.jpg\" \/>\n\t<meta property=\"og:image:width\" content=\"660\" \/>\n\t<meta property=\"og:image:height\" content=\"440\" \/>\n\t<meta property=\"og:image:type\" content=\"image\/jpeg\" \/>\n<meta name=\"twitter:card\" content=\"summary_large_image\" \/>\n<meta name=\"twitter:label1\" content=\"Est. reading time\" \/>\n\t<meta name=\"twitter:data1\" content=\"3 minutos\" \/>\n<script type=\"application\/ld+json\" class=\"yoast-schema-graph\">{\"@context\":\"https:\/\/schema.org\",\"@graph\":[{\"@type\":\"WebPage\",\"@id\":\"https:\/\/graziamagazine.com\/mx\/articles\/te-contamos-como-cuidar-tus-pecas-y-lunares-del-sol\/\",\"url\":\"https:\/\/graziamagazine.com\/mx\/articles\/te-contamos-como-cuidar-tus-pecas-y-lunares-del-sol\/\",\"name\":\"Te contamos como cuidar tus pecas y lunares del sol\",\"isPartOf\":{\"@id\":\"https:\/\/graziamagazine.com\/mx\/#website\"},\"datePublished\":\"2024-03-29T18:34:35+00:00\",\"dateModified\":\"2024-03-29T18:24:31+00:00\",\"description\":\"Las pecas y los lunares son marcas en la piel que pueden ser causadas por la gen\u00e9tica, la exposici\u00f3n al sol o cambios hormonales.\",\"breadcrumb\":{\"@id\":\"https:\/\/graziamagazine.com\/mx\/articles\/te-contamos-como-cuidar-tus-pecas-y-lunares-del-sol\/#breadcrumb\"},\"inLanguage\":\"es-MX\",\"potentialAction\":[{\"@type\":\"ReadAction\",\"target\":[\"https:\/\/graziamagazine.com\/mx\/articles\/te-contamos-como-cuidar-tus-pecas-y-lunares-del-sol\/\"]}]},{\"@type\":\"BreadcrumbList\",\"@id\":\"https:\/\/graziamagazine.com\/mx\/articles\/te-contamos-como-cuidar-tus-pecas-y-lunares-del-sol\/#breadcrumb\",\"itemListElement\":[{\"@type\":\"ListItem\",\"position\":1,\"name\":\"Home\",\"item\":\"https:\/\/graziamagazine.com\/mx\/\"},{\"@type\":\"ListItem\",\"position\":2,\"name\":\"Te contamos como cuidar tus pecas y lunares del sol\"}]},{\"@type\":\"WebSite\",\"@id\":\"https:\/\/graziamagazine.com\/mx\/#website\",\"url\":\"https:\/\/graziamagazine.com\/mx\/\",\"name\":\"Grazia M\u00e9xico y Latinoam\u00e9rica\",\"description\":\"Grazia es moda, belleza y noticias  de actualidad \",\"potentialAction\":[{\"@type\":\"SearchAction\",\"target\":{\"@type\":\"EntryPoint\",\"urlTemplate\":\"https:\/\/graziamagazine.com\/mx\/?s={search_term_string}\"},\"query-input\":\"required name=search_term_string\"}],\"inLanguage\":\"es-MX\"}]}<\/script>\n<!-- \/ Yoast SEO Premium plugin. -->","yoast_head_json":{"title":"Te contamos como cuidar tus pecas y lunares del sol","description":"Las pecas y los lunares son marcas en la piel que pueden ser causadas por la gen\u00e9tica, la exposici\u00f3n al sol o cambios hormonales.","robots":{"index":"index","follow":"follow","max-snippet":"max-snippet:-1","max-image-preview":"max-image-preview:large","max-video-preview":"max-video-preview:-1"},"canonical":"https:\/\/graziamagazine.com\/mx\/articles\/te-contamos-como-cuidar-tus-pecas-y-lunares-del-sol\/","og_locale":"es_MX","og_type":"article","og_title":"Te contamos como cuidar tus pecas y lunares del sol","og_description":"Las pecas y los lunares son marcas en la piel que pueden ser causadas por la gen\u00e9tica, la exposici\u00f3n al sol o cambios hormonales.","og_url":"https:\/\/graziamagazine.com\/mx\/articles\/te-contamos-como-cuidar-tus-pecas-y-lunares-del-sol\/","og_site_name":"Grazia M\u00e9xico y Latinoam\u00e9rica","article_modified_time":"2024-03-29T18:24:31+00:00","og_image":[{"width":660,"height":440,"url":"https:\/\/graziamagazine.com\/mx\/wp-content\/uploads\/sites\/13\/2024\/03\/15506510641253.jpg","type":"image\/jpeg"}],"twitter_card":"summary_large_image","twitter_misc":{"Est. reading time":"3 minutos"},"schema":{"@context":"https:\/\/schema.org","@graph":[{"@type":"WebPage","@id":"https:\/\/graziamagazine.com\/mx\/articles\/te-contamos-como-cuidar-tus-pecas-y-lunares-del-sol\/","url":"https:\/\/graziamagazine.com\/mx\/articles\/te-contamos-como-cuidar-tus-pecas-y-lunares-del-sol\/","name":"Te contamos como cuidar tus pecas y lunares del sol","isPartOf":{"@id":"https:\/\/graziamagazine.com\/mx\/#website"},"datePublished":"2024-03-29T18:34:35+00:00","dateModified":"2024-03-29T18:24:31+00:00","description":"Las pecas y los lunares son marcas en la piel que pueden ser causadas por la gen\u00e9tica, la exposici\u00f3n al sol o cambios hormonales.","breadcrumb":{"@id":"https:\/\/graziamagazine.com\/mx\/articles\/te-contamos-como-cuidar-tus-pecas-y-lunares-del-sol\/#breadcrumb"},"inLanguage":"es-MX","potentialAction":[{"@type":"ReadAction","target":["https:\/\/graziamagazine.com\/mx\/articles\/te-contamos-como-cuidar-tus-pecas-y-lunares-del-sol\/"]}]},{"@type":"BreadcrumbList","@id":"https:\/\/graziamagazine.com\/mx\/articles\/te-contamos-como-cuidar-tus-pecas-y-lunares-del-sol\/#breadcrumb","itemListElement":[{"@type":"ListItem","position":1,"name":"Home","item":"https:\/\/graziamagazine.com\/mx\/"},{"@type":"ListItem","position":2,"name":"Te contamos como cuidar tus pecas y lunares del sol"}]},{"@type":"WebSite","@id":"https:\/\/graziamagazine.com\/mx\/#website","url":"https:\/\/graziamagazine.com\/mx\/","name":"Grazia M\u00e9xico y Latinoam\u00e9rica","description":"Grazia es moda, belleza y noticias  de actualidad ","potentialAction":[{"@type":"SearchAction","target":{"@type":"EntryPoint","urlTemplate":"https:\/\/graziamagazine.com\/mx\/?s={search_term_string}"},"query-input":"required name=search_term_string"}],"inLanguage":"es-MX"}]}},"jetpack_sharing_enabled":true,"distributor_meta":false,"distributor_terms":false,"distributor_media":false,"distributor_original_site_name":"Grazia M\u00e9xico y Latinoam\u00e9rica","distributor_original_site_url":"https:\/\/graziamagazine.com\/mx","push-errors":false,"_links":{"self":[{"href":"https:\/\/graziamagazine.com\/mx\/wp-json\/wp\/v2\/articles\/135527"}],"collection":[{"href":"https:\/\/graziamagazine.com\/mx\/wp-json\/wp\/v2\/articles"}],"about":[{"href":"https:\/\/graziamagazine.com\/mx\/wp-json\/wp\/v2\/types\/articles"}],"author":[{"embeddable":true,"href":"https:\/\/graziamagazine.com\/mx\/wp-json\/wp\/v2\/users\/28953"}],"wp:featuredmedia":[{"embeddable":true,"href":"https:\/\/graziamagazine.com\/mx\/wp-json\/wp\/v2\/media\/135528"}],"wp:attachment":[{"href":"https:\/\/graziamagazine.com\/mx\/wp-json\/wp\/v2\/media?parent=135527"}],"wp:term":[{"taxonomy":"category","embeddable":true,"href":"https:\/\/graziamagazine.com\/mx\/wp-json\/wp\/v2\/categories?post=135527"}],"curies":[{"name":"wp","href":"https:\/\/api.w.org\/{rel}","templated":true}]}}