{"id":135513,"date":"2024-03-29T14:04:53","date_gmt":"2024-03-29T19:04:53","guid":{"rendered":"https:\/\/graziamagazine.com\/mx\/?post_type=articles&#038;p=135513"},"modified":"2024-03-29T13:25:34","modified_gmt":"2024-03-29T18:25:34","slug":"los-pantalones-capri-el-regreso-de-una-tendencia-olvidada","status":"publish","type":"articles","link":"https:\/\/graziamagazine.com\/mx\/articles\/los-pantalones-capri-el-regreso-de-una-tendencia-olvidada\/","title":{"rendered":"Los Pantalones Capri: \u00bfEl regreso de una tendencia olvidada?"},"content":{"rendered":"<p>Los ciclos de la moda son impredecibles, y lo que una vez fue considerado pasado de moda, a menudo regresa triunfalmente.<\/p>\n<p>En el mundo de la moda, los<strong> pantalones capri<\/strong> est\u00e1n amenazando con hacer su gran regreso en<strong> 2024<\/strong>, desafiando las convenciones y prometiendo convertirse en una tendencia controvertida.<\/p>\n<p>\u00bfQu\u00e9 hace que estos pantalones, que alguna vez fueron populares en la<strong> d\u00e9cada de 1950<\/strong>, vuelvan a estar en boca de todos?<\/p>\n<p>Con la llegada de la primavera, es hora de sacar del armario prendas m\u00e1s<strong> ligeras y frescas<\/strong>, y los pantalones capri pueden ser una <strong>opci\u00f3n elegante y vers\u00e1til<\/strong> para esta temporada.<\/p>\n<p>Sin embargo, combinarlos adecuadamente puede ser todo un desaf\u00edo. Aqu\u00ed te presentamos algunas sugerencias sobre c\u00f3mo lucir tus pantalones capri con estilo esta primavera:<\/p>\n<h3><strong>Opta por Tops Ligeros<\/strong><\/h3>\n<figure id=\"attachment_135521\" aria-describedby=\"caption-attachment-135521\" style=\"width: 665px\" class=\"wp-caption alignnone\"><img loading=\"lazy\" decoding=\"async\" class=\"size-large wp-image-135521\" src=\"https:\/\/graziamagazine.com\/mx\/wp-content\/uploads\/sites\/13\/2024\/03\/Captura-de-Pantalla-2024-03-19-a-las-9.13.47-665x1024.png\" alt=\"Los Pantalones Capri: \u00bfEl regreso de una tendencia olvidada?\" width=\"665\" height=\"1024\" srcset=\"https:\/\/graziamagazine.com\/mx\/wp-content\/uploads\/sites\/13\/2024\/03\/Captura-de-Pantalla-2024-03-19-a-las-9.13.47-665x1024.png 665w, https:\/\/graziamagazine.com\/mx\/wp-content\/uploads\/sites\/13\/2024\/03\/Captura-de-Pantalla-2024-03-19-a-las-9.13.47-292x450.png 292w, https:\/\/graziamagazine.com\/mx\/wp-content\/uploads\/sites\/13\/2024\/03\/Captura-de-Pantalla-2024-03-19-a-las-9.13.47-768x1182.png 768w, https:\/\/graziamagazine.com\/mx\/wp-content\/uploads\/sites\/13\/2024\/03\/Captura-de-Pantalla-2024-03-19-a-las-9.13.47-400x616.png 400w, https:\/\/graziamagazine.com\/mx\/wp-content\/uploads\/sites\/13\/2024\/03\/Captura-de-Pantalla-2024-03-19-a-las-9.13.47-140x215.png 140w, https:\/\/graziamagazine.com\/mx\/wp-content\/uploads\/sites\/13\/2024\/03\/Captura-de-Pantalla-2024-03-19-a-las-9.13.47.png 964w\" sizes=\"(max-width: 665px) 100vw, 665px\" \/><figcaption id=\"caption-attachment-135521\" class=\"wp-caption-text\">Los Pantalones Capri: \u00bfEl regreso de una tendencia olvidada?<\/figcaption><\/figure>\n<p>Los pantalones capri tienden a acortar visualmente la silueta, por lo que es importante equilibrar esto con tops ligeros y fluidos que ayuden a alargar la figura. Blusas de tela suave, camisetas con estampados florales o tops de manga corta son opciones ideales para la primavera.<\/p>\n<h3><strong>Juega con las Texturas<\/strong><\/h3>\n<figure id=\"attachment_135520\" aria-describedby=\"caption-attachment-135520\" style=\"width: 683px\" class=\"wp-caption alignnone\"><img loading=\"lazy\" decoding=\"async\" class=\"size-large wp-image-135520\" src=\"https:\/\/graziamagazine.com\/mx\/wp-content\/uploads\/sites\/13\/2024\/03\/gettyimages-2004669037-65d4da1bb02c4-683x1024.jpg\" alt=\"Los Pantalones Capri: \u00bfEl regreso de una tendencia olvidada?\" width=\"683\" height=\"1024\" srcset=\"https:\/\/graziamagazine.com\/mx\/wp-content\/uploads\/sites\/13\/2024\/03\/gettyimages-2004669037-65d4da1bb02c4-683x1024.jpg 683w, https:\/\/graziamagazine.com\/mx\/wp-content\/uploads\/sites\/13\/2024\/03\/gettyimages-2004669037-65d4da1bb02c4-300x450.jpg 300w, https:\/\/graziamagazine.com\/mx\/wp-content\/uploads\/sites\/13\/2024\/03\/gettyimages-2004669037-65d4da1bb02c4-768x1152.jpg 768w, https:\/\/graziamagazine.com\/mx\/wp-content\/uploads\/sites\/13\/2024\/03\/gettyimages-2004669037-65d4da1bb02c4-400x600.jpg 400w, https:\/\/graziamagazine.com\/mx\/wp-content\/uploads\/sites\/13\/2024\/03\/gettyimages-2004669037-65d4da1bb02c4-143x215.jpg 143w, https:\/\/graziamagazine.com\/mx\/wp-content\/uploads\/sites\/13\/2024\/03\/gettyimages-2004669037-65d4da1bb02c4.jpg 980w\" sizes=\"(max-width: 683px) 100vw, 683px\" \/><figcaption id=\"caption-attachment-135520\" class=\"wp-caption-text\">Los Pantalones Capri: \u00bfEl regreso de una tendencia olvidada?<\/figcaption><\/figure>\n<p>Agrega inter\u00e9s visual a tu conjunto combinando tus pantalones capri con piezas que tengan texturas interesantes. Por ejemplo, puedes optar por una blusa de encaje o un top de punto para crear contraste y profundidad en tu look.<\/p>\n<h3><strong>A\u00f1ade un Toque de Color<img loading=\"lazy\" decoding=\"async\" class=\"alignnone size-large wp-image-135523\" src=\"https:\/\/graziamagazine.com\/mx\/wp-content\/uploads\/sites\/13\/2024\/03\/Captura-de-Pantalla-2024-03-19-a-las-9.17.54-637x1024.png\" alt=\"\" width=\"637\" height=\"1024\" srcset=\"https:\/\/graziamagazine.com\/mx\/wp-content\/uploads\/sites\/13\/2024\/03\/Captura-de-Pantalla-2024-03-19-a-las-9.17.54-637x1024.png 637w, https:\/\/graziamagazine.com\/mx\/wp-content\/uploads\/sites\/13\/2024\/03\/Captura-de-Pantalla-2024-03-19-a-las-9.17.54-280x450.png 280w, https:\/\/graziamagazine.com\/mx\/wp-content\/uploads\/sites\/13\/2024\/03\/Captura-de-Pantalla-2024-03-19-a-las-9.17.54-768x1235.png 768w, https:\/\/graziamagazine.com\/mx\/wp-content\/uploads\/sites\/13\/2024\/03\/Captura-de-Pantalla-2024-03-19-a-las-9.17.54-400x643.png 400w, https:\/\/graziamagazine.com\/mx\/wp-content\/uploads\/sites\/13\/2024\/03\/Captura-de-Pantalla-2024-03-19-a-las-9.17.54-134x215.png 134w, https:\/\/graziamagazine.com\/mx\/wp-content\/uploads\/sites\/13\/2024\/03\/Captura-de-Pantalla-2024-03-19-a-las-9.17.54.png 930w\" sizes=\"(max-width: 637px) 100vw, 637px\" \/><\/strong><\/h3>\n<p>La primavera es el momento perfecto para experimentar con colores brillantes y vibrantes. Considera combinar tus pantalones capri con una blusa o una chaqueta en tonos pastel o colores llamativos como el amarillo, el verde menta o el coral para agregar un toque de frescura y vitalidad a tu outfit.<\/p>\n<h3><strong>Completa con Calzado Apropiado<\/strong><\/h3>\n<figure id=\"attachment_135519\" aria-describedby=\"caption-attachment-135519\" style=\"width: 617px\" class=\"wp-caption alignnone\"><img loading=\"lazy\" decoding=\"async\" class=\"size-large wp-image-135519\" src=\"https:\/\/graziamagazine.com\/mx\/wp-content\/uploads\/sites\/13\/2024\/03\/Captura-de-Pantalla-2024-03-19-a-las-9.11.36-617x1024.png\" alt=\"Los Pantalones Capri: \u00bfEl regreso de una tendencia olvidada?\" width=\"617\" height=\"1024\" srcset=\"https:\/\/graziamagazine.com\/mx\/wp-content\/uploads\/sites\/13\/2024\/03\/Captura-de-Pantalla-2024-03-19-a-las-9.11.36-617x1024.png 617w, https:\/\/graziamagazine.com\/mx\/wp-content\/uploads\/sites\/13\/2024\/03\/Captura-de-Pantalla-2024-03-19-a-las-9.11.36-271x450.png 271w, https:\/\/graziamagazine.com\/mx\/wp-content\/uploads\/sites\/13\/2024\/03\/Captura-de-Pantalla-2024-03-19-a-las-9.11.36-768x1274.png 768w, https:\/\/graziamagazine.com\/mx\/wp-content\/uploads\/sites\/13\/2024\/03\/Captura-de-Pantalla-2024-03-19-a-las-9.11.36-400x664.png 400w, https:\/\/graziamagazine.com\/mx\/wp-content\/uploads\/sites\/13\/2024\/03\/Captura-de-Pantalla-2024-03-19-a-las-9.11.36-130x215.png 130w, https:\/\/graziamagazine.com\/mx\/wp-content\/uploads\/sites\/13\/2024\/03\/Captura-de-Pantalla-2024-03-19-a-las-9.11.36.png 774w\" sizes=\"(max-width: 617px) 100vw, 617px\" \/><figcaption id=\"caption-attachment-135519\" class=\"wp-caption-text\">Los Pantalones Capri: \u00bfEl regreso de una tendencia olvidada?<\/figcaption><\/figure>\n<p>El calzado es clave para completar tu look con pantalones capri. Para un estilo casual y relajado, puedes optar por sandalias planas o zapatillas deportivas. Si prefieres un look m\u00e1s elegante y sofisticado, unos zapatos de tac\u00f3n o unas bailarinas pueden ser la elecci\u00f3n perfecta.<\/p>\n<h3><strong>Accesoriza con Moderaci\u00f3n<\/strong><\/h3>\n<figure id=\"attachment_135517\" aria-describedby=\"caption-attachment-135517\" style=\"width: 683px\" class=\"wp-caption alignnone\"><img loading=\"lazy\" decoding=\"async\" class=\"size-large wp-image-135517\" src=\"https:\/\/graziamagazine.com\/mx\/wp-content\/uploads\/sites\/13\/2024\/03\/gettyimages-1424509504-65d4da1bb9302-683x1024.jpg\" alt=\"Los Pantalones Capri: \u00bfEl regreso de una tendencia olvidada?\" width=\"683\" height=\"1024\" srcset=\"https:\/\/graziamagazine.com\/mx\/wp-content\/uploads\/sites\/13\/2024\/03\/gettyimages-1424509504-65d4da1bb9302-683x1024.jpg 683w, https:\/\/graziamagazine.com\/mx\/wp-content\/uploads\/sites\/13\/2024\/03\/gettyimages-1424509504-65d4da1bb9302-300x450.jpg 300w, https:\/\/graziamagazine.com\/mx\/wp-content\/uploads\/sites\/13\/2024\/03\/gettyimages-1424509504-65d4da1bb9302-768x1152.jpg 768w, https:\/\/graziamagazine.com\/mx\/wp-content\/uploads\/sites\/13\/2024\/03\/gettyimages-1424509504-65d4da1bb9302-400x600.jpg 400w, https:\/\/graziamagazine.com\/mx\/wp-content\/uploads\/sites\/13\/2024\/03\/gettyimages-1424509504-65d4da1bb9302-143x215.jpg 143w, https:\/\/graziamagazine.com\/mx\/wp-content\/uploads\/sites\/13\/2024\/03\/gettyimages-1424509504-65d4da1bb9302.jpg 980w\" sizes=\"(max-width: 683px) 100vw, 683px\" \/><figcaption id=\"caption-attachment-135517\" class=\"wp-caption-text\">Los Pantalones Capri: \u00bfEl regreso de una tendencia olvidada?<\/figcaption><\/figure>\n<p>Los accesorios pueden ayudar a elevar tu outfit, pero es importante no exagerar. Opta por piezas simples y elegantes como pendientes colgantes, pulseras delicadas o un bolso de mano en tonos neutros para complementar tus pantalones capri sin abrumar el conjunto.<\/p>\n<h3><strong>No Olvides los Complementos<img loading=\"lazy\" decoding=\"async\" class=\"alignnone size-large wp-image-135516\" src=\"https:\/\/graziamagazine.com\/mx\/wp-content\/uploads\/sites\/13\/2024\/03\/gettyimages-1249900835-65d4da1b71ae2-683x1024.jpg\" alt=\"\" width=\"683\" height=\"1024\" srcset=\"https:\/\/graziamagazine.com\/mx\/wp-content\/uploads\/sites\/13\/2024\/03\/gettyimages-1249900835-65d4da1b71ae2-683x1024.jpg 683w, https:\/\/graziamagazine.com\/mx\/wp-content\/uploads\/sites\/13\/2024\/03\/gettyimages-1249900835-65d4da1b71ae2-300x450.jpg 300w, https:\/\/graziamagazine.com\/mx\/wp-content\/uploads\/sites\/13\/2024\/03\/gettyimages-1249900835-65d4da1b71ae2-768x1152.jpg 768w, https:\/\/graziamagazine.com\/mx\/wp-content\/uploads\/sites\/13\/2024\/03\/gettyimages-1249900835-65d4da1b71ae2-400x600.jpg 400w, https:\/\/graziamagazine.com\/mx\/wp-content\/uploads\/sites\/13\/2024\/03\/gettyimages-1249900835-65d4da1b71ae2-143x215.jpg 143w, https:\/\/graziamagazine.com\/mx\/wp-content\/uploads\/sites\/13\/2024\/03\/gettyimages-1249900835-65d4da1b71ae2.jpg 980w\" sizes=\"(max-width: 683px) 100vw, 683px\" \/><\/strong><\/h3>\n<p>A\u00f1ade un cintur\u00f3n delgado para definir tu cintura y darle estructura a tus pantalones capri. Tambi\u00e9n puedes considerar complementar tu look con una chaqueta ligera, un sombrero de ala ancha o unas gafas de sol para un toque final elegante y chic.<\/p>\n<p><em><strong>*IMAGEN: Google Images\u00a0<\/strong><\/em><\/p>\n","protected":false},"author":28953,"featured_media":135522,"template":"","format":"standard","categories":[4],"acf":[],"yoast_head":"<!-- This site is optimized with the Yoast SEO Premium plugin v18.5 (Yoast SEO v20.4) - https:\/\/yoast.com\/wordpress\/plugins\/seo\/ -->\n<title>Los Pantalones Capri: \u00bfEl regreso de una tendencia olvidada?<\/title>\n<meta name=\"description\" content=\"Los pantalones capri, esos que se ajustan a la pierna y se cortan a la altura de la pantorrilla, est\u00e1n resurgiendo de las cenizas de la moda.\" \/>\n<meta name=\"robots\" content=\"index, follow, max-snippet:-1, max-image-preview:large, max-video-preview:-1\" \/>\n<link rel=\"canonical\" href=\"https:\/\/graziamagazine.com\/mx\/articles\/los-pantalones-capri-el-regreso-de-una-tendencia-olvidada\/\" \/>\n<meta property=\"og:locale\" content=\"es_MX\" \/>\n<meta property=\"og:type\" content=\"article\" \/>\n<meta property=\"og:title\" content=\"Los Pantalones Capri: \u00bfEl regreso de una tendencia olvidada?\" \/>\n<meta property=\"og:description\" content=\"Los pantalones capri, esos que se ajustan a la pierna y se cortan a la altura de la pantorrilla, est\u00e1n resurgiendo de las cenizas de la moda.\" \/>\n<meta property=\"og:url\" content=\"https:\/\/graziamagazine.com\/mx\/articles\/los-pantalones-capri-el-regreso-de-una-tendencia-olvidada\/\" \/>\n<meta property=\"og:site_name\" content=\"Grazia M\u00e9xico y Latinoam\u00e9rica\" \/>\n<meta property=\"article:modified_time\" content=\"2024-03-29T18:25:34+00:00\" \/>\n<meta property=\"og:image\" content=\"https:\/\/graziamagazine.com\/mx\/wp-content\/uploads\/sites\/13\/2024\/03\/Captura-de-Pantalla-2024-03-19-a-las-9.15.30.png\" \/>\n\t<meta property=\"og:image:width\" content=\"1186\" \/>\n\t<meta property=\"og:image:height\" content=\"844\" \/>\n\t<meta property=\"og:image:type\" content=\"image\/png\" \/>\n<meta name=\"twitter:card\" content=\"summary_large_image\" \/>\n<meta name=\"twitter:label1\" content=\"Est. reading time\" \/>\n\t<meta name=\"twitter:data1\" content=\"4 minutos\" \/>\n<script type=\"application\/ld+json\" class=\"yoast-schema-graph\">{\"@context\":\"https:\/\/schema.org\",\"@graph\":[{\"@type\":\"WebPage\",\"@id\":\"https:\/\/graziamagazine.com\/mx\/articles\/los-pantalones-capri-el-regreso-de-una-tendencia-olvidada\/\",\"url\":\"https:\/\/graziamagazine.com\/mx\/articles\/los-pantalones-capri-el-regreso-de-una-tendencia-olvidada\/\",\"name\":\"Los Pantalones Capri: \u00bfEl regreso de una tendencia olvidada?\",\"isPartOf\":{\"@id\":\"https:\/\/graziamagazine.com\/mx\/#website\"},\"datePublished\":\"2024-03-29T19:04:53+00:00\",\"dateModified\":\"2024-03-29T18:25:34+00:00\",\"description\":\"Los pantalones capri, esos que se ajustan a la pierna y se cortan a la altura de la pantorrilla, est\u00e1n resurgiendo de las cenizas de la moda.\",\"breadcrumb\":{\"@id\":\"https:\/\/graziamagazine.com\/mx\/articles\/los-pantalones-capri-el-regreso-de-una-tendencia-olvidada\/#breadcrumb\"},\"inLanguage\":\"es-MX\",\"potentialAction\":[{\"@type\":\"ReadAction\",\"target\":[\"https:\/\/graziamagazine.com\/mx\/articles\/los-pantalones-capri-el-regreso-de-una-tendencia-olvidada\/\"]}]},{\"@type\":\"BreadcrumbList\",\"@id\":\"https:\/\/graziamagazine.com\/mx\/articles\/los-pantalones-capri-el-regreso-de-una-tendencia-olvidada\/#breadcrumb\",\"itemListElement\":[{\"@type\":\"ListItem\",\"position\":1,\"name\":\"Home\",\"item\":\"https:\/\/graziamagazine.com\/mx\/\"},{\"@type\":\"ListItem\",\"position\":2,\"name\":\"Los Pantalones Capri: \u00bfEl regreso de una tendencia olvidada?\"}]},{\"@type\":\"WebSite\",\"@id\":\"https:\/\/graziamagazine.com\/mx\/#website\",\"url\":\"https:\/\/graziamagazine.com\/mx\/\",\"name\":\"Grazia M\u00e9xico y Latinoam\u00e9rica\",\"description\":\"Grazia es moda, belleza y noticias  de actualidad \",\"potentialAction\":[{\"@type\":\"SearchAction\",\"target\":{\"@type\":\"EntryPoint\",\"urlTemplate\":\"https:\/\/graziamagazine.com\/mx\/?s={search_term_string}\"},\"query-input\":\"required name=search_term_string\"}],\"inLanguage\":\"es-MX\"}]}<\/script>\n<!-- \/ Yoast SEO Premium plugin. -->","yoast_head_json":{"title":"Los Pantalones Capri: \u00bfEl regreso de una tendencia olvidada?","description":"Los pantalones capri, esos que se ajustan a la pierna y se cortan a la altura de la pantorrilla, est\u00e1n resurgiendo de las cenizas de la moda.","robots":{"index":"index","follow":"follow","max-snippet":"max-snippet:-1","max-image-preview":"max-image-preview:large","max-video-preview":"max-video-preview:-1"},"canonical":"https:\/\/graziamagazine.com\/mx\/articles\/los-pantalones-capri-el-regreso-de-una-tendencia-olvidada\/","og_locale":"es_MX","og_type":"article","og_title":"Los Pantalones Capri: \u00bfEl regreso de una tendencia olvidada?","og_description":"Los pantalones capri, esos que se ajustan a la pierna y se cortan a la altura de la pantorrilla, est\u00e1n resurgiendo de las cenizas de la moda.","og_url":"https:\/\/graziamagazine.com\/mx\/articles\/los-pantalones-capri-el-regreso-de-una-tendencia-olvidada\/","og_site_name":"Grazia M\u00e9xico y Latinoam\u00e9rica","article_modified_time":"2024-03-29T18:25:34+00:00","og_image":[{"width":1186,"height":844,"url":"https:\/\/graziamagazine.com\/mx\/wp-content\/uploads\/sites\/13\/2024\/03\/Captura-de-Pantalla-2024-03-19-a-las-9.15.30.png","type":"image\/png"}],"twitter_card":"summary_large_image","twitter_misc":{"Est. reading time":"4 minutos"},"schema":{"@context":"https:\/\/schema.org","@graph":[{"@type":"WebPage","@id":"https:\/\/graziamagazine.com\/mx\/articles\/los-pantalones-capri-el-regreso-de-una-tendencia-olvidada\/","url":"https:\/\/graziamagazine.com\/mx\/articles\/los-pantalones-capri-el-regreso-de-una-tendencia-olvidada\/","name":"Los Pantalones Capri: \u00bfEl regreso de una tendencia olvidada?","isPartOf":{"@id":"https:\/\/graziamagazine.com\/mx\/#website"},"datePublished":"2024-03-29T19:04:53+00:00","dateModified":"2024-03-29T18:25:34+00:00","description":"Los pantalones capri, esos que se ajustan a la pierna y se cortan a la altura de la pantorrilla, est\u00e1n resurgiendo de las cenizas de la moda.","breadcrumb":{"@id":"https:\/\/graziamagazine.com\/mx\/articles\/los-pantalones-capri-el-regreso-de-una-tendencia-olvidada\/#breadcrumb"},"inLanguage":"es-MX","potentialAction":[{"@type":"ReadAction","target":["https:\/\/graziamagazine.com\/mx\/articles\/los-pantalones-capri-el-regreso-de-una-tendencia-olvidada\/"]}]},{"@type":"BreadcrumbList","@id":"https:\/\/graziamagazine.com\/mx\/articles\/los-pantalones-capri-el-regreso-de-una-tendencia-olvidada\/#breadcrumb","itemListElement":[{"@type":"ListItem","position":1,"name":"Home","item":"https:\/\/graziamagazine.com\/mx\/"},{"@type":"ListItem","position":2,"name":"Los Pantalones Capri: \u00bfEl regreso de una tendencia olvidada?"}]},{"@type":"WebSite","@id":"https:\/\/graziamagazine.com\/mx\/#website","url":"https:\/\/graziamagazine.com\/mx\/","name":"Grazia M\u00e9xico y Latinoam\u00e9rica","description":"Grazia es moda, belleza y noticias  de actualidad ","potentialAction":[{"@type":"SearchAction","target":{"@type":"EntryPoint","urlTemplate":"https:\/\/graziamagazine.com\/mx\/?s={search_term_string}"},"query-input":"required name=search_term_string"}],"inLanguage":"es-MX"}]}},"jetpack_sharing_enabled":true,"distributor_meta":false,"distributor_terms":false,"distributor_media":false,"distributor_original_site_name":"Grazia M\u00e9xico y Latinoam\u00e9rica","distributor_original_site_url":"https:\/\/graziamagazine.com\/mx","push-errors":false,"_links":{"self":[{"href":"https:\/\/graziamagazine.com\/mx\/wp-json\/wp\/v2\/articles\/135513"}],"collection":[{"href":"https:\/\/graziamagazine.com\/mx\/wp-json\/wp\/v2\/articles"}],"about":[{"href":"https:\/\/graziamagazine.com\/mx\/wp-json\/wp\/v2\/types\/articles"}],"author":[{"embeddable":true,"href":"https:\/\/graziamagazine.com\/mx\/wp-json\/wp\/v2\/users\/28953"}],"wp:featuredmedia":[{"embeddable":true,"href":"https:\/\/graziamagazine.com\/mx\/wp-json\/wp\/v2\/media\/135522"}],"wp:attachment":[{"href":"https:\/\/graziamagazine.com\/mx\/wp-json\/wp\/v2\/media?parent=135513"}],"wp:term":[{"taxonomy":"category","embeddable":true,"href":"https:\/\/graziamagazine.com\/mx\/wp-json\/wp\/v2\/categories?post=135513"}],"curies":[{"name":"wp","href":"https:\/\/api.w.org\/{rel}","templated":true}]}}