{"id":135432,"date":"2024-03-14T20:53:32","date_gmt":"2024-03-15T01:53:32","guid":{"rendered":"https:\/\/graziamagazine.com\/mx\/?post_type=articles&#038;p=135432"},"modified":"2024-03-14T20:56:06","modified_gmt":"2024-03-15T01:56:06","slug":"mattel-lanza-una-barbie-de-la-reina-camilla","status":"publish","type":"articles","link":"https:\/\/graziamagazine.com\/mx\/articles\/mattel-lanza-una-barbie-de-la-reina-camilla\/","title":{"rendered":"Mattel lanza una Barbie de la reina Camilla"},"content":{"rendered":"<p><span style=\"font-weight: 400\">Durante la recepci\u00f3n del evento Mujeres del Mundo (WOW), en el Palacio de Buckingham, la <strong>reina Camilla<\/strong> recibi\u00f3 una mu\u00f1eca <strong>Barbie<\/strong> \u00fanica hecha a su semejanza, incluso vestida con una r\u00e9plica de un famoso conjunto.<\/span><\/p>\n<p><span style=\"font-weight: 400\">Se trata de su vestido azul de <strong>Fiona Clare<\/strong>, combinado con un abrigo de <strong>Amanda Wakeley.<\/strong><\/span><\/p>\n<p><span style=\"font-weight: 400\">&#8220;Muchas, muchas gracias de verdad. Es brillante&#8221;, dijo la reina Camilla. &#8220;Me has quitado unos 50 a\u00f1os de vida. \u00a1Todos deber\u00edamos tener una Barbie!&#8221;, agreg\u00f3, respecto al aspecto m\u00e1s juvenil de la mu\u00f1eca.<\/span><\/p>\n<p><img loading=\"lazy\" decoding=\"async\" class=\"alignnone size-medium wp-image-135435\" src=\"https:\/\/graziamagazine.com\/mx\/wp-content\/uploads\/sites\/13\/2024\/03\/Captura-de-Pantalla-2024-03-13-a-las-13.17.00-299x450.png\" alt=\"\" width=\"299\" height=\"450\" srcset=\"https:\/\/graziamagazine.com\/mx\/wp-content\/uploads\/sites\/13\/2024\/03\/Captura-de-Pantalla-2024-03-13-a-las-13.17.00-299x450.png 299w, https:\/\/graziamagazine.com\/mx\/wp-content\/uploads\/sites\/13\/2024\/03\/Captura-de-Pantalla-2024-03-13-a-las-13.17.00-400x602.png 400w, https:\/\/graziamagazine.com\/mx\/wp-content\/uploads\/sites\/13\/2024\/03\/Captura-de-Pantalla-2024-03-13-a-las-13.17.00-143x215.png 143w, https:\/\/graziamagazine.com\/mx\/wp-content\/uploads\/sites\/13\/2024\/03\/Captura-de-Pantalla-2024-03-13-a-las-13.17.00.png 422w\" sizes=\"(max-width: 299px) 100vw, 299px\" \/><\/p>\n<p><span style=\"font-weight: 400\">Camilla, quien actualmente se desempe\u00f1a como presidenta de WOW, estuvo acompa\u00f1ada por <strong>Dame Helen Mirren, la baronesa Doreen Lawrence, Spice Girl Mel B y Dame Kelly Holmes<\/strong> en el evento. Tambi\u00e9n asistieron la duquesa de Gloucester y la reina Matilde de B\u00e9lgica, que lucieron un vestido rosa brillante combinado con tacones color canela.<\/span><\/p>\n<p><span style=\"font-weight: 400\">En la recepci\u00f3n, Camila pronunci\u00f3 un discurso en el que cont\u00f3 una historia de mayo de 1914, cuando dos sufragistas rompieron las ventanas del palacio arrojando piedras. Ella dijo en el discurso c\u00f3mo en ese momento la reina Mary, esposa del rey George V, orden\u00f3 que se conservaran las piedras.<\/span><\/p>\n<p><span style=\"font-weight: 400\">&#8220;Creo que representaron esperanza para las mujeres que los lanzaron: esperanza de que, en el futuro, no ser\u00edan v\u00edctimas de su historia ni de las fuerzas sociales y econ\u00f3micas que se alzaron contra la igualdad de g\u00e9nero&#8221;, dijo Camilla \u201cSobre todo, representaban la esperanza de que esto fuera posible&#8221;.<\/span><\/p>\n<p><img loading=\"lazy\" decoding=\"async\" class=\"alignnone size-medium wp-image-135433\" src=\"https:\/\/graziamagazine.com\/mx\/wp-content\/uploads\/sites\/13\/2024\/03\/Captura-de-Pantalla-2024-03-13-a-las-13.17.40-329x450.png\" alt=\"\" width=\"329\" height=\"450\" srcset=\"https:\/\/graziamagazine.com\/mx\/wp-content\/uploads\/sites\/13\/2024\/03\/Captura-de-Pantalla-2024-03-13-a-las-13.17.40-329x450.png 329w, https:\/\/graziamagazine.com\/mx\/wp-content\/uploads\/sites\/13\/2024\/03\/Captura-de-Pantalla-2024-03-13-a-las-13.17.40-400x546.png 400w, https:\/\/graziamagazine.com\/mx\/wp-content\/uploads\/sites\/13\/2024\/03\/Captura-de-Pantalla-2024-03-13-a-las-13.17.40-155x212.png 155w, https:\/\/graziamagazine.com\/mx\/wp-content\/uploads\/sites\/13\/2024\/03\/Captura-de-Pantalla-2024-03-13-a-las-13.17.40.png 421w\" sizes=\"(max-width: 329px) 100vw, 329px\" \/><\/p>\n<p><span style=\"font-weight: 400\">&#8220;Hoy, 110 a\u00f1os despu\u00e9s, has sido invitada al Palacio de Buckingham porque t\u00fa tambi\u00e9n representas la esperanza para las mujeres del presente y del futuro&#8221;, a\u00f1adi\u00f3.<\/span><\/p>\n","protected":false},"author":11628,"featured_media":135434,"template":"","format":"standard","categories":[12655],"acf":[],"yoast_head":"<!-- This site is optimized with the Yoast SEO Premium plugin v18.5 (Yoast SEO v20.4) - https:\/\/yoast.com\/wordpress\/plugins\/seo\/ -->\n<title>Mattel lanza una Barbie de la reina Camilla | Grazia M\u00e9xico y Latinoam\u00e9rica<\/title>\n<meta name=\"description\" content=\"Durante la recepci\u00f3n del evento Mujeres del Mundo (WOW), en el Palacio de Buckingham, la reina Camilla recibi\u00f3 una mu\u00f1eca Barbie \u00fanica hecha a su\" \/>\n<meta name=\"robots\" content=\"index, follow, max-snippet:-1, max-image-preview:large, max-video-preview:-1\" \/>\n<link rel=\"canonical\" href=\"https:\/\/graziamagazine.com\/mx\/articles\/mattel-lanza-una-barbie-de-la-reina-camilla\/\" \/>\n<meta property=\"og:locale\" content=\"es_MX\" \/>\n<meta property=\"og:type\" content=\"article\" \/>\n<meta property=\"og:title\" content=\"Mattel lanza una Barbie de la reina Camilla\" \/>\n<meta property=\"og:description\" content=\"Durante la recepci\u00f3n del evento Mujeres del Mundo (WOW), en el Palacio de Buckingham, la reina Camilla recibi\u00f3 una mu\u00f1eca Barbie \u00fanica hecha a su\" \/>\n<meta property=\"og:url\" content=\"https:\/\/graziamagazine.com\/mx\/articles\/mattel-lanza-una-barbie-de-la-reina-camilla\/\" \/>\n<meta property=\"og:site_name\" content=\"Grazia M\u00e9xico y Latinoam\u00e9rica\" \/>\n<meta property=\"article:modified_time\" content=\"2024-03-15T01:56:06+00:00\" \/>\n<meta property=\"og:image\" content=\"https:\/\/graziamagazine.com\/mx\/wp-content\/uploads\/sites\/13\/2024\/03\/Captura-de-Pantalla-2024-03-13-a-las-13.17.21.png\" \/>\n\t<meta property=\"og:image:width\" content=\"534\" \/>\n\t<meta property=\"og:image:height\" content=\"326\" \/>\n\t<meta property=\"og:image:type\" content=\"image\/png\" \/>\n<meta name=\"twitter:card\" content=\"summary_large_image\" \/>\n<meta name=\"twitter:label1\" content=\"Est. reading time\" \/>\n\t<meta name=\"twitter:data1\" content=\"2 minutos\" \/>\n<script type=\"application\/ld+json\" class=\"yoast-schema-graph\">{\"@context\":\"https:\/\/schema.org\",\"@graph\":[{\"@type\":\"WebPage\",\"@id\":\"https:\/\/graziamagazine.com\/mx\/articles\/mattel-lanza-una-barbie-de-la-reina-camilla\/\",\"url\":\"https:\/\/graziamagazine.com\/mx\/articles\/mattel-lanza-una-barbie-de-la-reina-camilla\/\",\"name\":\"Mattel lanza una Barbie de la reina Camilla | Grazia M\u00e9xico y Latinoam\u00e9rica\",\"isPartOf\":{\"@id\":\"https:\/\/graziamagazine.com\/mx\/#website\"},\"datePublished\":\"2024-03-15T01:53:32+00:00\",\"dateModified\":\"2024-03-15T01:56:06+00:00\",\"description\":\"Durante la recepci\u00f3n del evento Mujeres del Mundo (WOW), en el Palacio de Buckingham, la reina Camilla recibi\u00f3 una mu\u00f1eca Barbie \u00fanica hecha a su\",\"breadcrumb\":{\"@id\":\"https:\/\/graziamagazine.com\/mx\/articles\/mattel-lanza-una-barbie-de-la-reina-camilla\/#breadcrumb\"},\"inLanguage\":\"es-MX\",\"potentialAction\":[{\"@type\":\"ReadAction\",\"target\":[\"https:\/\/graziamagazine.com\/mx\/articles\/mattel-lanza-una-barbie-de-la-reina-camilla\/\"]}]},{\"@type\":\"BreadcrumbList\",\"@id\":\"https:\/\/graziamagazine.com\/mx\/articles\/mattel-lanza-una-barbie-de-la-reina-camilla\/#breadcrumb\",\"itemListElement\":[{\"@type\":\"ListItem\",\"position\":1,\"name\":\"Home\",\"item\":\"https:\/\/graziamagazine.com\/mx\/\"},{\"@type\":\"ListItem\",\"position\":2,\"name\":\"Mattel lanza una Barbie de la reina Camilla\"}]},{\"@type\":\"WebSite\",\"@id\":\"https:\/\/graziamagazine.com\/mx\/#website\",\"url\":\"https:\/\/graziamagazine.com\/mx\/\",\"name\":\"Grazia M\u00e9xico y Latinoam\u00e9rica\",\"description\":\"Grazia es moda, belleza y noticias  de actualidad \",\"potentialAction\":[{\"@type\":\"SearchAction\",\"target\":{\"@type\":\"EntryPoint\",\"urlTemplate\":\"https:\/\/graziamagazine.com\/mx\/?s={search_term_string}\"},\"query-input\":\"required name=search_term_string\"}],\"inLanguage\":\"es-MX\"}]}<\/script>\n<!-- \/ Yoast SEO Premium plugin. -->","yoast_head_json":{"title":"Mattel lanza una Barbie de la reina Camilla | Grazia M\u00e9xico y Latinoam\u00e9rica","description":"Durante la recepci\u00f3n del evento Mujeres del Mundo (WOW), en el Palacio de Buckingham, la reina Camilla recibi\u00f3 una mu\u00f1eca Barbie \u00fanica hecha a su","robots":{"index":"index","follow":"follow","max-snippet":"max-snippet:-1","max-image-preview":"max-image-preview:large","max-video-preview":"max-video-preview:-1"},"canonical":"https:\/\/graziamagazine.com\/mx\/articles\/mattel-lanza-una-barbie-de-la-reina-camilla\/","og_locale":"es_MX","og_type":"article","og_title":"Mattel lanza una Barbie de la reina Camilla","og_description":"Durante la recepci\u00f3n del evento Mujeres del Mundo (WOW), en el Palacio de Buckingham, la reina Camilla recibi\u00f3 una mu\u00f1eca Barbie \u00fanica hecha a su","og_url":"https:\/\/graziamagazine.com\/mx\/articles\/mattel-lanza-una-barbie-de-la-reina-camilla\/","og_site_name":"Grazia M\u00e9xico y Latinoam\u00e9rica","article_modified_time":"2024-03-15T01:56:06+00:00","og_image":[{"width":534,"height":326,"url":"https:\/\/graziamagazine.com\/mx\/wp-content\/uploads\/sites\/13\/2024\/03\/Captura-de-Pantalla-2024-03-13-a-las-13.17.21.png","type":"image\/png"}],"twitter_card":"summary_large_image","twitter_misc":{"Est. reading time":"2 minutos"},"schema":{"@context":"https:\/\/schema.org","@graph":[{"@type":"WebPage","@id":"https:\/\/graziamagazine.com\/mx\/articles\/mattel-lanza-una-barbie-de-la-reina-camilla\/","url":"https:\/\/graziamagazine.com\/mx\/articles\/mattel-lanza-una-barbie-de-la-reina-camilla\/","name":"Mattel lanza una Barbie de la reina Camilla | Grazia M\u00e9xico y Latinoam\u00e9rica","isPartOf":{"@id":"https:\/\/graziamagazine.com\/mx\/#website"},"datePublished":"2024-03-15T01:53:32+00:00","dateModified":"2024-03-15T01:56:06+00:00","description":"Durante la recepci\u00f3n del evento Mujeres del Mundo (WOW), en el Palacio de Buckingham, la reina Camilla recibi\u00f3 una mu\u00f1eca Barbie \u00fanica hecha a su","breadcrumb":{"@id":"https:\/\/graziamagazine.com\/mx\/articles\/mattel-lanza-una-barbie-de-la-reina-camilla\/#breadcrumb"},"inLanguage":"es-MX","potentialAction":[{"@type":"ReadAction","target":["https:\/\/graziamagazine.com\/mx\/articles\/mattel-lanza-una-barbie-de-la-reina-camilla\/"]}]},{"@type":"BreadcrumbList","@id":"https:\/\/graziamagazine.com\/mx\/articles\/mattel-lanza-una-barbie-de-la-reina-camilla\/#breadcrumb","itemListElement":[{"@type":"ListItem","position":1,"name":"Home","item":"https:\/\/graziamagazine.com\/mx\/"},{"@type":"ListItem","position":2,"name":"Mattel lanza una Barbie de la reina Camilla"}]},{"@type":"WebSite","@id":"https:\/\/graziamagazine.com\/mx\/#website","url":"https:\/\/graziamagazine.com\/mx\/","name":"Grazia M\u00e9xico y Latinoam\u00e9rica","description":"Grazia es moda, belleza y noticias  de actualidad ","potentialAction":[{"@type":"SearchAction","target":{"@type":"EntryPoint","urlTemplate":"https:\/\/graziamagazine.com\/mx\/?s={search_term_string}"},"query-input":"required name=search_term_string"}],"inLanguage":"es-MX"}]}},"jetpack_sharing_enabled":true,"distributor_meta":false,"distributor_terms":false,"distributor_media":false,"distributor_original_site_name":"Grazia M\u00e9xico y Latinoam\u00e9rica","distributor_original_site_url":"https:\/\/graziamagazine.com\/mx","push-errors":false,"_links":{"self":[{"href":"https:\/\/graziamagazine.com\/mx\/wp-json\/wp\/v2\/articles\/135432"}],"collection":[{"href":"https:\/\/graziamagazine.com\/mx\/wp-json\/wp\/v2\/articles"}],"about":[{"href":"https:\/\/graziamagazine.com\/mx\/wp-json\/wp\/v2\/types\/articles"}],"author":[{"embeddable":true,"href":"https:\/\/graziamagazine.com\/mx\/wp-json\/wp\/v2\/users\/11628"}],"wp:featuredmedia":[{"embeddable":true,"href":"https:\/\/graziamagazine.com\/mx\/wp-json\/wp\/v2\/media\/135434"}],"wp:attachment":[{"href":"https:\/\/graziamagazine.com\/mx\/wp-json\/wp\/v2\/media?parent=135432"}],"wp:term":[{"taxonomy":"category","embeddable":true,"href":"https:\/\/graziamagazine.com\/mx\/wp-json\/wp\/v2\/categories?post=135432"}],"curies":[{"name":"wp","href":"https:\/\/api.w.org\/{rel}","templated":true}]}}