{"id":135239,"date":"2024-03-08T20:29:57","date_gmt":"2024-03-09T01:29:57","guid":{"rendered":"https:\/\/graziamagazine.com\/mx\/?post_type=articles&#038;p=135239"},"modified":"2024-03-08T20:34:35","modified_gmt":"2024-03-09T01:34:35","slug":"gisele-bundchen-se-quiebra-al-hablar-de-su-divorcio-de-tom-brady","status":"publish","type":"articles","link":"https:\/\/graziamagazine.com\/mx\/articles\/gisele-bundchen-se-quiebra-al-hablar-de-su-divorcio-de-tom-brady\/","title":{"rendered":"Gisele B\u00fcndchen se quiebra al hablar de su divorcio de Tom Brady"},"content":{"rendered":"<p><span style=\"font-weight: 400\"><strong>Gisele B\u00fcndchen<\/strong> ofreci\u00f3 la primera entrevista relacionada con su divorcio de <strong>Tom Brady<\/strong>, misma que termin\u00f3 con la modelo llorando al recordar el doloroso momento en que se separ\u00f3 del padre de sus hijos.<\/span><\/p>\n<p><span style=\"font-weight: 400\">El mi\u00e9rcoles 6 de marzo,<em> ABC News<\/em> lanz\u00f3 un adelanto de la pr\u00f3xima reuni\u00f3n de B\u00fcndchen con la presentadora <strong>Robin Roberts<\/strong>. En el clip, B\u00fcndchen se puso muy emotiva despu\u00e9s de que Roberts mencionara c\u00f3mo la modelo compar\u00f3 previamente su divorcio con &#8220;la muerte de un sue\u00f1o&#8221;.<\/span><\/p>\n<p><span style=\"font-weight: 400\">&#8220;\u00bfC\u00f3mo est\u00e1s?&#8221;, pregunt\u00f3 Robin. &#8220;Bueno, cuando t\u00fa dices&#8221;, dijo, antes de girar la cabeza hacia un lado y comenzar a llorar.<\/span><\/p>\n<p><span style=\"font-weight: 400\">&#8220;Lo siento, muchachos&#8221;, continu\u00f3. &#8220;No lo sab\u00eda. \u00bfPuedo tener un momento?&#8221;.<\/span><\/p>\n<p><span style=\"font-weight: 400\">En otra parte del trailer de la entrevista, Roberts le pregunt\u00f3 a Gisele, quien comparte a su hijo Benjamin, de 14 a\u00f1os, y a su hija Vivian, de 11, con Tom Brady, c\u00f3mo maneja la paternidad compartida con el futbolista retirado de la NFL.<\/span><\/p>\n<p><span style=\"font-weight: 400\">\u201cCreo que hay d\u00edas m\u00e1s f\u00e1ciles que otros y solo puedo controlar lo que hago\u201d, agreg\u00f3.<\/span><\/p>\n<p><span style=\"font-weight: 400\">B\u00fcndchen y Brady anunciaron en octubre de 2022 que se divorciaban tras <strong>13 a\u00f1os de matrimonio.<\/strong><\/span><\/p>\n<p><span style=\"font-weight: 400\">&#8220;En los \u00faltimos d\u00edas, mi esposa y yo finalizamos nuestro divorcio despu\u00e9s de 13 a\u00f1os de matrimonio&#8221;, escribi\u00f3 Brady a trav\u00e9s de Instagram en ese momento. \u201cTomamos esta decisi\u00f3n de manera amigable y agradecidos por el tiempo que pasamos juntos. Hemos sido bendecidos con ni\u00f1os hermosos y maravillosos que seguir\u00e1n siendo el centro de nuestro mundo en todos los sentidos. Continuaremos trabajando juntos como padres para asegurarnos de que siempre reciban el amor y la atenci\u00f3n que merecen\u201d.<\/span><\/p>\n","protected":false},"author":11628,"featured_media":135240,"template":"","format":"standard","categories":[2],"acf":[],"yoast_head":"<!-- This site is optimized with the Yoast SEO Premium plugin v18.5 (Yoast SEO v20.4) - https:\/\/yoast.com\/wordpress\/plugins\/seo\/ -->\n<title>Gisele B\u00fcndchen se quiebra al hablar de su divorcio de Tom Brady | Grazia M\u00e9xico y Latinoam\u00e9rica<\/title>\n<meta name=\"description\" content=\"Gisele B\u00fcndchen ofreci\u00f3 la primera entrevista relacionada con su divorcio de Tom Brady, misma que termin\u00f3 con la modelo llorando al recordar el doloroso\" \/>\n<meta name=\"robots\" content=\"index, follow, max-snippet:-1, max-image-preview:large, max-video-preview:-1\" \/>\n<link rel=\"canonical\" href=\"https:\/\/graziamagazine.com\/mx\/articles\/gisele-bundchen-se-quiebra-al-hablar-de-su-divorcio-de-tom-brady\/\" \/>\n<meta property=\"og:locale\" content=\"es_MX\" \/>\n<meta property=\"og:type\" content=\"article\" \/>\n<meta property=\"og:title\" content=\"Gisele B\u00fcndchen se quiebra al hablar de su divorcio de Tom Brady\" \/>\n<meta property=\"og:description\" content=\"Gisele B\u00fcndchen ofreci\u00f3 la primera entrevista relacionada con su divorcio de Tom Brady, misma que termin\u00f3 con la modelo llorando al recordar el doloroso\" \/>\n<meta property=\"og:url\" content=\"https:\/\/graziamagazine.com\/mx\/articles\/gisele-bundchen-se-quiebra-al-hablar-de-su-divorcio-de-tom-brady\/\" \/>\n<meta property=\"og:site_name\" content=\"Grazia M\u00e9xico y Latinoam\u00e9rica\" \/>\n<meta property=\"article:modified_time\" content=\"2024-03-09T01:34:35+00:00\" \/>\n<meta property=\"og:image\" content=\"https:\/\/graziamagazine.com\/mx\/wp-content\/uploads\/sites\/13\/2024\/03\/Captura-de-Pantalla-2024-03-08-a-las-18.02.03.png\" \/>\n\t<meta property=\"og:image:width\" content=\"920\" \/>\n\t<meta property=\"og:image:height\" content=\"505\" \/>\n\t<meta property=\"og:image:type\" content=\"image\/png\" \/>\n<meta name=\"twitter:card\" content=\"summary_large_image\" \/>\n<meta name=\"twitter:label1\" content=\"Est. reading time\" \/>\n\t<meta name=\"twitter:data1\" content=\"2 minutos\" \/>\n<script type=\"application\/ld+json\" class=\"yoast-schema-graph\">{\"@context\":\"https:\/\/schema.org\",\"@graph\":[{\"@type\":\"WebPage\",\"@id\":\"https:\/\/graziamagazine.com\/mx\/articles\/gisele-bundchen-se-quiebra-al-hablar-de-su-divorcio-de-tom-brady\/\",\"url\":\"https:\/\/graziamagazine.com\/mx\/articles\/gisele-bundchen-se-quiebra-al-hablar-de-su-divorcio-de-tom-brady\/\",\"name\":\"Gisele B\u00fcndchen se quiebra al hablar de su divorcio de Tom Brady | Grazia M\u00e9xico y Latinoam\u00e9rica\",\"isPartOf\":{\"@id\":\"https:\/\/graziamagazine.com\/mx\/#website\"},\"datePublished\":\"2024-03-09T01:29:57+00:00\",\"dateModified\":\"2024-03-09T01:34:35+00:00\",\"description\":\"Gisele B\u00fcndchen ofreci\u00f3 la primera entrevista relacionada con su divorcio de Tom Brady, misma que termin\u00f3 con la modelo llorando al recordar el doloroso\",\"breadcrumb\":{\"@id\":\"https:\/\/graziamagazine.com\/mx\/articles\/gisele-bundchen-se-quiebra-al-hablar-de-su-divorcio-de-tom-brady\/#breadcrumb\"},\"inLanguage\":\"es-MX\",\"potentialAction\":[{\"@type\":\"ReadAction\",\"target\":[\"https:\/\/graziamagazine.com\/mx\/articles\/gisele-bundchen-se-quiebra-al-hablar-de-su-divorcio-de-tom-brady\/\"]}]},{\"@type\":\"BreadcrumbList\",\"@id\":\"https:\/\/graziamagazine.com\/mx\/articles\/gisele-bundchen-se-quiebra-al-hablar-de-su-divorcio-de-tom-brady\/#breadcrumb\",\"itemListElement\":[{\"@type\":\"ListItem\",\"position\":1,\"name\":\"Home\",\"item\":\"https:\/\/graziamagazine.com\/mx\/\"},{\"@type\":\"ListItem\",\"position\":2,\"name\":\"Gisele B\u00fcndchen se quiebra al hablar de su divorcio de Tom Brady\"}]},{\"@type\":\"WebSite\",\"@id\":\"https:\/\/graziamagazine.com\/mx\/#website\",\"url\":\"https:\/\/graziamagazine.com\/mx\/\",\"name\":\"Grazia M\u00e9xico y Latinoam\u00e9rica\",\"description\":\"Grazia es moda, belleza y noticias  de actualidad \",\"potentialAction\":[{\"@type\":\"SearchAction\",\"target\":{\"@type\":\"EntryPoint\",\"urlTemplate\":\"https:\/\/graziamagazine.com\/mx\/?s={search_term_string}\"},\"query-input\":\"required name=search_term_string\"}],\"inLanguage\":\"es-MX\"}]}<\/script>\n<!-- \/ Yoast SEO Premium plugin. -->","yoast_head_json":{"title":"Gisele B\u00fcndchen se quiebra al hablar de su divorcio de Tom Brady | Grazia M\u00e9xico y Latinoam\u00e9rica","description":"Gisele B\u00fcndchen ofreci\u00f3 la primera entrevista relacionada con su divorcio de Tom Brady, misma que termin\u00f3 con la modelo llorando al recordar el doloroso","robots":{"index":"index","follow":"follow","max-snippet":"max-snippet:-1","max-image-preview":"max-image-preview:large","max-video-preview":"max-video-preview:-1"},"canonical":"https:\/\/graziamagazine.com\/mx\/articles\/gisele-bundchen-se-quiebra-al-hablar-de-su-divorcio-de-tom-brady\/","og_locale":"es_MX","og_type":"article","og_title":"Gisele B\u00fcndchen se quiebra al hablar de su divorcio de Tom Brady","og_description":"Gisele B\u00fcndchen ofreci\u00f3 la primera entrevista relacionada con su divorcio de Tom Brady, misma que termin\u00f3 con la modelo llorando al recordar el doloroso","og_url":"https:\/\/graziamagazine.com\/mx\/articles\/gisele-bundchen-se-quiebra-al-hablar-de-su-divorcio-de-tom-brady\/","og_site_name":"Grazia M\u00e9xico y Latinoam\u00e9rica","article_modified_time":"2024-03-09T01:34:35+00:00","og_image":[{"width":920,"height":505,"url":"https:\/\/graziamagazine.com\/mx\/wp-content\/uploads\/sites\/13\/2024\/03\/Captura-de-Pantalla-2024-03-08-a-las-18.02.03.png","type":"image\/png"}],"twitter_card":"summary_large_image","twitter_misc":{"Est. reading time":"2 minutos"},"schema":{"@context":"https:\/\/schema.org","@graph":[{"@type":"WebPage","@id":"https:\/\/graziamagazine.com\/mx\/articles\/gisele-bundchen-se-quiebra-al-hablar-de-su-divorcio-de-tom-brady\/","url":"https:\/\/graziamagazine.com\/mx\/articles\/gisele-bundchen-se-quiebra-al-hablar-de-su-divorcio-de-tom-brady\/","name":"Gisele B\u00fcndchen se quiebra al hablar de su divorcio de Tom Brady | Grazia M\u00e9xico y Latinoam\u00e9rica","isPartOf":{"@id":"https:\/\/graziamagazine.com\/mx\/#website"},"datePublished":"2024-03-09T01:29:57+00:00","dateModified":"2024-03-09T01:34:35+00:00","description":"Gisele B\u00fcndchen ofreci\u00f3 la primera entrevista relacionada con su divorcio de Tom Brady, misma que termin\u00f3 con la modelo llorando al recordar el doloroso","breadcrumb":{"@id":"https:\/\/graziamagazine.com\/mx\/articles\/gisele-bundchen-se-quiebra-al-hablar-de-su-divorcio-de-tom-brady\/#breadcrumb"},"inLanguage":"es-MX","potentialAction":[{"@type":"ReadAction","target":["https:\/\/graziamagazine.com\/mx\/articles\/gisele-bundchen-se-quiebra-al-hablar-de-su-divorcio-de-tom-brady\/"]}]},{"@type":"BreadcrumbList","@id":"https:\/\/graziamagazine.com\/mx\/articles\/gisele-bundchen-se-quiebra-al-hablar-de-su-divorcio-de-tom-brady\/#breadcrumb","itemListElement":[{"@type":"ListItem","position":1,"name":"Home","item":"https:\/\/graziamagazine.com\/mx\/"},{"@type":"ListItem","position":2,"name":"Gisele B\u00fcndchen se quiebra al hablar de su divorcio de Tom Brady"}]},{"@type":"WebSite","@id":"https:\/\/graziamagazine.com\/mx\/#website","url":"https:\/\/graziamagazine.com\/mx\/","name":"Grazia M\u00e9xico y Latinoam\u00e9rica","description":"Grazia es moda, belleza y noticias  de actualidad ","potentialAction":[{"@type":"SearchAction","target":{"@type":"EntryPoint","urlTemplate":"https:\/\/graziamagazine.com\/mx\/?s={search_term_string}"},"query-input":"required name=search_term_string"}],"inLanguage":"es-MX"}]}},"jetpack_sharing_enabled":true,"distributor_meta":false,"distributor_terms":false,"distributor_media":false,"distributor_original_site_name":"Grazia M\u00e9xico y Latinoam\u00e9rica","distributor_original_site_url":"https:\/\/graziamagazine.com\/mx","push-errors":false,"_links":{"self":[{"href":"https:\/\/graziamagazine.com\/mx\/wp-json\/wp\/v2\/articles\/135239"}],"collection":[{"href":"https:\/\/graziamagazine.com\/mx\/wp-json\/wp\/v2\/articles"}],"about":[{"href":"https:\/\/graziamagazine.com\/mx\/wp-json\/wp\/v2\/types\/articles"}],"author":[{"embeddable":true,"href":"https:\/\/graziamagazine.com\/mx\/wp-json\/wp\/v2\/users\/11628"}],"wp:featuredmedia":[{"embeddable":true,"href":"https:\/\/graziamagazine.com\/mx\/wp-json\/wp\/v2\/media\/135240"}],"wp:attachment":[{"href":"https:\/\/graziamagazine.com\/mx\/wp-json\/wp\/v2\/media?parent=135239"}],"wp:term":[{"taxonomy":"category","embeddable":true,"href":"https:\/\/graziamagazine.com\/mx\/wp-json\/wp\/v2\/categories?post=135239"}],"curies":[{"name":"wp","href":"https:\/\/api.w.org\/{rel}","templated":true}]}}