{"id":135207,"date":"2024-03-07T11:58:19","date_gmt":"2024-03-07T16:58:19","guid":{"rendered":"https:\/\/graziamagazine.com\/mx\/?post_type=articles&#038;p=135207"},"modified":"2024-03-07T11:58:19","modified_gmt":"2024-03-07T16:58:19","slug":"cosmetica-con-cereales-del-plato-a-la-rutina-beauty","status":"publish","type":"articles","link":"https:\/\/graziamagazine.com\/mx\/articles\/cosmetica-con-cereales-del-plato-a-la-rutina-beauty\/","title":{"rendered":"Cosm\u00e9tica con cereales, del plato a la rutina beauty"},"content":{"rendered":"<p>Cuando hablamos de cereales uno piensa en un desayuno con un bowl y leche, pero no. Los cereales son mucho m\u00e1s que un alimento saludable, y desde tiempos remotos han formado parte de la rutina cosm\u00e9tica. En un mundo cada vez m\u00e1s consciente de los ingredientes naturales y sus beneficios para la piel, la cosm\u00e9tica con cereales se ha convertido en una tendencia en auge. Los cereales, como el arroz, la avena, el trigo y el ma\u00edz, no solo son un alimento b\u00e1sico en nuestra dieta, sino que tambi\u00e9n ofrecen una serie de beneficios para el cuidado de la piel.<\/p>\n<p>Hemos seleccionado una serie de productos que puede sumar a tu rutina diaria, te contamos sus beneficios y d\u00f3nde hacerte con ellos.<\/p>\n<h3><strong>AVENA: hidratante, calmante y suavizante<\/strong><\/h3>\n<p>Es una vieja conocida -pero ultra efectiva- de las formulaciones cosm\u00e9ticas con intenci\u00f3n hidratante, calmante y suavizante. Las avenantramidas que contienen son anti-inflamatorias y reducen las rojeces, pero tambi\u00e9n contiene betaglucanos que estimulan la s\u00edntesis de col\u00e1geno y antioxidantes que protegen la piel.<\/p>\n<p><img decoding=\"async\" src=\"https:\/\/ucc0ef2afe029792e7197005b8ce.previews.dropboxusercontent.com\/p\/thumb\/ACOFeY_jmy1l9eZEH8F10pvucyhDjlP7gIKbMQgRoVcjQ_yzZU7bb0n0wUlC6PDr8nGOhEHPgJ8ck88yxTzHT1mzSx6OhElZLDXTXlqRN-Uc3pDm1x_psigxSRuJ7kMZ0Ltt_vwRdWcnCJCCISN7GODq_lmBIz9dU5r6A0r_NH9JFKnY8B33gkQwIe4IHfAgug_TWikO4Ooeqn3vtvcqAxJT_1XV7CGvT4JUg4qiPESIHDX3v3drETRqkDNqH4EDpy0q3Da7g-cvyggFBhjY-jE4woEukAHXMfBzoUMkOWLi5j0LmoVdwA73-dKCqJB57unQYA54L4yl6CezMyscPgK3fgFoHSD_icGswFmoS5ik0A\/p.jpeg\" alt=\"Sensitive Lotion.jpeg\" \/><\/p>\n<p>Leche corporal <strong>Sensitive Lotion<\/strong> de FARMA DORSCH, con alto contenido en principios activos calmantes y nutritivos.<\/p>\n<h3><strong>QUINOA: restablece la hidrataci\u00f3n<\/strong><\/h3>\n<p>Es un superalimento, pero el extracto de quinoa tambi\u00e9n ayuda a restablecer la hidrataci\u00f3n cut\u00e1nea gracias a que en su composici\u00f3n qu\u00edmica se encuentran amino\u00e1cidos como la treonina, carbohidratos y \u00e1cidos grasos. Tambi\u00e9n resulta ideal para formular productos post solares por su contenido en vitamina E.<\/p>\n<p><img decoding=\"async\" src=\"https:\/\/uc48099d7d0c8d6620ec087f04eb.previews.dropboxusercontent.com\/p\/thumb\/ACP91p1YDRmiu-_YkF8fNe-HUBo4M8OL0pbtE5VhDcgjyoG2pZiLzrJVPsNBv8UeGdRKk_2dF7RUaN___m9eswCmlQbSuXeQovmktlUtoB2wmBbrUxgt7-Sf9Heg3ew2wd9N0oEcS8wSADQJtii7csyIiFKo-kCKarJQFisZYMRcplnRGBrO-c7wY8f9f9cjVmFnI9v9SaVcT8oqjHntEBlux65YXxGboq5OlTvZxZdP7fSWIQX6gqbR-JmJAb4zcD1TMiK19AqYKdKmV3cXwCIsUJuNcXe4-aRoLWGTli-WKzftgmdrQ1BJV8QJmKU0goLYtcZRFIKN6J3JoOnIZIBW8sXJ9W3jvGVzj4T6vMyRoQ\/p.png\" alt=\"Repair Serum Corporal Santamarina Cosmetics.png\" \/><\/p>\n<p><strong>Repair Serum Corporal<\/strong> de SANTAMARINA COSMETICS, de r\u00e1pida absorci\u00f3n con activos antioxidantes, reparadores y calmantes.<\/p>\n<h3><strong>AMARANTO, el favorito de tu melena<\/strong><\/h3>\n<p>S\u00ed, es un cereal, y el favorito de tu melena. Gracias a su contenido en prote\u00ednas act\u00faa como un fortalecedor natural del cabello y adem\u00e1s contiene lisina -un amino\u00e1cido que estimula la producci\u00f3n de col\u00e1geno y potencia el crecimiento del pelo-, escualeno y una buena cantidad de \u00e1cidos grasos omega-3 y omega-9.<\/p>\n<p><img decoding=\"async\" src=\"https:\/\/www.leonorgreyl.com\/wp-content\/uploads\/2020\/06\/SHAMPOOING_REVIVISCENCE_800.jpg\" \/><\/p>\n<p>Ideal para cabello te\u00f1ido y da\u00f1ado, <strong>Shampooing Reviviscence<\/strong> de LEONOR GREYL, epara la fibra capilar y reacondiciona el cabello deshidratado.<\/p>\n<h3><strong>CH\u00cdA, protecci\u00f3n capilar<\/strong><\/h3>\n<p>A nivel capilar crea una\u00a0pel\u00edcula protectora que evita la destrucci\u00f3n de prote\u00ednas\u00a0debido al da\u00f1o de los rayos UV, mientras que aumenta la\u00a0retenci\u00f3n de agua y evita la oxidaci\u00f3n. Rica en \u00e1cidos grasos esenciales como\u00a0Omega 3 y 6, vitaminas, flavonoides y antioxidantes, protege el cabello y restaura su brillo natural.<\/p>\n<p><img decoding=\"async\" src=\"https:\/\/ucd56451a4a5c345a0a4dcc3390c.previews.dropboxusercontent.com\/p\/thumb\/ACNPhBCb-bWeadDLrTYqXlsfiESaxp0j-n3NkCHBhWQbmqm31efSp5_EO6prgjvUd2EqtyTBN3cG1t6fHG_9Mh_CV1vnMmST4WW-2efLMQ46rfawXdNGitFvnIm_M44lT65BWAA9fEz3Ki-Dp2IU0RlmogfoR9Y3nwqNxYlfbbRaVk5KMXtPDFpcc8JoFmbYjzSJPowTGZLvuANOPy8yuljcsAnB38nraNdtdLCdUQtg_VxfsM1vpwLAzHJq2fmr5k7RK6yjyXoRRtwxqs5lJW2USPe6LuEuMtI-nbtDdcPqcF3f4Zv-nYRxLmfze74m-xULD4Er-IBjxOPBGhnrv7aBVkKwC4SL_rLW1vsWPw5Taw\/p.jpeg\" alt=\"Champu N2 Ultra Hidratante Nuggela Sule.jpg\" \/><\/p>\n<p><strong>Champ\u00fa N\u00ba2 Cabellos Secos<\/strong> de NUGGELA &amp; SUL\u00c9: tratamiento capilar en formato champ\u00fa-crema destinado para cabellos secos, muy secos y con tendencia a la deshidrataci\u00f3n.<\/p>\n<h3><strong>TRIGO SARRACENO, potente antiinflamatorio<\/strong><\/h3>\n<p>Esta variedad es la mejor de su clase. Es muy rico en rutina que es un alcaloide ideal para tratar la fragilidad y permeabilidad de los capilares sangu\u00edneos y tiene una potente acci\u00f3n antiinflamatoria. Tambi\u00e9n protege contra el estr\u00e9s oxidativo, calma la piel, hidrata y corrige las arrugas.<\/p>\n<p><img decoding=\"async\" src=\"https:\/\/medias.yves-rocher.es\/medias\/?context=bWFzdGVyfGltYWdlc3w3OTU1NXxpbWFnZS9qcGVnfHN5c19tYXN0ZXIvaW1hZ2VzL2g0NS9oNWEvOTgwMTQwNDY3ODE3NHxiYmI1NWEzNzRjOTRmMWYzNTE1MzY5MWI3YTRlMDNlMWI0MzJkNDNkN2U2YzgzMDIwNDEzM2U3ZGE4N2I1YzNk&amp;twic=v1\/resize=1200\/background=white\" alt=\"Crema de Manos AVena &amp; Trigo Sarraceno\" \/><\/p>\n<p><strong>Crema de Manos Avena &amp; Trigo Sarraceno<\/strong> de YVES ROCHER.<\/p>\n<h3><strong>S\u00c9SAMO, aliado de las pieles secas<\/strong><\/h3>\n<p>El aceite de s\u00e9samo es uno de los mejores aliados de la piel seca y sensible. Rico en vitamina E, hidrata la piel, la protege del sol y es antioxidante. Tambi\u00e9n tiene propiedades nutritivas, refrescantes, antis\u00e9pticas, antiprur\u00edticas, purificantes, astringentes y antiradicales libres.<\/p>\n<p><img decoding=\"async\" class=\"aligncenter\" src=\"https:\/\/apoem.eu\/wp-content\/uploads\/2021\/02\/Replenish_Lemongrass_Body_Cream.jpg\" \/><\/p>\n<p><strong>Replenish Lemongrass Body Cream<\/strong> de APoEM, una hidratante corporal vegana de r\u00e1pida absorci\u00f3n, rica para nutrir profundamente las pieles m\u00e1s exigentes y deshidratadas.<\/p>\n<h3><strong>SEMILLAS DE LINO, gran antioxidante<\/strong><\/h3>\n<p>La linaza est\u00e1 de moda entre los foodies, pero tambi\u00e9n entre los formuladores cosm\u00e9ticos por su alto contenido en \u00e1cido alfalinoleico, muc\u00edlagos y lignanos que hacen de este ingrediente un estupendo antioxidante. Tambi\u00e9n contiene vitamina E, \u00e1cidos grasos Omega 3, Omega 6 y minerales como hierro, calcio, cobre y f\u00f3sforo.<\/p>\n<p><img decoding=\"async\" class=\"aligncenter\" src=\"https:\/\/www.secretosdelagua.com\/wp-content\/uploads\/2020\/06\/SdA-crema-corporal-piel-seda1-600x658.png\" alt=\"Hidratante corporal natural sin siliconas ni parabenosde Secretos del Agua\" \/><\/p>\n<p><strong>Crema Corporal Piel de Seda\u00a0<\/strong>de SECRETOS DEL AGUA, que alisa, vitaliza y equilibra la piel.<\/p>\n<h3>CEbada, defensa de la piel<\/h3>\n<p>El grano de cebada germinada es un ingrediente cosm\u00e9tico top capaz de atrapar los metales pesados, por los que resulta perfecto incluirla en productos dise\u00f1ados para defender la piel de las agresiones urbanas. Tambi\u00e9n mantiene la firmeza, reduce la inflamaci\u00f3n y mejora la textura de la piel.<\/p>\n<p><img loading=\"lazy\" decoding=\"async\" class=\"aligncenter wp-image-174996\" src=\"https:\/\/graziamagazine.com\/es\/wp-content\/uploads\/sites\/12\/2024\/03\/Urban-Paparazzi-Sepai-scaled-e1709820162256-487x1024.jpg\" alt=\"\" width=\"400\" height=\"841\" \/><\/p>\n<p><strong>Urban Paparazzi<\/strong> de SEPAI, una crema hidratante ligera y antioxidante, con activos protectores de las c\u00e9lulas y acabado \u201ctone-up\u201d que unifica el tono.<\/p>\n<h3><strong>ARROZ, generador de col\u00e1geno<\/strong><\/h3>\n<p>Sus p\u00e9ptidos tienen la capacidad de ser f\u00e1cilmente absorbidos por la piel y tienen propiedades tan interesantes como aumentar la hidrataci\u00f3n, fortalecer la barrera cut\u00e1nea, ser antioxidantes y promover la creaci\u00f3n de col\u00e1geno. Adem\u00e1s, tienen una importante acci\u00f3n calmante y reducen el enrojecimiento y la irritaci\u00f3n.<\/p>\n<p><img decoding=\"async\" src=\"https:\/\/ucadb0a7c66aabb983c3fd071ab8.previews.dropboxusercontent.com\/p\/thumb\/ACMf5AkzgAEUajVu86RNfvkUZkZ8OJ3VigvIA5trv7tjVT7395Ia52LJxsjJ0VhyyIAZ6EbDkiNLp9nTvm_VbpJMZc26V-ZLiR4v21gTugPd0N459QM2y_k2mo9--wE88YbnOwrapU8DKsAXTnXuDr_PGwhTDiWB7kHPjLn-bmGrU8e1VznU2P9J8KErc-4N7wcYdlQzIj9DuZHXF5JjRwu7Z8I6AZCX3VVuYl69rbMX6wgAyWdG0Fx6jA2iPemLm68vSWmPa5eGfdiJWW4SjGn728X6r20PPlG5OZIF2IL0stQvsBGV2fHOnQXCAaj1TUnXOS9Ho4FDIERdKWQFoKMCbus2lOsPBmjShXhsHAIbaQ\/p.jpeg\" alt=\"Rapid Eye Treatment Twelve Beauty.jpg\" \/><\/p>\n<p><strong>Rapid Eye Treatment<\/strong> de TWELVE BEAUTY, una f\u00f3rmula \u00fanica que alisa y reafirma instant\u00e1neamente la zona del contorno del ojo adem\u00e1s de disminuir el aspecto de las bolsas, ojeras y signos de cansancio.<\/p>\n<p><em>*Im\u00e1genes: Getty Images y cortes\u00eda<\/em><\/p>\n<p>&nbsp;<\/p>\n","protected":false},"author":11653,"featured_media":135208,"template":"","format":"standard","categories":[3],"acf":[],"yoast_head":"<!-- This site is optimized with the Yoast SEO Premium plugin v18.5 (Yoast SEO v20.4) - https:\/\/yoast.com\/wordpress\/plugins\/seo\/ -->\n<title>Cosm\u00e9tica con cereales, del plato a la rutina beauty<\/title>\n<meta name=\"description\" content=\"Los cereales reivindican su lugar en la formulaci\u00f3n cosm\u00e9tica, y te dejamos varios productos para que celebres el D\u00eda Mundial de los cereales.\" \/>\n<meta name=\"robots\" content=\"index, follow, max-snippet:-1, max-image-preview:large, max-video-preview:-1\" \/>\n<link rel=\"canonical\" href=\"https:\/\/graziamagazine.com\/mx\/articles\/cosmetica-con-cereales-del-plato-a-la-rutina-beauty\/\" \/>\n<meta property=\"og:locale\" content=\"es_MX\" \/>\n<meta property=\"og:type\" content=\"article\" \/>\n<meta property=\"og:title\" content=\"Cosm\u00e9tica con cereales, del plato a la rutina beauty\" \/>\n<meta property=\"og:description\" content=\"Los cereales reivindican su lugar en la formulaci\u00f3n cosm\u00e9tica, y te dejamos varios productos para que celebres el D\u00eda Mundial de los cereales.\" \/>\n<meta property=\"og:url\" content=\"https:\/\/graziamagazine.com\/mx\/articles\/cosmetica-con-cereales-del-plato-a-la-rutina-beauty\/\" \/>\n<meta property=\"og:site_name\" content=\"Grazia M\u00e9xico y Latinoam\u00e9rica\" \/>\n<meta property=\"og:image\" content=\"https:\/\/graziamagazine.com\/mx\/wp-content\/uploads\/sites\/13\/2024\/03\/mascarilla-exfoliante-avena-shutterstock_173923556-copia-scaled-1.jpg\" \/>\n\t<meta property=\"og:image:width\" content=\"2560\" \/>\n\t<meta property=\"og:image:height\" content=\"1705\" \/>\n\t<meta property=\"og:image:type\" content=\"image\/jpeg\" \/>\n<meta name=\"twitter:card\" content=\"summary_large_image\" \/>\n<meta name=\"twitter:label1\" content=\"Est. reading time\" \/>\n\t<meta name=\"twitter:data1\" content=\"6 minutos\" \/>\n<script type=\"application\/ld+json\" class=\"yoast-schema-graph\">{\"@context\":\"https:\/\/schema.org\",\"@graph\":[{\"@type\":\"WebPage\",\"@id\":\"https:\/\/graziamagazine.com\/mx\/articles\/cosmetica-con-cereales-del-plato-a-la-rutina-beauty\/\",\"url\":\"https:\/\/graziamagazine.com\/mx\/articles\/cosmetica-con-cereales-del-plato-a-la-rutina-beauty\/\",\"name\":\"Cosm\u00e9tica con cereales, del plato a la rutina beauty\",\"isPartOf\":{\"@id\":\"https:\/\/graziamagazine.com\/mx\/#website\"},\"datePublished\":\"2024-03-07T16:58:19+00:00\",\"dateModified\":\"2024-03-07T16:58:19+00:00\",\"description\":\"Los cereales reivindican su lugar en la formulaci\u00f3n cosm\u00e9tica, y te dejamos varios productos para que celebres el D\u00eda Mundial de los cereales.\",\"breadcrumb\":{\"@id\":\"https:\/\/graziamagazine.com\/mx\/articles\/cosmetica-con-cereales-del-plato-a-la-rutina-beauty\/#breadcrumb\"},\"inLanguage\":\"es-MX\",\"potentialAction\":[{\"@type\":\"ReadAction\",\"target\":[\"https:\/\/graziamagazine.com\/mx\/articles\/cosmetica-con-cereales-del-plato-a-la-rutina-beauty\/\"]}]},{\"@type\":\"BreadcrumbList\",\"@id\":\"https:\/\/graziamagazine.com\/mx\/articles\/cosmetica-con-cereales-del-plato-a-la-rutina-beauty\/#breadcrumb\",\"itemListElement\":[{\"@type\":\"ListItem\",\"position\":1,\"name\":\"Home\",\"item\":\"https:\/\/graziamagazine.com\/mx\/\"},{\"@type\":\"ListItem\",\"position\":2,\"name\":\"Cosm\u00e9tica con cereales, del plato a la rutina beauty\"}]},{\"@type\":\"WebSite\",\"@id\":\"https:\/\/graziamagazine.com\/mx\/#website\",\"url\":\"https:\/\/graziamagazine.com\/mx\/\",\"name\":\"Grazia M\u00e9xico y Latinoam\u00e9rica\",\"description\":\"Grazia es moda, belleza y noticias  de actualidad \",\"potentialAction\":[{\"@type\":\"SearchAction\",\"target\":{\"@type\":\"EntryPoint\",\"urlTemplate\":\"https:\/\/graziamagazine.com\/mx\/?s={search_term_string}\"},\"query-input\":\"required name=search_term_string\"}],\"inLanguage\":\"es-MX\"}]}<\/script>\n<!-- \/ Yoast SEO Premium plugin. -->","yoast_head_json":{"title":"Cosm\u00e9tica con cereales, del plato a la rutina beauty","description":"Los cereales reivindican su lugar en la formulaci\u00f3n cosm\u00e9tica, y te dejamos varios productos para que celebres el D\u00eda Mundial de los cereales.","robots":{"index":"index","follow":"follow","max-snippet":"max-snippet:-1","max-image-preview":"max-image-preview:large","max-video-preview":"max-video-preview:-1"},"canonical":"https:\/\/graziamagazine.com\/mx\/articles\/cosmetica-con-cereales-del-plato-a-la-rutina-beauty\/","og_locale":"es_MX","og_type":"article","og_title":"Cosm\u00e9tica con cereales, del plato a la rutina beauty","og_description":"Los cereales reivindican su lugar en la formulaci\u00f3n cosm\u00e9tica, y te dejamos varios productos para que celebres el D\u00eda Mundial de los cereales.","og_url":"https:\/\/graziamagazine.com\/mx\/articles\/cosmetica-con-cereales-del-plato-a-la-rutina-beauty\/","og_site_name":"Grazia M\u00e9xico y Latinoam\u00e9rica","og_image":[{"width":2560,"height":1705,"url":"https:\/\/graziamagazine.com\/mx\/wp-content\/uploads\/sites\/13\/2024\/03\/mascarilla-exfoliante-avena-shutterstock_173923556-copia-scaled-1.jpg","type":"image\/jpeg"}],"twitter_card":"summary_large_image","twitter_misc":{"Est. reading time":"6 minutos"},"schema":{"@context":"https:\/\/schema.org","@graph":[{"@type":"WebPage","@id":"https:\/\/graziamagazine.com\/mx\/articles\/cosmetica-con-cereales-del-plato-a-la-rutina-beauty\/","url":"https:\/\/graziamagazine.com\/mx\/articles\/cosmetica-con-cereales-del-plato-a-la-rutina-beauty\/","name":"Cosm\u00e9tica con cereales, del plato a la rutina beauty","isPartOf":{"@id":"https:\/\/graziamagazine.com\/mx\/#website"},"datePublished":"2024-03-07T16:58:19+00:00","dateModified":"2024-03-07T16:58:19+00:00","description":"Los cereales reivindican su lugar en la formulaci\u00f3n cosm\u00e9tica, y te dejamos varios productos para que celebres el D\u00eda Mundial de los cereales.","breadcrumb":{"@id":"https:\/\/graziamagazine.com\/mx\/articles\/cosmetica-con-cereales-del-plato-a-la-rutina-beauty\/#breadcrumb"},"inLanguage":"es-MX","potentialAction":[{"@type":"ReadAction","target":["https:\/\/graziamagazine.com\/mx\/articles\/cosmetica-con-cereales-del-plato-a-la-rutina-beauty\/"]}]},{"@type":"BreadcrumbList","@id":"https:\/\/graziamagazine.com\/mx\/articles\/cosmetica-con-cereales-del-plato-a-la-rutina-beauty\/#breadcrumb","itemListElement":[{"@type":"ListItem","position":1,"name":"Home","item":"https:\/\/graziamagazine.com\/mx\/"},{"@type":"ListItem","position":2,"name":"Cosm\u00e9tica con cereales, del plato a la rutina beauty"}]},{"@type":"WebSite","@id":"https:\/\/graziamagazine.com\/mx\/#website","url":"https:\/\/graziamagazine.com\/mx\/","name":"Grazia M\u00e9xico y Latinoam\u00e9rica","description":"Grazia es moda, belleza y noticias  de actualidad ","potentialAction":[{"@type":"SearchAction","target":{"@type":"EntryPoint","urlTemplate":"https:\/\/graziamagazine.com\/mx\/?s={search_term_string}"},"query-input":"required name=search_term_string"}],"inLanguage":"es-MX"}]}},"jetpack_sharing_enabled":true,"distributor_meta":false,"distributor_terms":false,"distributor_media":false,"distributor_original_site_name":"Grazia M\u00e9xico y Latinoam\u00e9rica","distributor_original_site_url":"https:\/\/graziamagazine.com\/mx","push-errors":false,"_links":{"self":[{"href":"https:\/\/graziamagazine.com\/mx\/wp-json\/wp\/v2\/articles\/135207"}],"collection":[{"href":"https:\/\/graziamagazine.com\/mx\/wp-json\/wp\/v2\/articles"}],"about":[{"href":"https:\/\/graziamagazine.com\/mx\/wp-json\/wp\/v2\/types\/articles"}],"author":[{"embeddable":true,"href":"https:\/\/graziamagazine.com\/mx\/wp-json\/wp\/v2\/users\/11653"}],"wp:featuredmedia":[{"embeddable":true,"href":"https:\/\/graziamagazine.com\/mx\/wp-json\/wp\/v2\/media\/135208"}],"wp:attachment":[{"href":"https:\/\/graziamagazine.com\/mx\/wp-json\/wp\/v2\/media?parent=135207"}],"wp:term":[{"taxonomy":"category","embeddable":true,"href":"https:\/\/graziamagazine.com\/mx\/wp-json\/wp\/v2\/categories?post=135207"}],"curies":[{"name":"wp","href":"https:\/\/api.w.org\/{rel}","templated":true}]}}