{"id":135197,"date":"2024-03-06T18:38:10","date_gmt":"2024-03-06T23:38:10","guid":{"rendered":"https:\/\/graziamagazine.com\/mx\/?post_type=articles&#038;p=135197"},"modified":"2024-03-06T19:05:54","modified_gmt":"2024-03-07T00:05:54","slug":"lindsay-lohan-confirma-habra-freaky-friday-2","status":"publish","type":"articles","link":"https:\/\/graziamagazine.com\/mx\/articles\/lindsay-lohan-confirma-habra-freaky-friday-2\/","title":{"rendered":"Lindsay Lohan confirma que s\u00ed habr\u00e1 &#8216;Freaky Friday 2&#8217;"},"content":{"rendered":"<p><strong>Lindsay Lohan<\/strong> confirm\u00f3 que s\u00ed habr\u00e1 <em><strong>Freaky Friday 2<\/strong><\/em> y tambi\u00e9n participar\u00e1 <strong>Jamie Lee Curtis<\/strong>, qui\u00e9n interpret\u00f3 a la mam\u00e1 de Lindsay en la primera parte que se estren\u00f3 en el a\u00f1o 2003.<\/p>\n<p>Y aunque la actriz no dio muchos detalles, durante una entrevista con <strong>Andy Cohen<\/strong> asegur\u00f3 que las dos actrices est\u00e1n muy emocionadas de volver a trabajar juntas.<\/p>\n<p>&#8220;No quiero decir <strong>demasiado<\/strong>&#8220;, comparti\u00f3 Lindsay en el programa de radio de Cohen. &#8220;Y ambas estamos muy emocionadas. Voy a hablar por Jamie&#8221;, asegur\u00f3.<\/p>\n<figure id=\"attachment_135200\" aria-describedby=\"caption-attachment-135200\" style=\"width: 367px\" class=\"wp-caption alignnone\"><img loading=\"lazy\" decoding=\"async\" class=\"size-medium wp-image-135200\" src=\"https:\/\/graziamagazine.com\/mx\/wp-content\/uploads\/sites\/13\/2024\/03\/WhatsApp-Image-2024-03-06-at-5.41.30-PM-367x450.jpeg\" alt=\"\" width=\"367\" height=\"450\" srcset=\"https:\/\/graziamagazine.com\/mx\/wp-content\/uploads\/sites\/13\/2024\/03\/WhatsApp-Image-2024-03-06-at-5.41.30-PM-367x450.jpeg 367w, https:\/\/graziamagazine.com\/mx\/wp-content\/uploads\/sites\/13\/2024\/03\/WhatsApp-Image-2024-03-06-at-5.41.30-PM-834x1024.jpeg 834w, https:\/\/graziamagazine.com\/mx\/wp-content\/uploads\/sites\/13\/2024\/03\/WhatsApp-Image-2024-03-06-at-5.41.30-PM-768x943.jpeg 768w, https:\/\/graziamagazine.com\/mx\/wp-content\/uploads\/sites\/13\/2024\/03\/WhatsApp-Image-2024-03-06-at-5.41.30-PM-400x491.jpeg 400w, https:\/\/graziamagazine.com\/mx\/wp-content\/uploads\/sites\/13\/2024\/03\/WhatsApp-Image-2024-03-06-at-5.41.30-PM-155x190.jpeg 155w, https:\/\/graziamagazine.com\/mx\/wp-content\/uploads\/sites\/13\/2024\/03\/WhatsApp-Image-2024-03-06-at-5.41.30-PM.jpeg 1125w\" sizes=\"(max-width: 367px) 100vw, 367px\" \/><figcaption id=\"caption-attachment-135200\" class=\"wp-caption-text\">Instagram<\/figcaption><\/figure>\n<p>Cohen pregunt\u00f3 a Lindsay cu\u00e1l ser\u00eda la l\u00ednea del tiempo de la pel\u00edcula, pero ella no quiso dar muchos detalles, &#8220;A\u00fan no dir\u00e9 eso&#8221;, respondi\u00f3.<\/p>\n<p>La historia tiene dos personajes centrales, <strong>Tess Coleman<\/strong> (Jamie Lee Curtis), una mam\u00e1 psiquiatra muy ser\u00eda y <strong>Anna<\/strong> (Lindsay Lohan), su hija adolescente rebelde y amante del rock. Ambas <strong>intercambian cuerpos<\/strong> accidentalmente tras una discusi\u00f3n y lo que siguen son una serie de aventuras que volvieron la historia ic\u00f3nica.<\/p>\n<figure id=\"attachment_135201\" aria-describedby=\"caption-attachment-135201\" style=\"width: 373px\" class=\"wp-caption alignnone\"><img loading=\"lazy\" decoding=\"async\" class=\"size-medium wp-image-135201\" src=\"https:\/\/graziamagazine.com\/mx\/wp-content\/uploads\/sites\/13\/2024\/03\/WhatsApp-Image-2024-03-06-at-5.41.29-PM-373x450.jpeg\" alt=\"\" width=\"373\" height=\"450\" srcset=\"https:\/\/graziamagazine.com\/mx\/wp-content\/uploads\/sites\/13\/2024\/03\/WhatsApp-Image-2024-03-06-at-5.41.29-PM-373x450.jpeg 373w, https:\/\/graziamagazine.com\/mx\/wp-content\/uploads\/sites\/13\/2024\/03\/WhatsApp-Image-2024-03-06-at-5.41.29-PM-848x1024.jpeg 848w, https:\/\/graziamagazine.com\/mx\/wp-content\/uploads\/sites\/13\/2024\/03\/WhatsApp-Image-2024-03-06-at-5.41.29-PM-768x927.jpeg 768w, https:\/\/graziamagazine.com\/mx\/wp-content\/uploads\/sites\/13\/2024\/03\/WhatsApp-Image-2024-03-06-at-5.41.29-PM-400x483.jpeg 400w, https:\/\/graziamagazine.com\/mx\/wp-content\/uploads\/sites\/13\/2024\/03\/WhatsApp-Image-2024-03-06-at-5.41.29-PM-155x187.jpeg 155w, https:\/\/graziamagazine.com\/mx\/wp-content\/uploads\/sites\/13\/2024\/03\/WhatsApp-Image-2024-03-06-at-5.41.29-PM.jpeg 1017w\" sizes=\"(max-width: 373px) 100vw, 373px\" \/><figcaption id=\"caption-attachment-135201\" class=\"wp-caption-text\">Instagram<\/figcaption><\/figure>\n<p>Antes de est\u00e1 confirmaci\u00f3n, se tuvieron algunos indicios de que pronto escuchar\u00edamos sobre esta pel\u00edcula. En octubre de 2022, Jaime Lee Curtis dijo que <strong>estaba dispuesta<\/strong> a hacer una continuaci\u00f3n de la pel\u00edcula.<\/p>\n<p>Ambas son muy cercanas y desde el estreno de la pel\u00edcula se han mantenido en contacto, as\u00ed que seguramente volveremos a ver la <strong>qu\u00edmica en pantalla<\/strong> caracter\u00edstica de la primera pel\u00edcula.<\/p>\n","protected":false},"author":36289,"featured_media":135199,"template":"","format":"standard","categories":[2],"acf":[],"yoast_head":"<!-- This site is optimized with the Yoast SEO Premium plugin v18.5 (Yoast SEO v20.4) - https:\/\/yoast.com\/wordpress\/plugins\/seo\/ -->\n<title>Lindsay Lohan confirma que s\u00ed habr\u00e1 &#039;Freaky Friday 2&#039; | Grazia M\u00e9xico y Latinoam\u00e9rica<\/title>\n<meta name=\"description\" content=\"Lindsay Lohan confirm\u00f3 que s\u00ed habr\u00e1 Freaky Friday 2 y tambi\u00e9n participar\u00e1 Jamie Lee Curtis, qui\u00e9n interpret\u00f3 a la mam\u00e1 de Lindsay en la primera parte que\" \/>\n<meta name=\"robots\" content=\"index, follow, max-snippet:-1, max-image-preview:large, max-video-preview:-1\" \/>\n<link rel=\"canonical\" href=\"https:\/\/graziamagazine.com\/mx\/articles\/lindsay-lohan-confirma-habra-freaky-friday-2\/\" \/>\n<meta property=\"og:locale\" content=\"es_MX\" \/>\n<meta property=\"og:type\" content=\"article\" \/>\n<meta property=\"og:title\" content=\"Lindsay Lohan confirma que s\u00ed habr\u00e1 &#039;Freaky Friday 2&#039;\" \/>\n<meta property=\"og:description\" content=\"Lindsay Lohan confirm\u00f3 que s\u00ed habr\u00e1 Freaky Friday 2 y tambi\u00e9n participar\u00e1 Jamie Lee Curtis, qui\u00e9n interpret\u00f3 a la mam\u00e1 de Lindsay en la primera parte que\" \/>\n<meta property=\"og:url\" content=\"https:\/\/graziamagazine.com\/mx\/articles\/lindsay-lohan-confirma-habra-freaky-friday-2\/\" \/>\n<meta property=\"og:site_name\" content=\"Grazia M\u00e9xico y Latinoam\u00e9rica\" \/>\n<meta property=\"article:modified_time\" content=\"2024-03-07T00:05:54+00:00\" \/>\n<meta property=\"og:image\" content=\"https:\/\/graziamagazine.com\/mx\/wp-content\/uploads\/sites\/13\/2024\/03\/Captura-de-pantalla-2024-03-06-174202-1-e1709768730899.png\" \/>\n\t<meta property=\"og:image:width\" content=\"682\" \/>\n\t<meta property=\"og:image:height\" content=\"334\" \/>\n\t<meta property=\"og:image:type\" content=\"image\/png\" \/>\n<meta name=\"twitter:card\" content=\"summary_large_image\" \/>\n<meta name=\"twitter:label1\" content=\"Est. reading time\" \/>\n\t<meta name=\"twitter:data1\" content=\"2 minutos\" \/>\n<script type=\"application\/ld+json\" class=\"yoast-schema-graph\">{\"@context\":\"https:\/\/schema.org\",\"@graph\":[{\"@type\":\"WebPage\",\"@id\":\"https:\/\/graziamagazine.com\/mx\/articles\/lindsay-lohan-confirma-habra-freaky-friday-2\/\",\"url\":\"https:\/\/graziamagazine.com\/mx\/articles\/lindsay-lohan-confirma-habra-freaky-friday-2\/\",\"name\":\"Lindsay Lohan confirma que s\u00ed habr\u00e1 'Freaky Friday 2' | Grazia M\u00e9xico y Latinoam\u00e9rica\",\"isPartOf\":{\"@id\":\"https:\/\/graziamagazine.com\/mx\/#website\"},\"datePublished\":\"2024-03-06T23:38:10+00:00\",\"dateModified\":\"2024-03-07T00:05:54+00:00\",\"description\":\"Lindsay Lohan confirm\u00f3 que s\u00ed habr\u00e1 Freaky Friday 2 y tambi\u00e9n participar\u00e1 Jamie Lee Curtis, qui\u00e9n interpret\u00f3 a la mam\u00e1 de Lindsay en la primera parte que\",\"breadcrumb\":{\"@id\":\"https:\/\/graziamagazine.com\/mx\/articles\/lindsay-lohan-confirma-habra-freaky-friday-2\/#breadcrumb\"},\"inLanguage\":\"es-MX\",\"potentialAction\":[{\"@type\":\"ReadAction\",\"target\":[\"https:\/\/graziamagazine.com\/mx\/articles\/lindsay-lohan-confirma-habra-freaky-friday-2\/\"]}]},{\"@type\":\"BreadcrumbList\",\"@id\":\"https:\/\/graziamagazine.com\/mx\/articles\/lindsay-lohan-confirma-habra-freaky-friday-2\/#breadcrumb\",\"itemListElement\":[{\"@type\":\"ListItem\",\"position\":1,\"name\":\"Home\",\"item\":\"https:\/\/graziamagazine.com\/mx\/\"},{\"@type\":\"ListItem\",\"position\":2,\"name\":\"Lindsay Lohan confirma que s\u00ed habr\u00e1 &#8216;Freaky Friday 2&#8217;\"}]},{\"@type\":\"WebSite\",\"@id\":\"https:\/\/graziamagazine.com\/mx\/#website\",\"url\":\"https:\/\/graziamagazine.com\/mx\/\",\"name\":\"Grazia M\u00e9xico y Latinoam\u00e9rica\",\"description\":\"Grazia es moda, belleza y noticias  de actualidad \",\"potentialAction\":[{\"@type\":\"SearchAction\",\"target\":{\"@type\":\"EntryPoint\",\"urlTemplate\":\"https:\/\/graziamagazine.com\/mx\/?s={search_term_string}\"},\"query-input\":\"required name=search_term_string\"}],\"inLanguage\":\"es-MX\"}]}<\/script>\n<!-- \/ Yoast SEO Premium plugin. -->","yoast_head_json":{"title":"Lindsay Lohan confirma que s\u00ed habr\u00e1 'Freaky Friday 2' | Grazia M\u00e9xico y Latinoam\u00e9rica","description":"Lindsay Lohan confirm\u00f3 que s\u00ed habr\u00e1 Freaky Friday 2 y tambi\u00e9n participar\u00e1 Jamie Lee Curtis, qui\u00e9n interpret\u00f3 a la mam\u00e1 de Lindsay en la primera parte que","robots":{"index":"index","follow":"follow","max-snippet":"max-snippet:-1","max-image-preview":"max-image-preview:large","max-video-preview":"max-video-preview:-1"},"canonical":"https:\/\/graziamagazine.com\/mx\/articles\/lindsay-lohan-confirma-habra-freaky-friday-2\/","og_locale":"es_MX","og_type":"article","og_title":"Lindsay Lohan confirma que s\u00ed habr\u00e1 'Freaky Friday 2'","og_description":"Lindsay Lohan confirm\u00f3 que s\u00ed habr\u00e1 Freaky Friday 2 y tambi\u00e9n participar\u00e1 Jamie Lee Curtis, qui\u00e9n interpret\u00f3 a la mam\u00e1 de Lindsay en la primera parte que","og_url":"https:\/\/graziamagazine.com\/mx\/articles\/lindsay-lohan-confirma-habra-freaky-friday-2\/","og_site_name":"Grazia M\u00e9xico y Latinoam\u00e9rica","article_modified_time":"2024-03-07T00:05:54+00:00","og_image":[{"width":682,"height":334,"url":"https:\/\/graziamagazine.com\/mx\/wp-content\/uploads\/sites\/13\/2024\/03\/Captura-de-pantalla-2024-03-06-174202-1-e1709768730899.png","type":"image\/png"}],"twitter_card":"summary_large_image","twitter_misc":{"Est. reading time":"2 minutos"},"schema":{"@context":"https:\/\/schema.org","@graph":[{"@type":"WebPage","@id":"https:\/\/graziamagazine.com\/mx\/articles\/lindsay-lohan-confirma-habra-freaky-friday-2\/","url":"https:\/\/graziamagazine.com\/mx\/articles\/lindsay-lohan-confirma-habra-freaky-friday-2\/","name":"Lindsay Lohan confirma que s\u00ed habr\u00e1 'Freaky Friday 2' | Grazia M\u00e9xico y Latinoam\u00e9rica","isPartOf":{"@id":"https:\/\/graziamagazine.com\/mx\/#website"},"datePublished":"2024-03-06T23:38:10+00:00","dateModified":"2024-03-07T00:05:54+00:00","description":"Lindsay Lohan confirm\u00f3 que s\u00ed habr\u00e1 Freaky Friday 2 y tambi\u00e9n participar\u00e1 Jamie Lee Curtis, qui\u00e9n interpret\u00f3 a la mam\u00e1 de Lindsay en la primera parte que","breadcrumb":{"@id":"https:\/\/graziamagazine.com\/mx\/articles\/lindsay-lohan-confirma-habra-freaky-friday-2\/#breadcrumb"},"inLanguage":"es-MX","potentialAction":[{"@type":"ReadAction","target":["https:\/\/graziamagazine.com\/mx\/articles\/lindsay-lohan-confirma-habra-freaky-friday-2\/"]}]},{"@type":"BreadcrumbList","@id":"https:\/\/graziamagazine.com\/mx\/articles\/lindsay-lohan-confirma-habra-freaky-friday-2\/#breadcrumb","itemListElement":[{"@type":"ListItem","position":1,"name":"Home","item":"https:\/\/graziamagazine.com\/mx\/"},{"@type":"ListItem","position":2,"name":"Lindsay Lohan confirma que s\u00ed habr\u00e1 &#8216;Freaky Friday 2&#8217;"}]},{"@type":"WebSite","@id":"https:\/\/graziamagazine.com\/mx\/#website","url":"https:\/\/graziamagazine.com\/mx\/","name":"Grazia M\u00e9xico y Latinoam\u00e9rica","description":"Grazia es moda, belleza y noticias  de actualidad ","potentialAction":[{"@type":"SearchAction","target":{"@type":"EntryPoint","urlTemplate":"https:\/\/graziamagazine.com\/mx\/?s={search_term_string}"},"query-input":"required name=search_term_string"}],"inLanguage":"es-MX"}]}},"jetpack_sharing_enabled":true,"distributor_meta":false,"distributor_terms":false,"distributor_media":false,"distributor_original_site_name":"Grazia M\u00e9xico y Latinoam\u00e9rica","distributor_original_site_url":"https:\/\/graziamagazine.com\/mx","push-errors":false,"_links":{"self":[{"href":"https:\/\/graziamagazine.com\/mx\/wp-json\/wp\/v2\/articles\/135197"}],"collection":[{"href":"https:\/\/graziamagazine.com\/mx\/wp-json\/wp\/v2\/articles"}],"about":[{"href":"https:\/\/graziamagazine.com\/mx\/wp-json\/wp\/v2\/types\/articles"}],"author":[{"embeddable":true,"href":"https:\/\/graziamagazine.com\/mx\/wp-json\/wp\/v2\/users\/36289"}],"wp:featuredmedia":[{"embeddable":true,"href":"https:\/\/graziamagazine.com\/mx\/wp-json\/wp\/v2\/media\/135199"}],"wp:attachment":[{"href":"https:\/\/graziamagazine.com\/mx\/wp-json\/wp\/v2\/media?parent=135197"}],"wp:term":[{"taxonomy":"category","embeddable":true,"href":"https:\/\/graziamagazine.com\/mx\/wp-json\/wp\/v2\/categories?post=135197"}],"curies":[{"name":"wp","href":"https:\/\/api.w.org\/{rel}","templated":true}]}}