{"id":135150,"date":"2024-03-06T13:56:04","date_gmt":"2024-03-06T18:56:04","guid":{"rendered":"https:\/\/graziamagazine.com\/mx\/?post_type=articles&#038;p=135150"},"modified":"2024-03-06T13:56:04","modified_gmt":"2024-03-06T18:56:04","slug":"nicholas-ghesquiere-celebra-en-pfw-10-anos-al-frente-de-louis-vuitton","status":"publish","type":"articles","link":"https:\/\/graziamagazine.com\/mx\/articles\/nicholas-ghesquiere-celebra-en-pfw-10-anos-al-frente-de-louis-vuitton\/","title":{"rendered":"Nicholas Ghesqui\u00e8re celebra en PFW 10 a\u00f1os al frente de Louis Vuitton"},"content":{"rendered":"<p class=\"x_MsoNormal\"><span lang=\"ES\">La colecci\u00f3n de Oto\u00f1o\/Invierno 2024 se ha presentado en el Cour Carr\u00e9e del museo Louvre, un lugar ic\u00f3nico para los desfiles de Louis Vuitton y tambi\u00e9n aquel en el que Nicolas Ghesqui\u00e8re present\u00f3 su primera colecci\u00f3n para la\u00a0<i>Maison<\/i>\u00a0hace exactamente diez a\u00f1os, el 5 de marzo de 2014.<\/span><\/p>\n<p class=\"x_MsoNormal\"><span lang=\"ES\">Al desfile <strong>han acudido numerosos rostros<\/strong> conocidos entre los que se encontraban\u00a0<\/span><span lang=\"ES\">Brigitte Macron, Emma Stone, Lisa, Cate Blanchett, Ana de Armas, Jennifer Connelly, L\u00e9a Seydoux, Saoirse Ronan, Sophie Turner, Chlo\u00eb Grace Moretz, Millie Bobby Brown\u00a0<\/span><span lang=\"ES\">o la espa\u00f1ola\u00a0<\/span><span lang=\"ES\">Clara Galle<\/span><b><span lang=\"ES\">\u00a0<\/span><\/b><span lang=\"ES\">entre otros invitados.<\/span><\/p>\n<p><img decoding=\"async\" src=\"https:\/\/media.vogue.fr\/photos\/65e7900c2f77483cc2c39720\/master\/w_1600%2Cc_limit\/00001-louis-vuitton-fall-2024-re.jpg\" alt=\"HoYeon Jung\" \/><\/p>\n<p class=\"x_MsoNormal\"><span lang=\"ES\">La nueva colecci\u00f3n es <strong>una exploraci\u00f3n introspectiva en la que los recuerdos afloran como una estratificaci\u00f3n de emociones, reflexiones y referencias.<\/strong> Una propuesta especial que, si bien adscrita a la temporada Oto\u00f1o\/Invierno 2024, es a la vez testigo de una d\u00e9cada de moda. En este periplo creativo, lo esencial ha sido trazar la trayectoria adecuada, siguiendo una Estrella Polar propia, la br\u00fajula primordial del viajante curioso. <strong>Una Estrella Polar que indique la direcci\u00f3n correcta e ilumine el camino<\/strong>. En esta colecci\u00f3n, ese faro garantiza la coherencia de un vocabulario recopilado a lo largo de diez a\u00f1os en los que el dise\u00f1ador ha explorado distintos horizontes a partir de su propia intertextualidad.<\/span><\/p>\n<p><img decoding=\"async\" src=\"https:\/\/www.grazia.it\/content\/uploads\/2024\/03\/louis-vuitton-fw24-6.png\" alt=\"louis-vuitton-fw24-6\" \/><\/p>\n<p class=\"x_MsoNormal\"><span lang=\"ES\">Pueden atisbarse en ella afinidades m\u00e1s tempranas, oportunas huellas de prendas preciadas y el afecto por un gesto, un corte o un bordado. La imaginaci\u00f3n lo absorbe todo. Lo familiar se renueva. Cada d\u00eda es un d\u00eda nuevo.\u00a0<\/span><\/p>\n<p class=\"x_MsoNormal\"><span lang=\"ES\">El decorado del desfile fue un gran invernadero cuyos diversos elementos encarnan un entorno futurista y sensorial. Las plataformas elevadas de pizarra negra, minerales, vidrio y sal de cristal forman mont\u00edculos extraterrenales, y la visible red de cables que conecta trece l\u00e1mparas de ara\u00f1a modulares a las paredes del invernadero evoca un sistema de datos y energ\u00eda el\u00e9ctrica.<\/span><\/p>\n<p><img decoding=\"async\" src=\"https:\/\/www.grazia.it\/content\/uploads\/2024\/03\/louis-vuitton-fw2024-2.png\" alt=\"louis-vuitton-fw2024-2\" \/><\/p>\n<p class=\"x_MsoNormal\"><span lang=\"ES\"> El conjunto remite a una estructura autosuficiente cuya principal fuente de energ\u00eda es la gran l\u00e1mpara central.<\/span><\/p>\n<p><img decoding=\"async\" src=\"https:\/\/www.grazia.it\/content\/uploads\/2024\/03\/louis-vuitton-trunk-stampa-monogram-abito-fw2024.png\" alt=\"louis-vuitton-trunk-stampa-monogram-abito-fw2024\" \/><\/p>\n<p class=\"x_MsoNormal\"><span lang=\"ES\">El espacio se activa gracias a una banda sonora de sonidos pregrabados procedentes de tres singulares instrumentos musicales: una arm\u00f3nica de cristal del siglo XVIII, el Ondes Marthenot \u2013 un primigenio sintetizador que data de los a\u00f1os 20 del siglo pasado, el Bachet de cristal \u2013 instrumento futurista de la d\u00e9cada de 1950, y el sonido de la electricidad est\u00e1tica de la corriente transmitida a las l\u00e1mparas de ara\u00f1a de cristal. <\/span><\/p>\n<p><img decoding=\"async\" src=\"https:\/\/www.grazia.it\/content\/uploads\/2024\/03\/louis-vuitton-fw2024-6.png\" alt=\"louis-vuitton-fw2024-6\" \/><\/p>\n<p class=\"x_MsoNormal\"><span lang=\"ES\">El dise\u00f1o de sonido ha corrido a cargo de Nicolas Becker, con IA Lexx Domgoogle\/Bronze.<\/span><\/p>\n<p><em>*Im\u00e1genes: cortes\u00eda<\/em><\/p>\n<p class=\"x_MsoNormal\"><span lang=\"ES\">\u00a0<\/span><\/p>\n","protected":false},"author":11653,"featured_media":135151,"template":"","format":"standard","categories":[4],"acf":[],"yoast_head":"<!-- This site is optimized with the Yoast SEO Premium plugin v18.5 (Yoast SEO v20.4) - https:\/\/yoast.com\/wordpress\/plugins\/seo\/ -->\n<title>Nicholas Ghesqui\u00e8re celebra 10 a\u00f1os al frente de Louis Vuitton<\/title>\n<meta name=\"description\" content=\"La colecci\u00f3n de Oto\u00f1o\/Invierno 2024 se ha presentado en el Cour Carr\u00e9e del museo Louvre, un lugar ic\u00f3nico para los desfiles de Louis Vuitton y tambi\u00e9n\" \/>\n<meta name=\"robots\" content=\"index, follow, max-snippet:-1, max-image-preview:large, max-video-preview:-1\" \/>\n<link rel=\"canonical\" href=\"https:\/\/graziamagazine.com\/mx\/articles\/nicholas-ghesquiere-celebra-en-pfw-10-anos-al-frente-de-louis-vuitton\/\" \/>\n<meta property=\"og:locale\" content=\"es_MX\" \/>\n<meta property=\"og:type\" content=\"article\" \/>\n<meta property=\"og:title\" content=\"Nicholas Ghesqui\u00e8re celebra en PFW 10 a\u00f1os al frente de Louis Vuitton\" \/>\n<meta property=\"og:description\" content=\"La colecci\u00f3n de Oto\u00f1o\/Invierno 2024 se ha presentado en el Cour Carr\u00e9e del museo Louvre, un lugar ic\u00f3nico para los desfiles de Louis Vuitton y tambi\u00e9n\" \/>\n<meta property=\"og:url\" content=\"https:\/\/graziamagazine.com\/mx\/articles\/nicholas-ghesquiere-celebra-en-pfw-10-anos-al-frente-de-louis-vuitton\/\" \/>\n<meta property=\"og:site_name\" content=\"Grazia M\u00e9xico y Latinoam\u00e9rica\" \/>\n<meta property=\"og:image\" content=\"https:\/\/graziamagazine.com\/mx\/wp-content\/uploads\/sites\/13\/2024\/03\/descarga-1024x683.png\" \/>\n\t<meta property=\"og:image:width\" content=\"1024\" \/>\n\t<meta property=\"og:image:height\" content=\"683\" \/>\n\t<meta property=\"og:image:type\" content=\"image\/png\" \/>\n<meta name=\"twitter:card\" content=\"summary_large_image\" \/>\n<meta name=\"twitter:label1\" content=\"Est. reading time\" \/>\n\t<meta name=\"twitter:data1\" content=\"3 minutos\" \/>\n<script type=\"application\/ld+json\" class=\"yoast-schema-graph\">{\"@context\":\"https:\/\/schema.org\",\"@graph\":[{\"@type\":\"WebPage\",\"@id\":\"https:\/\/graziamagazine.com\/mx\/articles\/nicholas-ghesquiere-celebra-en-pfw-10-anos-al-frente-de-louis-vuitton\/\",\"url\":\"https:\/\/graziamagazine.com\/mx\/articles\/nicholas-ghesquiere-celebra-en-pfw-10-anos-al-frente-de-louis-vuitton\/\",\"name\":\"Nicholas Ghesqui\u00e8re celebra 10 a\u00f1os al frente de Louis Vuitton\",\"isPartOf\":{\"@id\":\"https:\/\/graziamagazine.com\/mx\/#website\"},\"datePublished\":\"2024-03-06T18:56:04+00:00\",\"dateModified\":\"2024-03-06T18:56:04+00:00\",\"description\":\"La colecci\u00f3n de Oto\u00f1o\/Invierno 2024 se ha presentado en el Cour Carr\u00e9e del museo Louvre, un lugar ic\u00f3nico para los desfiles de Louis Vuitton y tambi\u00e9n\",\"breadcrumb\":{\"@id\":\"https:\/\/graziamagazine.com\/mx\/articles\/nicholas-ghesquiere-celebra-en-pfw-10-anos-al-frente-de-louis-vuitton\/#breadcrumb\"},\"inLanguage\":\"es-MX\",\"potentialAction\":[{\"@type\":\"ReadAction\",\"target\":[\"https:\/\/graziamagazine.com\/mx\/articles\/nicholas-ghesquiere-celebra-en-pfw-10-anos-al-frente-de-louis-vuitton\/\"]}]},{\"@type\":\"BreadcrumbList\",\"@id\":\"https:\/\/graziamagazine.com\/mx\/articles\/nicholas-ghesquiere-celebra-en-pfw-10-anos-al-frente-de-louis-vuitton\/#breadcrumb\",\"itemListElement\":[{\"@type\":\"ListItem\",\"position\":1,\"name\":\"Home\",\"item\":\"https:\/\/graziamagazine.com\/mx\/\"},{\"@type\":\"ListItem\",\"position\":2,\"name\":\"Nicholas Ghesqui\u00e8re celebra en PFW 10 a\u00f1os al frente de Louis Vuitton\"}]},{\"@type\":\"WebSite\",\"@id\":\"https:\/\/graziamagazine.com\/mx\/#website\",\"url\":\"https:\/\/graziamagazine.com\/mx\/\",\"name\":\"Grazia M\u00e9xico y Latinoam\u00e9rica\",\"description\":\"Grazia es moda, belleza y noticias  de actualidad \",\"potentialAction\":[{\"@type\":\"SearchAction\",\"target\":{\"@type\":\"EntryPoint\",\"urlTemplate\":\"https:\/\/graziamagazine.com\/mx\/?s={search_term_string}\"},\"query-input\":\"required name=search_term_string\"}],\"inLanguage\":\"es-MX\"}]}<\/script>\n<!-- \/ Yoast SEO Premium plugin. -->","yoast_head_json":{"title":"Nicholas Ghesqui\u00e8re celebra 10 a\u00f1os al frente de Louis Vuitton","description":"La colecci\u00f3n de Oto\u00f1o\/Invierno 2024 se ha presentado en el Cour Carr\u00e9e del museo Louvre, un lugar ic\u00f3nico para los desfiles de Louis Vuitton y tambi\u00e9n","robots":{"index":"index","follow":"follow","max-snippet":"max-snippet:-1","max-image-preview":"max-image-preview:large","max-video-preview":"max-video-preview:-1"},"canonical":"https:\/\/graziamagazine.com\/mx\/articles\/nicholas-ghesquiere-celebra-en-pfw-10-anos-al-frente-de-louis-vuitton\/","og_locale":"es_MX","og_type":"article","og_title":"Nicholas Ghesqui\u00e8re celebra en PFW 10 a\u00f1os al frente de Louis Vuitton","og_description":"La colecci\u00f3n de Oto\u00f1o\/Invierno 2024 se ha presentado en el Cour Carr\u00e9e del museo Louvre, un lugar ic\u00f3nico para los desfiles de Louis Vuitton y tambi\u00e9n","og_url":"https:\/\/graziamagazine.com\/mx\/articles\/nicholas-ghesquiere-celebra-en-pfw-10-anos-al-frente-de-louis-vuitton\/","og_site_name":"Grazia M\u00e9xico y Latinoam\u00e9rica","og_image":[{"width":1024,"height":683,"url":"https:\/\/graziamagazine.com\/mx\/wp-content\/uploads\/sites\/13\/2024\/03\/descarga-1024x683.png","type":"image\/png"}],"twitter_card":"summary_large_image","twitter_misc":{"Est. reading time":"3 minutos"},"schema":{"@context":"https:\/\/schema.org","@graph":[{"@type":"WebPage","@id":"https:\/\/graziamagazine.com\/mx\/articles\/nicholas-ghesquiere-celebra-en-pfw-10-anos-al-frente-de-louis-vuitton\/","url":"https:\/\/graziamagazine.com\/mx\/articles\/nicholas-ghesquiere-celebra-en-pfw-10-anos-al-frente-de-louis-vuitton\/","name":"Nicholas Ghesqui\u00e8re celebra 10 a\u00f1os al frente de Louis Vuitton","isPartOf":{"@id":"https:\/\/graziamagazine.com\/mx\/#website"},"datePublished":"2024-03-06T18:56:04+00:00","dateModified":"2024-03-06T18:56:04+00:00","description":"La colecci\u00f3n de Oto\u00f1o\/Invierno 2024 se ha presentado en el Cour Carr\u00e9e del museo Louvre, un lugar ic\u00f3nico para los desfiles de Louis Vuitton y tambi\u00e9n","breadcrumb":{"@id":"https:\/\/graziamagazine.com\/mx\/articles\/nicholas-ghesquiere-celebra-en-pfw-10-anos-al-frente-de-louis-vuitton\/#breadcrumb"},"inLanguage":"es-MX","potentialAction":[{"@type":"ReadAction","target":["https:\/\/graziamagazine.com\/mx\/articles\/nicholas-ghesquiere-celebra-en-pfw-10-anos-al-frente-de-louis-vuitton\/"]}]},{"@type":"BreadcrumbList","@id":"https:\/\/graziamagazine.com\/mx\/articles\/nicholas-ghesquiere-celebra-en-pfw-10-anos-al-frente-de-louis-vuitton\/#breadcrumb","itemListElement":[{"@type":"ListItem","position":1,"name":"Home","item":"https:\/\/graziamagazine.com\/mx\/"},{"@type":"ListItem","position":2,"name":"Nicholas Ghesqui\u00e8re celebra en PFW 10 a\u00f1os al frente de Louis Vuitton"}]},{"@type":"WebSite","@id":"https:\/\/graziamagazine.com\/mx\/#website","url":"https:\/\/graziamagazine.com\/mx\/","name":"Grazia M\u00e9xico y Latinoam\u00e9rica","description":"Grazia es moda, belleza y noticias  de actualidad ","potentialAction":[{"@type":"SearchAction","target":{"@type":"EntryPoint","urlTemplate":"https:\/\/graziamagazine.com\/mx\/?s={search_term_string}"},"query-input":"required name=search_term_string"}],"inLanguage":"es-MX"}]}},"jetpack_sharing_enabled":true,"distributor_meta":false,"distributor_terms":false,"distributor_media":false,"distributor_original_site_name":"Grazia M\u00e9xico y Latinoam\u00e9rica","distributor_original_site_url":"https:\/\/graziamagazine.com\/mx","push-errors":false,"_links":{"self":[{"href":"https:\/\/graziamagazine.com\/mx\/wp-json\/wp\/v2\/articles\/135150"}],"collection":[{"href":"https:\/\/graziamagazine.com\/mx\/wp-json\/wp\/v2\/articles"}],"about":[{"href":"https:\/\/graziamagazine.com\/mx\/wp-json\/wp\/v2\/types\/articles"}],"author":[{"embeddable":true,"href":"https:\/\/graziamagazine.com\/mx\/wp-json\/wp\/v2\/users\/11653"}],"wp:featuredmedia":[{"embeddable":true,"href":"https:\/\/graziamagazine.com\/mx\/wp-json\/wp\/v2\/media\/135151"}],"wp:attachment":[{"href":"https:\/\/graziamagazine.com\/mx\/wp-json\/wp\/v2\/media?parent=135150"}],"wp:term":[{"taxonomy":"category","embeddable":true,"href":"https:\/\/graziamagazine.com\/mx\/wp-json\/wp\/v2\/categories?post=135150"}],"curies":[{"name":"wp","href":"https:\/\/api.w.org\/{rel}","templated":true}]}}