{"id":135089,"date":"2024-03-04T19:47:01","date_gmt":"2024-03-05T00:47:01","guid":{"rendered":"https:\/\/graziamagazine.com\/mx\/?post_type=articles&#038;p=135089"},"modified":"2024-03-04T19:49:06","modified_gmt":"2024-03-05T00:49:06","slug":"chiara-ferragni-se-pronuncia-respecto-a-su-separacion-de-fedez","status":"publish","type":"articles","link":"https:\/\/graziamagazine.com\/mx\/articles\/chiara-ferragni-se-pronuncia-respecto-a-su-separacion-de-fedez\/","title":{"rendered":"Chiara Ferragni se pronuncia respecto a su separaci\u00f3n de Fedez"},"content":{"rendered":"<p><span style=\"font-weight: 400\">Luego de seis a\u00f1os de matrimonio, <strong>Chiara Ferragni y Fedez<\/strong> han terminado su relaci\u00f3n y, seg\u00fan se informa, el rapero ha dejado ya la casa familiar. Los rumores de problemas en el para\u00edso llevaban un a\u00f1o aproximadamente, pero fue en diciembre, que ambos &#8211; siendo muy activos en redes sociales &#8211; dejaron de compartir momentos juntos.<\/span><\/p>\n<p><span style=\"font-weight: 400\">Y es que, en febrero de 2023, <strong>Fedez bes\u00f3 a la cantante Rosa Chemical<\/strong> en una de las galas de San Remo, dejando \u201chumillada\u201d a <a href=\"https:\/\/graziamagazine.com\/mx\/articles\/chiara-ferragni-se-disculpa-por-la-venta-de-productos-con-falsos-fines-beneficos\/\">Chiara<\/a>, que fue la presentadora del evento, sintiendo que su marido intentaba \u201cquitarle el protagonismo\u201d.\u00a0<\/span><\/p>\n<p><span style=\"font-weight: 400\">Recientemente, durante su asistencia al programa<em> Che Tempo Che Fa<\/em> del Canal 9 de la televisi\u00f3n italiana, que Chiara habl\u00f3 de su separaci\u00f3n de Fedez. \u201cSiempre has contado todo sobre ustedes mismos, desde una ecograf\u00eda a lo dem\u00e1s\u201c, dijo el conductor a Chiara. \u201cTampoco lo desvelo todo. He publicado mucho porque no hay diferencia entre el mundo virtual y la vida, pero esa es solo una peque\u00f1a parte de mi d\u00eda a d\u00eda. No cuento otras cosas, pero lo que ves ah\u00ed es aut\u00e9ntico\u201d, respondi\u00f3.<\/span><\/p>\n<p><span style=\"font-weight: 400\">\u201cSe piensa que detr\u00e1s de cada uno de mis movimientos hay un grupo de expertos y que soy un estratega, pero esto es real y no es una estrategia. Renuncias a tu privacidad, pero cuando pides tener un poco de ella, es dif\u00edcil tenerla\u201c, a\u00f1adi\u00f3 Chiara.<\/span><\/p>\n<p><span style=\"font-weight: 400\">\u201cFedez y yo hemos hablado. Somos dos adultos que nos amamos. No es que vayamos a terminar de la noche a la ma\u00f1ana. Estamos en una crisis, ya las hemos tenido en el pasado. Aunque esta es una situaci\u00f3n un poco m\u00e1s fuerte\u201d, concluy\u00f3.<\/span><\/p>\n<p><span style=\"font-weight: 400\">Por su parte, Fedez acudi\u00f3 al desfile de Versace de la <strong>Semana de la Moda de Mil\u00e1n<\/strong>, en donde fue abordado por la prensa. \u201c\u00bfT\u00fa qu\u00e9 crees? Vamos, chicos, \u00bfcreen que aunque lo fuera se los dir\u00eda? \u00bfTiene sentido que yo venga a contarles los problemas de mi vida con dos hijos?\u201d, dijo.<\/span><\/p>\n<p><span style=\"font-weight: 400\">\u201c\u00bfTe parece un juego? Yo no juego con la vida de mis hijos: ellos son la prioridad de mi vida. Acepto que la gente haga inferencias porque soy un personaje p\u00fablico, pero no puedo responder\u201c, finaliz\u00f3.<\/span><\/p>\n","protected":false},"author":11628,"featured_media":135090,"template":"","format":"standard","categories":[2],"acf":[],"yoast_head":"<!-- This site is optimized with the Yoast SEO Premium plugin v18.5 (Yoast SEO v20.4) - https:\/\/yoast.com\/wordpress\/plugins\/seo\/ -->\n<title>Chiara Ferragni se pronuncia respecto a su separaci\u00f3n de Fedez | Grazia M\u00e9xico y Latinoam\u00e9rica<\/title>\n<meta name=\"description\" content=\"Luego de seis a\u00f1os de matrimonio, Chiara Ferragni y Fedez han terminado su relaci\u00f3n y, seg\u00fan se informa, el rapero ha dejado ya la casa familiar. Los\" \/>\n<meta name=\"robots\" content=\"index, follow, max-snippet:-1, max-image-preview:large, max-video-preview:-1\" \/>\n<link rel=\"canonical\" href=\"https:\/\/graziamagazine.com\/mx\/articles\/chiara-ferragni-se-pronuncia-respecto-a-su-separacion-de-fedez\/\" \/>\n<meta property=\"og:locale\" content=\"es_MX\" \/>\n<meta property=\"og:type\" content=\"article\" \/>\n<meta property=\"og:title\" content=\"Chiara Ferragni se pronuncia respecto a su separaci\u00f3n de Fedez\" \/>\n<meta property=\"og:description\" content=\"Luego de seis a\u00f1os de matrimonio, Chiara Ferragni y Fedez han terminado su relaci\u00f3n y, seg\u00fan se informa, el rapero ha dejado ya la casa familiar. Los\" \/>\n<meta property=\"og:url\" content=\"https:\/\/graziamagazine.com\/mx\/articles\/chiara-ferragni-se-pronuncia-respecto-a-su-separacion-de-fedez\/\" \/>\n<meta property=\"og:site_name\" content=\"Grazia M\u00e9xico y Latinoam\u00e9rica\" \/>\n<meta property=\"article:modified_time\" content=\"2024-03-05T00:49:06+00:00\" \/>\n<meta property=\"og:image\" content=\"https:\/\/graziamagazine.com\/mx\/wp-content\/uploads\/sites\/13\/2024\/03\/Captura-de-Pantalla-2024-03-04-a-las-17.27.38.png\" \/>\n\t<meta property=\"og:image:width\" content=\"996\" \/>\n\t<meta property=\"og:image:height\" content=\"603\" \/>\n\t<meta property=\"og:image:type\" content=\"image\/png\" \/>\n<meta name=\"twitter:card\" content=\"summary_large_image\" \/>\n<meta name=\"twitter:label1\" content=\"Est. reading time\" \/>\n\t<meta name=\"twitter:data1\" content=\"2 minutos\" \/>\n<script type=\"application\/ld+json\" class=\"yoast-schema-graph\">{\"@context\":\"https:\/\/schema.org\",\"@graph\":[{\"@type\":\"WebPage\",\"@id\":\"https:\/\/graziamagazine.com\/mx\/articles\/chiara-ferragni-se-pronuncia-respecto-a-su-separacion-de-fedez\/\",\"url\":\"https:\/\/graziamagazine.com\/mx\/articles\/chiara-ferragni-se-pronuncia-respecto-a-su-separacion-de-fedez\/\",\"name\":\"Chiara Ferragni se pronuncia respecto a su separaci\u00f3n de Fedez | Grazia M\u00e9xico y Latinoam\u00e9rica\",\"isPartOf\":{\"@id\":\"https:\/\/graziamagazine.com\/mx\/#website\"},\"datePublished\":\"2024-03-05T00:47:01+00:00\",\"dateModified\":\"2024-03-05T00:49:06+00:00\",\"description\":\"Luego de seis a\u00f1os de matrimonio, Chiara Ferragni y Fedez han terminado su relaci\u00f3n y, seg\u00fan se informa, el rapero ha dejado ya la casa familiar. Los\",\"breadcrumb\":{\"@id\":\"https:\/\/graziamagazine.com\/mx\/articles\/chiara-ferragni-se-pronuncia-respecto-a-su-separacion-de-fedez\/#breadcrumb\"},\"inLanguage\":\"es-MX\",\"potentialAction\":[{\"@type\":\"ReadAction\",\"target\":[\"https:\/\/graziamagazine.com\/mx\/articles\/chiara-ferragni-se-pronuncia-respecto-a-su-separacion-de-fedez\/\"]}]},{\"@type\":\"BreadcrumbList\",\"@id\":\"https:\/\/graziamagazine.com\/mx\/articles\/chiara-ferragni-se-pronuncia-respecto-a-su-separacion-de-fedez\/#breadcrumb\",\"itemListElement\":[{\"@type\":\"ListItem\",\"position\":1,\"name\":\"Home\",\"item\":\"https:\/\/graziamagazine.com\/mx\/\"},{\"@type\":\"ListItem\",\"position\":2,\"name\":\"Chiara Ferragni se pronuncia respecto a su separaci\u00f3n de Fedez\"}]},{\"@type\":\"WebSite\",\"@id\":\"https:\/\/graziamagazine.com\/mx\/#website\",\"url\":\"https:\/\/graziamagazine.com\/mx\/\",\"name\":\"Grazia M\u00e9xico y Latinoam\u00e9rica\",\"description\":\"Grazia es moda, belleza y noticias  de actualidad \",\"potentialAction\":[{\"@type\":\"SearchAction\",\"target\":{\"@type\":\"EntryPoint\",\"urlTemplate\":\"https:\/\/graziamagazine.com\/mx\/?s={search_term_string}\"},\"query-input\":\"required name=search_term_string\"}],\"inLanguage\":\"es-MX\"}]}<\/script>\n<!-- \/ Yoast SEO Premium plugin. -->","yoast_head_json":{"title":"Chiara Ferragni se pronuncia respecto a su separaci\u00f3n de Fedez | Grazia M\u00e9xico y Latinoam\u00e9rica","description":"Luego de seis a\u00f1os de matrimonio, Chiara Ferragni y Fedez han terminado su relaci\u00f3n y, seg\u00fan se informa, el rapero ha dejado ya la casa familiar. Los","robots":{"index":"index","follow":"follow","max-snippet":"max-snippet:-1","max-image-preview":"max-image-preview:large","max-video-preview":"max-video-preview:-1"},"canonical":"https:\/\/graziamagazine.com\/mx\/articles\/chiara-ferragni-se-pronuncia-respecto-a-su-separacion-de-fedez\/","og_locale":"es_MX","og_type":"article","og_title":"Chiara Ferragni se pronuncia respecto a su separaci\u00f3n de Fedez","og_description":"Luego de seis a\u00f1os de matrimonio, Chiara Ferragni y Fedez han terminado su relaci\u00f3n y, seg\u00fan se informa, el rapero ha dejado ya la casa familiar. Los","og_url":"https:\/\/graziamagazine.com\/mx\/articles\/chiara-ferragni-se-pronuncia-respecto-a-su-separacion-de-fedez\/","og_site_name":"Grazia M\u00e9xico y Latinoam\u00e9rica","article_modified_time":"2024-03-05T00:49:06+00:00","og_image":[{"width":996,"height":603,"url":"https:\/\/graziamagazine.com\/mx\/wp-content\/uploads\/sites\/13\/2024\/03\/Captura-de-Pantalla-2024-03-04-a-las-17.27.38.png","type":"image\/png"}],"twitter_card":"summary_large_image","twitter_misc":{"Est. reading time":"2 minutos"},"schema":{"@context":"https:\/\/schema.org","@graph":[{"@type":"WebPage","@id":"https:\/\/graziamagazine.com\/mx\/articles\/chiara-ferragni-se-pronuncia-respecto-a-su-separacion-de-fedez\/","url":"https:\/\/graziamagazine.com\/mx\/articles\/chiara-ferragni-se-pronuncia-respecto-a-su-separacion-de-fedez\/","name":"Chiara Ferragni se pronuncia respecto a su separaci\u00f3n de Fedez | Grazia M\u00e9xico y Latinoam\u00e9rica","isPartOf":{"@id":"https:\/\/graziamagazine.com\/mx\/#website"},"datePublished":"2024-03-05T00:47:01+00:00","dateModified":"2024-03-05T00:49:06+00:00","description":"Luego de seis a\u00f1os de matrimonio, Chiara Ferragni y Fedez han terminado su relaci\u00f3n y, seg\u00fan se informa, el rapero ha dejado ya la casa familiar. Los","breadcrumb":{"@id":"https:\/\/graziamagazine.com\/mx\/articles\/chiara-ferragni-se-pronuncia-respecto-a-su-separacion-de-fedez\/#breadcrumb"},"inLanguage":"es-MX","potentialAction":[{"@type":"ReadAction","target":["https:\/\/graziamagazine.com\/mx\/articles\/chiara-ferragni-se-pronuncia-respecto-a-su-separacion-de-fedez\/"]}]},{"@type":"BreadcrumbList","@id":"https:\/\/graziamagazine.com\/mx\/articles\/chiara-ferragni-se-pronuncia-respecto-a-su-separacion-de-fedez\/#breadcrumb","itemListElement":[{"@type":"ListItem","position":1,"name":"Home","item":"https:\/\/graziamagazine.com\/mx\/"},{"@type":"ListItem","position":2,"name":"Chiara Ferragni se pronuncia respecto a su separaci\u00f3n de Fedez"}]},{"@type":"WebSite","@id":"https:\/\/graziamagazine.com\/mx\/#website","url":"https:\/\/graziamagazine.com\/mx\/","name":"Grazia M\u00e9xico y Latinoam\u00e9rica","description":"Grazia es moda, belleza y noticias  de actualidad ","potentialAction":[{"@type":"SearchAction","target":{"@type":"EntryPoint","urlTemplate":"https:\/\/graziamagazine.com\/mx\/?s={search_term_string}"},"query-input":"required name=search_term_string"}],"inLanguage":"es-MX"}]}},"jetpack_sharing_enabled":true,"distributor_meta":false,"distributor_terms":false,"distributor_media":false,"distributor_original_site_name":"Grazia M\u00e9xico y Latinoam\u00e9rica","distributor_original_site_url":"https:\/\/graziamagazine.com\/mx","push-errors":false,"_links":{"self":[{"href":"https:\/\/graziamagazine.com\/mx\/wp-json\/wp\/v2\/articles\/135089"}],"collection":[{"href":"https:\/\/graziamagazine.com\/mx\/wp-json\/wp\/v2\/articles"}],"about":[{"href":"https:\/\/graziamagazine.com\/mx\/wp-json\/wp\/v2\/types\/articles"}],"author":[{"embeddable":true,"href":"https:\/\/graziamagazine.com\/mx\/wp-json\/wp\/v2\/users\/11628"}],"wp:featuredmedia":[{"embeddable":true,"href":"https:\/\/graziamagazine.com\/mx\/wp-json\/wp\/v2\/media\/135090"}],"wp:attachment":[{"href":"https:\/\/graziamagazine.com\/mx\/wp-json\/wp\/v2\/media?parent=135089"}],"wp:term":[{"taxonomy":"category","embeddable":true,"href":"https:\/\/graziamagazine.com\/mx\/wp-json\/wp\/v2\/categories?post=135089"}],"curies":[{"name":"wp","href":"https:\/\/api.w.org\/{rel}","templated":true}]}}