{"id":135050,"date":"2024-03-04T10:56:13","date_gmt":"2024-03-04T15:56:13","guid":{"rendered":"https:\/\/graziamagazine.com\/mx\/?post_type=articles&#038;p=135050"},"modified":"2024-03-05T08:07:31","modified_gmt":"2024-03-05T13:07:31","slug":"stella-mccartney-otono-2024-moda-con-conciencia-ambiental","status":"publish","type":"articles","link":"https:\/\/graziamagazine.com\/mx\/articles\/stella-mccartney-otono-2024-moda-con-conciencia-ambiental\/","title":{"rendered":"Stella McCartney Oto\u00f1o 2024: Moda con Conciencia Ambiental"},"content":{"rendered":"<p>En el mundo de la moda, el compromiso con la sostenibilidad y la conciencia ambiental est\u00e1 en aumento. <strong>Stella McCartney<\/strong>, una dise\u00f1adora que ha sido pionera en este \u00e1mbito, llev\u00f3 este compromiso un paso m\u00e1s all\u00e1 al escenificar su desfile de oto\u00f1o en un invernadero, agregando un mensaje subliminal sobre la <strong>urgencia de la crisis clim\u00e1tica.<\/strong><\/p>\n<p>McCartney es conocida por su<strong> enfoque \u00e9tico y sostenible<\/strong> en el dise\u00f1o de moda, utilizando<strong> materiales org\u00e1nicos y alternativas sostenibles<\/strong> al cuero y otros productos de origen animal.<\/p>\n<blockquote class=\"instagram-media\" data-instgrm-captioned data-instgrm-permalink=\"https:\/\/www.instagram.com\/reel\/C4EFm8Ms3VS\/?utm_source=ig_embed&amp;utm_campaign=loading\" data-instgrm-version=\"14\" style=\" background:#FFF; border:0; border-radius:3px; box-shadow:0 0 1px 0 rgba(0,0,0,0.5),0 1px 10px 0 rgba(0,0,0,0.15); margin: 1px; max-width:500px; min-width:326px; padding:0; width:99.375%; width:-webkit-calc(100% - 2px); width:calc(100% - 2px);\">\n<div style=\"padding:16px;\"> <a href=\"https:\/\/www.instagram.com\/reel\/C4EFm8Ms3VS\/?utm_source=ig_embed&amp;utm_campaign=loading\" style=\" background:#FFFFFF; line-height:0; padding:0 0; text-align:center; text-decoration:none; width:100%;\" target=\"_blank\"> <\/p>\n<div style=\" display: flex; flex-direction: row; align-items: center;\">\n<div style=\"background-color: #F4F4F4; border-radius: 50%; flex-grow: 0; height: 40px; margin-right: 14px; width: 40px;\"><\/div>\n<div style=\"display: flex; flex-direction: column; flex-grow: 1; justify-content: center;\">\n<div style=\" background-color: #F4F4F4; border-radius: 4px; flex-grow: 0; height: 14px; margin-bottom: 6px; width: 100px;\"><\/div>\n<div style=\" background-color: #F4F4F4; border-radius: 4px; flex-grow: 0; height: 14px; width: 60px;\"><\/div>\n<\/div>\n<\/div>\n<div style=\"padding: 19% 0;\"><\/div>\n<div style=\"display:block; height:50px; margin:0 auto 12px; width:50px;\"><svg width=\"50px\" height=\"50px\" viewBox=\"0 0 60 60\" version=\"1.1\" xmlns=\"https:\/\/www.w3.org\/2000\/svg\" xmlns:xlink=\"https:\/\/www.w3.org\/1999\/xlink\"><g stroke=\"none\" stroke-width=\"1\" fill=\"none\" fill-rule=\"evenodd\"><g transform=\"translate(-511.000000, -20.000000)\" fill=\"#000000\"><g><path d=\"M556.869,30.41 C554.814,30.41 553.148,32.076 553.148,34.131 C553.148,36.186 554.814,37.852 556.869,37.852 C558.924,37.852 560.59,36.186 560.59,34.131 C560.59,32.076 558.924,30.41 556.869,30.41 M541,60.657 C535.114,60.657 530.342,55.887 530.342,50 C530.342,44.114 535.114,39.342 541,39.342 C546.887,39.342 551.658,44.114 551.658,50 C551.658,55.887 546.887,60.657 541,60.657 M541,33.886 C532.1,33.886 524.886,41.1 524.886,50 C524.886,58.899 532.1,66.113 541,66.113 C549.9,66.113 557.115,58.899 557.115,50 C557.115,41.1 549.9,33.886 541,33.886 M565.378,62.101 C565.244,65.022 564.756,66.606 564.346,67.663 C563.803,69.06 563.154,70.057 562.106,71.106 C561.058,72.155 560.06,72.803 558.662,73.347 C557.607,73.757 556.021,74.244 553.102,74.378 C549.944,74.521 548.997,74.552 541,74.552 C533.003,74.552 532.056,74.521 528.898,74.378 C525.979,74.244 524.393,73.757 523.338,73.347 C521.94,72.803 520.942,72.155 519.894,71.106 C518.846,70.057 518.197,69.06 517.654,67.663 C517.244,66.606 516.755,65.022 516.623,62.101 C516.479,58.943 516.448,57.996 516.448,50 C516.448,42.003 516.479,41.056 516.623,37.899 C516.755,34.978 517.244,33.391 517.654,32.338 C518.197,30.938 518.846,29.942 519.894,28.894 C520.942,27.846 521.94,27.196 523.338,26.654 C524.393,26.244 525.979,25.756 528.898,25.623 C532.057,25.479 533.004,25.448 541,25.448 C548.997,25.448 549.943,25.479 553.102,25.623 C556.021,25.756 557.607,26.244 558.662,26.654 C560.06,27.196 561.058,27.846 562.106,28.894 C563.154,29.942 563.803,30.938 564.346,32.338 C564.756,33.391 565.244,34.978 565.378,37.899 C565.522,41.056 565.552,42.003 565.552,50 C565.552,57.996 565.522,58.943 565.378,62.101 M570.82,37.631 C570.674,34.438 570.167,32.258 569.425,30.349 C568.659,28.377 567.633,26.702 565.965,25.035 C564.297,23.368 562.623,22.342 560.652,21.575 C558.743,20.834 556.562,20.326 553.369,20.18 C550.169,20.033 549.148,20 541,20 C532.853,20 531.831,20.033 528.631,20.18 C525.438,20.326 523.257,20.834 521.349,21.575 C519.376,22.342 517.703,23.368 516.035,25.035 C514.368,26.702 513.342,28.377 512.574,30.349 C511.834,32.258 511.326,34.438 511.181,37.631 C511.035,40.831 511,41.851 511,50 C511,58.147 511.035,59.17 511.181,62.369 C511.326,65.562 511.834,67.743 512.574,69.651 C513.342,71.625 514.368,73.296 516.035,74.965 C517.703,76.634 519.376,77.658 521.349,78.425 C523.257,79.167 525.438,79.673 528.631,79.82 C531.831,79.965 532.853,80.001 541,80.001 C549.148,80.001 550.169,79.965 553.369,79.82 C556.562,79.673 558.743,79.167 560.652,78.425 C562.623,77.658 564.297,76.634 565.965,74.965 C567.633,73.296 568.659,71.625 569.425,69.651 C570.167,67.743 570.674,65.562 570.82,62.369 C570.966,59.17 571,58.147 571,50 C571,41.851 570.966,40.831 570.82,37.631\"><\/path><\/g><\/g><\/g><\/svg><\/div>\n<div style=\"padding-top: 8px;\">\n<div style=\" color:#3897f0; font-family:Arial,sans-serif; font-size:14px; font-style:normal; font-weight:550; line-height:18px;\">View this post on Instagram<\/div>\n<\/div>\n<div style=\"padding: 12.5% 0;\"><\/div>\n<div style=\"display: flex; flex-direction: row; margin-bottom: 14px; align-items: center;\">\n<div>\n<div style=\"background-color: #F4F4F4; border-radius: 50%; height: 12.5px; width: 12.5px; transform: translateX(0px) translateY(7px);\"><\/div>\n<div style=\"background-color: #F4F4F4; height: 12.5px; transform: rotate(-45deg) translateX(3px) translateY(1px); width: 12.5px; flex-grow: 0; margin-right: 14px; margin-left: 2px;\"><\/div>\n<div style=\"background-color: #F4F4F4; border-radius: 50%; height: 12.5px; width: 12.5px; transform: translateX(9px) translateY(-18px);\"><\/div>\n<\/div>\n<div style=\"margin-left: 8px;\">\n<div style=\" background-color: #F4F4F4; border-radius: 50%; flex-grow: 0; height: 20px; width: 20px;\"><\/div>\n<div style=\" width: 0; height: 0; border-top: 2px solid transparent; border-left: 6px solid #f4f4f4; border-bottom: 2px solid transparent; transform: translateX(16px) translateY(-4px) rotate(30deg)\"><\/div>\n<\/div>\n<div style=\"margin-left: auto;\">\n<div style=\" width: 0px; border-top: 8px solid #F4F4F4; border-right: 8px solid transparent; transform: translateY(16px);\"><\/div>\n<div style=\" background-color: #F4F4F4; flex-grow: 0; height: 12px; width: 16px; transform: translateY(-4px);\"><\/div>\n<div style=\" width: 0; height: 0; border-top: 8px solid #F4F4F4; border-left: 8px solid transparent; transform: translateY(-4px) translateX(8px);\"><\/div>\n<\/div>\n<\/div>\n<div style=\"display: flex; flex-direction: column; flex-grow: 1; justify-content: center; margin-bottom: 24px;\">\n<div style=\" background-color: #F4F4F4; border-radius: 4px; flex-grow: 0; height: 14px; margin-bottom: 6px; width: 224px;\"><\/div>\n<div style=\" background-color: #F4F4F4; border-radius: 4px; flex-grow: 0; height: 14px; width: 144px;\"><\/div>\n<\/div>\n<p><\/a><\/p>\n<p style=\" color:#c9c8cd; font-family:Arial,sans-serif; font-size:14px; line-height:17px; margin-bottom:0; margin-top:8px; overflow:hidden; padding:8px 0 7px; text-align:center; text-overflow:ellipsis; white-space:nowrap;\"><a href=\"https:\/\/www.instagram.com\/reel\/C4EFm8Ms3VS\/?utm_source=ig_embed&amp;utm_campaign=loading\" style=\" color:#c9c8cd; font-family:Arial,sans-serif; font-size:14px; font-style:normal; font-weight:normal; line-height:17px; text-decoration:none;\" target=\"_blank\" target=\"_blank\">A post shared by Stella McCartney (@stellamccartney)<\/a><\/p>\n<\/div>\n<\/blockquote>\n<p><script async src=\"\/\/platform.instagram.com\/en_US\/embeds.js\"><\/script><\/p>\n<p>En su desfile de oto\u00f1o, no solo mostr\u00f3 su \u00faltima colecci\u00f3n, sino que tambi\u00e9n destac\u00f3 la importancia de proteger nuestro planeta.<\/p>\n<p>El desfile comenz\u00f3 con una <strong>proyecci\u00f3n de icebergs<\/strong> desplom\u00e1ndose en monitores de v\u00eddeo, una imagen impactante que sirvi\u00f3 como recordatorio del impacto del cambio clim\u00e1tico en nuestro entorno. Luego, las aclamadas actrices <strong>Olivia Colman y Helen Mirren<\/strong> leyeron una conmovedora carta de la <strong>Madre Tierra<\/strong>, cuestionando si la humanidad a\u00fan la ama.<\/p>\n<div class=\"content-gallery\"><div class=\"gallery-placeholder\"><div class=\"spinner\"><\/div><\/div><span class=\"gallery-pagination\"><\/span><div id=\"gallery-1\" class=\"gallery galleryid-135050 gallery-columns- gallery-size-\"><figure class=\"gallery-item\"><div class=\"gallery-icon landscape\"><img loading=\"lazy\" decoding=\"async\" width=\"752\" height=\"1156\" src=\"https:\/\/graziamagazine.com\/mx\/wp-content\/uploads\/sites\/13\/2024\/03\/Captura-de-Pantalla-2024-03-04-a-las-16.47.50.png\" class=\"lazy\" alt=\"\" srcset=\"https:\/\/graziamagazine.com\/mx\/wp-content\/uploads\/sites\/13\/2024\/03\/Captura-de-Pantalla-2024-03-04-a-las-16.47.50.png 752w, https:\/\/graziamagazine.com\/mx\/wp-content\/uploads\/sites\/13\/2024\/03\/Captura-de-Pantalla-2024-03-04-a-las-16.47.50-293x450.png 293w, https:\/\/graziamagazine.com\/mx\/wp-content\/uploads\/sites\/13\/2024\/03\/Captura-de-Pantalla-2024-03-04-a-las-16.47.50-666x1024.png 666w, https:\/\/graziamagazine.com\/mx\/wp-content\/uploads\/sites\/13\/2024\/03\/Captura-de-Pantalla-2024-03-04-a-las-16.47.50-400x615.png 400w, https:\/\/graziamagazine.com\/mx\/wp-content\/uploads\/sites\/13\/2024\/03\/Captura-de-Pantalla-2024-03-04-a-las-16.47.50-140x215.png 140w\" sizes=\"(max-width: 752px) 100vw, 752px\" \/><\/div><\/figure><figure class=\"gallery-item\"><div class=\"gallery-icon landscape\"><img loading=\"lazy\" decoding=\"async\" width=\"752\" height=\"1156\" src=\"https:\/\/graziamagazine.com\/mx\/wp-content\/uploads\/sites\/13\/2024\/03\/Captura-de-Pantalla-2024-03-04-a-las-16.47.55.png\" class=\"lazy\" alt=\"\" srcset=\"https:\/\/graziamagazine.com\/mx\/wp-content\/uploads\/sites\/13\/2024\/03\/Captura-de-Pantalla-2024-03-04-a-las-16.47.55.png 752w, https:\/\/graziamagazine.com\/mx\/wp-content\/uploads\/sites\/13\/2024\/03\/Captura-de-Pantalla-2024-03-04-a-las-16.47.55-293x450.png 293w, https:\/\/graziamagazine.com\/mx\/wp-content\/uploads\/sites\/13\/2024\/03\/Captura-de-Pantalla-2024-03-04-a-las-16.47.55-666x1024.png 666w, https:\/\/graziamagazine.com\/mx\/wp-content\/uploads\/sites\/13\/2024\/03\/Captura-de-Pantalla-2024-03-04-a-las-16.47.55-400x615.png 400w, https:\/\/graziamagazine.com\/mx\/wp-content\/uploads\/sites\/13\/2024\/03\/Captura-de-Pantalla-2024-03-04-a-las-16.47.55-140x215.png 140w\" sizes=\"(max-width: 752px) 100vw, 752px\" \/><\/div><\/figure><figure class=\"gallery-item\"><div class=\"gallery-icon landscape\"><img loading=\"lazy\" decoding=\"async\" width=\"752\" height=\"1156\" src=\"https:\/\/graziamagazine.com\/mx\/wp-content\/uploads\/sites\/13\/2024\/03\/Captura-de-Pantalla-2024-03-04-a-las-16.47.59.png\" class=\"lazy\" alt=\"\" srcset=\"https:\/\/graziamagazine.com\/mx\/wp-content\/uploads\/sites\/13\/2024\/03\/Captura-de-Pantalla-2024-03-04-a-las-16.47.59.png 752w, https:\/\/graziamagazine.com\/mx\/wp-content\/uploads\/sites\/13\/2024\/03\/Captura-de-Pantalla-2024-03-04-a-las-16.47.59-293x450.png 293w, https:\/\/graziamagazine.com\/mx\/wp-content\/uploads\/sites\/13\/2024\/03\/Captura-de-Pantalla-2024-03-04-a-las-16.47.59-666x1024.png 666w, https:\/\/graziamagazine.com\/mx\/wp-content\/uploads\/sites\/13\/2024\/03\/Captura-de-Pantalla-2024-03-04-a-las-16.47.59-400x615.png 400w, https:\/\/graziamagazine.com\/mx\/wp-content\/uploads\/sites\/13\/2024\/03\/Captura-de-Pantalla-2024-03-04-a-las-16.47.59-140x215.png 140w\" sizes=\"(max-width: 752px) 100vw, 752px\" \/><\/div><\/figure><figure class=\"gallery-item\"><div class=\"gallery-icon landscape\"><img loading=\"lazy\" decoding=\"async\" width=\"752\" height=\"1156\" src=\"https:\/\/graziamagazine.com\/mx\/wp-content\/uploads\/sites\/13\/2024\/03\/Captura-de-Pantalla-2024-03-04-a-las-16.48.03.png\" class=\"lazy\" alt=\"\" srcset=\"https:\/\/graziamagazine.com\/mx\/wp-content\/uploads\/sites\/13\/2024\/03\/Captura-de-Pantalla-2024-03-04-a-las-16.48.03.png 752w, https:\/\/graziamagazine.com\/mx\/wp-content\/uploads\/sites\/13\/2024\/03\/Captura-de-Pantalla-2024-03-04-a-las-16.48.03-293x450.png 293w, https:\/\/graziamagazine.com\/mx\/wp-content\/uploads\/sites\/13\/2024\/03\/Captura-de-Pantalla-2024-03-04-a-las-16.48.03-666x1024.png 666w, https:\/\/graziamagazine.com\/mx\/wp-content\/uploads\/sites\/13\/2024\/03\/Captura-de-Pantalla-2024-03-04-a-las-16.48.03-400x615.png 400w, https:\/\/graziamagazine.com\/mx\/wp-content\/uploads\/sites\/13\/2024\/03\/Captura-de-Pantalla-2024-03-04-a-las-16.48.03-140x215.png 140w\" sizes=\"(max-width: 752px) 100vw, 752px\" \/><\/div><\/figure><figure class=\"gallery-item\"><div class=\"gallery-icon landscape\"><img loading=\"lazy\" decoding=\"async\" width=\"752\" height=\"1156\" src=\"https:\/\/graziamagazine.com\/mx\/wp-content\/uploads\/sites\/13\/2024\/03\/Captura-de-Pantalla-2024-03-04-a-las-16.49.52.png\" class=\"lazy\" alt=\"\" srcset=\"https:\/\/graziamagazine.com\/mx\/wp-content\/uploads\/sites\/13\/2024\/03\/Captura-de-Pantalla-2024-03-04-a-las-16.49.52.png 752w, https:\/\/graziamagazine.com\/mx\/wp-content\/uploads\/sites\/13\/2024\/03\/Captura-de-Pantalla-2024-03-04-a-las-16.49.52-293x450.png 293w, https:\/\/graziamagazine.com\/mx\/wp-content\/uploads\/sites\/13\/2024\/03\/Captura-de-Pantalla-2024-03-04-a-las-16.49.52-666x1024.png 666w, https:\/\/graziamagazine.com\/mx\/wp-content\/uploads\/sites\/13\/2024\/03\/Captura-de-Pantalla-2024-03-04-a-las-16.49.52-400x615.png 400w, https:\/\/graziamagazine.com\/mx\/wp-content\/uploads\/sites\/13\/2024\/03\/Captura-de-Pantalla-2024-03-04-a-las-16.49.52-140x215.png 140w\" sizes=\"(max-width: 752px) 100vw, 752px\" \/><\/div><\/figure><figure class=\"gallery-item\"><div class=\"gallery-icon landscape\"><img loading=\"lazy\" decoding=\"async\" width=\"752\" height=\"1156\" src=\"https:\/\/graziamagazine.com\/mx\/wp-content\/uploads\/sites\/13\/2024\/03\/Captura-de-Pantalla-2024-03-04-a-las-16.49.57.png\" class=\"lazy\" alt=\"\" srcset=\"https:\/\/graziamagazine.com\/mx\/wp-content\/uploads\/sites\/13\/2024\/03\/Captura-de-Pantalla-2024-03-04-a-las-16.49.57.png 752w, https:\/\/graziamagazine.com\/mx\/wp-content\/uploads\/sites\/13\/2024\/03\/Captura-de-Pantalla-2024-03-04-a-las-16.49.57-293x450.png 293w, https:\/\/graziamagazine.com\/mx\/wp-content\/uploads\/sites\/13\/2024\/03\/Captura-de-Pantalla-2024-03-04-a-las-16.49.57-666x1024.png 666w, https:\/\/graziamagazine.com\/mx\/wp-content\/uploads\/sites\/13\/2024\/03\/Captura-de-Pantalla-2024-03-04-a-las-16.49.57-400x615.png 400w, https:\/\/graziamagazine.com\/mx\/wp-content\/uploads\/sites\/13\/2024\/03\/Captura-de-Pantalla-2024-03-04-a-las-16.49.57-140x215.png 140w\" sizes=\"(max-width: 752px) 100vw, 752px\" \/><\/div><\/figure><\/div><\/div>\n<p>El manifiesto ecologista que prolog\u00f3 el desfile de McCartney reforz\u00f3 su compromiso con la sostenibilidad y su llamado a la acci\u00f3n para abordar la crisis clim\u00e1tica.<\/p>\n<p>Sus dise\u00f1os, elaborados con materiales sostenibles y \u00e9ticamente producidos, son un ejemplo de c\u00f3mo la moda puede ser bella y consciente al mismo tiempo.<\/p>\n<p>Las prendas de la colecci\u00f3n de oto\u00f1o de McCartney reflejaban su est\u00e9tica caracter\u00edstica de l\u00edneas limpias y siluetas fluidas, pero tambi\u00e9n transmit\u00edan un mensaje m\u00e1s profundo sobre la necesidad de proteger nuestro planeta.<\/p>\n<div class=\"content-gallery\"><div class=\"gallery-placeholder\"><div class=\"spinner\"><\/div><\/div><span class=\"gallery-pagination\"><\/span><div id=\"gallery-2\" class=\"gallery galleryid-135050 gallery-columns- gallery-size-\"><figure class=\"gallery-item\"><div class=\"gallery-icon landscape\"><img loading=\"lazy\" decoding=\"async\" width=\"752\" height=\"1156\" src=\"https:\/\/graziamagazine.com\/mx\/wp-content\/uploads\/sites\/13\/2024\/03\/Captura-de-Pantalla-2024-03-04-a-las-16.50.23.png\" class=\"lazy\" alt=\"\" srcset=\"https:\/\/graziamagazine.com\/mx\/wp-content\/uploads\/sites\/13\/2024\/03\/Captura-de-Pantalla-2024-03-04-a-las-16.50.23.png 752w, https:\/\/graziamagazine.com\/mx\/wp-content\/uploads\/sites\/13\/2024\/03\/Captura-de-Pantalla-2024-03-04-a-las-16.50.23-293x450.png 293w, https:\/\/graziamagazine.com\/mx\/wp-content\/uploads\/sites\/13\/2024\/03\/Captura-de-Pantalla-2024-03-04-a-las-16.50.23-666x1024.png 666w, https:\/\/graziamagazine.com\/mx\/wp-content\/uploads\/sites\/13\/2024\/03\/Captura-de-Pantalla-2024-03-04-a-las-16.50.23-400x615.png 400w, https:\/\/graziamagazine.com\/mx\/wp-content\/uploads\/sites\/13\/2024\/03\/Captura-de-Pantalla-2024-03-04-a-las-16.50.23-140x215.png 140w\" sizes=\"(max-width: 752px) 100vw, 752px\" \/><\/div><\/figure><figure class=\"gallery-item\"><div class=\"gallery-icon landscape\"><img loading=\"lazy\" decoding=\"async\" width=\"752\" height=\"1156\" src=\"https:\/\/graziamagazine.com\/mx\/wp-content\/uploads\/sites\/13\/2024\/03\/Captura-de-Pantalla-2024-03-04-a-las-16.50.32.png\" class=\"lazy\" alt=\"\" srcset=\"https:\/\/graziamagazine.com\/mx\/wp-content\/uploads\/sites\/13\/2024\/03\/Captura-de-Pantalla-2024-03-04-a-las-16.50.32.png 752w, https:\/\/graziamagazine.com\/mx\/wp-content\/uploads\/sites\/13\/2024\/03\/Captura-de-Pantalla-2024-03-04-a-las-16.50.32-293x450.png 293w, https:\/\/graziamagazine.com\/mx\/wp-content\/uploads\/sites\/13\/2024\/03\/Captura-de-Pantalla-2024-03-04-a-las-16.50.32-666x1024.png 666w, https:\/\/graziamagazine.com\/mx\/wp-content\/uploads\/sites\/13\/2024\/03\/Captura-de-Pantalla-2024-03-04-a-las-16.50.32-400x615.png 400w, https:\/\/graziamagazine.com\/mx\/wp-content\/uploads\/sites\/13\/2024\/03\/Captura-de-Pantalla-2024-03-04-a-las-16.50.32-140x215.png 140w\" sizes=\"(max-width: 752px) 100vw, 752px\" \/><\/div><\/figure><figure class=\"gallery-item\"><div class=\"gallery-icon landscape\"><img loading=\"lazy\" decoding=\"async\" width=\"752\" height=\"1156\" src=\"https:\/\/graziamagazine.com\/mx\/wp-content\/uploads\/sites\/13\/2024\/03\/Captura-de-Pantalla-2024-03-04-a-las-16.50.41.png\" class=\"lazy\" alt=\"\" srcset=\"https:\/\/graziamagazine.com\/mx\/wp-content\/uploads\/sites\/13\/2024\/03\/Captura-de-Pantalla-2024-03-04-a-las-16.50.41.png 752w, https:\/\/graziamagazine.com\/mx\/wp-content\/uploads\/sites\/13\/2024\/03\/Captura-de-Pantalla-2024-03-04-a-las-16.50.41-293x450.png 293w, https:\/\/graziamagazine.com\/mx\/wp-content\/uploads\/sites\/13\/2024\/03\/Captura-de-Pantalla-2024-03-04-a-las-16.50.41-666x1024.png 666w, https:\/\/graziamagazine.com\/mx\/wp-content\/uploads\/sites\/13\/2024\/03\/Captura-de-Pantalla-2024-03-04-a-las-16.50.41-400x615.png 400w, https:\/\/graziamagazine.com\/mx\/wp-content\/uploads\/sites\/13\/2024\/03\/Captura-de-Pantalla-2024-03-04-a-las-16.50.41-140x215.png 140w\" sizes=\"(max-width: 752px) 100vw, 752px\" \/><\/div><\/figure><figure class=\"gallery-item\"><div class=\"gallery-icon landscape\"><img loading=\"lazy\" decoding=\"async\" width=\"752\" height=\"1156\" src=\"https:\/\/graziamagazine.com\/mx\/wp-content\/uploads\/sites\/13\/2024\/03\/Captura-de-Pantalla-2024-03-04-a-las-16.50.51.png\" class=\"lazy\" alt=\"\" srcset=\"https:\/\/graziamagazine.com\/mx\/wp-content\/uploads\/sites\/13\/2024\/03\/Captura-de-Pantalla-2024-03-04-a-las-16.50.51.png 752w, https:\/\/graziamagazine.com\/mx\/wp-content\/uploads\/sites\/13\/2024\/03\/Captura-de-Pantalla-2024-03-04-a-las-16.50.51-293x450.png 293w, https:\/\/graziamagazine.com\/mx\/wp-content\/uploads\/sites\/13\/2024\/03\/Captura-de-Pantalla-2024-03-04-a-las-16.50.51-666x1024.png 666w, https:\/\/graziamagazine.com\/mx\/wp-content\/uploads\/sites\/13\/2024\/03\/Captura-de-Pantalla-2024-03-04-a-las-16.50.51-400x615.png 400w, https:\/\/graziamagazine.com\/mx\/wp-content\/uploads\/sites\/13\/2024\/03\/Captura-de-Pantalla-2024-03-04-a-las-16.50.51-140x215.png 140w\" sizes=\"(max-width: 752px) 100vw, 752px\" \/><\/div><\/figure><figure class=\"gallery-item\"><div class=\"gallery-icon landscape\"><img loading=\"lazy\" decoding=\"async\" width=\"752\" height=\"1156\" src=\"https:\/\/graziamagazine.com\/mx\/wp-content\/uploads\/sites\/13\/2024\/03\/Captura-de-Pantalla-2024-03-04-a-las-16.51.02.png\" class=\"lazy\" alt=\"\" srcset=\"https:\/\/graziamagazine.com\/mx\/wp-content\/uploads\/sites\/13\/2024\/03\/Captura-de-Pantalla-2024-03-04-a-las-16.51.02.png 752w, https:\/\/graziamagazine.com\/mx\/wp-content\/uploads\/sites\/13\/2024\/03\/Captura-de-Pantalla-2024-03-04-a-las-16.51.02-293x450.png 293w, https:\/\/graziamagazine.com\/mx\/wp-content\/uploads\/sites\/13\/2024\/03\/Captura-de-Pantalla-2024-03-04-a-las-16.51.02-666x1024.png 666w, https:\/\/graziamagazine.com\/mx\/wp-content\/uploads\/sites\/13\/2024\/03\/Captura-de-Pantalla-2024-03-04-a-las-16.51.02-400x615.png 400w, https:\/\/graziamagazine.com\/mx\/wp-content\/uploads\/sites\/13\/2024\/03\/Captura-de-Pantalla-2024-03-04-a-las-16.51.02-140x215.png 140w\" sizes=\"(max-width: 752px) 100vw, 752px\" \/><\/div><\/figure><figure class=\"gallery-item\"><div class=\"gallery-icon landscape\"><img loading=\"lazy\" decoding=\"async\" width=\"752\" height=\"1156\" src=\"https:\/\/graziamagazine.com\/mx\/wp-content\/uploads\/sites\/13\/2024\/03\/Captura-de-Pantalla-2024-03-04-a-las-16.51.09.png\" class=\"lazy\" alt=\"\" srcset=\"https:\/\/graziamagazine.com\/mx\/wp-content\/uploads\/sites\/13\/2024\/03\/Captura-de-Pantalla-2024-03-04-a-las-16.51.09.png 752w, https:\/\/graziamagazine.com\/mx\/wp-content\/uploads\/sites\/13\/2024\/03\/Captura-de-Pantalla-2024-03-04-a-las-16.51.09-293x450.png 293w, https:\/\/graziamagazine.com\/mx\/wp-content\/uploads\/sites\/13\/2024\/03\/Captura-de-Pantalla-2024-03-04-a-las-16.51.09-666x1024.png 666w, https:\/\/graziamagazine.com\/mx\/wp-content\/uploads\/sites\/13\/2024\/03\/Captura-de-Pantalla-2024-03-04-a-las-16.51.09-400x615.png 400w, https:\/\/graziamagazine.com\/mx\/wp-content\/uploads\/sites\/13\/2024\/03\/Captura-de-Pantalla-2024-03-04-a-las-16.51.09-140x215.png 140w\" sizes=\"(max-width: 752px) 100vw, 752px\" \/><\/div><\/figure><\/div><\/div>\n<p>Los tonos terrosos y los materiales naturales se combinaron con cortes contempor\u00e1neos y detalles innovadores, creando una colecci\u00f3n que es tanto elegante como sostenible.<\/p>\n<p>El uso del invernadero como escenario para el desfile no solo agreg\u00f3 un toque de dramatismo y belleza natural, sino que tambi\u00e9n subray\u00f3 la conexi\u00f3n \u00edntima entre la moda y el medio ambiente. McCartney demostr\u00f3 que es posible crear moda de alta calidad mientras se respeta y protege nuestro entorno.<\/p>\n<p>Al destacar la urgencia de la crisis clim\u00e1tica a trav\u00e9s de su desfile de oto\u00f1o, Stella McCartney nos recuerda que todos tenemos un papel que desempe\u00f1ar en la lucha por un futuro m\u00e1s sostenible.<\/p>\n<div class=\"content-gallery\"><div class=\"gallery-placeholder\"><div class=\"spinner\"><\/div><\/div><span class=\"gallery-pagination\"><\/span><div id=\"gallery-3\" class=\"gallery galleryid-135050 gallery-columns- gallery-size-\"><figure class=\"gallery-item\"><div class=\"gallery-icon landscape\"><img loading=\"lazy\" decoding=\"async\" width=\"752\" height=\"1156\" src=\"https:\/\/graziamagazine.com\/mx\/wp-content\/uploads\/sites\/13\/2024\/03\/Captura-de-Pantalla-2024-03-04-a-las-16.51.46.png\" class=\"lazy\" alt=\"\" srcset=\"https:\/\/graziamagazine.com\/mx\/wp-content\/uploads\/sites\/13\/2024\/03\/Captura-de-Pantalla-2024-03-04-a-las-16.51.46.png 752w, https:\/\/graziamagazine.com\/mx\/wp-content\/uploads\/sites\/13\/2024\/03\/Captura-de-Pantalla-2024-03-04-a-las-16.51.46-293x450.png 293w, https:\/\/graziamagazine.com\/mx\/wp-content\/uploads\/sites\/13\/2024\/03\/Captura-de-Pantalla-2024-03-04-a-las-16.51.46-666x1024.png 666w, https:\/\/graziamagazine.com\/mx\/wp-content\/uploads\/sites\/13\/2024\/03\/Captura-de-Pantalla-2024-03-04-a-las-16.51.46-400x615.png 400w, https:\/\/graziamagazine.com\/mx\/wp-content\/uploads\/sites\/13\/2024\/03\/Captura-de-Pantalla-2024-03-04-a-las-16.51.46-140x215.png 140w\" sizes=\"(max-width: 752px) 100vw, 752px\" \/><\/div><\/figure><figure class=\"gallery-item\"><div class=\"gallery-icon landscape\"><img loading=\"lazy\" decoding=\"async\" width=\"752\" height=\"1156\" src=\"https:\/\/graziamagazine.com\/mx\/wp-content\/uploads\/sites\/13\/2024\/03\/Captura-de-Pantalla-2024-03-04-a-las-16.51.16.png\" class=\"lazy\" alt=\"\" srcset=\"https:\/\/graziamagazine.com\/mx\/wp-content\/uploads\/sites\/13\/2024\/03\/Captura-de-Pantalla-2024-03-04-a-las-16.51.16.png 752w, https:\/\/graziamagazine.com\/mx\/wp-content\/uploads\/sites\/13\/2024\/03\/Captura-de-Pantalla-2024-03-04-a-las-16.51.16-293x450.png 293w, https:\/\/graziamagazine.com\/mx\/wp-content\/uploads\/sites\/13\/2024\/03\/Captura-de-Pantalla-2024-03-04-a-las-16.51.16-666x1024.png 666w, https:\/\/graziamagazine.com\/mx\/wp-content\/uploads\/sites\/13\/2024\/03\/Captura-de-Pantalla-2024-03-04-a-las-16.51.16-400x615.png 400w, https:\/\/graziamagazine.com\/mx\/wp-content\/uploads\/sites\/13\/2024\/03\/Captura-de-Pantalla-2024-03-04-a-las-16.51.16-140x215.png 140w\" sizes=\"(max-width: 752px) 100vw, 752px\" \/><\/div><\/figure><figure class=\"gallery-item\"><div class=\"gallery-icon landscape\"><img loading=\"lazy\" decoding=\"async\" width=\"752\" height=\"1156\" src=\"https:\/\/graziamagazine.com\/mx\/wp-content\/uploads\/sites\/13\/2024\/03\/Captura-de-Pantalla-2024-03-04-a-las-16.51.23.png\" class=\"lazy\" alt=\"\" srcset=\"https:\/\/graziamagazine.com\/mx\/wp-content\/uploads\/sites\/13\/2024\/03\/Captura-de-Pantalla-2024-03-04-a-las-16.51.23.png 752w, https:\/\/graziamagazine.com\/mx\/wp-content\/uploads\/sites\/13\/2024\/03\/Captura-de-Pantalla-2024-03-04-a-las-16.51.23-293x450.png 293w, https:\/\/graziamagazine.com\/mx\/wp-content\/uploads\/sites\/13\/2024\/03\/Captura-de-Pantalla-2024-03-04-a-las-16.51.23-666x1024.png 666w, https:\/\/graziamagazine.com\/mx\/wp-content\/uploads\/sites\/13\/2024\/03\/Captura-de-Pantalla-2024-03-04-a-las-16.51.23-400x615.png 400w, https:\/\/graziamagazine.com\/mx\/wp-content\/uploads\/sites\/13\/2024\/03\/Captura-de-Pantalla-2024-03-04-a-las-16.51.23-140x215.png 140w\" sizes=\"(max-width: 752px) 100vw, 752px\" \/><\/div><\/figure><figure class=\"gallery-item\"><div class=\"gallery-icon landscape\"><img loading=\"lazy\" decoding=\"async\" width=\"752\" height=\"1156\" src=\"https:\/\/graziamagazine.com\/mx\/wp-content\/uploads\/sites\/13\/2024\/03\/Captura-de-Pantalla-2024-03-04-a-las-16.51.30.png\" class=\"lazy\" alt=\"\" srcset=\"https:\/\/graziamagazine.com\/mx\/wp-content\/uploads\/sites\/13\/2024\/03\/Captura-de-Pantalla-2024-03-04-a-las-16.51.30.png 752w, https:\/\/graziamagazine.com\/mx\/wp-content\/uploads\/sites\/13\/2024\/03\/Captura-de-Pantalla-2024-03-04-a-las-16.51.30-293x450.png 293w, https:\/\/graziamagazine.com\/mx\/wp-content\/uploads\/sites\/13\/2024\/03\/Captura-de-Pantalla-2024-03-04-a-las-16.51.30-666x1024.png 666w, https:\/\/graziamagazine.com\/mx\/wp-content\/uploads\/sites\/13\/2024\/03\/Captura-de-Pantalla-2024-03-04-a-las-16.51.30-400x615.png 400w, https:\/\/graziamagazine.com\/mx\/wp-content\/uploads\/sites\/13\/2024\/03\/Captura-de-Pantalla-2024-03-04-a-las-16.51.30-140x215.png 140w\" sizes=\"(max-width: 752px) 100vw, 752px\" \/><\/div><\/figure><figure class=\"gallery-item\"><div class=\"gallery-icon landscape\"><img loading=\"lazy\" decoding=\"async\" width=\"752\" height=\"1156\" src=\"https:\/\/graziamagazine.com\/mx\/wp-content\/uploads\/sites\/13\/2024\/03\/Captura-de-Pantalla-2024-03-04-a-las-16.51.41.png\" class=\"lazy\" alt=\"\" srcset=\"https:\/\/graziamagazine.com\/mx\/wp-content\/uploads\/sites\/13\/2024\/03\/Captura-de-Pantalla-2024-03-04-a-las-16.51.41.png 752w, https:\/\/graziamagazine.com\/mx\/wp-content\/uploads\/sites\/13\/2024\/03\/Captura-de-Pantalla-2024-03-04-a-las-16.51.41-293x450.png 293w, https:\/\/graziamagazine.com\/mx\/wp-content\/uploads\/sites\/13\/2024\/03\/Captura-de-Pantalla-2024-03-04-a-las-16.51.41-666x1024.png 666w, https:\/\/graziamagazine.com\/mx\/wp-content\/uploads\/sites\/13\/2024\/03\/Captura-de-Pantalla-2024-03-04-a-las-16.51.41-400x615.png 400w, https:\/\/graziamagazine.com\/mx\/wp-content\/uploads\/sites\/13\/2024\/03\/Captura-de-Pantalla-2024-03-04-a-las-16.51.41-140x215.png 140w\" sizes=\"(max-width: 752px) 100vw, 752px\" \/><\/div><\/figure><figure class=\"gallery-item\"><div class=\"gallery-icon landscape\"><img loading=\"lazy\" decoding=\"async\" width=\"752\" height=\"1156\" src=\"https:\/\/graziamagazine.com\/mx\/wp-content\/uploads\/sites\/13\/2024\/03\/Captura-de-Pantalla-2024-03-04-a-las-16.51.55.png\" class=\"lazy\" alt=\"\" srcset=\"https:\/\/graziamagazine.com\/mx\/wp-content\/uploads\/sites\/13\/2024\/03\/Captura-de-Pantalla-2024-03-04-a-las-16.51.55.png 752w, https:\/\/graziamagazine.com\/mx\/wp-content\/uploads\/sites\/13\/2024\/03\/Captura-de-Pantalla-2024-03-04-a-las-16.51.55-293x450.png 293w, https:\/\/graziamagazine.com\/mx\/wp-content\/uploads\/sites\/13\/2024\/03\/Captura-de-Pantalla-2024-03-04-a-las-16.51.55-666x1024.png 666w, https:\/\/graziamagazine.com\/mx\/wp-content\/uploads\/sites\/13\/2024\/03\/Captura-de-Pantalla-2024-03-04-a-las-16.51.55-400x615.png 400w, https:\/\/graziamagazine.com\/mx\/wp-content\/uploads\/sites\/13\/2024\/03\/Captura-de-Pantalla-2024-03-04-a-las-16.51.55-140x215.png 140w\" sizes=\"(max-width: 752px) 100vw, 752px\" \/><\/div><\/figure><\/div><\/div>\n<p>Desde los dise\u00f1adores hasta los consumidores, cada uno de nosotros puede hacer elecciones conscientes que ayuden a mitigar nuestro impacto en el planeta.<\/p>\n<p>En \u00faltima instancia, el desfile de Stella McCartney no solo fue un evento de moda, sino tambi\u00e9n un llamado a la acci\u00f3n. Al unir la belleza con la conciencia ambiental, McCartney est\u00e1 liderando el camino hacia un futuro donde la moda y la sostenibilidad van de la mano.<\/p>\n<p><em><strong>*IMAGEN: Google Images<\/strong><\/em><\/p>\n","protected":false},"author":28953,"featured_media":135071,"template":"","format":"standard","categories":[4],"acf":[],"yoast_head":"<!-- This site is optimized with the Yoast SEO Premium plugin v18.5 (Yoast SEO v20.4) - https:\/\/yoast.com\/wordpress\/plugins\/seo\/ -->\n<title>Stella McCartney Oto\u00f1o 2024: Moda con Conciencia Ambiental<\/title>\n<meta name=\"description\" content=\"McCartney, una dise\u00f1adora conocida por su compromiso con la \u00e9tica y la sostenibilidad, utiliz\u00f3 materiales reciclados y ecol\u00f3gicos en toda la colecci\u00f3n\" \/>\n<meta name=\"robots\" content=\"index, follow, max-snippet:-1, max-image-preview:large, max-video-preview:-1\" \/>\n<link rel=\"canonical\" href=\"https:\/\/graziamagazine.com\/mx\/articles\/stella-mccartney-otono-2024-moda-con-conciencia-ambiental\/\" \/>\n<meta property=\"og:locale\" content=\"es_MX\" \/>\n<meta property=\"og:type\" content=\"article\" \/>\n<meta property=\"og:title\" content=\"Stella McCartney Oto\u00f1o 2024: Moda con Conciencia Ambiental\" \/>\n<meta property=\"og:description\" content=\"McCartney, una dise\u00f1adora conocida por su compromiso con la \u00e9tica y la sostenibilidad, utiliz\u00f3 materiales reciclados y ecol\u00f3gicos en toda la colecci\u00f3n\" \/>\n<meta property=\"og:url\" content=\"https:\/\/graziamagazine.com\/mx\/articles\/stella-mccartney-otono-2024-moda-con-conciencia-ambiental\/\" \/>\n<meta property=\"og:site_name\" content=\"Grazia M\u00e9xico y Latinoam\u00e9rica\" \/>\n<meta property=\"article:modified_time\" content=\"2024-03-05T13:07:31+00:00\" \/>\n<meta property=\"og:image\" content=\"https:\/\/graziamagazine.com\/mx\/wp-content\/uploads\/sites\/13\/2024\/03\/Captura-de-Pantalla-2024-03-04-a-las-16.52.13-e1709568137968.png\" \/>\n\t<meta property=\"og:image:width\" content=\"751\" \/>\n\t<meta property=\"og:image:height\" content=\"554\" \/>\n\t<meta property=\"og:image:type\" content=\"image\/png\" \/>\n<meta name=\"twitter:card\" content=\"summary_large_image\" \/>\n<meta name=\"twitter:label1\" content=\"Est. reading time\" \/>\n\t<meta name=\"twitter:data1\" content=\"2 minutos\" \/>\n<script type=\"application\/ld+json\" class=\"yoast-schema-graph\">{\"@context\":\"https:\/\/schema.org\",\"@graph\":[{\"@type\":\"WebPage\",\"@id\":\"https:\/\/graziamagazine.com\/mx\/articles\/stella-mccartney-otono-2024-moda-con-conciencia-ambiental\/\",\"url\":\"https:\/\/graziamagazine.com\/mx\/articles\/stella-mccartney-otono-2024-moda-con-conciencia-ambiental\/\",\"name\":\"Stella McCartney Oto\u00f1o 2024: Moda con Conciencia Ambiental\",\"isPartOf\":{\"@id\":\"https:\/\/graziamagazine.com\/mx\/#website\"},\"datePublished\":\"2024-03-04T15:56:13+00:00\",\"dateModified\":\"2024-03-05T13:07:31+00:00\",\"description\":\"McCartney, una dise\u00f1adora conocida por su compromiso con la \u00e9tica y la sostenibilidad, utiliz\u00f3 materiales reciclados y ecol\u00f3gicos en toda la colecci\u00f3n\",\"breadcrumb\":{\"@id\":\"https:\/\/graziamagazine.com\/mx\/articles\/stella-mccartney-otono-2024-moda-con-conciencia-ambiental\/#breadcrumb\"},\"inLanguage\":\"es-MX\",\"potentialAction\":[{\"@type\":\"ReadAction\",\"target\":[\"https:\/\/graziamagazine.com\/mx\/articles\/stella-mccartney-otono-2024-moda-con-conciencia-ambiental\/\"]}]},{\"@type\":\"BreadcrumbList\",\"@id\":\"https:\/\/graziamagazine.com\/mx\/articles\/stella-mccartney-otono-2024-moda-con-conciencia-ambiental\/#breadcrumb\",\"itemListElement\":[{\"@type\":\"ListItem\",\"position\":1,\"name\":\"Home\",\"item\":\"https:\/\/graziamagazine.com\/mx\/\"},{\"@type\":\"ListItem\",\"position\":2,\"name\":\"Stella McCartney Oto\u00f1o 2024: Moda con Conciencia Ambiental\"}]},{\"@type\":\"WebSite\",\"@id\":\"https:\/\/graziamagazine.com\/mx\/#website\",\"url\":\"https:\/\/graziamagazine.com\/mx\/\",\"name\":\"Grazia M\u00e9xico y Latinoam\u00e9rica\",\"description\":\"Grazia es moda, belleza y noticias  de actualidad \",\"potentialAction\":[{\"@type\":\"SearchAction\",\"target\":{\"@type\":\"EntryPoint\",\"urlTemplate\":\"https:\/\/graziamagazine.com\/mx\/?s={search_term_string}\"},\"query-input\":\"required name=search_term_string\"}],\"inLanguage\":\"es-MX\"}]}<\/script>\n<!-- \/ Yoast SEO Premium plugin. -->","yoast_head_json":{"title":"Stella McCartney Oto\u00f1o 2024: Moda con Conciencia Ambiental","description":"McCartney, una dise\u00f1adora conocida por su compromiso con la \u00e9tica y la sostenibilidad, utiliz\u00f3 materiales reciclados y ecol\u00f3gicos en toda la colecci\u00f3n","robots":{"index":"index","follow":"follow","max-snippet":"max-snippet:-1","max-image-preview":"max-image-preview:large","max-video-preview":"max-video-preview:-1"},"canonical":"https:\/\/graziamagazine.com\/mx\/articles\/stella-mccartney-otono-2024-moda-con-conciencia-ambiental\/","og_locale":"es_MX","og_type":"article","og_title":"Stella McCartney Oto\u00f1o 2024: Moda con Conciencia Ambiental","og_description":"McCartney, una dise\u00f1adora conocida por su compromiso con la \u00e9tica y la sostenibilidad, utiliz\u00f3 materiales reciclados y ecol\u00f3gicos en toda la colecci\u00f3n","og_url":"https:\/\/graziamagazine.com\/mx\/articles\/stella-mccartney-otono-2024-moda-con-conciencia-ambiental\/","og_site_name":"Grazia M\u00e9xico y Latinoam\u00e9rica","article_modified_time":"2024-03-05T13:07:31+00:00","og_image":[{"width":751,"height":554,"url":"https:\/\/graziamagazine.com\/mx\/wp-content\/uploads\/sites\/13\/2024\/03\/Captura-de-Pantalla-2024-03-04-a-las-16.52.13-e1709568137968.png","type":"image\/png"}],"twitter_card":"summary_large_image","twitter_misc":{"Est. reading time":"2 minutos"},"schema":{"@context":"https:\/\/schema.org","@graph":[{"@type":"WebPage","@id":"https:\/\/graziamagazine.com\/mx\/articles\/stella-mccartney-otono-2024-moda-con-conciencia-ambiental\/","url":"https:\/\/graziamagazine.com\/mx\/articles\/stella-mccartney-otono-2024-moda-con-conciencia-ambiental\/","name":"Stella McCartney Oto\u00f1o 2024: Moda con Conciencia Ambiental","isPartOf":{"@id":"https:\/\/graziamagazine.com\/mx\/#website"},"datePublished":"2024-03-04T15:56:13+00:00","dateModified":"2024-03-05T13:07:31+00:00","description":"McCartney, una dise\u00f1adora conocida por su compromiso con la \u00e9tica y la sostenibilidad, utiliz\u00f3 materiales reciclados y ecol\u00f3gicos en toda la colecci\u00f3n","breadcrumb":{"@id":"https:\/\/graziamagazine.com\/mx\/articles\/stella-mccartney-otono-2024-moda-con-conciencia-ambiental\/#breadcrumb"},"inLanguage":"es-MX","potentialAction":[{"@type":"ReadAction","target":["https:\/\/graziamagazine.com\/mx\/articles\/stella-mccartney-otono-2024-moda-con-conciencia-ambiental\/"]}]},{"@type":"BreadcrumbList","@id":"https:\/\/graziamagazine.com\/mx\/articles\/stella-mccartney-otono-2024-moda-con-conciencia-ambiental\/#breadcrumb","itemListElement":[{"@type":"ListItem","position":1,"name":"Home","item":"https:\/\/graziamagazine.com\/mx\/"},{"@type":"ListItem","position":2,"name":"Stella McCartney Oto\u00f1o 2024: Moda con Conciencia Ambiental"}]},{"@type":"WebSite","@id":"https:\/\/graziamagazine.com\/mx\/#website","url":"https:\/\/graziamagazine.com\/mx\/","name":"Grazia M\u00e9xico y Latinoam\u00e9rica","description":"Grazia es moda, belleza y noticias  de actualidad ","potentialAction":[{"@type":"SearchAction","target":{"@type":"EntryPoint","urlTemplate":"https:\/\/graziamagazine.com\/mx\/?s={search_term_string}"},"query-input":"required name=search_term_string"}],"inLanguage":"es-MX"}]}},"jetpack_sharing_enabled":true,"distributor_meta":false,"distributor_terms":false,"distributor_media":false,"distributor_original_site_name":"Grazia M\u00e9xico y Latinoam\u00e9rica","distributor_original_site_url":"https:\/\/graziamagazine.com\/mx","push-errors":false,"_links":{"self":[{"href":"https:\/\/graziamagazine.com\/mx\/wp-json\/wp\/v2\/articles\/135050"}],"collection":[{"href":"https:\/\/graziamagazine.com\/mx\/wp-json\/wp\/v2\/articles"}],"about":[{"href":"https:\/\/graziamagazine.com\/mx\/wp-json\/wp\/v2\/types\/articles"}],"author":[{"embeddable":true,"href":"https:\/\/graziamagazine.com\/mx\/wp-json\/wp\/v2\/users\/28953"}],"wp:featuredmedia":[{"embeddable":true,"href":"https:\/\/graziamagazine.com\/mx\/wp-json\/wp\/v2\/media\/135071"}],"wp:attachment":[{"href":"https:\/\/graziamagazine.com\/mx\/wp-json\/wp\/v2\/media?parent=135050"}],"wp:term":[{"taxonomy":"category","embeddable":true,"href":"https:\/\/graziamagazine.com\/mx\/wp-json\/wp\/v2\/categories?post=135050"}],"curies":[{"name":"wp","href":"https:\/\/api.w.org\/{rel}","templated":true}]}}