{"id":135048,"date":"2024-03-04T10:46:56","date_gmt":"2024-03-04T15:46:56","guid":{"rendered":"https:\/\/graziamagazine.com\/mx\/?post_type=articles&#038;p=135048"},"modified":"2024-03-04T10:46:56","modified_gmt":"2024-03-04T15:46:56","slug":"flamenco-purse-asi-es-el-nuevo-it-bag-de-loewe","status":"publish","type":"articles","link":"https:\/\/graziamagazine.com\/mx\/articles\/flamenco-purse-asi-es-el-nuevo-it-bag-de-loewe\/","title":{"rendered":"Flamenco Purse, as\u00ed es el nuevo It Bag de Loewe"},"content":{"rendered":"<p>Con una silueta suavemente fruncida y una cadena en forma de donut tejida en piel, <strong>el <a href=\"https:\/\/www.loewe.com\/eur\/es\/mujer\/bolsos\/flamenco\" target=\"_blank\" rel=\"noopener\" target=\"_blank\">Flamenco Purse<\/a> es un bolso flexible y ligero<\/strong> presentado para la Primavera Verano 2024. Forma parte de una nueva generaci\u00f3n de lujosos y suaves bolsos de piel de cordero napa fruncida. Su dise\u00f1o distintivo y t\u00e1ctil muestra la habilidad e innovaci\u00f3n de los artesanos de LOEWE.<\/p>\n<p>Lanzado por primera vez en la d\u00e9cada de 1980 y redise\u00f1ado por el director creativo Jonathan Anderson en 2015, <strong>el Flamenco se define por el efecto de \u2018falda flamenca\u2019 que se crea cuando se tira de sus nudos marineros para cerrar el bolso.<\/strong> El Flamenco Purse reinventa estos detalles caracter\u00edsticos, con dos planos de suave piel sin aristas, lo que confiere al bolso una silueta sensual que abraza el cuerpo cuando se lleva.<\/p>\n<p><img loading=\"lazy\" decoding=\"async\" class=\"aligncenter size-full wp-image-174675\" src=\"https:\/\/graziamagazine.com\/es\/wp-content\/uploads\/sites\/12\/2024\/02\/LOEWE_SS24_EDITORIAL_SHOW_RTW_RGB_CROPPED_2250x3000_20-copia.jpg\" sizes=\"(max-width: 1600px) 100vw, 1600px\" srcset=\"https:\/\/graziamagazine.com\/es\/wp-content\/uploads\/sites\/12\/2024\/02\/LOEWE_SS24_EDITORIAL_SHOW_RTW_RGB_CROPPED_2250x3000_20-copia.jpg 1600w, https:\/\/graziamagazine.com\/es\/wp-content\/uploads\/sites\/12\/2024\/02\/LOEWE_SS24_EDITORIAL_SHOW_RTW_RGB_CROPPED_2250x3000_20-copia-225x300.jpg 225w, https:\/\/graziamagazine.com\/es\/wp-content\/uploads\/sites\/12\/2024\/02\/LOEWE_SS24_EDITORIAL_SHOW_RTW_RGB_CROPPED_2250x3000_20-copia-768x1024.jpg 768w, https:\/\/graziamagazine.com\/es\/wp-content\/uploads\/sites\/12\/2024\/02\/LOEWE_SS24_EDITORIAL_SHOW_RTW_RGB_CROPPED_2250x3000_20-copia-1152x1536.jpg 1152w, https:\/\/graziamagazine.com\/es\/wp-content\/uploads\/sites\/12\/2024\/02\/LOEWE_SS24_EDITORIAL_SHOW_RTW_RGB_CROPPED_2250x3000_20-copia-1536x2048.jpg 1536w, https:\/\/graziamagazine.com\/es\/wp-content\/uploads\/sites\/12\/2024\/02\/LOEWE_SS24_EDITORIAL_SHOW_RTW_RGB_CROPPED_2250x3000_20-copia-400x533.jpg 400w, https:\/\/graziamagazine.com\/es\/wp-content\/uploads\/sites\/12\/2024\/02\/LOEWE_SS24_EDITORIAL_SHOW_RTW_RGB_CROPPED_2250x3000_20-copia-155x207.jpg 155w\" alt=\"\" width=\"1600\" height=\"2133\" \/><\/p>\n<p>Cada bolso est\u00e1 acabado con una correa de cadena en forma de donut enhebrada a mano con piel tubular tonal y rematada con un guijarro en forma de joya. Una correa adicional de cuero tubular se ajusta utilizando nudos flamencos. El vers\u00e1til bolso Flamenco (y su hermano el Flamenco Mini) puede llevarse como clutch, bandolera o cruzado. Para la temporada Primavera Verano 2024, tanto el Flamenco Purse como el Flamenco Purse Mini est\u00e1n disponibles en Negro, Borgo\u00f1a oscuro, Sahara y Verde esmeralda.<\/p>\n<p><img loading=\"lazy\" decoding=\"async\" class=\"aligncenter wp-image-174677 size-full\" src=\"https:\/\/graziamagazine.com\/es\/wp-content\/uploads\/sites\/12\/2024\/02\/302d00b8-71d1-425c-bf95-4fe2bbfa19c8-scaled-e1708031999577.jpeg\" sizes=\"(max-width: 1604px) 100vw, 1604px\" srcset=\"https:\/\/graziamagazine.com\/es\/wp-content\/uploads\/sites\/12\/2024\/02\/302d00b8-71d1-425c-bf95-4fe2bbfa19c8-scaled-e1708031999577.jpeg 1604w, https:\/\/graziamagazine.com\/es\/wp-content\/uploads\/sites\/12\/2024\/02\/302d00b8-71d1-425c-bf95-4fe2bbfa19c8-scaled-e1708031999577-275x300.jpeg 275w, https:\/\/graziamagazine.com\/es\/wp-content\/uploads\/sites\/12\/2024\/02\/302d00b8-71d1-425c-bf95-4fe2bbfa19c8-scaled-e1708031999577-937x1024.jpeg 937w, https:\/\/graziamagazine.com\/es\/wp-content\/uploads\/sites\/12\/2024\/02\/302d00b8-71d1-425c-bf95-4fe2bbfa19c8-scaled-e1708031999577-768x839.jpeg 768w, https:\/\/graziamagazine.com\/es\/wp-content\/uploads\/sites\/12\/2024\/02\/302d00b8-71d1-425c-bf95-4fe2bbfa19c8-scaled-e1708031999577-1405x1536.jpeg 1405w, https:\/\/graziamagazine.com\/es\/wp-content\/uploads\/sites\/12\/2024\/02\/302d00b8-71d1-425c-bf95-4fe2bbfa19c8-scaled-e1708031999577-400x437.jpeg 400w, https:\/\/graziamagazine.com\/es\/wp-content\/uploads\/sites\/12\/2024\/02\/302d00b8-71d1-425c-bf95-4fe2bbfa19c8-scaled-e1708031999577-155x169.jpeg 155w\" alt=\"\" width=\"1604\" height=\"1753\" \/><\/p>\n<p>El Flamenco Purse aparece en la campa\u00f1a Primavera Verano 2024, fotografiada por David Sims, y protagonizada por las Embajadoras Globales de Marca de LOEWE Taylor Russell y Yang Mi, as\u00ed como por la nueva Embajadora de Marca, reci\u00e9n incorporada a la familia LOEWE, Lim Ji-Yeon. Las tres mujeres aparecen en una vi\u00f1eta dom\u00e9stica que evoca la conocida y confrontativa iconograf\u00eda de la artista Lynda Benglis. Un cortometraje, \u2018Making the Flamenco Purse\u2019, documenta el detalle de cada proceso artesanal necesario para dar vida al bolso, desde las puntadas realizadas por los artesanos en cada bolso hasta los eslabones de en forma de donut utilizados para construir cada correa de cadena.<\/p>\n<p>El Bolso Flamenco <strong>ya<\/strong> en tiendas y <a href=\"https:\/\/www.loewe.com\/eur\/es\/mujer\/bolsos\/flamenco\" target=\"_blank\" rel=\"noopener\" target=\"_blank\">en loewe.com<\/a><\/p>\n<p><em>*Im\u00e1genes: cortes\u00eda<\/em><\/p>\n","protected":false},"author":11653,"featured_media":135049,"template":"","format":"standard","categories":[4],"acf":[],"yoast_head":"<!-- This site is optimized with the Yoast SEO Premium plugin v18.5 (Yoast SEO v20.4) - https:\/\/yoast.com\/wordpress\/plugins\/seo\/ -->\n<title>Flamenco Purse, as\u00ed es el nuevo It Bag de Loewe<\/title>\n<meta name=\"description\" content=\"Este bolso y su versi\u00f3n mini son tan vers\u00e1tiles que pueden llevarse como clutch, bandolera o cruzado para cualquier look.\" \/>\n<meta name=\"robots\" content=\"index, follow, max-snippet:-1, max-image-preview:large, max-video-preview:-1\" \/>\n<link rel=\"canonical\" href=\"https:\/\/graziamagazine.com\/mx\/articles\/flamenco-purse-asi-es-el-nuevo-it-bag-de-loewe\/\" \/>\n<meta property=\"og:locale\" content=\"es_MX\" \/>\n<meta property=\"og:type\" content=\"article\" \/>\n<meta property=\"og:title\" content=\"Flamenco Purse, as\u00ed es el nuevo It Bag de Loewe\" \/>\n<meta property=\"og:description\" content=\"Este bolso y su versi\u00f3n mini son tan vers\u00e1tiles que pueden llevarse como clutch, bandolera o cruzado para cualquier look.\" \/>\n<meta property=\"og:url\" content=\"https:\/\/graziamagazine.com\/mx\/articles\/flamenco-purse-asi-es-el-nuevo-it-bag-de-loewe\/\" \/>\n<meta property=\"og:site_name\" content=\"Grazia M\u00e9xico y Latinoam\u00e9rica\" \/>\n<meta property=\"og:image\" content=\"https:\/\/graziamagazine.com\/mx\/wp-content\/uploads\/sites\/13\/2024\/03\/LOEWE_SS24_EDITORIAL_SHOW_STILL_LIFE_RGB_CROPPED_2880X1620_1.jpg\" \/>\n\t<meta property=\"og:image:width\" content=\"1600\" \/>\n\t<meta property=\"og:image:height\" content=\"900\" \/>\n\t<meta property=\"og:image:type\" content=\"image\/jpeg\" \/>\n<meta name=\"twitter:card\" content=\"summary_large_image\" \/>\n<meta name=\"twitter:label1\" content=\"Est. reading time\" \/>\n\t<meta name=\"twitter:data1\" content=\"2 minutos\" \/>\n<script type=\"application\/ld+json\" class=\"yoast-schema-graph\">{\"@context\":\"https:\/\/schema.org\",\"@graph\":[{\"@type\":\"WebPage\",\"@id\":\"https:\/\/graziamagazine.com\/mx\/articles\/flamenco-purse-asi-es-el-nuevo-it-bag-de-loewe\/\",\"url\":\"https:\/\/graziamagazine.com\/mx\/articles\/flamenco-purse-asi-es-el-nuevo-it-bag-de-loewe\/\",\"name\":\"Flamenco Purse, as\u00ed es el nuevo It Bag de Loewe\",\"isPartOf\":{\"@id\":\"https:\/\/graziamagazine.com\/mx\/#website\"},\"datePublished\":\"2024-03-04T15:46:56+00:00\",\"dateModified\":\"2024-03-04T15:46:56+00:00\",\"description\":\"Este bolso y su versi\u00f3n mini son tan vers\u00e1tiles que pueden llevarse como clutch, bandolera o cruzado para cualquier look.\",\"breadcrumb\":{\"@id\":\"https:\/\/graziamagazine.com\/mx\/articles\/flamenco-purse-asi-es-el-nuevo-it-bag-de-loewe\/#breadcrumb\"},\"inLanguage\":\"es-MX\",\"potentialAction\":[{\"@type\":\"ReadAction\",\"target\":[\"https:\/\/graziamagazine.com\/mx\/articles\/flamenco-purse-asi-es-el-nuevo-it-bag-de-loewe\/\"]}]},{\"@type\":\"BreadcrumbList\",\"@id\":\"https:\/\/graziamagazine.com\/mx\/articles\/flamenco-purse-asi-es-el-nuevo-it-bag-de-loewe\/#breadcrumb\",\"itemListElement\":[{\"@type\":\"ListItem\",\"position\":1,\"name\":\"Home\",\"item\":\"https:\/\/graziamagazine.com\/mx\/\"},{\"@type\":\"ListItem\",\"position\":2,\"name\":\"Flamenco Purse, as\u00ed es el nuevo It Bag de Loewe\"}]},{\"@type\":\"WebSite\",\"@id\":\"https:\/\/graziamagazine.com\/mx\/#website\",\"url\":\"https:\/\/graziamagazine.com\/mx\/\",\"name\":\"Grazia M\u00e9xico y Latinoam\u00e9rica\",\"description\":\"Grazia es moda, belleza y noticias  de actualidad \",\"potentialAction\":[{\"@type\":\"SearchAction\",\"target\":{\"@type\":\"EntryPoint\",\"urlTemplate\":\"https:\/\/graziamagazine.com\/mx\/?s={search_term_string}\"},\"query-input\":\"required name=search_term_string\"}],\"inLanguage\":\"es-MX\"}]}<\/script>\n<!-- \/ Yoast SEO Premium plugin. -->","yoast_head_json":{"title":"Flamenco Purse, as\u00ed es el nuevo It Bag de Loewe","description":"Este bolso y su versi\u00f3n mini son tan vers\u00e1tiles que pueden llevarse como clutch, bandolera o cruzado para cualquier look.","robots":{"index":"index","follow":"follow","max-snippet":"max-snippet:-1","max-image-preview":"max-image-preview:large","max-video-preview":"max-video-preview:-1"},"canonical":"https:\/\/graziamagazine.com\/mx\/articles\/flamenco-purse-asi-es-el-nuevo-it-bag-de-loewe\/","og_locale":"es_MX","og_type":"article","og_title":"Flamenco Purse, as\u00ed es el nuevo It Bag de Loewe","og_description":"Este bolso y su versi\u00f3n mini son tan vers\u00e1tiles que pueden llevarse como clutch, bandolera o cruzado para cualquier look.","og_url":"https:\/\/graziamagazine.com\/mx\/articles\/flamenco-purse-asi-es-el-nuevo-it-bag-de-loewe\/","og_site_name":"Grazia M\u00e9xico y Latinoam\u00e9rica","og_image":[{"width":1600,"height":900,"url":"https:\/\/graziamagazine.com\/mx\/wp-content\/uploads\/sites\/13\/2024\/03\/LOEWE_SS24_EDITORIAL_SHOW_STILL_LIFE_RGB_CROPPED_2880X1620_1.jpg","type":"image\/jpeg"}],"twitter_card":"summary_large_image","twitter_misc":{"Est. reading time":"2 minutos"},"schema":{"@context":"https:\/\/schema.org","@graph":[{"@type":"WebPage","@id":"https:\/\/graziamagazine.com\/mx\/articles\/flamenco-purse-asi-es-el-nuevo-it-bag-de-loewe\/","url":"https:\/\/graziamagazine.com\/mx\/articles\/flamenco-purse-asi-es-el-nuevo-it-bag-de-loewe\/","name":"Flamenco Purse, as\u00ed es el nuevo It Bag de Loewe","isPartOf":{"@id":"https:\/\/graziamagazine.com\/mx\/#website"},"datePublished":"2024-03-04T15:46:56+00:00","dateModified":"2024-03-04T15:46:56+00:00","description":"Este bolso y su versi\u00f3n mini son tan vers\u00e1tiles que pueden llevarse como clutch, bandolera o cruzado para cualquier look.","breadcrumb":{"@id":"https:\/\/graziamagazine.com\/mx\/articles\/flamenco-purse-asi-es-el-nuevo-it-bag-de-loewe\/#breadcrumb"},"inLanguage":"es-MX","potentialAction":[{"@type":"ReadAction","target":["https:\/\/graziamagazine.com\/mx\/articles\/flamenco-purse-asi-es-el-nuevo-it-bag-de-loewe\/"]}]},{"@type":"BreadcrumbList","@id":"https:\/\/graziamagazine.com\/mx\/articles\/flamenco-purse-asi-es-el-nuevo-it-bag-de-loewe\/#breadcrumb","itemListElement":[{"@type":"ListItem","position":1,"name":"Home","item":"https:\/\/graziamagazine.com\/mx\/"},{"@type":"ListItem","position":2,"name":"Flamenco Purse, as\u00ed es el nuevo It Bag de Loewe"}]},{"@type":"WebSite","@id":"https:\/\/graziamagazine.com\/mx\/#website","url":"https:\/\/graziamagazine.com\/mx\/","name":"Grazia M\u00e9xico y Latinoam\u00e9rica","description":"Grazia es moda, belleza y noticias  de actualidad ","potentialAction":[{"@type":"SearchAction","target":{"@type":"EntryPoint","urlTemplate":"https:\/\/graziamagazine.com\/mx\/?s={search_term_string}"},"query-input":"required name=search_term_string"}],"inLanguage":"es-MX"}]}},"jetpack_sharing_enabled":true,"distributor_meta":false,"distributor_terms":false,"distributor_media":false,"distributor_original_site_name":"Grazia M\u00e9xico y Latinoam\u00e9rica","distributor_original_site_url":"https:\/\/graziamagazine.com\/mx","push-errors":false,"_links":{"self":[{"href":"https:\/\/graziamagazine.com\/mx\/wp-json\/wp\/v2\/articles\/135048"}],"collection":[{"href":"https:\/\/graziamagazine.com\/mx\/wp-json\/wp\/v2\/articles"}],"about":[{"href":"https:\/\/graziamagazine.com\/mx\/wp-json\/wp\/v2\/types\/articles"}],"author":[{"embeddable":true,"href":"https:\/\/graziamagazine.com\/mx\/wp-json\/wp\/v2\/users\/11653"}],"wp:featuredmedia":[{"embeddable":true,"href":"https:\/\/graziamagazine.com\/mx\/wp-json\/wp\/v2\/media\/135049"}],"wp:attachment":[{"href":"https:\/\/graziamagazine.com\/mx\/wp-json\/wp\/v2\/media?parent=135048"}],"wp:term":[{"taxonomy":"category","embeddable":true,"href":"https:\/\/graziamagazine.com\/mx\/wp-json\/wp\/v2\/categories?post=135048"}],"curies":[{"name":"wp","href":"https:\/\/api.w.org\/{rel}","templated":true}]}}