{"id":134915,"date":"2024-03-01T14:50:00","date_gmt":"2024-03-01T19:50:00","guid":{"rendered":"https:\/\/graziamagazine.com\/mx\/?post_type=articles&#038;p=134915"},"modified":"2024-03-01T15:08:38","modified_gmt":"2024-03-01T20:08:38","slug":"chloe-fw-2024-ready-to-wear-un-regreso-a-la-realidad-con-estilo","status":"publish","type":"articles","link":"https:\/\/graziamagazine.com\/mx\/articles\/chloe-fw-2024-ready-to-wear-un-regreso-a-la-realidad-con-estilo\/","title":{"rendered":"Chlo\u00e9 FW 2024 Ready to Wear: Un Regreso a la Realidad con Estilo"},"content":{"rendered":"<p>La casa de moda francesa<strong> Chlo\u00e9<\/strong> ha dado la bienvenida a una nueva era con la reciente incorporaci\u00f3n de <strong>Chemena Kamali<\/strong> como directora creativa.<\/p>\n<p>Con su nombramiento, Kamali ha tra\u00eddo consigo una visi\u00f3n fresca que pone \u00e9nfasis en vestirse para el mundo real con un toque de estilo personal. Esta nueva direcci\u00f3n representa un cambio emocionante para la ic\u00f3nica marca, que ha sido conocida por su<strong> est\u00e9tica rom\u00e1ntica y femenina<\/strong> durante d\u00e9cadas.<\/p>\n<div class=\"content-gallery\"><div class=\"gallery-placeholder\"><div class=\"spinner\"><\/div><\/div><span class=\"gallery-pagination\"><\/span><div id=\"gallery-1\" class=\"gallery galleryid-134915 gallery-columns- gallery-size-\"><figure class=\"gallery-item\"><div class=\"gallery-icon landscape\"><img loading=\"lazy\" decoding=\"async\" width=\"766\" height=\"1158\" src=\"https:\/\/graziamagazine.com\/mx\/wp-content\/uploads\/sites\/13\/2024\/03\/Captura-de-Pantalla-2024-03-01-a-las-20.45.27.png\" class=\"lazy\" alt=\"\" srcset=\"https:\/\/graziamagazine.com\/mx\/wp-content\/uploads\/sites\/13\/2024\/03\/Captura-de-Pantalla-2024-03-01-a-las-20.45.27.png 766w, https:\/\/graziamagazine.com\/mx\/wp-content\/uploads\/sites\/13\/2024\/03\/Captura-de-Pantalla-2024-03-01-a-las-20.45.27-298x450.png 298w, https:\/\/graziamagazine.com\/mx\/wp-content\/uploads\/sites\/13\/2024\/03\/Captura-de-Pantalla-2024-03-01-a-las-20.45.27-677x1024.png 677w, https:\/\/graziamagazine.com\/mx\/wp-content\/uploads\/sites\/13\/2024\/03\/Captura-de-Pantalla-2024-03-01-a-las-20.45.27-400x605.png 400w, https:\/\/graziamagazine.com\/mx\/wp-content\/uploads\/sites\/13\/2024\/03\/Captura-de-Pantalla-2024-03-01-a-las-20.45.27-142x215.png 142w\" sizes=\"(max-width: 766px) 100vw, 766px\" \/><\/div><\/figure><figure class=\"gallery-item\"><div class=\"gallery-icon landscape\"><img loading=\"lazy\" decoding=\"async\" width=\"766\" height=\"1158\" src=\"https:\/\/graziamagazine.com\/mx\/wp-content\/uploads\/sites\/13\/2024\/03\/Captura-de-Pantalla-2024-03-01-a-las-20.45.31.png\" class=\"lazy\" alt=\"\" srcset=\"https:\/\/graziamagazine.com\/mx\/wp-content\/uploads\/sites\/13\/2024\/03\/Captura-de-Pantalla-2024-03-01-a-las-20.45.31.png 766w, https:\/\/graziamagazine.com\/mx\/wp-content\/uploads\/sites\/13\/2024\/03\/Captura-de-Pantalla-2024-03-01-a-las-20.45.31-298x450.png 298w, https:\/\/graziamagazine.com\/mx\/wp-content\/uploads\/sites\/13\/2024\/03\/Captura-de-Pantalla-2024-03-01-a-las-20.45.31-677x1024.png 677w, https:\/\/graziamagazine.com\/mx\/wp-content\/uploads\/sites\/13\/2024\/03\/Captura-de-Pantalla-2024-03-01-a-las-20.45.31-400x605.png 400w, https:\/\/graziamagazine.com\/mx\/wp-content\/uploads\/sites\/13\/2024\/03\/Captura-de-Pantalla-2024-03-01-a-las-20.45.31-142x215.png 142w\" sizes=\"(max-width: 766px) 100vw, 766px\" \/><\/div><\/figure><figure class=\"gallery-item\"><div class=\"gallery-icon landscape\"><img loading=\"lazy\" decoding=\"async\" width=\"766\" height=\"1158\" src=\"https:\/\/graziamagazine.com\/mx\/wp-content\/uploads\/sites\/13\/2024\/03\/Captura-de-Pantalla-2024-03-01-a-las-20.45.36.png\" class=\"lazy\" alt=\"\" srcset=\"https:\/\/graziamagazine.com\/mx\/wp-content\/uploads\/sites\/13\/2024\/03\/Captura-de-Pantalla-2024-03-01-a-las-20.45.36.png 766w, https:\/\/graziamagazine.com\/mx\/wp-content\/uploads\/sites\/13\/2024\/03\/Captura-de-Pantalla-2024-03-01-a-las-20.45.36-298x450.png 298w, https:\/\/graziamagazine.com\/mx\/wp-content\/uploads\/sites\/13\/2024\/03\/Captura-de-Pantalla-2024-03-01-a-las-20.45.36-677x1024.png 677w, https:\/\/graziamagazine.com\/mx\/wp-content\/uploads\/sites\/13\/2024\/03\/Captura-de-Pantalla-2024-03-01-a-las-20.45.36-400x605.png 400w, https:\/\/graziamagazine.com\/mx\/wp-content\/uploads\/sites\/13\/2024\/03\/Captura-de-Pantalla-2024-03-01-a-las-20.45.36-142x215.png 142w\" sizes=\"(max-width: 766px) 100vw, 766px\" \/><\/div><\/figure><figure class=\"gallery-item\"><div class=\"gallery-icon landscape\"><img loading=\"lazy\" decoding=\"async\" width=\"766\" height=\"1158\" src=\"https:\/\/graziamagazine.com\/mx\/wp-content\/uploads\/sites\/13\/2024\/03\/Captura-de-Pantalla-2024-03-01-a-las-20.45.40.png\" class=\"lazy\" alt=\"\" srcset=\"https:\/\/graziamagazine.com\/mx\/wp-content\/uploads\/sites\/13\/2024\/03\/Captura-de-Pantalla-2024-03-01-a-las-20.45.40.png 766w, https:\/\/graziamagazine.com\/mx\/wp-content\/uploads\/sites\/13\/2024\/03\/Captura-de-Pantalla-2024-03-01-a-las-20.45.40-298x450.png 298w, https:\/\/graziamagazine.com\/mx\/wp-content\/uploads\/sites\/13\/2024\/03\/Captura-de-Pantalla-2024-03-01-a-las-20.45.40-677x1024.png 677w, https:\/\/graziamagazine.com\/mx\/wp-content\/uploads\/sites\/13\/2024\/03\/Captura-de-Pantalla-2024-03-01-a-las-20.45.40-400x605.png 400w, https:\/\/graziamagazine.com\/mx\/wp-content\/uploads\/sites\/13\/2024\/03\/Captura-de-Pantalla-2024-03-01-a-las-20.45.40-142x215.png 142w\" sizes=\"(max-width: 766px) 100vw, 766px\" \/><\/div><\/figure><figure class=\"gallery-item\"><div class=\"gallery-icon landscape\"><img loading=\"lazy\" decoding=\"async\" width=\"766\" height=\"1158\" src=\"https:\/\/graziamagazine.com\/mx\/wp-content\/uploads\/sites\/13\/2024\/03\/Captura-de-Pantalla-2024-03-01-a-las-20.45.49.png\" class=\"lazy\" alt=\"\" srcset=\"https:\/\/graziamagazine.com\/mx\/wp-content\/uploads\/sites\/13\/2024\/03\/Captura-de-Pantalla-2024-03-01-a-las-20.45.49.png 766w, https:\/\/graziamagazine.com\/mx\/wp-content\/uploads\/sites\/13\/2024\/03\/Captura-de-Pantalla-2024-03-01-a-las-20.45.49-298x450.png 298w, https:\/\/graziamagazine.com\/mx\/wp-content\/uploads\/sites\/13\/2024\/03\/Captura-de-Pantalla-2024-03-01-a-las-20.45.49-677x1024.png 677w, https:\/\/graziamagazine.com\/mx\/wp-content\/uploads\/sites\/13\/2024\/03\/Captura-de-Pantalla-2024-03-01-a-las-20.45.49-400x605.png 400w, https:\/\/graziamagazine.com\/mx\/wp-content\/uploads\/sites\/13\/2024\/03\/Captura-de-Pantalla-2024-03-01-a-las-20.45.49-142x215.png 142w\" sizes=\"(max-width: 766px) 100vw, 766px\" \/><\/div><\/figure><figure class=\"gallery-item\"><div class=\"gallery-icon landscape\"><img loading=\"lazy\" decoding=\"async\" width=\"766\" height=\"1158\" src=\"https:\/\/graziamagazine.com\/mx\/wp-content\/uploads\/sites\/13\/2024\/03\/Captura-de-Pantalla-2024-03-01-a-las-20.45.54.png\" class=\"lazy\" alt=\"\" srcset=\"https:\/\/graziamagazine.com\/mx\/wp-content\/uploads\/sites\/13\/2024\/03\/Captura-de-Pantalla-2024-03-01-a-las-20.45.54.png 766w, https:\/\/graziamagazine.com\/mx\/wp-content\/uploads\/sites\/13\/2024\/03\/Captura-de-Pantalla-2024-03-01-a-las-20.45.54-298x450.png 298w, https:\/\/graziamagazine.com\/mx\/wp-content\/uploads\/sites\/13\/2024\/03\/Captura-de-Pantalla-2024-03-01-a-las-20.45.54-677x1024.png 677w, https:\/\/graziamagazine.com\/mx\/wp-content\/uploads\/sites\/13\/2024\/03\/Captura-de-Pantalla-2024-03-01-a-las-20.45.54-400x605.png 400w, https:\/\/graziamagazine.com\/mx\/wp-content\/uploads\/sites\/13\/2024\/03\/Captura-de-Pantalla-2024-03-01-a-las-20.45.54-142x215.png 142w\" sizes=\"(max-width: 766px) 100vw, 766px\" \/><\/div><\/figure><\/div><\/div>\n<p>El enfoque de Chemena Kamali para Chlo\u00e9 se centra en la vida cotidiana de las <strong>mujeres modernas<\/strong>. En lugar de aspirar a una imagen idealizada o inalcanzable, Kamali busca crear prendas que se adapten a la realidad del d\u00eda a d\u00eda.<\/p>\n<p>Esto se refleja en sus dise\u00f1os, que combinan comodidad y estilo de una manera que es pr\u00e1ctica y accesible para todas.<\/p>\n<p>La colecci\u00f3n de Kamali para Chlo\u00e9 fue una celebraci\u00f3n de la dualidad femenina, donde lo duro se encontraba con lo blando en una danza armoniosa de estilos y texturas.<\/p>\n<div class=\"content-gallery\"><div class=\"gallery-placeholder\"><div class=\"spinner\"><\/div><\/div><span class=\"gallery-pagination\"><\/span><div id=\"gallery-2\" class=\"gallery galleryid-134915 gallery-columns- gallery-size-\"><figure class=\"gallery-item\"><div class=\"gallery-icon landscape\"><img loading=\"lazy\" decoding=\"async\" width=\"766\" height=\"1158\" src=\"https:\/\/graziamagazine.com\/mx\/wp-content\/uploads\/sites\/13\/2024\/03\/Captura-de-Pantalla-2024-03-01-a-las-21.07.38.png\" class=\"lazy\" alt=\"\" srcset=\"https:\/\/graziamagazine.com\/mx\/wp-content\/uploads\/sites\/13\/2024\/03\/Captura-de-Pantalla-2024-03-01-a-las-21.07.38.png 766w, https:\/\/graziamagazine.com\/mx\/wp-content\/uploads\/sites\/13\/2024\/03\/Captura-de-Pantalla-2024-03-01-a-las-21.07.38-298x450.png 298w, https:\/\/graziamagazine.com\/mx\/wp-content\/uploads\/sites\/13\/2024\/03\/Captura-de-Pantalla-2024-03-01-a-las-21.07.38-677x1024.png 677w, https:\/\/graziamagazine.com\/mx\/wp-content\/uploads\/sites\/13\/2024\/03\/Captura-de-Pantalla-2024-03-01-a-las-21.07.38-400x605.png 400w, https:\/\/graziamagazine.com\/mx\/wp-content\/uploads\/sites\/13\/2024\/03\/Captura-de-Pantalla-2024-03-01-a-las-21.07.38-142x215.png 142w\" sizes=\"(max-width: 766px) 100vw, 766px\" \/><\/div><\/figure><figure class=\"gallery-item\"><div class=\"gallery-icon landscape\"><img loading=\"lazy\" decoding=\"async\" width=\"766\" height=\"1158\" src=\"https:\/\/graziamagazine.com\/mx\/wp-content\/uploads\/sites\/13\/2024\/03\/Captura-de-Pantalla-2024-03-01-a-las-20.46.02.png\" class=\"lazy\" alt=\"\" srcset=\"https:\/\/graziamagazine.com\/mx\/wp-content\/uploads\/sites\/13\/2024\/03\/Captura-de-Pantalla-2024-03-01-a-las-20.46.02.png 766w, https:\/\/graziamagazine.com\/mx\/wp-content\/uploads\/sites\/13\/2024\/03\/Captura-de-Pantalla-2024-03-01-a-las-20.46.02-298x450.png 298w, https:\/\/graziamagazine.com\/mx\/wp-content\/uploads\/sites\/13\/2024\/03\/Captura-de-Pantalla-2024-03-01-a-las-20.46.02-677x1024.png 677w, https:\/\/graziamagazine.com\/mx\/wp-content\/uploads\/sites\/13\/2024\/03\/Captura-de-Pantalla-2024-03-01-a-las-20.46.02-400x605.png 400w, https:\/\/graziamagazine.com\/mx\/wp-content\/uploads\/sites\/13\/2024\/03\/Captura-de-Pantalla-2024-03-01-a-las-20.46.02-142x215.png 142w\" sizes=\"(max-width: 766px) 100vw, 766px\" \/><\/div><\/figure><figure class=\"gallery-item\"><div class=\"gallery-icon landscape\"><img loading=\"lazy\" decoding=\"async\" width=\"766\" height=\"1158\" src=\"https:\/\/graziamagazine.com\/mx\/wp-content\/uploads\/sites\/13\/2024\/03\/Captura-de-Pantalla-2024-03-01-a-las-20.46.06.png\" class=\"lazy\" alt=\"\" srcset=\"https:\/\/graziamagazine.com\/mx\/wp-content\/uploads\/sites\/13\/2024\/03\/Captura-de-Pantalla-2024-03-01-a-las-20.46.06.png 766w, https:\/\/graziamagazine.com\/mx\/wp-content\/uploads\/sites\/13\/2024\/03\/Captura-de-Pantalla-2024-03-01-a-las-20.46.06-298x450.png 298w, https:\/\/graziamagazine.com\/mx\/wp-content\/uploads\/sites\/13\/2024\/03\/Captura-de-Pantalla-2024-03-01-a-las-20.46.06-677x1024.png 677w, https:\/\/graziamagazine.com\/mx\/wp-content\/uploads\/sites\/13\/2024\/03\/Captura-de-Pantalla-2024-03-01-a-las-20.46.06-400x605.png 400w, https:\/\/graziamagazine.com\/mx\/wp-content\/uploads\/sites\/13\/2024\/03\/Captura-de-Pantalla-2024-03-01-a-las-20.46.06-142x215.png 142w\" sizes=\"(max-width: 766px) 100vw, 766px\" \/><\/div><\/figure><figure class=\"gallery-item\"><div class=\"gallery-icon landscape\"><img loading=\"lazy\" decoding=\"async\" width=\"766\" height=\"1158\" src=\"https:\/\/graziamagazine.com\/mx\/wp-content\/uploads\/sites\/13\/2024\/03\/Captura-de-Pantalla-2024-03-01-a-las-20.46.11.png\" class=\"lazy\" alt=\"\" srcset=\"https:\/\/graziamagazine.com\/mx\/wp-content\/uploads\/sites\/13\/2024\/03\/Captura-de-Pantalla-2024-03-01-a-las-20.46.11.png 766w, https:\/\/graziamagazine.com\/mx\/wp-content\/uploads\/sites\/13\/2024\/03\/Captura-de-Pantalla-2024-03-01-a-las-20.46.11-298x450.png 298w, https:\/\/graziamagazine.com\/mx\/wp-content\/uploads\/sites\/13\/2024\/03\/Captura-de-Pantalla-2024-03-01-a-las-20.46.11-677x1024.png 677w, https:\/\/graziamagazine.com\/mx\/wp-content\/uploads\/sites\/13\/2024\/03\/Captura-de-Pantalla-2024-03-01-a-las-20.46.11-400x605.png 400w, https:\/\/graziamagazine.com\/mx\/wp-content\/uploads\/sites\/13\/2024\/03\/Captura-de-Pantalla-2024-03-01-a-las-20.46.11-142x215.png 142w\" sizes=\"(max-width: 766px) 100vw, 766px\" \/><\/div><\/figure><figure class=\"gallery-item\"><div class=\"gallery-icon landscape\"><img loading=\"lazy\" decoding=\"async\" width=\"766\" height=\"1158\" src=\"https:\/\/graziamagazine.com\/mx\/wp-content\/uploads\/sites\/13\/2024\/03\/Captura-de-Pantalla-2024-03-01-a-las-20.46.15.png\" class=\"lazy\" alt=\"\" srcset=\"https:\/\/graziamagazine.com\/mx\/wp-content\/uploads\/sites\/13\/2024\/03\/Captura-de-Pantalla-2024-03-01-a-las-20.46.15.png 766w, https:\/\/graziamagazine.com\/mx\/wp-content\/uploads\/sites\/13\/2024\/03\/Captura-de-Pantalla-2024-03-01-a-las-20.46.15-298x450.png 298w, https:\/\/graziamagazine.com\/mx\/wp-content\/uploads\/sites\/13\/2024\/03\/Captura-de-Pantalla-2024-03-01-a-las-20.46.15-677x1024.png 677w, https:\/\/graziamagazine.com\/mx\/wp-content\/uploads\/sites\/13\/2024\/03\/Captura-de-Pantalla-2024-03-01-a-las-20.46.15-400x605.png 400w, https:\/\/graziamagazine.com\/mx\/wp-content\/uploads\/sites\/13\/2024\/03\/Captura-de-Pantalla-2024-03-01-a-las-20.46.15-142x215.png 142w\" sizes=\"(max-width: 766px) 100vw, 766px\" \/><\/div><\/figure><figure class=\"gallery-item\"><div class=\"gallery-icon landscape\"><img loading=\"lazy\" decoding=\"async\" width=\"766\" height=\"1158\" src=\"https:\/\/graziamagazine.com\/mx\/wp-content\/uploads\/sites\/13\/2024\/03\/Captura-de-Pantalla-2024-03-01-a-las-20.46.22.png\" class=\"lazy\" alt=\"\" srcset=\"https:\/\/graziamagazine.com\/mx\/wp-content\/uploads\/sites\/13\/2024\/03\/Captura-de-Pantalla-2024-03-01-a-las-20.46.22.png 766w, https:\/\/graziamagazine.com\/mx\/wp-content\/uploads\/sites\/13\/2024\/03\/Captura-de-Pantalla-2024-03-01-a-las-20.46.22-298x450.png 298w, https:\/\/graziamagazine.com\/mx\/wp-content\/uploads\/sites\/13\/2024\/03\/Captura-de-Pantalla-2024-03-01-a-las-20.46.22-677x1024.png 677w, https:\/\/graziamagazine.com\/mx\/wp-content\/uploads\/sites\/13\/2024\/03\/Captura-de-Pantalla-2024-03-01-a-las-20.46.22-400x605.png 400w, https:\/\/graziamagazine.com\/mx\/wp-content\/uploads\/sites\/13\/2024\/03\/Captura-de-Pantalla-2024-03-01-a-las-20.46.22-142x215.png 142w\" sizes=\"(max-width: 766px) 100vw, 766px\" \/><\/div><\/figure><figure class=\"gallery-item\"><div class=\"gallery-icon landscape\"><img loading=\"lazy\" decoding=\"async\" width=\"766\" height=\"1158\" src=\"https:\/\/graziamagazine.com\/mx\/wp-content\/uploads\/sites\/13\/2024\/03\/Captura-de-Pantalla-2024-03-01-a-las-20.46.26.png\" class=\"lazy\" alt=\"\" srcset=\"https:\/\/graziamagazine.com\/mx\/wp-content\/uploads\/sites\/13\/2024\/03\/Captura-de-Pantalla-2024-03-01-a-las-20.46.26.png 766w, https:\/\/graziamagazine.com\/mx\/wp-content\/uploads\/sites\/13\/2024\/03\/Captura-de-Pantalla-2024-03-01-a-las-20.46.26-298x450.png 298w, https:\/\/graziamagazine.com\/mx\/wp-content\/uploads\/sites\/13\/2024\/03\/Captura-de-Pantalla-2024-03-01-a-las-20.46.26-677x1024.png 677w, https:\/\/graziamagazine.com\/mx\/wp-content\/uploads\/sites\/13\/2024\/03\/Captura-de-Pantalla-2024-03-01-a-las-20.46.26-400x605.png 400w, https:\/\/graziamagazine.com\/mx\/wp-content\/uploads\/sites\/13\/2024\/03\/Captura-de-Pantalla-2024-03-01-a-las-20.46.26-142x215.png 142w\" sizes=\"(max-width: 766px) 100vw, 766px\" \/><\/div><\/figure><figure class=\"gallery-item\"><div class=\"gallery-icon landscape\"><img loading=\"lazy\" decoding=\"async\" width=\"766\" height=\"1158\" src=\"https:\/\/graziamagazine.com\/mx\/wp-content\/uploads\/sites\/13\/2024\/03\/Captura-de-Pantalla-2024-03-01-a-las-20.46.57.png\" class=\"lazy\" alt=\"\" srcset=\"https:\/\/graziamagazine.com\/mx\/wp-content\/uploads\/sites\/13\/2024\/03\/Captura-de-Pantalla-2024-03-01-a-las-20.46.57.png 766w, https:\/\/graziamagazine.com\/mx\/wp-content\/uploads\/sites\/13\/2024\/03\/Captura-de-Pantalla-2024-03-01-a-las-20.46.57-298x450.png 298w, https:\/\/graziamagazine.com\/mx\/wp-content\/uploads\/sites\/13\/2024\/03\/Captura-de-Pantalla-2024-03-01-a-las-20.46.57-677x1024.png 677w, https:\/\/graziamagazine.com\/mx\/wp-content\/uploads\/sites\/13\/2024\/03\/Captura-de-Pantalla-2024-03-01-a-las-20.46.57-400x605.png 400w, https:\/\/graziamagazine.com\/mx\/wp-content\/uploads\/sites\/13\/2024\/03\/Captura-de-Pantalla-2024-03-01-a-las-20.46.57-142x215.png 142w\" sizes=\"(max-width: 766px) 100vw, 766px\" \/><\/div><\/figure><\/div><\/div>\n<p>Los <strong>pantalones de cuero<\/strong> con flecos laterales, emblem\u00e1ticos de los <strong>a\u00f1os 70<\/strong>, fueron reinventados con globos de gasa debajo de la rodilla, fusionando lo rudo del cuero con la ligereza de la gasa. De manera similar, un pesado <strong>abrigo de cuero<\/strong> negro se combin\u00f3 magistralmente con un<strong> vestido nude de gasa<\/strong> transparente, creando un contraste sorprendente pero elegante.<\/p>\n<p>Kamali expres\u00f3 su deseo de capturar la esencia de la mujer Chlo\u00e9, con todas sus contradicciones y complejidades. Para ella, la marca Chlo\u00e9 encarna una actitud progresista que honra el legado de su fundadora, Gaby Aghion.<\/p>\n<div class=\"content-gallery\"><div class=\"gallery-placeholder\"><div class=\"spinner\"><\/div><\/div><span class=\"gallery-pagination\"><\/span><div id=\"gallery-3\" class=\"gallery galleryid-134915 gallery-columns- gallery-size-\"><figure class=\"gallery-item\"><div class=\"gallery-icon landscape\"><img loading=\"lazy\" decoding=\"async\" width=\"766\" height=\"1158\" src=\"https:\/\/graziamagazine.com\/mx\/wp-content\/uploads\/sites\/13\/2024\/03\/Captura-de-Pantalla-2024-03-01-a-las-20.47.19.png\" class=\"lazy\" alt=\"\" srcset=\"https:\/\/graziamagazine.com\/mx\/wp-content\/uploads\/sites\/13\/2024\/03\/Captura-de-Pantalla-2024-03-01-a-las-20.47.19.png 766w, https:\/\/graziamagazine.com\/mx\/wp-content\/uploads\/sites\/13\/2024\/03\/Captura-de-Pantalla-2024-03-01-a-las-20.47.19-298x450.png 298w, https:\/\/graziamagazine.com\/mx\/wp-content\/uploads\/sites\/13\/2024\/03\/Captura-de-Pantalla-2024-03-01-a-las-20.47.19-677x1024.png 677w, https:\/\/graziamagazine.com\/mx\/wp-content\/uploads\/sites\/13\/2024\/03\/Captura-de-Pantalla-2024-03-01-a-las-20.47.19-400x605.png 400w, https:\/\/graziamagazine.com\/mx\/wp-content\/uploads\/sites\/13\/2024\/03\/Captura-de-Pantalla-2024-03-01-a-las-20.47.19-142x215.png 142w\" sizes=\"(max-width: 766px) 100vw, 766px\" \/><\/div><\/figure><figure class=\"gallery-item\"><div class=\"gallery-icon landscape\"><img loading=\"lazy\" decoding=\"async\" width=\"766\" height=\"1158\" src=\"https:\/\/graziamagazine.com\/mx\/wp-content\/uploads\/sites\/13\/2024\/03\/Captura-de-Pantalla-2024-03-01-a-las-20.47.13.png\" class=\"lazy\" alt=\"\" srcset=\"https:\/\/graziamagazine.com\/mx\/wp-content\/uploads\/sites\/13\/2024\/03\/Captura-de-Pantalla-2024-03-01-a-las-20.47.13.png 766w, https:\/\/graziamagazine.com\/mx\/wp-content\/uploads\/sites\/13\/2024\/03\/Captura-de-Pantalla-2024-03-01-a-las-20.47.13-298x450.png 298w, https:\/\/graziamagazine.com\/mx\/wp-content\/uploads\/sites\/13\/2024\/03\/Captura-de-Pantalla-2024-03-01-a-las-20.47.13-677x1024.png 677w, https:\/\/graziamagazine.com\/mx\/wp-content\/uploads\/sites\/13\/2024\/03\/Captura-de-Pantalla-2024-03-01-a-las-20.47.13-400x605.png 400w, https:\/\/graziamagazine.com\/mx\/wp-content\/uploads\/sites\/13\/2024\/03\/Captura-de-Pantalla-2024-03-01-a-las-20.47.13-142x215.png 142w\" sizes=\"(max-width: 766px) 100vw, 766px\" \/><\/div><\/figure><figure class=\"gallery-item\"><div class=\"gallery-icon landscape\"><img loading=\"lazy\" decoding=\"async\" width=\"766\" height=\"1158\" src=\"https:\/\/graziamagazine.com\/mx\/wp-content\/uploads\/sites\/13\/2024\/03\/Captura-de-Pantalla-2024-03-01-a-las-20.47.29.png\" class=\"lazy\" alt=\"\" srcset=\"https:\/\/graziamagazine.com\/mx\/wp-content\/uploads\/sites\/13\/2024\/03\/Captura-de-Pantalla-2024-03-01-a-las-20.47.29.png 766w, https:\/\/graziamagazine.com\/mx\/wp-content\/uploads\/sites\/13\/2024\/03\/Captura-de-Pantalla-2024-03-01-a-las-20.47.29-298x450.png 298w, https:\/\/graziamagazine.com\/mx\/wp-content\/uploads\/sites\/13\/2024\/03\/Captura-de-Pantalla-2024-03-01-a-las-20.47.29-677x1024.png 677w, https:\/\/graziamagazine.com\/mx\/wp-content\/uploads\/sites\/13\/2024\/03\/Captura-de-Pantalla-2024-03-01-a-las-20.47.29-400x605.png 400w, https:\/\/graziamagazine.com\/mx\/wp-content\/uploads\/sites\/13\/2024\/03\/Captura-de-Pantalla-2024-03-01-a-las-20.47.29-142x215.png 142w\" sizes=\"(max-width: 766px) 100vw, 766px\" \/><\/div><\/figure><figure class=\"gallery-item\"><div class=\"gallery-icon landscape\"><img loading=\"lazy\" decoding=\"async\" width=\"766\" height=\"1158\" src=\"https:\/\/graziamagazine.com\/mx\/wp-content\/uploads\/sites\/13\/2024\/03\/Captura-de-Pantalla-2024-03-01-a-las-20.47.33.png\" class=\"lazy\" alt=\"\" srcset=\"https:\/\/graziamagazine.com\/mx\/wp-content\/uploads\/sites\/13\/2024\/03\/Captura-de-Pantalla-2024-03-01-a-las-20.47.33.png 766w, https:\/\/graziamagazine.com\/mx\/wp-content\/uploads\/sites\/13\/2024\/03\/Captura-de-Pantalla-2024-03-01-a-las-20.47.33-298x450.png 298w, https:\/\/graziamagazine.com\/mx\/wp-content\/uploads\/sites\/13\/2024\/03\/Captura-de-Pantalla-2024-03-01-a-las-20.47.33-677x1024.png 677w, https:\/\/graziamagazine.com\/mx\/wp-content\/uploads\/sites\/13\/2024\/03\/Captura-de-Pantalla-2024-03-01-a-las-20.47.33-400x605.png 400w, https:\/\/graziamagazine.com\/mx\/wp-content\/uploads\/sites\/13\/2024\/03\/Captura-de-Pantalla-2024-03-01-a-las-20.47.33-142x215.png 142w\" sizes=\"(max-width: 766px) 100vw, 766px\" \/><\/div><\/figure><figure class=\"gallery-item\"><div class=\"gallery-icon landscape\"><img loading=\"lazy\" decoding=\"async\" width=\"766\" height=\"1158\" src=\"https:\/\/graziamagazine.com\/mx\/wp-content\/uploads\/sites\/13\/2024\/03\/Captura-de-Pantalla-2024-03-01-a-las-20.47.38.png\" class=\"lazy\" alt=\"\" srcset=\"https:\/\/graziamagazine.com\/mx\/wp-content\/uploads\/sites\/13\/2024\/03\/Captura-de-Pantalla-2024-03-01-a-las-20.47.38.png 766w, https:\/\/graziamagazine.com\/mx\/wp-content\/uploads\/sites\/13\/2024\/03\/Captura-de-Pantalla-2024-03-01-a-las-20.47.38-298x450.png 298w, https:\/\/graziamagazine.com\/mx\/wp-content\/uploads\/sites\/13\/2024\/03\/Captura-de-Pantalla-2024-03-01-a-las-20.47.38-677x1024.png 677w, https:\/\/graziamagazine.com\/mx\/wp-content\/uploads\/sites\/13\/2024\/03\/Captura-de-Pantalla-2024-03-01-a-las-20.47.38-400x605.png 400w, https:\/\/graziamagazine.com\/mx\/wp-content\/uploads\/sites\/13\/2024\/03\/Captura-de-Pantalla-2024-03-01-a-las-20.47.38-142x215.png 142w\" sizes=\"(max-width: 766px) 100vw, 766px\" \/><\/div><\/figure><figure class=\"gallery-item\"><div class=\"gallery-icon landscape\"><img loading=\"lazy\" decoding=\"async\" width=\"766\" height=\"1158\" src=\"https:\/\/graziamagazine.com\/mx\/wp-content\/uploads\/sites\/13\/2024\/03\/Captura-de-Pantalla-2024-03-01-a-las-20.47.06.png\" class=\"lazy\" alt=\"\" srcset=\"https:\/\/graziamagazine.com\/mx\/wp-content\/uploads\/sites\/13\/2024\/03\/Captura-de-Pantalla-2024-03-01-a-las-20.47.06.png 766w, https:\/\/graziamagazine.com\/mx\/wp-content\/uploads\/sites\/13\/2024\/03\/Captura-de-Pantalla-2024-03-01-a-las-20.47.06-298x450.png 298w, https:\/\/graziamagazine.com\/mx\/wp-content\/uploads\/sites\/13\/2024\/03\/Captura-de-Pantalla-2024-03-01-a-las-20.47.06-677x1024.png 677w, https:\/\/graziamagazine.com\/mx\/wp-content\/uploads\/sites\/13\/2024\/03\/Captura-de-Pantalla-2024-03-01-a-las-20.47.06-400x605.png 400w, https:\/\/graziamagazine.com\/mx\/wp-content\/uploads\/sites\/13\/2024\/03\/Captura-de-Pantalla-2024-03-01-a-las-20.47.06-142x215.png 142w\" sizes=\"(max-width: 766px) 100vw, 766px\" \/><\/div><\/figure><\/div><\/div>\n<p>En sus propias palabras, Kamali busc\u00f3 &#8220;liberar a las mujeres y empoderarlas para que fueran audaces y se sintieran libres&#8221;. Esta declaraci\u00f3n de intenciones se reflej\u00f3 en cada pieza de la colecci\u00f3n, donde la fuerza y la feminidad se entrelazaban en una sinfon\u00eda visual.<\/p>\n<p>La inspiraci\u00f3n de Kamali proviene de una variedad de fuentes, incluida la <strong>naturaleza, el arte y la cultura popular<\/strong>. Sus colecciones est\u00e1n llenas de referencias a elementos de la vida cotidiana, desde colores inspirados en paisajes naturales, desde tonos como el crema, vino, caf\u00e9 y azul petroleo hasta verdes militares, rosas, y balancos.<\/p>\n<div class=\"content-gallery\"><div class=\"gallery-placeholder\"><div class=\"spinner\"><\/div><\/div><span class=\"gallery-pagination\"><\/span><div id=\"gallery-4\" class=\"gallery galleryid-134915 gallery-columns- gallery-size-\"><figure class=\"gallery-item\"><div class=\"gallery-icon landscape\"><img loading=\"lazy\" decoding=\"async\" width=\"766\" height=\"1158\" src=\"https:\/\/graziamagazine.com\/mx\/wp-content\/uploads\/sites\/13\/2024\/03\/Captura-de-Pantalla-2024-03-01-a-las-20.48.45.png\" class=\"lazy\" alt=\"\" srcset=\"https:\/\/graziamagazine.com\/mx\/wp-content\/uploads\/sites\/13\/2024\/03\/Captura-de-Pantalla-2024-03-01-a-las-20.48.45.png 766w, https:\/\/graziamagazine.com\/mx\/wp-content\/uploads\/sites\/13\/2024\/03\/Captura-de-Pantalla-2024-03-01-a-las-20.48.45-298x450.png 298w, https:\/\/graziamagazine.com\/mx\/wp-content\/uploads\/sites\/13\/2024\/03\/Captura-de-Pantalla-2024-03-01-a-las-20.48.45-677x1024.png 677w, https:\/\/graziamagazine.com\/mx\/wp-content\/uploads\/sites\/13\/2024\/03\/Captura-de-Pantalla-2024-03-01-a-las-20.48.45-400x605.png 400w, https:\/\/graziamagazine.com\/mx\/wp-content\/uploads\/sites\/13\/2024\/03\/Captura-de-Pantalla-2024-03-01-a-las-20.48.45-142x215.png 142w\" sizes=\"(max-width: 766px) 100vw, 766px\" \/><\/div><\/figure><figure class=\"gallery-item\"><div class=\"gallery-icon landscape\"><img loading=\"lazy\" decoding=\"async\" width=\"766\" height=\"1158\" src=\"https:\/\/graziamagazine.com\/mx\/wp-content\/uploads\/sites\/13\/2024\/03\/Captura-de-Pantalla-2024-03-01-a-las-20.48.02.png\" class=\"lazy\" alt=\"\" srcset=\"https:\/\/graziamagazine.com\/mx\/wp-content\/uploads\/sites\/13\/2024\/03\/Captura-de-Pantalla-2024-03-01-a-las-20.48.02.png 766w, https:\/\/graziamagazine.com\/mx\/wp-content\/uploads\/sites\/13\/2024\/03\/Captura-de-Pantalla-2024-03-01-a-las-20.48.02-298x450.png 298w, https:\/\/graziamagazine.com\/mx\/wp-content\/uploads\/sites\/13\/2024\/03\/Captura-de-Pantalla-2024-03-01-a-las-20.48.02-677x1024.png 677w, https:\/\/graziamagazine.com\/mx\/wp-content\/uploads\/sites\/13\/2024\/03\/Captura-de-Pantalla-2024-03-01-a-las-20.48.02-400x605.png 400w, https:\/\/graziamagazine.com\/mx\/wp-content\/uploads\/sites\/13\/2024\/03\/Captura-de-Pantalla-2024-03-01-a-las-20.48.02-142x215.png 142w\" sizes=\"(max-width: 766px) 100vw, 766px\" \/><\/div><\/figure><figure class=\"gallery-item\"><div class=\"gallery-icon landscape\"><img loading=\"lazy\" decoding=\"async\" width=\"766\" height=\"1158\" src=\"https:\/\/graziamagazine.com\/mx\/wp-content\/uploads\/sites\/13\/2024\/03\/Captura-de-Pantalla-2024-03-01-a-las-20.47.57.png\" class=\"lazy\" alt=\"\" srcset=\"https:\/\/graziamagazine.com\/mx\/wp-content\/uploads\/sites\/13\/2024\/03\/Captura-de-Pantalla-2024-03-01-a-las-20.47.57.png 766w, https:\/\/graziamagazine.com\/mx\/wp-content\/uploads\/sites\/13\/2024\/03\/Captura-de-Pantalla-2024-03-01-a-las-20.47.57-298x450.png 298w, https:\/\/graziamagazine.com\/mx\/wp-content\/uploads\/sites\/13\/2024\/03\/Captura-de-Pantalla-2024-03-01-a-las-20.47.57-677x1024.png 677w, https:\/\/graziamagazine.com\/mx\/wp-content\/uploads\/sites\/13\/2024\/03\/Captura-de-Pantalla-2024-03-01-a-las-20.47.57-400x605.png 400w, https:\/\/graziamagazine.com\/mx\/wp-content\/uploads\/sites\/13\/2024\/03\/Captura-de-Pantalla-2024-03-01-a-las-20.47.57-142x215.png 142w\" sizes=\"(max-width: 766px) 100vw, 766px\" \/><\/div><\/figure><figure class=\"gallery-item\"><div class=\"gallery-icon landscape\"><img loading=\"lazy\" decoding=\"async\" width=\"766\" height=\"1158\" src=\"https:\/\/graziamagazine.com\/mx\/wp-content\/uploads\/sites\/13\/2024\/03\/Captura-de-Pantalla-2024-03-01-a-las-20.47.50.png\" class=\"lazy\" alt=\"\" srcset=\"https:\/\/graziamagazine.com\/mx\/wp-content\/uploads\/sites\/13\/2024\/03\/Captura-de-Pantalla-2024-03-01-a-las-20.47.50.png 766w, https:\/\/graziamagazine.com\/mx\/wp-content\/uploads\/sites\/13\/2024\/03\/Captura-de-Pantalla-2024-03-01-a-las-20.47.50-298x450.png 298w, https:\/\/graziamagazine.com\/mx\/wp-content\/uploads\/sites\/13\/2024\/03\/Captura-de-Pantalla-2024-03-01-a-las-20.47.50-677x1024.png 677w, https:\/\/graziamagazine.com\/mx\/wp-content\/uploads\/sites\/13\/2024\/03\/Captura-de-Pantalla-2024-03-01-a-las-20.47.50-400x605.png 400w, https:\/\/graziamagazine.com\/mx\/wp-content\/uploads\/sites\/13\/2024\/03\/Captura-de-Pantalla-2024-03-01-a-las-20.47.50-142x215.png 142w\" sizes=\"(max-width: 766px) 100vw, 766px\" \/><\/div><\/figure><figure class=\"gallery-item\"><div class=\"gallery-icon landscape\"><img loading=\"lazy\" decoding=\"async\" width=\"766\" height=\"1158\" src=\"https:\/\/graziamagazine.com\/mx\/wp-content\/uploads\/sites\/13\/2024\/03\/Captura-de-Pantalla-2024-03-01-a-las-20.47.44.png\" class=\"lazy\" alt=\"\" srcset=\"https:\/\/graziamagazine.com\/mx\/wp-content\/uploads\/sites\/13\/2024\/03\/Captura-de-Pantalla-2024-03-01-a-las-20.47.44.png 766w, https:\/\/graziamagazine.com\/mx\/wp-content\/uploads\/sites\/13\/2024\/03\/Captura-de-Pantalla-2024-03-01-a-las-20.47.44-298x450.png 298w, https:\/\/graziamagazine.com\/mx\/wp-content\/uploads\/sites\/13\/2024\/03\/Captura-de-Pantalla-2024-03-01-a-las-20.47.44-677x1024.png 677w, https:\/\/graziamagazine.com\/mx\/wp-content\/uploads\/sites\/13\/2024\/03\/Captura-de-Pantalla-2024-03-01-a-las-20.47.44-400x605.png 400w, https:\/\/graziamagazine.com\/mx\/wp-content\/uploads\/sites\/13\/2024\/03\/Captura-de-Pantalla-2024-03-01-a-las-20.47.44-142x215.png 142w\" sizes=\"(max-width: 766px) 100vw, 766px\" \/><\/div><\/figure><\/div><\/div>\n<p>El nombramiento de Chemena Kamali como directora creativa marca un nuevo cap\u00edtulo emocionante en la historia de Chlo\u00e9.<\/p>\n<p>Con su enfoque en la realidad cotidiana y el estilo personal, Kamali est\u00e1 llevando a la marca en una <strong>direcci\u00f3n fresca<\/strong> y emocionante. Con dise\u00f1os que son tanto pr\u00e1cticos como elegantes, Chlo\u00e9 est\u00e1 listo para conquistar el mundo real con estilo bajo el liderazgo de Kamali.<\/p>\n<p><em><strong>*IMAGEN: Google Images<\/strong><\/em><\/p>\n","protected":false},"author":28953,"featured_media":134916,"template":"","format":"standard","categories":[4],"acf":[],"yoast_head":"<!-- This site is optimized with the Yoast SEO Premium plugin v18.5 (Yoast SEO v20.4) - https:\/\/yoast.com\/wordpress\/plugins\/seo\/ -->\n<title>Chlo\u00e9 FW 2024 Ready to Wear: Un Regreso a la Realidad con Estilo<\/title>\n<meta name=\"description\" content=\"La moda ha tomado un giro fresco y aut\u00e9ntico con la reciente incorporaci\u00f3n de Chemena Kamali como directora creativa de Chlo\u00e9\" \/>\n<meta name=\"robots\" content=\"index, follow, max-snippet:-1, max-image-preview:large, max-video-preview:-1\" \/>\n<link rel=\"canonical\" href=\"https:\/\/graziamagazine.com\/mx\/articles\/chloe-fw-2024-ready-to-wear-un-regreso-a-la-realidad-con-estilo\/\" \/>\n<meta property=\"og:locale\" content=\"es_MX\" \/>\n<meta property=\"og:type\" content=\"article\" \/>\n<meta property=\"og:title\" content=\"Chlo\u00e9 FW 2024 Ready to Wear: Un Regreso a la Realidad con Estilo\" \/>\n<meta property=\"og:description\" content=\"La moda ha tomado un giro fresco y aut\u00e9ntico con la reciente incorporaci\u00f3n de Chemena Kamali como directora creativa de Chlo\u00e9\" \/>\n<meta property=\"og:url\" content=\"https:\/\/graziamagazine.com\/mx\/articles\/chloe-fw-2024-ready-to-wear-un-regreso-a-la-realidad-con-estilo\/\" \/>\n<meta property=\"og:site_name\" content=\"Grazia M\u00e9xico y Latinoam\u00e9rica\" \/>\n<meta property=\"article:modified_time\" content=\"2024-03-01T20:08:38+00:00\" \/>\n<meta property=\"og:image\" content=\"https:\/\/graziamagazine.com\/mx\/wp-content\/uploads\/sites\/13\/2024\/03\/Captura-de-Pantalla-2024-03-01-a-las-20.45.21-e1709323073375.png\" \/>\n\t<meta property=\"og:image:width\" content=\"766\" \/>\n\t<meta property=\"og:image:height\" content=\"602\" \/>\n\t<meta property=\"og:image:type\" content=\"image\/png\" \/>\n<meta name=\"twitter:card\" content=\"summary_large_image\" \/>\n<meta name=\"twitter:label1\" content=\"Est. reading time\" \/>\n\t<meta name=\"twitter:data1\" content=\"2 minutos\" \/>\n<script type=\"application\/ld+json\" class=\"yoast-schema-graph\">{\"@context\":\"https:\/\/schema.org\",\"@graph\":[{\"@type\":\"WebPage\",\"@id\":\"https:\/\/graziamagazine.com\/mx\/articles\/chloe-fw-2024-ready-to-wear-un-regreso-a-la-realidad-con-estilo\/\",\"url\":\"https:\/\/graziamagazine.com\/mx\/articles\/chloe-fw-2024-ready-to-wear-un-regreso-a-la-realidad-con-estilo\/\",\"name\":\"Chlo\u00e9 FW 2024 Ready to Wear: Un Regreso a la Realidad con Estilo\",\"isPartOf\":{\"@id\":\"https:\/\/graziamagazine.com\/mx\/#website\"},\"datePublished\":\"2024-03-01T19:50:00+00:00\",\"dateModified\":\"2024-03-01T20:08:38+00:00\",\"description\":\"La moda ha tomado un giro fresco y aut\u00e9ntico con la reciente incorporaci\u00f3n de Chemena Kamali como directora creativa de Chlo\u00e9\",\"breadcrumb\":{\"@id\":\"https:\/\/graziamagazine.com\/mx\/articles\/chloe-fw-2024-ready-to-wear-un-regreso-a-la-realidad-con-estilo\/#breadcrumb\"},\"inLanguage\":\"es-MX\",\"potentialAction\":[{\"@type\":\"ReadAction\",\"target\":[\"https:\/\/graziamagazine.com\/mx\/articles\/chloe-fw-2024-ready-to-wear-un-regreso-a-la-realidad-con-estilo\/\"]}]},{\"@type\":\"BreadcrumbList\",\"@id\":\"https:\/\/graziamagazine.com\/mx\/articles\/chloe-fw-2024-ready-to-wear-un-regreso-a-la-realidad-con-estilo\/#breadcrumb\",\"itemListElement\":[{\"@type\":\"ListItem\",\"position\":1,\"name\":\"Home\",\"item\":\"https:\/\/graziamagazine.com\/mx\/\"},{\"@type\":\"ListItem\",\"position\":2,\"name\":\"Chlo\u00e9 FW 2024 Ready to Wear: Un Regreso a la Realidad con Estilo\"}]},{\"@type\":\"WebSite\",\"@id\":\"https:\/\/graziamagazine.com\/mx\/#website\",\"url\":\"https:\/\/graziamagazine.com\/mx\/\",\"name\":\"Grazia M\u00e9xico y Latinoam\u00e9rica\",\"description\":\"Grazia es moda, belleza y noticias  de actualidad \",\"potentialAction\":[{\"@type\":\"SearchAction\",\"target\":{\"@type\":\"EntryPoint\",\"urlTemplate\":\"https:\/\/graziamagazine.com\/mx\/?s={search_term_string}\"},\"query-input\":\"required name=search_term_string\"}],\"inLanguage\":\"es-MX\"}]}<\/script>\n<!-- \/ Yoast SEO Premium plugin. -->","yoast_head_json":{"title":"Chlo\u00e9 FW 2024 Ready to Wear: Un Regreso a la Realidad con Estilo","description":"La moda ha tomado un giro fresco y aut\u00e9ntico con la reciente incorporaci\u00f3n de Chemena Kamali como directora creativa de Chlo\u00e9","robots":{"index":"index","follow":"follow","max-snippet":"max-snippet:-1","max-image-preview":"max-image-preview:large","max-video-preview":"max-video-preview:-1"},"canonical":"https:\/\/graziamagazine.com\/mx\/articles\/chloe-fw-2024-ready-to-wear-un-regreso-a-la-realidad-con-estilo\/","og_locale":"es_MX","og_type":"article","og_title":"Chlo\u00e9 FW 2024 Ready to Wear: Un Regreso a la Realidad con Estilo","og_description":"La moda ha tomado un giro fresco y aut\u00e9ntico con la reciente incorporaci\u00f3n de Chemena Kamali como directora creativa de Chlo\u00e9","og_url":"https:\/\/graziamagazine.com\/mx\/articles\/chloe-fw-2024-ready-to-wear-un-regreso-a-la-realidad-con-estilo\/","og_site_name":"Grazia M\u00e9xico y Latinoam\u00e9rica","article_modified_time":"2024-03-01T20:08:38+00:00","og_image":[{"width":766,"height":602,"url":"https:\/\/graziamagazine.com\/mx\/wp-content\/uploads\/sites\/13\/2024\/03\/Captura-de-Pantalla-2024-03-01-a-las-20.45.21-e1709323073375.png","type":"image\/png"}],"twitter_card":"summary_large_image","twitter_misc":{"Est. reading time":"2 minutos"},"schema":{"@context":"https:\/\/schema.org","@graph":[{"@type":"WebPage","@id":"https:\/\/graziamagazine.com\/mx\/articles\/chloe-fw-2024-ready-to-wear-un-regreso-a-la-realidad-con-estilo\/","url":"https:\/\/graziamagazine.com\/mx\/articles\/chloe-fw-2024-ready-to-wear-un-regreso-a-la-realidad-con-estilo\/","name":"Chlo\u00e9 FW 2024 Ready to Wear: Un Regreso a la Realidad con Estilo","isPartOf":{"@id":"https:\/\/graziamagazine.com\/mx\/#website"},"datePublished":"2024-03-01T19:50:00+00:00","dateModified":"2024-03-01T20:08:38+00:00","description":"La moda ha tomado un giro fresco y aut\u00e9ntico con la reciente incorporaci\u00f3n de Chemena Kamali como directora creativa de Chlo\u00e9","breadcrumb":{"@id":"https:\/\/graziamagazine.com\/mx\/articles\/chloe-fw-2024-ready-to-wear-un-regreso-a-la-realidad-con-estilo\/#breadcrumb"},"inLanguage":"es-MX","potentialAction":[{"@type":"ReadAction","target":["https:\/\/graziamagazine.com\/mx\/articles\/chloe-fw-2024-ready-to-wear-un-regreso-a-la-realidad-con-estilo\/"]}]},{"@type":"BreadcrumbList","@id":"https:\/\/graziamagazine.com\/mx\/articles\/chloe-fw-2024-ready-to-wear-un-regreso-a-la-realidad-con-estilo\/#breadcrumb","itemListElement":[{"@type":"ListItem","position":1,"name":"Home","item":"https:\/\/graziamagazine.com\/mx\/"},{"@type":"ListItem","position":2,"name":"Chlo\u00e9 FW 2024 Ready to Wear: Un Regreso a la Realidad con Estilo"}]},{"@type":"WebSite","@id":"https:\/\/graziamagazine.com\/mx\/#website","url":"https:\/\/graziamagazine.com\/mx\/","name":"Grazia M\u00e9xico y Latinoam\u00e9rica","description":"Grazia es moda, belleza y noticias  de actualidad ","potentialAction":[{"@type":"SearchAction","target":{"@type":"EntryPoint","urlTemplate":"https:\/\/graziamagazine.com\/mx\/?s={search_term_string}"},"query-input":"required name=search_term_string"}],"inLanguage":"es-MX"}]}},"jetpack_sharing_enabled":true,"distributor_meta":false,"distributor_terms":false,"distributor_media":false,"distributor_original_site_name":"Grazia M\u00e9xico y Latinoam\u00e9rica","distributor_original_site_url":"https:\/\/graziamagazine.com\/mx","push-errors":false,"_links":{"self":[{"href":"https:\/\/graziamagazine.com\/mx\/wp-json\/wp\/v2\/articles\/134915"}],"collection":[{"href":"https:\/\/graziamagazine.com\/mx\/wp-json\/wp\/v2\/articles"}],"about":[{"href":"https:\/\/graziamagazine.com\/mx\/wp-json\/wp\/v2\/types\/articles"}],"author":[{"embeddable":true,"href":"https:\/\/graziamagazine.com\/mx\/wp-json\/wp\/v2\/users\/28953"}],"wp:featuredmedia":[{"embeddable":true,"href":"https:\/\/graziamagazine.com\/mx\/wp-json\/wp\/v2\/media\/134916"}],"wp:attachment":[{"href":"https:\/\/graziamagazine.com\/mx\/wp-json\/wp\/v2\/media?parent=134915"}],"wp:term":[{"taxonomy":"category","embeddable":true,"href":"https:\/\/graziamagazine.com\/mx\/wp-json\/wp\/v2\/categories?post=134915"}],"curies":[{"name":"wp","href":"https:\/\/api.w.org\/{rel}","templated":true}]}}