{"id":134656,"date":"2024-02-25T18:27:31","date_gmt":"2024-02-25T23:27:31","guid":{"rendered":"https:\/\/graziamagazine.com\/mx\/?post_type=articles&#038;p=134656"},"modified":"2024-02-26T11:17:12","modified_gmt":"2024-02-26T16:17:12","slug":"la-it-bag-del-momento-jacquemus-lanza-bolso-inspirado-en-la-palomita-de-nike","status":"publish","type":"articles","link":"https:\/\/graziamagazine.com\/mx\/articles\/la-it-bag-del-momento-jacquemus-lanza-bolso-inspirado-en-la-palomita-de-nike\/","title":{"rendered":"La &#8220;It Bag&#8221; del momento: Jacquemus lanza bolso inspirado en la palomita de Nike"},"content":{"rendered":"<p><span style=\"font-weight: 400;\">El caracter\u00edstico logo de <strong>Nike<\/strong> es ahora un bolso de mano, gracias a <a href=\"https:\/\/graziamagazine.com\/mx\/articles\/jacquemus-lleva-sus-bolsos-gigantes-al-lago-di-como\/\"><strong>Jacquemus<\/strong><\/a>. La casa de moda comparti\u00f3 informaci\u00f3n sobre su pr\u00f3xima colaboraci\u00f3n con la marca deportiva, compartiendo una imagen de campa\u00f1a protagonizada por la velocista de atletismo <strong>Sha&#8217;Carri Richardson.<\/strong><\/span><\/p>\n<p><span style=\"font-weight: 400;\">Jacquemus revel\u00f3 que la colecci\u00f3n, que incluye ropa y accesorios, debutar\u00e1 el lunes<strong> 26 de febrero<\/strong>. La publicaci\u00f3n invit\u00f3 a los usuarios a \u201cadivinar la cara\u201d de la colaboraci\u00f3n, y muchos reconocieron r\u00e1pidamente las largas u\u00f1as y el tatuaje de alas de Sha&#8217;Carri.<\/span><\/p>\n<p><img loading=\"lazy\" decoding=\"async\" class=\"alignnone wp-image-134661 size-full\" src=\"https:\/\/graziamagazine.com\/mx\/wp-content\/uploads\/sites\/13\/2024\/02\/Captura-de-Pantalla-2024-02-23-a-las-14.38.00.png\" alt=\"\" width=\"515\" height=\"596\" srcset=\"https:\/\/graziamagazine.com\/mx\/wp-content\/uploads\/sites\/13\/2024\/02\/Captura-de-Pantalla-2024-02-23-a-las-14.38.00.png 515w, https:\/\/graziamagazine.com\/mx\/wp-content\/uploads\/sites\/13\/2024\/02\/Captura-de-Pantalla-2024-02-23-a-las-14.38.00-389x450.png 389w, https:\/\/graziamagazine.com\/mx\/wp-content\/uploads\/sites\/13\/2024\/02\/Captura-de-Pantalla-2024-02-23-a-las-14.38.00-400x463.png 400w, https:\/\/graziamagazine.com\/mx\/wp-content\/uploads\/sites\/13\/2024\/02\/Captura-de-Pantalla-2024-02-23-a-las-14.38.00-155x179.png 155w\" sizes=\"(max-width: 515px) 100vw, 515px\" \/><\/p>\n<p><span style=\"font-weight: 400;\">Se pueden encontrar m\u00e1s pistas sobre la c\u00e1psula Nike de Jacquemus en el sitio web de la marca francesa, donde se muestran tres combinaciones de colores diferentes del <strong>Le sac Swoosh.<\/strong> El bolso, con un precio de<strong> 525 d\u00f3lares<\/strong>, viene en negro, blanco y rosa.<\/span><\/p>\n<p><span style=\"font-weight: 400;\">Actualmente, no hay fotos de otras ofertas de la colecci\u00f3n, aunque el sitio web muestra los nombres de varios art\u00edculos, incluidas camisetas, pantalones, sudaderas con capucha y una versi\u00f3n Jacquemus de la famosa<strong> zapatilla Air Force 1 de Nike<\/strong>. Los precios oscilan entre 95 y 240 d\u00f3lares.<\/span><\/p>\n<p><img loading=\"lazy\" decoding=\"async\" class=\"alignnone wp-image-134659 size-full\" src=\"https:\/\/graziamagazine.com\/mx\/wp-content\/uploads\/sites\/13\/2024\/02\/Captura-de-Pantalla-2024-02-23-a-las-14.37.25.png\" alt=\"\" width=\"388\" height=\"446\" srcset=\"https:\/\/graziamagazine.com\/mx\/wp-content\/uploads\/sites\/13\/2024\/02\/Captura-de-Pantalla-2024-02-23-a-las-14.37.25.png 388w, https:\/\/graziamagazine.com\/mx\/wp-content\/uploads\/sites\/13\/2024\/02\/Captura-de-Pantalla-2024-02-23-a-las-14.37.25-155x178.png 155w\" sizes=\"(max-width: 388px) 100vw, 388px\" \/><\/p>\n<p><span style=\"font-weight: 400;\">Sha&#8217;Carri Richardson, conocida como la mujer m\u00e1s r\u00e1pida del mundo, est\u00e1 patrocinada por Nike. La marca incluso sali\u00f3 en su defensa luego de su suspensi\u00f3n de un mes por parte de la Agencia Antidopaje de los Estados Unidos, que impidi\u00f3 a Richardson competir en los Juegos Ol\u00edmpicos de 2020 despu\u00e9s de que dio positivo por consumo de marihuana.<\/span><\/p>\n<p><span style=\"font-weight: 400;\">&#8220;Apreciamos la honestidad y responsabilidad de Sha&#8217;Carri y continuaremos apoy\u00e1ndola durante este momento&#8221;, dijo un representante de Nike a Footwear News en ese momento.<\/span><\/p>\n<p><img loading=\"lazy\" decoding=\"async\" class=\"alignnone size-full wp-image-134658\" src=\"https:\/\/graziamagazine.com\/mx\/wp-content\/uploads\/sites\/13\/2024\/02\/Captura-de-Pantalla-2024-02-23-a-las-14.37.19.png\" alt=\"\" width=\"390\" height=\"445\" srcset=\"https:\/\/graziamagazine.com\/mx\/wp-content\/uploads\/sites\/13\/2024\/02\/Captura-de-Pantalla-2024-02-23-a-las-14.37.19.png 390w, https:\/\/graziamagazine.com\/mx\/wp-content\/uploads\/sites\/13\/2024\/02\/Captura-de-Pantalla-2024-02-23-a-las-14.37.19-155x177.png 155w\" sizes=\"(max-width: 390px) 100vw, 390px\" \/><\/p>\n<p><span style=\"font-weight: 400;\">A finales del mes pasado, Jacquemus present\u00f3 su \u00faltima colecci\u00f3n durante la semana de la alta costura en Par\u00eds. Titulado Les Sculptures, el desfile de moda cont\u00f3 con apariciones de musas de la casa, incluidas <strong>Gigi Hadid y Emily Ratajkowski.<\/strong><\/span><\/p>\n","protected":false},"author":11628,"featured_media":134660,"template":"","format":"standard","categories":[4],"acf":[],"yoast_head":"<!-- This site is optimized with the Yoast SEO Premium plugin v18.5 (Yoast SEO v20.4) - https:\/\/yoast.com\/wordpress\/plugins\/seo\/ -->\n<title>La &quot;It Bag&quot; del momento: Jacquemus lanza bolso inspirado en la palomita de Nike | Grazia M\u00e9xico y Latinoam\u00e9rica<\/title>\n<meta name=\"description\" content=\"El caracter\u00edstico logo de Nike es ahora un bolso de mano, gracias a Jacquemus. La casa de moda comparti\u00f3 informaci\u00f3n sobre su pr\u00f3xima colaboraci\u00f3n con la\" \/>\n<meta name=\"robots\" content=\"index, follow, max-snippet:-1, max-image-preview:large, max-video-preview:-1\" \/>\n<link rel=\"canonical\" href=\"https:\/\/graziamagazine.com\/mx\/articles\/la-it-bag-del-momento-jacquemus-lanza-bolso-inspirado-en-la-palomita-de-nike\/\" \/>\n<meta property=\"og:locale\" content=\"es_MX\" \/>\n<meta property=\"og:type\" content=\"article\" \/>\n<meta property=\"og:title\" content=\"La &quot;It Bag&quot; del momento: Jacquemus lanza bolso inspirado en la palomita de Nike\" \/>\n<meta property=\"og:description\" content=\"El caracter\u00edstico logo de Nike es ahora un bolso de mano, gracias a Jacquemus. La casa de moda comparti\u00f3 informaci\u00f3n sobre su pr\u00f3xima colaboraci\u00f3n con la\" \/>\n<meta property=\"og:url\" content=\"https:\/\/graziamagazine.com\/mx\/articles\/la-it-bag-del-momento-jacquemus-lanza-bolso-inspirado-en-la-palomita-de-nike\/\" \/>\n<meta property=\"og:site_name\" content=\"Grazia M\u00e9xico y Latinoam\u00e9rica\" \/>\n<meta property=\"article:modified_time\" content=\"2024-02-26T16:17:12+00:00\" \/>\n<meta property=\"og:image\" content=\"https:\/\/graziamagazine.com\/mx\/wp-content\/uploads\/sites\/13\/2024\/02\/Captura-de-Pantalla-2024-02-23-a-las-14.37.37.png\" \/>\n\t<meta property=\"og:image:width\" content=\"581\" \/>\n\t<meta property=\"og:image:height\" content=\"405\" \/>\n\t<meta property=\"og:image:type\" content=\"image\/png\" \/>\n<meta name=\"twitter:card\" content=\"summary_large_image\" \/>\n<meta name=\"twitter:label1\" content=\"Est. reading time\" \/>\n\t<meta name=\"twitter:data1\" content=\"2 minutos\" \/>\n<script type=\"application\/ld+json\" class=\"yoast-schema-graph\">{\"@context\":\"https:\/\/schema.org\",\"@graph\":[{\"@type\":\"WebPage\",\"@id\":\"https:\/\/graziamagazine.com\/mx\/articles\/la-it-bag-del-momento-jacquemus-lanza-bolso-inspirado-en-la-palomita-de-nike\/\",\"url\":\"https:\/\/graziamagazine.com\/mx\/articles\/la-it-bag-del-momento-jacquemus-lanza-bolso-inspirado-en-la-palomita-de-nike\/\",\"name\":\"La \\\"It Bag\\\" del momento: Jacquemus lanza bolso inspirado en la palomita de Nike | Grazia M\u00e9xico y Latinoam\u00e9rica\",\"isPartOf\":{\"@id\":\"https:\/\/graziamagazine.com\/mx\/#website\"},\"datePublished\":\"2024-02-25T23:27:31+00:00\",\"dateModified\":\"2024-02-26T16:17:12+00:00\",\"description\":\"El caracter\u00edstico logo de Nike es ahora un bolso de mano, gracias a Jacquemus. La casa de moda comparti\u00f3 informaci\u00f3n sobre su pr\u00f3xima colaboraci\u00f3n con la\",\"breadcrumb\":{\"@id\":\"https:\/\/graziamagazine.com\/mx\/articles\/la-it-bag-del-momento-jacquemus-lanza-bolso-inspirado-en-la-palomita-de-nike\/#breadcrumb\"},\"inLanguage\":\"es-MX\",\"potentialAction\":[{\"@type\":\"ReadAction\",\"target\":[\"https:\/\/graziamagazine.com\/mx\/articles\/la-it-bag-del-momento-jacquemus-lanza-bolso-inspirado-en-la-palomita-de-nike\/\"]}]},{\"@type\":\"BreadcrumbList\",\"@id\":\"https:\/\/graziamagazine.com\/mx\/articles\/la-it-bag-del-momento-jacquemus-lanza-bolso-inspirado-en-la-palomita-de-nike\/#breadcrumb\",\"itemListElement\":[{\"@type\":\"ListItem\",\"position\":1,\"name\":\"Home\",\"item\":\"https:\/\/graziamagazine.com\/mx\/\"},{\"@type\":\"ListItem\",\"position\":2,\"name\":\"La &#8220;It Bag&#8221; del momento: Jacquemus lanza bolso inspirado en la palomita de Nike\"}]},{\"@type\":\"WebSite\",\"@id\":\"https:\/\/graziamagazine.com\/mx\/#website\",\"url\":\"https:\/\/graziamagazine.com\/mx\/\",\"name\":\"Grazia M\u00e9xico y Latinoam\u00e9rica\",\"description\":\"Grazia es moda, belleza y noticias  de actualidad \",\"potentialAction\":[{\"@type\":\"SearchAction\",\"target\":{\"@type\":\"EntryPoint\",\"urlTemplate\":\"https:\/\/graziamagazine.com\/mx\/?s={search_term_string}\"},\"query-input\":\"required name=search_term_string\"}],\"inLanguage\":\"es-MX\"}]}<\/script>\n<!-- \/ Yoast SEO Premium plugin. -->","yoast_head_json":{"title":"La \"It Bag\" del momento: Jacquemus lanza bolso inspirado en la palomita de Nike | Grazia M\u00e9xico y Latinoam\u00e9rica","description":"El caracter\u00edstico logo de Nike es ahora un bolso de mano, gracias a Jacquemus. La casa de moda comparti\u00f3 informaci\u00f3n sobre su pr\u00f3xima colaboraci\u00f3n con la","robots":{"index":"index","follow":"follow","max-snippet":"max-snippet:-1","max-image-preview":"max-image-preview:large","max-video-preview":"max-video-preview:-1"},"canonical":"https:\/\/graziamagazine.com\/mx\/articles\/la-it-bag-del-momento-jacquemus-lanza-bolso-inspirado-en-la-palomita-de-nike\/","og_locale":"es_MX","og_type":"article","og_title":"La \"It Bag\" del momento: Jacquemus lanza bolso inspirado en la palomita de Nike","og_description":"El caracter\u00edstico logo de Nike es ahora un bolso de mano, gracias a Jacquemus. La casa de moda comparti\u00f3 informaci\u00f3n sobre su pr\u00f3xima colaboraci\u00f3n con la","og_url":"https:\/\/graziamagazine.com\/mx\/articles\/la-it-bag-del-momento-jacquemus-lanza-bolso-inspirado-en-la-palomita-de-nike\/","og_site_name":"Grazia M\u00e9xico y Latinoam\u00e9rica","article_modified_time":"2024-02-26T16:17:12+00:00","og_image":[{"width":581,"height":405,"url":"https:\/\/graziamagazine.com\/mx\/wp-content\/uploads\/sites\/13\/2024\/02\/Captura-de-Pantalla-2024-02-23-a-las-14.37.37.png","type":"image\/png"}],"twitter_card":"summary_large_image","twitter_misc":{"Est. reading time":"2 minutos"},"schema":{"@context":"https:\/\/schema.org","@graph":[{"@type":"WebPage","@id":"https:\/\/graziamagazine.com\/mx\/articles\/la-it-bag-del-momento-jacquemus-lanza-bolso-inspirado-en-la-palomita-de-nike\/","url":"https:\/\/graziamagazine.com\/mx\/articles\/la-it-bag-del-momento-jacquemus-lanza-bolso-inspirado-en-la-palomita-de-nike\/","name":"La \"It Bag\" del momento: Jacquemus lanza bolso inspirado en la palomita de Nike | Grazia M\u00e9xico y Latinoam\u00e9rica","isPartOf":{"@id":"https:\/\/graziamagazine.com\/mx\/#website"},"datePublished":"2024-02-25T23:27:31+00:00","dateModified":"2024-02-26T16:17:12+00:00","description":"El caracter\u00edstico logo de Nike es ahora un bolso de mano, gracias a Jacquemus. La casa de moda comparti\u00f3 informaci\u00f3n sobre su pr\u00f3xima colaboraci\u00f3n con la","breadcrumb":{"@id":"https:\/\/graziamagazine.com\/mx\/articles\/la-it-bag-del-momento-jacquemus-lanza-bolso-inspirado-en-la-palomita-de-nike\/#breadcrumb"},"inLanguage":"es-MX","potentialAction":[{"@type":"ReadAction","target":["https:\/\/graziamagazine.com\/mx\/articles\/la-it-bag-del-momento-jacquemus-lanza-bolso-inspirado-en-la-palomita-de-nike\/"]}]},{"@type":"BreadcrumbList","@id":"https:\/\/graziamagazine.com\/mx\/articles\/la-it-bag-del-momento-jacquemus-lanza-bolso-inspirado-en-la-palomita-de-nike\/#breadcrumb","itemListElement":[{"@type":"ListItem","position":1,"name":"Home","item":"https:\/\/graziamagazine.com\/mx\/"},{"@type":"ListItem","position":2,"name":"La &#8220;It Bag&#8221; del momento: Jacquemus lanza bolso inspirado en la palomita de Nike"}]},{"@type":"WebSite","@id":"https:\/\/graziamagazine.com\/mx\/#website","url":"https:\/\/graziamagazine.com\/mx\/","name":"Grazia M\u00e9xico y Latinoam\u00e9rica","description":"Grazia es moda, belleza y noticias  de actualidad ","potentialAction":[{"@type":"SearchAction","target":{"@type":"EntryPoint","urlTemplate":"https:\/\/graziamagazine.com\/mx\/?s={search_term_string}"},"query-input":"required name=search_term_string"}],"inLanguage":"es-MX"}]}},"jetpack_sharing_enabled":true,"distributor_meta":false,"distributor_terms":false,"distributor_media":false,"distributor_original_site_name":"Grazia M\u00e9xico y Latinoam\u00e9rica","distributor_original_site_url":"https:\/\/graziamagazine.com\/mx","push-errors":false,"_links":{"self":[{"href":"https:\/\/graziamagazine.com\/mx\/wp-json\/wp\/v2\/articles\/134656"}],"collection":[{"href":"https:\/\/graziamagazine.com\/mx\/wp-json\/wp\/v2\/articles"}],"about":[{"href":"https:\/\/graziamagazine.com\/mx\/wp-json\/wp\/v2\/types\/articles"}],"author":[{"embeddable":true,"href":"https:\/\/graziamagazine.com\/mx\/wp-json\/wp\/v2\/users\/11628"}],"wp:featuredmedia":[{"embeddable":true,"href":"https:\/\/graziamagazine.com\/mx\/wp-json\/wp\/v2\/media\/134660"}],"wp:attachment":[{"href":"https:\/\/graziamagazine.com\/mx\/wp-json\/wp\/v2\/media?parent=134656"}],"wp:term":[{"taxonomy":"category","embeddable":true,"href":"https:\/\/graziamagazine.com\/mx\/wp-json\/wp\/v2\/categories?post=134656"}],"curies":[{"name":"wp","href":"https:\/\/api.w.org\/{rel}","templated":true}]}}