{"id":134425,"date":"2024-02-21T20:33:49","date_gmt":"2024-02-22T01:33:49","guid":{"rendered":"https:\/\/graziamagazine.com\/mx\/?post_type=articles&#038;p=134425"},"modified":"2024-02-21T20:47:58","modified_gmt":"2024-02-22T01:47:58","slug":"el-regreso-de-gisele-bundchen-al-mundo-de-la-moda","status":"publish","type":"articles","link":"https:\/\/graziamagazine.com\/mx\/articles\/el-regreso-de-gisele-bundchen-al-mundo-de-la-moda\/","title":{"rendered":"El regreso de Gisele B\u00fcndchen al mundo de la moda"},"content":{"rendered":"<p><span style=\"font-weight: 400;\"><strong>Gisele B\u00fcndchen<\/strong> se une a la nueva campa\u00f1a del director creativo <strong>Olivier Rousteing para Balmain<\/strong>, demostrando una vez m\u00e1s sus habilidades de supermodelo en estas espectaculares fotos.<\/span><\/p>\n<p><span style=\"font-weight: 400;\">La modelo, de 43 a\u00f1os, es el rostro de la nueva <strong>colecci\u00f3n Primavera 2024<\/strong> de la marca, con coloridas y caprichosas piezas de la colecci\u00f3n \u201cJard\u00edn de rosas\u201d.<\/span><\/p>\n<p><img loading=\"lazy\" decoding=\"async\" class=\"alignnone size-medium wp-image-134426\" src=\"https:\/\/graziamagazine.com\/mx\/wp-content\/uploads\/sites\/13\/2024\/02\/Captura-de-Pantalla-2024-02-21-a-las-17.37.58-359x450.png\" alt=\"\" width=\"359\" height=\"450\" srcset=\"https:\/\/graziamagazine.com\/mx\/wp-content\/uploads\/sites\/13\/2024\/02\/Captura-de-Pantalla-2024-02-21-a-las-17.37.58-359x450.png 359w, https:\/\/graziamagazine.com\/mx\/wp-content\/uploads\/sites\/13\/2024\/02\/Captura-de-Pantalla-2024-02-21-a-las-17.37.58-400x501.png 400w, https:\/\/graziamagazine.com\/mx\/wp-content\/uploads\/sites\/13\/2024\/02\/Captura-de-Pantalla-2024-02-21-a-las-17.37.58-155x194.png 155w, https:\/\/graziamagazine.com\/mx\/wp-content\/uploads\/sites\/13\/2024\/02\/Captura-de-Pantalla-2024-02-21-a-las-17.37.58.png 422w\" sizes=\"(max-width: 359px) 100vw, 359px\" \/><\/p>\n<p><span style=\"font-weight: 400;\">Se trata de una colecci\u00f3n que \u201cabarca la alegr\u00eda, la feminidad y la exuberancia de la flor, y B\u00fcndchen era la persona perfecta para encarnar ese sentimiento\u201d, explic\u00f3 Olivier en un comunicado de prensa.<\/span><\/p>\n<p><img loading=\"lazy\" decoding=\"async\" class=\"alignnone size-medium wp-image-134427\" src=\"https:\/\/graziamagazine.com\/mx\/wp-content\/uploads\/sites\/13\/2024\/02\/Captura-de-Pantalla-2024-02-21-a-las-17.37.50-361x450.png\" alt=\"\" width=\"361\" height=\"450\" srcset=\"https:\/\/graziamagazine.com\/mx\/wp-content\/uploads\/sites\/13\/2024\/02\/Captura-de-Pantalla-2024-02-21-a-las-17.37.50-361x450.png 361w, https:\/\/graziamagazine.com\/mx\/wp-content\/uploads\/sites\/13\/2024\/02\/Captura-de-Pantalla-2024-02-21-a-las-17.37.50-400x499.png 400w, https:\/\/graziamagazine.com\/mx\/wp-content\/uploads\/sites\/13\/2024\/02\/Captura-de-Pantalla-2024-02-21-a-las-17.37.50-155x193.png 155w, https:\/\/graziamagazine.com\/mx\/wp-content\/uploads\/sites\/13\/2024\/02\/Captura-de-Pantalla-2024-02-21-a-las-17.37.50.png 425w\" sizes=\"(max-width: 361px) 100vw, 361px\" \/><\/p>\n<p><span style=\"font-weight: 400;\">\u201cObviamente, ella es una belleza legendaria, pero su impresionante belleza de alguna manera se transforma en algo a\u00fan m\u00e1s poderoso cuando se combina con esa felicidad y confianza genuinas que ha estado proyectando continuamente durante m\u00e1s de veinte a\u00f1os, tanto en las pasarelas como en esas innumerables portadas y editoriales. que siempre he arrancado y guardado como inspiraci\u00f3n\u201d, dijo el dise\u00f1ador.<\/span><\/p>\n<p><img loading=\"lazy\" decoding=\"async\" class=\"alignnone size-medium wp-image-134428\" src=\"https:\/\/graziamagazine.com\/mx\/wp-content\/uploads\/sites\/13\/2024\/02\/Captura-de-Pantalla-2024-02-21-a-las-17.37.43-357x450.png\" alt=\"\" width=\"357\" height=\"450\" srcset=\"https:\/\/graziamagazine.com\/mx\/wp-content\/uploads\/sites\/13\/2024\/02\/Captura-de-Pantalla-2024-02-21-a-las-17.37.43-357x450.png 357w, https:\/\/graziamagazine.com\/mx\/wp-content\/uploads\/sites\/13\/2024\/02\/Captura-de-Pantalla-2024-02-21-a-las-17.37.43-400x504.png 400w, https:\/\/graziamagazine.com\/mx\/wp-content\/uploads\/sites\/13\/2024\/02\/Captura-de-Pantalla-2024-02-21-a-las-17.37.43-155x195.png 155w, https:\/\/graziamagazine.com\/mx\/wp-content\/uploads\/sites\/13\/2024\/02\/Captura-de-Pantalla-2024-02-21-a-las-17.37.43.png 423w\" sizes=\"(max-width: 357px) 100vw, 357px\" \/><\/p>\n<p><span style=\"font-weight: 400;\">En las impresionantes im\u00e1genes, tomadas por el fot\u00f3grafo brasile\u00f1o, <strong>Raphael Pavarotti<\/strong>, la madre de dos hijos muestra sus largas piernas y deja ver algo de su escote.<\/span><\/p>\n<p><img loading=\"lazy\" decoding=\"async\" class=\"alignnone size-medium wp-image-134429\" src=\"https:\/\/graziamagazine.com\/mx\/wp-content\/uploads\/sites\/13\/2024\/02\/Captura-de-Pantalla-2024-02-21-a-las-17.37.36-358x450.png\" alt=\"\" width=\"358\" height=\"450\" srcset=\"https:\/\/graziamagazine.com\/mx\/wp-content\/uploads\/sites\/13\/2024\/02\/Captura-de-Pantalla-2024-02-21-a-las-17.37.36-358x450.png 358w, https:\/\/graziamagazine.com\/mx\/wp-content\/uploads\/sites\/13\/2024\/02\/Captura-de-Pantalla-2024-02-21-a-las-17.37.36-400x502.png 400w, https:\/\/graziamagazine.com\/mx\/wp-content\/uploads\/sites\/13\/2024\/02\/Captura-de-Pantalla-2024-02-21-a-las-17.37.36-155x195.png 155w, https:\/\/graziamagazine.com\/mx\/wp-content\/uploads\/sites\/13\/2024\/02\/Captura-de-Pantalla-2024-02-21-a-las-17.37.36.png 423w\" sizes=\"(max-width: 358px) 100vw, 358px\" \/><\/p>\n<p><span style=\"font-weight: 400;\">\u201cPrimavera 2024 llena de vida y colores por @Olivier_rousteing. Capturado por @rafaelpavarotti_. #BALMAINSS24\u201d, escribi\u00f3 B\u00fcndchen en una publicaci\u00f3n de Instagram para el lanzamiento de la campa\u00f1a.<\/span><\/p>\n<p><img loading=\"lazy\" decoding=\"async\" class=\"alignnone size-medium wp-image-134430\" src=\"https:\/\/graziamagazine.com\/mx\/wp-content\/uploads\/sites\/13\/2024\/02\/Captura-de-Pantalla-2024-02-21-a-las-17.37.29-357x450.png\" alt=\"\" width=\"357\" height=\"450\" srcset=\"https:\/\/graziamagazine.com\/mx\/wp-content\/uploads\/sites\/13\/2024\/02\/Captura-de-Pantalla-2024-02-21-a-las-17.37.29-357x450.png 357w, https:\/\/graziamagazine.com\/mx\/wp-content\/uploads\/sites\/13\/2024\/02\/Captura-de-Pantalla-2024-02-21-a-las-17.37.29-400x504.png 400w, https:\/\/graziamagazine.com\/mx\/wp-content\/uploads\/sites\/13\/2024\/02\/Captura-de-Pantalla-2024-02-21-a-las-17.37.29-155x195.png 155w, https:\/\/graziamagazine.com\/mx\/wp-content\/uploads\/sites\/13\/2024\/02\/Captura-de-Pantalla-2024-02-21-a-las-17.37.29.png 423w\" sizes=\"(max-width: 357px) 100vw, 357px\" \/><\/p>\n<p><span style=\"font-weight: 400;\">En cada foto, se puede ver a la modelo luciendo joyas gruesas, patrones mixtos brillantes y, en una, el nuevo bolso<strong> Jolie Madame.\u00a0<\/strong><\/span><\/p>\n","protected":false},"author":11628,"featured_media":27842,"template":"","format":"standard","categories":[4],"acf":[],"yoast_head":"<!-- This site is optimized with the Yoast SEO Premium plugin v18.5 (Yoast SEO v20.4) - https:\/\/yoast.com\/wordpress\/plugins\/seo\/ -->\n<title>El regreso de Gisele B\u00fcndchen al mundo de la moda | Grazia M\u00e9xico y Latinoam\u00e9rica<\/title>\n<meta name=\"description\" content=\"Gisele B\u00fcndchen se une a la nueva campa\u00f1a del director creativo Olivier Rousteing para Balmain, demostrando una vez m\u00e1s sus habilidades de supermodelo en\" \/>\n<meta name=\"robots\" content=\"index, follow, max-snippet:-1, max-image-preview:large, max-video-preview:-1\" \/>\n<link rel=\"canonical\" href=\"https:\/\/graziamagazine.com\/mx\/articles\/el-regreso-de-gisele-bundchen-al-mundo-de-la-moda\/\" \/>\n<meta property=\"og:locale\" content=\"es_MX\" \/>\n<meta property=\"og:type\" content=\"article\" \/>\n<meta property=\"og:title\" content=\"El regreso de Gisele B\u00fcndchen al mundo de la moda\" \/>\n<meta property=\"og:description\" content=\"Gisele B\u00fcndchen se une a la nueva campa\u00f1a del director creativo Olivier Rousteing para Balmain, demostrando una vez m\u00e1s sus habilidades de supermodelo en\" \/>\n<meta property=\"og:url\" content=\"https:\/\/graziamagazine.com\/mx\/articles\/el-regreso-de-gisele-bundchen-al-mundo-de-la-moda\/\" \/>\n<meta property=\"og:site_name\" content=\"Grazia M\u00e9xico y Latinoam\u00e9rica\" \/>\n<meta property=\"article:modified_time\" content=\"2024-02-22T01:47:58+00:00\" \/>\n<meta property=\"og:image\" content=\"https:\/\/graziamagazine.com\/mx\/wp-content\/uploads\/sites\/13\/2017\/07\/GISELE-BUNDCHEN-MEJORES-LOOKS-1.png\" \/>\n\t<meta property=\"og:image:width\" content=\"885\" \/>\n\t<meta property=\"og:image:height\" content=\"526\" \/>\n\t<meta property=\"og:image:type\" content=\"image\/png\" \/>\n<meta name=\"twitter:card\" content=\"summary_large_image\" \/>\n<meta name=\"twitter:label1\" content=\"Est. reading time\" \/>\n\t<meta name=\"twitter:data1\" content=\"3 minutos\" \/>\n<script type=\"application\/ld+json\" class=\"yoast-schema-graph\">{\"@context\":\"https:\/\/schema.org\",\"@graph\":[{\"@type\":\"WebPage\",\"@id\":\"https:\/\/graziamagazine.com\/mx\/articles\/el-regreso-de-gisele-bundchen-al-mundo-de-la-moda\/\",\"url\":\"https:\/\/graziamagazine.com\/mx\/articles\/el-regreso-de-gisele-bundchen-al-mundo-de-la-moda\/\",\"name\":\"El regreso de Gisele B\u00fcndchen al mundo de la moda | Grazia M\u00e9xico y Latinoam\u00e9rica\",\"isPartOf\":{\"@id\":\"https:\/\/graziamagazine.com\/mx\/#website\"},\"datePublished\":\"2024-02-22T01:33:49+00:00\",\"dateModified\":\"2024-02-22T01:47:58+00:00\",\"description\":\"Gisele B\u00fcndchen se une a la nueva campa\u00f1a del director creativo Olivier Rousteing para Balmain, demostrando una vez m\u00e1s sus habilidades de supermodelo en\",\"breadcrumb\":{\"@id\":\"https:\/\/graziamagazine.com\/mx\/articles\/el-regreso-de-gisele-bundchen-al-mundo-de-la-moda\/#breadcrumb\"},\"inLanguage\":\"es-MX\",\"potentialAction\":[{\"@type\":\"ReadAction\",\"target\":[\"https:\/\/graziamagazine.com\/mx\/articles\/el-regreso-de-gisele-bundchen-al-mundo-de-la-moda\/\"]}]},{\"@type\":\"BreadcrumbList\",\"@id\":\"https:\/\/graziamagazine.com\/mx\/articles\/el-regreso-de-gisele-bundchen-al-mundo-de-la-moda\/#breadcrumb\",\"itemListElement\":[{\"@type\":\"ListItem\",\"position\":1,\"name\":\"Home\",\"item\":\"https:\/\/graziamagazine.com\/mx\/\"},{\"@type\":\"ListItem\",\"position\":2,\"name\":\"El regreso de Gisele B\u00fcndchen al mundo de la moda\"}]},{\"@type\":\"WebSite\",\"@id\":\"https:\/\/graziamagazine.com\/mx\/#website\",\"url\":\"https:\/\/graziamagazine.com\/mx\/\",\"name\":\"Grazia M\u00e9xico y Latinoam\u00e9rica\",\"description\":\"Grazia es moda, belleza y noticias  de actualidad \",\"potentialAction\":[{\"@type\":\"SearchAction\",\"target\":{\"@type\":\"EntryPoint\",\"urlTemplate\":\"https:\/\/graziamagazine.com\/mx\/?s={search_term_string}\"},\"query-input\":\"required name=search_term_string\"}],\"inLanguage\":\"es-MX\"}]}<\/script>\n<!-- \/ Yoast SEO Premium plugin. -->","yoast_head_json":{"title":"El regreso de Gisele B\u00fcndchen al mundo de la moda | Grazia M\u00e9xico y Latinoam\u00e9rica","description":"Gisele B\u00fcndchen se une a la nueva campa\u00f1a del director creativo Olivier Rousteing para Balmain, demostrando una vez m\u00e1s sus habilidades de supermodelo en","robots":{"index":"index","follow":"follow","max-snippet":"max-snippet:-1","max-image-preview":"max-image-preview:large","max-video-preview":"max-video-preview:-1"},"canonical":"https:\/\/graziamagazine.com\/mx\/articles\/el-regreso-de-gisele-bundchen-al-mundo-de-la-moda\/","og_locale":"es_MX","og_type":"article","og_title":"El regreso de Gisele B\u00fcndchen al mundo de la moda","og_description":"Gisele B\u00fcndchen se une a la nueva campa\u00f1a del director creativo Olivier Rousteing para Balmain, demostrando una vez m\u00e1s sus habilidades de supermodelo en","og_url":"https:\/\/graziamagazine.com\/mx\/articles\/el-regreso-de-gisele-bundchen-al-mundo-de-la-moda\/","og_site_name":"Grazia M\u00e9xico y Latinoam\u00e9rica","article_modified_time":"2024-02-22T01:47:58+00:00","og_image":[{"width":885,"height":526,"url":"https:\/\/graziamagazine.com\/mx\/wp-content\/uploads\/sites\/13\/2017\/07\/GISELE-BUNDCHEN-MEJORES-LOOKS-1.png","type":"image\/png"}],"twitter_card":"summary_large_image","twitter_misc":{"Est. reading time":"3 minutos"},"schema":{"@context":"https:\/\/schema.org","@graph":[{"@type":"WebPage","@id":"https:\/\/graziamagazine.com\/mx\/articles\/el-regreso-de-gisele-bundchen-al-mundo-de-la-moda\/","url":"https:\/\/graziamagazine.com\/mx\/articles\/el-regreso-de-gisele-bundchen-al-mundo-de-la-moda\/","name":"El regreso de Gisele B\u00fcndchen al mundo de la moda | Grazia M\u00e9xico y Latinoam\u00e9rica","isPartOf":{"@id":"https:\/\/graziamagazine.com\/mx\/#website"},"datePublished":"2024-02-22T01:33:49+00:00","dateModified":"2024-02-22T01:47:58+00:00","description":"Gisele B\u00fcndchen se une a la nueva campa\u00f1a del director creativo Olivier Rousteing para Balmain, demostrando una vez m\u00e1s sus habilidades de supermodelo en","breadcrumb":{"@id":"https:\/\/graziamagazine.com\/mx\/articles\/el-regreso-de-gisele-bundchen-al-mundo-de-la-moda\/#breadcrumb"},"inLanguage":"es-MX","potentialAction":[{"@type":"ReadAction","target":["https:\/\/graziamagazine.com\/mx\/articles\/el-regreso-de-gisele-bundchen-al-mundo-de-la-moda\/"]}]},{"@type":"BreadcrumbList","@id":"https:\/\/graziamagazine.com\/mx\/articles\/el-regreso-de-gisele-bundchen-al-mundo-de-la-moda\/#breadcrumb","itemListElement":[{"@type":"ListItem","position":1,"name":"Home","item":"https:\/\/graziamagazine.com\/mx\/"},{"@type":"ListItem","position":2,"name":"El regreso de Gisele B\u00fcndchen al mundo de la moda"}]},{"@type":"WebSite","@id":"https:\/\/graziamagazine.com\/mx\/#website","url":"https:\/\/graziamagazine.com\/mx\/","name":"Grazia M\u00e9xico y Latinoam\u00e9rica","description":"Grazia es moda, belleza y noticias  de actualidad ","potentialAction":[{"@type":"SearchAction","target":{"@type":"EntryPoint","urlTemplate":"https:\/\/graziamagazine.com\/mx\/?s={search_term_string}"},"query-input":"required name=search_term_string"}],"inLanguage":"es-MX"}]}},"jetpack_sharing_enabled":true,"distributor_meta":false,"distributor_terms":false,"distributor_media":false,"distributor_original_site_name":"Grazia M\u00e9xico y Latinoam\u00e9rica","distributor_original_site_url":"https:\/\/graziamagazine.com\/mx","push-errors":false,"_links":{"self":[{"href":"https:\/\/graziamagazine.com\/mx\/wp-json\/wp\/v2\/articles\/134425"}],"collection":[{"href":"https:\/\/graziamagazine.com\/mx\/wp-json\/wp\/v2\/articles"}],"about":[{"href":"https:\/\/graziamagazine.com\/mx\/wp-json\/wp\/v2\/types\/articles"}],"author":[{"embeddable":true,"href":"https:\/\/graziamagazine.com\/mx\/wp-json\/wp\/v2\/users\/11628"}],"wp:featuredmedia":[{"embeddable":true,"href":"https:\/\/graziamagazine.com\/mx\/wp-json\/wp\/v2\/media\/27842"}],"wp:attachment":[{"href":"https:\/\/graziamagazine.com\/mx\/wp-json\/wp\/v2\/media?parent=134425"}],"wp:term":[{"taxonomy":"category","embeddable":true,"href":"https:\/\/graziamagazine.com\/mx\/wp-json\/wp\/v2\/categories?post=134425"}],"curies":[{"name":"wp","href":"https:\/\/api.w.org\/{rel}","templated":true}]}}