{"id":134419,"date":"2024-02-21T19:29:31","date_gmt":"2024-02-22T00:29:31","guid":{"rendered":"https:\/\/graziamagazine.com\/mx\/?post_type=articles&#038;p=134419"},"modified":"2024-02-21T19:37:20","modified_gmt":"2024-02-22T00:37:20","slug":"beyonce-revela-que-padece-psoriasis-enfermedad-de-la-piel-relacionada-con-el-estres","status":"publish","type":"articles","link":"https:\/\/graziamagazine.com\/mx\/articles\/beyonce-revela-que-padece-psoriasis-enfermedad-de-la-piel-relacionada-con-el-estres\/","title":{"rendered":"Beyonc\u00e9 revela que padece psoriasis, enfermedad de la piel relacionada con el estr\u00e9s"},"content":{"rendered":"<p><span style=\"font-weight: 400;\"><strong>Beyonc\u00e9<\/strong> revel\u00f3 recientemente en una entrevista que padece psoriasis en el cuello cabelludo, enfermedad de la piel relacionada con el estr\u00e9s que tambi\u00e9n padece <strong>Kim Kardashian<\/strong> y muchas otras personas en el mundo.<\/span><\/p>\n<p><span style=\"font-weight: 400;\">\u201cTengo muchos recuerdos hermosos pegados a mi cabello. La relaci\u00f3n que tenemos con nuestro cabello es un viaje profundamente personal\u201d, dijo la cantante en la entrevista con <strong><em>Essence.<\/em><\/strong><\/span><\/p>\n<p><span style=\"font-weight: 400;\">\u201cDesde pasar mi infancia en el sal\u00f3n de mi madre hasta que mi padre me aplicaba aceite en el cuero cabelludo para tratar mi psoriasis, estos momentos han sido sagrados para m\u00ed\u201d, continu\u00f3.<\/span><\/p>\n<p><img loading=\"lazy\" decoding=\"async\" class=\"alignnone size-medium wp-image-134421\" src=\"https:\/\/graziamagazine.com\/mx\/wp-content\/uploads\/sites\/13\/2024\/02\/Captura-de-Pantalla-2024-02-21-a-las-14.16.53-360x450.png\" alt=\"\" width=\"360\" height=\"450\" srcset=\"https:\/\/graziamagazine.com\/mx\/wp-content\/uploads\/sites\/13\/2024\/02\/Captura-de-Pantalla-2024-02-21-a-las-14.16.53-360x450.png 360w, https:\/\/graziamagazine.com\/mx\/wp-content\/uploads\/sites\/13\/2024\/02\/Captura-de-Pantalla-2024-02-21-a-las-14.16.53-400x501.png 400w, https:\/\/graziamagazine.com\/mx\/wp-content\/uploads\/sites\/13\/2024\/02\/Captura-de-Pantalla-2024-02-21-a-las-14.16.53-155x194.png 155w, https:\/\/graziamagazine.com\/mx\/wp-content\/uploads\/sites\/13\/2024\/02\/Captura-de-Pantalla-2024-02-21-a-las-14.16.53.png 465w\" sizes=\"(max-width: 360px) 100vw, 360px\" \/><\/p>\n<p><span style=\"font-weight: 400;\">&#8220;Las conversaciones y debates en los salones y barber\u00edas crean un sentido de comunidad para las personas que los ven como un retiro de su vida cotidiana&#8221;, agreg\u00f3 la cantante.<\/span><\/p>\n<p><span style=\"font-weight: 400;\">\u201cPara ellos, es un lugar para sentirse bellas y desahogarse, re\u00edr, compartir secretos y transmitir sabidur\u00eda. Es la reuni\u00f3n comunitaria m\u00e1s consistente que tenemos. Es muy importante que sea un santuario\u201d.<\/span><\/p>\n<p><span style=\"font-weight: 400;\">La entrevista de Beyonc\u00e9 con <em>Essence<\/em> ha ocurrido un par de semanas despu\u00e9s de que la cantante finalmente confirmara que lanzar\u00e1 una l\u00ednea de productos para el cuidado del cabello llamada <strong>C\u00e9cred.<\/strong><\/span><\/p>\n<p><img loading=\"lazy\" decoding=\"async\" class=\"alignnone size-medium wp-image-134420\" src=\"https:\/\/graziamagazine.com\/mx\/wp-content\/uploads\/sites\/13\/2024\/02\/Captura-de-Pantalla-2024-02-21-a-las-14.17.09-450x305.png\" alt=\"\" width=\"450\" height=\"305\" srcset=\"https:\/\/graziamagazine.com\/mx\/wp-content\/uploads\/sites\/13\/2024\/02\/Captura-de-Pantalla-2024-02-21-a-las-14.17.09-450x305.png 450w, https:\/\/graziamagazine.com\/mx\/wp-content\/uploads\/sites\/13\/2024\/02\/Captura-de-Pantalla-2024-02-21-a-las-14.17.09-400x271.png 400w, https:\/\/graziamagazine.com\/mx\/wp-content\/uploads\/sites\/13\/2024\/02\/Captura-de-Pantalla-2024-02-21-a-las-14.17.09-155x105.png 155w, https:\/\/graziamagazine.com\/mx\/wp-content\/uploads\/sites\/13\/2024\/02\/Captura-de-Pantalla-2024-02-21-a-las-14.17.09.png 554w\" sizes=\"(max-width: 450px) 100vw, 450px\" \/><\/p>\n<p><span style=\"font-weight: 400;\">\u201cAs\u00ed que tom\u00e9 el final de mi nombre, C\u00e9, y lo convert\u00ed en el comienzo de la palabra sagrado para crear C\u00e9cred\u201d, aclar\u00f3.<\/span><\/p>\n<p><span style=\"font-weight: 400;\">\u201cDesde el sal\u00f3n de mi madre, los rituales diarios con mi padre y a\u00f1os de experiencia en el desarrollo de una l\u00ednea de cuidado del cabello, el viaje ha sido precisamente eso: C\u00e9cred\u201d.<\/span><\/p>\n","protected":false},"author":11628,"featured_media":131695,"template":"","format":"standard","categories":[2],"acf":[],"yoast_head":"<!-- This site is optimized with the Yoast SEO Premium plugin v18.5 (Yoast SEO v20.4) - https:\/\/yoast.com\/wordpress\/plugins\/seo\/ -->\n<title>Beyonc\u00e9 revela que padece psoriasis, enfermedad de la piel relacionada con el estr\u00e9s | Grazia M\u00e9xico y Latinoam\u00e9rica<\/title>\n<meta name=\"description\" content=\"Beyonc\u00e9 revel\u00f3 recientemente en una entrevista que padece psoriasis en el cuello cabelludo, enfermedad de la piel relacionada con el estr\u00e9s que tambi\u00e9n\" \/>\n<meta name=\"robots\" content=\"index, follow, max-snippet:-1, max-image-preview:large, max-video-preview:-1\" \/>\n<link rel=\"canonical\" href=\"https:\/\/graziamagazine.com\/mx\/articles\/beyonce-revela-que-padece-psoriasis-enfermedad-de-la-piel-relacionada-con-el-estres\/\" \/>\n<meta property=\"og:locale\" content=\"es_MX\" \/>\n<meta property=\"og:type\" content=\"article\" \/>\n<meta property=\"og:title\" content=\"Beyonc\u00e9 revela que padece psoriasis, enfermedad de la piel relacionada con el estr\u00e9s\" \/>\n<meta property=\"og:description\" content=\"Beyonc\u00e9 revel\u00f3 recientemente en una entrevista que padece psoriasis en el cuello cabelludo, enfermedad de la piel relacionada con el estr\u00e9s que tambi\u00e9n\" \/>\n<meta property=\"og:url\" content=\"https:\/\/graziamagazine.com\/mx\/articles\/beyonce-revela-que-padece-psoriasis-enfermedad-de-la-piel-relacionada-con-el-estres\/\" \/>\n<meta property=\"og:site_name\" content=\"Grazia M\u00e9xico y Latinoam\u00e9rica\" \/>\n<meta property=\"article:modified_time\" content=\"2024-02-22T00:37:20+00:00\" \/>\n<meta property=\"og:image\" content=\"https:\/\/graziamagazine.com\/mx\/wp-content\/uploads\/sites\/13\/2023\/11\/beyonce.jpg\" \/>\n\t<meta property=\"og:image:width\" content=\"1280\" \/>\n\t<meta property=\"og:image:height\" content=\"720\" \/>\n\t<meta property=\"og:image:type\" content=\"image\/jpeg\" \/>\n<meta name=\"twitter:card\" content=\"summary_large_image\" \/>\n<meta name=\"twitter:label1\" content=\"Est. reading time\" \/>\n\t<meta name=\"twitter:data1\" content=\"2 minutos\" \/>\n<script type=\"application\/ld+json\" class=\"yoast-schema-graph\">{\"@context\":\"https:\/\/schema.org\",\"@graph\":[{\"@type\":\"WebPage\",\"@id\":\"https:\/\/graziamagazine.com\/mx\/articles\/beyonce-revela-que-padece-psoriasis-enfermedad-de-la-piel-relacionada-con-el-estres\/\",\"url\":\"https:\/\/graziamagazine.com\/mx\/articles\/beyonce-revela-que-padece-psoriasis-enfermedad-de-la-piel-relacionada-con-el-estres\/\",\"name\":\"Beyonc\u00e9 revela que padece psoriasis, enfermedad de la piel relacionada con el estr\u00e9s | Grazia M\u00e9xico y Latinoam\u00e9rica\",\"isPartOf\":{\"@id\":\"https:\/\/graziamagazine.com\/mx\/#website\"},\"datePublished\":\"2024-02-22T00:29:31+00:00\",\"dateModified\":\"2024-02-22T00:37:20+00:00\",\"description\":\"Beyonc\u00e9 revel\u00f3 recientemente en una entrevista que padece psoriasis en el cuello cabelludo, enfermedad de la piel relacionada con el estr\u00e9s que tambi\u00e9n\",\"breadcrumb\":{\"@id\":\"https:\/\/graziamagazine.com\/mx\/articles\/beyonce-revela-que-padece-psoriasis-enfermedad-de-la-piel-relacionada-con-el-estres\/#breadcrumb\"},\"inLanguage\":\"es-MX\",\"potentialAction\":[{\"@type\":\"ReadAction\",\"target\":[\"https:\/\/graziamagazine.com\/mx\/articles\/beyonce-revela-que-padece-psoriasis-enfermedad-de-la-piel-relacionada-con-el-estres\/\"]}]},{\"@type\":\"BreadcrumbList\",\"@id\":\"https:\/\/graziamagazine.com\/mx\/articles\/beyonce-revela-que-padece-psoriasis-enfermedad-de-la-piel-relacionada-con-el-estres\/#breadcrumb\",\"itemListElement\":[{\"@type\":\"ListItem\",\"position\":1,\"name\":\"Home\",\"item\":\"https:\/\/graziamagazine.com\/mx\/\"},{\"@type\":\"ListItem\",\"position\":2,\"name\":\"Beyonc\u00e9 revela que padece psoriasis, enfermedad de la piel relacionada con el estr\u00e9s\"}]},{\"@type\":\"WebSite\",\"@id\":\"https:\/\/graziamagazine.com\/mx\/#website\",\"url\":\"https:\/\/graziamagazine.com\/mx\/\",\"name\":\"Grazia M\u00e9xico y Latinoam\u00e9rica\",\"description\":\"Grazia es moda, belleza y noticias  de actualidad \",\"potentialAction\":[{\"@type\":\"SearchAction\",\"target\":{\"@type\":\"EntryPoint\",\"urlTemplate\":\"https:\/\/graziamagazine.com\/mx\/?s={search_term_string}\"},\"query-input\":\"required name=search_term_string\"}],\"inLanguage\":\"es-MX\"}]}<\/script>\n<!-- \/ Yoast SEO Premium plugin. -->","yoast_head_json":{"title":"Beyonc\u00e9 revela que padece psoriasis, enfermedad de la piel relacionada con el estr\u00e9s | Grazia M\u00e9xico y Latinoam\u00e9rica","description":"Beyonc\u00e9 revel\u00f3 recientemente en una entrevista que padece psoriasis en el cuello cabelludo, enfermedad de la piel relacionada con el estr\u00e9s que tambi\u00e9n","robots":{"index":"index","follow":"follow","max-snippet":"max-snippet:-1","max-image-preview":"max-image-preview:large","max-video-preview":"max-video-preview:-1"},"canonical":"https:\/\/graziamagazine.com\/mx\/articles\/beyonce-revela-que-padece-psoriasis-enfermedad-de-la-piel-relacionada-con-el-estres\/","og_locale":"es_MX","og_type":"article","og_title":"Beyonc\u00e9 revela que padece psoriasis, enfermedad de la piel relacionada con el estr\u00e9s","og_description":"Beyonc\u00e9 revel\u00f3 recientemente en una entrevista que padece psoriasis en el cuello cabelludo, enfermedad de la piel relacionada con el estr\u00e9s que tambi\u00e9n","og_url":"https:\/\/graziamagazine.com\/mx\/articles\/beyonce-revela-que-padece-psoriasis-enfermedad-de-la-piel-relacionada-con-el-estres\/","og_site_name":"Grazia M\u00e9xico y Latinoam\u00e9rica","article_modified_time":"2024-02-22T00:37:20+00:00","og_image":[{"width":1280,"height":720,"url":"https:\/\/graziamagazine.com\/mx\/wp-content\/uploads\/sites\/13\/2023\/11\/beyonce.jpg","type":"image\/jpeg"}],"twitter_card":"summary_large_image","twitter_misc":{"Est. reading time":"2 minutos"},"schema":{"@context":"https:\/\/schema.org","@graph":[{"@type":"WebPage","@id":"https:\/\/graziamagazine.com\/mx\/articles\/beyonce-revela-que-padece-psoriasis-enfermedad-de-la-piel-relacionada-con-el-estres\/","url":"https:\/\/graziamagazine.com\/mx\/articles\/beyonce-revela-que-padece-psoriasis-enfermedad-de-la-piel-relacionada-con-el-estres\/","name":"Beyonc\u00e9 revela que padece psoriasis, enfermedad de la piel relacionada con el estr\u00e9s | Grazia M\u00e9xico y Latinoam\u00e9rica","isPartOf":{"@id":"https:\/\/graziamagazine.com\/mx\/#website"},"datePublished":"2024-02-22T00:29:31+00:00","dateModified":"2024-02-22T00:37:20+00:00","description":"Beyonc\u00e9 revel\u00f3 recientemente en una entrevista que padece psoriasis en el cuello cabelludo, enfermedad de la piel relacionada con el estr\u00e9s que tambi\u00e9n","breadcrumb":{"@id":"https:\/\/graziamagazine.com\/mx\/articles\/beyonce-revela-que-padece-psoriasis-enfermedad-de-la-piel-relacionada-con-el-estres\/#breadcrumb"},"inLanguage":"es-MX","potentialAction":[{"@type":"ReadAction","target":["https:\/\/graziamagazine.com\/mx\/articles\/beyonce-revela-que-padece-psoriasis-enfermedad-de-la-piel-relacionada-con-el-estres\/"]}]},{"@type":"BreadcrumbList","@id":"https:\/\/graziamagazine.com\/mx\/articles\/beyonce-revela-que-padece-psoriasis-enfermedad-de-la-piel-relacionada-con-el-estres\/#breadcrumb","itemListElement":[{"@type":"ListItem","position":1,"name":"Home","item":"https:\/\/graziamagazine.com\/mx\/"},{"@type":"ListItem","position":2,"name":"Beyonc\u00e9 revela que padece psoriasis, enfermedad de la piel relacionada con el estr\u00e9s"}]},{"@type":"WebSite","@id":"https:\/\/graziamagazine.com\/mx\/#website","url":"https:\/\/graziamagazine.com\/mx\/","name":"Grazia M\u00e9xico y Latinoam\u00e9rica","description":"Grazia es moda, belleza y noticias  de actualidad ","potentialAction":[{"@type":"SearchAction","target":{"@type":"EntryPoint","urlTemplate":"https:\/\/graziamagazine.com\/mx\/?s={search_term_string}"},"query-input":"required name=search_term_string"}],"inLanguage":"es-MX"}]}},"jetpack_sharing_enabled":true,"distributor_meta":false,"distributor_terms":false,"distributor_media":false,"distributor_original_site_name":"Grazia M\u00e9xico y Latinoam\u00e9rica","distributor_original_site_url":"https:\/\/graziamagazine.com\/mx","push-errors":false,"_links":{"self":[{"href":"https:\/\/graziamagazine.com\/mx\/wp-json\/wp\/v2\/articles\/134419"}],"collection":[{"href":"https:\/\/graziamagazine.com\/mx\/wp-json\/wp\/v2\/articles"}],"about":[{"href":"https:\/\/graziamagazine.com\/mx\/wp-json\/wp\/v2\/types\/articles"}],"author":[{"embeddable":true,"href":"https:\/\/graziamagazine.com\/mx\/wp-json\/wp\/v2\/users\/11628"}],"wp:featuredmedia":[{"embeddable":true,"href":"https:\/\/graziamagazine.com\/mx\/wp-json\/wp\/v2\/media\/131695"}],"wp:attachment":[{"href":"https:\/\/graziamagazine.com\/mx\/wp-json\/wp\/v2\/media?parent=134419"}],"wp:term":[{"taxonomy":"category","embeddable":true,"href":"https:\/\/graziamagazine.com\/mx\/wp-json\/wp\/v2\/categories?post=134419"}],"curies":[{"name":"wp","href":"https:\/\/api.w.org\/{rel}","templated":true}]}}