{"id":13438,"date":"2017-01-17T06:43:22","date_gmt":"2017-01-17T12:43:22","guid":{"rendered":"https:\/\/graziamagazine.com\/mx\/?p=13438"},"modified":"2017-01-17T07:27:55","modified_gmt":"2017-01-17T13:27:55","slug":"american-apparel-cierra","status":"publish","type":"articles","link":"https:\/\/graziamagazine.com\/mx\/articles\/american-apparel-cierra\/","title":{"rendered":"AMERICAN APPAREL CIERRA"},"content":{"rendered":"<p><b>Este lunes, los empleados de su f\u00e1brica en Los \u00c1ngeles recibieron su \u00faltimo cheque.<\/b><!--more-->\u2013\u2013\u2013\u2013<\/p>\n<p>&nbsp;<\/p>\n<p><span style=\"font-weight: 400;\">A\u00fan y tras la compra de su compa\u00f1\u00eda \u2013cuya oferta final fue retirada de \u00faltimo momento\u2013 American Apparel dice adi\u00f3s definitivamente. Durante el fin de semana se anunci\u00f3 el cierre de todas sus tiendas en Estados Unidos adem\u00e1s de su f\u00e1brica den California, confirmando as\u00ed el final de una era.<\/span><\/p>\n<p><span style=\"font-weight: 400;\">El n\u00famero de despidos suma alrededor de 6,000 empleados afectados que incluye dependientes de tienda, asignados a las oficinas centrales y su f\u00e1brica de manufactura. Si bien, se preve\u00eda un panorama con este final, el cambio de propietarios nos daba un poco de esperanza respecto al futuro de la firma.<\/span><\/p>\n<p>&nbsp;<\/p>\n<p>\u00a1Adi\u00f3s American Apparel!<\/p>\n<p>&nbsp;<\/p>\n<blockquote class=\"instagram-media\" data-instgrm-captioned data-instgrm-version=\"7\" style=\" background:#FFF; border:0; border-radius:3px; box-shadow:0 0 1px 0 rgba(0,0,0,0.5),0 1px 10px 0 rgba(0,0,0,0.15); margin: 1px; max-width:500px; padding:0; width:99.375%; width:-webkit-calc(100% - 2px); width:calc(100% - 2px);\">\n<div style=\"padding:8px;\">\n<div style=\" background:#F8F8F8; line-height:0; margin-top:40px; padding:50.0% 0; text-align:center; width:100%;\">\n<div style=\" background:url(data:image\/png;base64,iVBORw0KGgoAAAANSUhEUgAAACwAAAAsCAMAAAApWqozAAAABGdBTUEAALGPC\/xhBQAAAAFzUkdCAK7OHOkAAAAMUExURczMzPf399fX1+bm5mzY9AMAAADiSURBVDjLvZXbEsMgCES5\/P8\/t9FuRVCRmU73JWlzosgSIIZURCjo\/ad+EQJJB4Hv8BFt+IDpQoCx1wjOSBFhh2XssxEIYn3ulI\/6MNReE07UIWJEv8UEOWDS88LY97kqyTliJKKtuYBbruAyVh5wOHiXmpi5we58Ek028czwyuQdLKPG1Bkb4NnM+VeAnfHqn1k4+GPT6uGQcvu2h2OVuIf\/gWUFyy8OWEpdyZSa3aVCqpVoVvzZZ2VTnn2wU8qzVjDDetO90GSy9mVLqtgYSy231MxrY6I2gGqjrTY0L8fxCxfCBbhWrsYYAAAAAElFTkSuQmCC); display:block; height:44px; margin:0 auto -44px; position:relative; top:-22px; width:44px;\"><\/div>\n<\/div>\n<p style=\" margin:8px 0 0 0; padding:0 4px;\"> <a href=\"https:\/\/www.instagram.com\/p\/BPWHhVnFNoA\/\" style=\" color:#000; font-family:Arial,sans-serif; font-size:14px; font-style:normal; font-weight:normal; line-height:17px; text-decoration:none; word-wrap:break-word;\" target=\"_blank\" target=\"_blank\">Featured Online AA Factory deal: $10 Tops. #AmericanApparel #AAonSale<\/a><\/p>\n<p style=\" color:#c9c8cd; font-family:Arial,sans-serif; font-size:14px; line-height:17px; margin-bottom:0; margin-top:8px; overflow:hidden; padding:8px 0 7px; text-align:center; text-overflow:ellipsis; white-space:nowrap;\">A photo posted by American Apparel (@americanapparelusa) on <time style=\" font-family:Arial,sans-serif; font-size:14px; line-height:17px;\" datetime=\"2017-01-17T00:36:10+00:00\">Jan 16, 2017 at 4:36pm PST<\/time><\/p>\n<\/div>\n<\/blockquote>\n<p><script async defer src=\"\/\/platform.instagram.com\/en_US\/embeds.js\"><\/script><\/p>\n","protected":false},"author":11636,"featured_media":13439,"template":"","format":"standard","categories":[4,10],"acf":[],"yoast_head":"<!-- This site is optimized with the Yoast SEO Premium plugin v18.5 (Yoast SEO v20.4) - https:\/\/yoast.com\/wordpress\/plugins\/seo\/ -->\n<title>AMERICAN APPAREL CIERRA | Grazia M\u00e9xico y Latinoam\u00e9rica<\/title>\n<meta name=\"description\" content=\"Este lunes, los empleados de su f\u00e1brica en Los \u00c1ngeles recibieron su \u00faltimo cheque.\u2013\u2013\u2013\u2013 &nbsp; A\u00fan y tras la compra de su compa\u00f1\u00eda \u2013cuya oferta final fue\" \/>\n<meta name=\"robots\" content=\"index, follow, max-snippet:-1, max-image-preview:large, max-video-preview:-1\" \/>\n<link rel=\"canonical\" href=\"https:\/\/graziamagazine.com\/mx\/articles\/american-apparel-cierra\/\" \/>\n<meta property=\"og:locale\" content=\"es_MX\" \/>\n<meta property=\"og:type\" content=\"article\" \/>\n<meta property=\"og:title\" content=\"AMERICAN APPAREL CIERRA\" \/>\n<meta property=\"og:description\" content=\"Este lunes, los empleados de su f\u00e1brica en Los \u00c1ngeles recibieron su \u00faltimo cheque.\u2013\u2013\u2013\u2013 &nbsp; A\u00fan y tras la compra de su compa\u00f1\u00eda \u2013cuya oferta final fue\" \/>\n<meta property=\"og:url\" content=\"https:\/\/graziamagazine.com\/mx\/articles\/american-apparel-cierra\/\" \/>\n<meta property=\"og:site_name\" content=\"Grazia M\u00e9xico y Latinoam\u00e9rica\" \/>\n<meta property=\"article:modified_time\" content=\"2017-01-17T13:27:55+00:00\" \/>\n<meta property=\"og:image\" content=\"https:\/\/graziamagazine.com\/mx\/wp-content\/uploads\/sites\/13\/2017\/01\/amapp1cov.jpg?fit=1347%2C500\" \/>\n\t<meta property=\"og:image:width\" content=\"1347\" \/>\n\t<meta property=\"og:image:height\" content=\"500\" \/>\n\t<meta property=\"og:image:type\" content=\"image\/jpeg\" \/>\n<meta name=\"twitter:card\" content=\"summary_large_image\" \/>\n<meta name=\"twitter:label1\" content=\"Est. reading time\" \/>\n\t<meta name=\"twitter:data1\" content=\"1 minuto\" \/>\n<script type=\"application\/ld+json\" class=\"yoast-schema-graph\">{\"@context\":\"https:\/\/schema.org\",\"@graph\":[{\"@type\":\"WebPage\",\"@id\":\"https:\/\/graziamagazine.com\/mx\/articles\/american-apparel-cierra\/\",\"url\":\"https:\/\/graziamagazine.com\/mx\/articles\/american-apparel-cierra\/\",\"name\":\"AMERICAN APPAREL CIERRA | Grazia M\u00e9xico y Latinoam\u00e9rica\",\"isPartOf\":{\"@id\":\"https:\/\/graziamagazine.com\/mx\/#website\"},\"datePublished\":\"2017-01-17T12:43:22+00:00\",\"dateModified\":\"2017-01-17T13:27:55+00:00\",\"description\":\"Este lunes, los empleados de su f\u00e1brica en Los \u00c1ngeles recibieron su \u00faltimo cheque.\u2013\u2013\u2013\u2013 &nbsp; A\u00fan y tras la compra de su compa\u00f1\u00eda \u2013cuya oferta final fue\",\"breadcrumb\":{\"@id\":\"https:\/\/graziamagazine.com\/mx\/articles\/american-apparel-cierra\/#breadcrumb\"},\"inLanguage\":\"es-MX\",\"potentialAction\":[{\"@type\":\"ReadAction\",\"target\":[\"https:\/\/graziamagazine.com\/mx\/articles\/american-apparel-cierra\/\"]}]},{\"@type\":\"BreadcrumbList\",\"@id\":\"https:\/\/graziamagazine.com\/mx\/articles\/american-apparel-cierra\/#breadcrumb\",\"itemListElement\":[{\"@type\":\"ListItem\",\"position\":1,\"name\":\"Home\",\"item\":\"https:\/\/graziamagazine.com\/mx\/\"},{\"@type\":\"ListItem\",\"position\":2,\"name\":\"AMERICAN APPAREL CIERRA\"}]},{\"@type\":\"WebSite\",\"@id\":\"https:\/\/graziamagazine.com\/mx\/#website\",\"url\":\"https:\/\/graziamagazine.com\/mx\/\",\"name\":\"Grazia M\u00e9xico y Latinoam\u00e9rica\",\"description\":\"Grazia es moda, belleza y noticias  de actualidad \",\"potentialAction\":[{\"@type\":\"SearchAction\",\"target\":{\"@type\":\"EntryPoint\",\"urlTemplate\":\"https:\/\/graziamagazine.com\/mx\/?s={search_term_string}\"},\"query-input\":\"required name=search_term_string\"}],\"inLanguage\":\"es-MX\"}]}<\/script>\n<!-- \/ Yoast SEO Premium plugin. -->","yoast_head_json":{"title":"AMERICAN APPAREL CIERRA | Grazia M\u00e9xico y Latinoam\u00e9rica","description":"Este lunes, los empleados de su f\u00e1brica en Los \u00c1ngeles recibieron su \u00faltimo cheque.\u2013\u2013\u2013\u2013 &nbsp; A\u00fan y tras la compra de su compa\u00f1\u00eda \u2013cuya oferta final fue","robots":{"index":"index","follow":"follow","max-snippet":"max-snippet:-1","max-image-preview":"max-image-preview:large","max-video-preview":"max-video-preview:-1"},"canonical":"https:\/\/graziamagazine.com\/mx\/articles\/american-apparel-cierra\/","og_locale":"es_MX","og_type":"article","og_title":"AMERICAN APPAREL CIERRA","og_description":"Este lunes, los empleados de su f\u00e1brica en Los \u00c1ngeles recibieron su \u00faltimo cheque.\u2013\u2013\u2013\u2013 &nbsp; A\u00fan y tras la compra de su compa\u00f1\u00eda \u2013cuya oferta final fue","og_url":"https:\/\/graziamagazine.com\/mx\/articles\/american-apparel-cierra\/","og_site_name":"Grazia M\u00e9xico y Latinoam\u00e9rica","article_modified_time":"2017-01-17T13:27:55+00:00","og_image":[{"width":1347,"height":500,"url":"https:\/\/graziamagazine.com\/mx\/wp-content\/uploads\/sites\/13\/2017\/01\/amapp1cov.jpg?fit=1347%2C500","type":"image\/jpeg"}],"twitter_card":"summary_large_image","twitter_misc":{"Est. reading time":"1 minuto"},"schema":{"@context":"https:\/\/schema.org","@graph":[{"@type":"WebPage","@id":"https:\/\/graziamagazine.com\/mx\/articles\/american-apparel-cierra\/","url":"https:\/\/graziamagazine.com\/mx\/articles\/american-apparel-cierra\/","name":"AMERICAN APPAREL CIERRA | Grazia M\u00e9xico y Latinoam\u00e9rica","isPartOf":{"@id":"https:\/\/graziamagazine.com\/mx\/#website"},"datePublished":"2017-01-17T12:43:22+00:00","dateModified":"2017-01-17T13:27:55+00:00","description":"Este lunes, los empleados de su f\u00e1brica en Los \u00c1ngeles recibieron su \u00faltimo cheque.\u2013\u2013\u2013\u2013 &nbsp; A\u00fan y tras la compra de su compa\u00f1\u00eda \u2013cuya oferta final fue","breadcrumb":{"@id":"https:\/\/graziamagazine.com\/mx\/articles\/american-apparel-cierra\/#breadcrumb"},"inLanguage":"es-MX","potentialAction":[{"@type":"ReadAction","target":["https:\/\/graziamagazine.com\/mx\/articles\/american-apparel-cierra\/"]}]},{"@type":"BreadcrumbList","@id":"https:\/\/graziamagazine.com\/mx\/articles\/american-apparel-cierra\/#breadcrumb","itemListElement":[{"@type":"ListItem","position":1,"name":"Home","item":"https:\/\/graziamagazine.com\/mx\/"},{"@type":"ListItem","position":2,"name":"AMERICAN APPAREL CIERRA"}]},{"@type":"WebSite","@id":"https:\/\/graziamagazine.com\/mx\/#website","url":"https:\/\/graziamagazine.com\/mx\/","name":"Grazia M\u00e9xico y Latinoam\u00e9rica","description":"Grazia es moda, belleza y noticias  de actualidad ","potentialAction":[{"@type":"SearchAction","target":{"@type":"EntryPoint","urlTemplate":"https:\/\/graziamagazine.com\/mx\/?s={search_term_string}"},"query-input":"required name=search_term_string"}],"inLanguage":"es-MX"}]}},"jetpack_sharing_enabled":true,"distributor_meta":false,"distributor_terms":false,"distributor_media":false,"distributor_original_site_name":"Grazia M\u00e9xico y Latinoam\u00e9rica","distributor_original_site_url":"https:\/\/graziamagazine.com\/mx","push-errors":false,"_links":{"self":[{"href":"https:\/\/graziamagazine.com\/mx\/wp-json\/wp\/v2\/articles\/13438"}],"collection":[{"href":"https:\/\/graziamagazine.com\/mx\/wp-json\/wp\/v2\/articles"}],"about":[{"href":"https:\/\/graziamagazine.com\/mx\/wp-json\/wp\/v2\/types\/articles"}],"author":[{"embeddable":true,"href":"https:\/\/graziamagazine.com\/mx\/wp-json\/wp\/v2\/users\/11636"}],"wp:featuredmedia":[{"embeddable":true,"href":"https:\/\/graziamagazine.com\/mx\/wp-json\/wp\/v2\/media\/13439"}],"wp:attachment":[{"href":"https:\/\/graziamagazine.com\/mx\/wp-json\/wp\/v2\/media?parent=13438"}],"wp:term":[{"taxonomy":"category","embeddable":true,"href":"https:\/\/graziamagazine.com\/mx\/wp-json\/wp\/v2\/categories?post=13438"}],"curies":[{"name":"wp","href":"https:\/\/api.w.org\/{rel}","templated":true}]}}