{"id":134150,"date":"2024-02-14T12:36:17","date_gmt":"2024-02-14T17:36:17","guid":{"rendered":"https:\/\/graziamagazine.com\/mx\/?post_type=articles&#038;p=134150"},"modified":"2024-02-14T13:06:15","modified_gmt":"2024-02-14T18:06:15","slug":"el-beauty-look-perfecto-para-triunfar-en-san-valentin","status":"publish","type":"articles","link":"https:\/\/graziamagazine.com\/mx\/articles\/el-beauty-look-perfecto-para-triunfar-en-san-valentin\/","title":{"rendered":"El beauty look perfecto para triunfar en San Valent\u00edn"},"content":{"rendered":"<p>El d\u00eda de <strong>San Valent\u00edn<\/strong> es la ocasi\u00f3n perfecta para lucir un beauty look espectacular que te haga sentir <strong>segura, radiante y lista<\/strong> para conquistar corazones.<\/p>\n<p>Desde el maquillaje hasta el peinado, aqu\u00ed te presentamos un paso a paso para lograr un look deslumbrante en esta fecha tan especial.<\/p>\n<h3><strong>Paso 1: Preparaci\u00f3n de la Piel<\/strong><\/h3>\n<figure id=\"attachment_134154\" aria-describedby=\"caption-attachment-134154\" style=\"width: 500px\" class=\"wp-caption alignnone\"><img loading=\"lazy\" decoding=\"async\" class=\"wp-image-134154 size-full\" src=\"https:\/\/graziamagazine.com\/mx\/wp-content\/uploads\/sites\/13\/2024\/02\/sg-11134201-7qvg8-ljnz6omac4clfb-e1707933721437.jpg\" alt=\"El beauty look perfecto para triunfar en San Valent\u00edn\" width=\"500\" height=\"500\" \/><figcaption id=\"caption-attachment-134154\" class=\"wp-caption-text\">El beauty look perfecto para triunfar en San Valent\u00edn<\/figcaption><\/figure>\n<p>Comienza limpiando e hidratando tu piel con tus productos favoritos. Aplica una crema hidratante para asegurarte de que tu piel est\u00e9 suave y lista para recibir el maquillaje. No te olvides de utilizar un primer para alisar la textura de la piel y prolongar la duraci\u00f3n del maquillaje.<\/p>\n<h3><strong>Paso 2: Maquillaje de Ojos<\/strong><\/h3>\n<figure id=\"attachment_134157\" aria-describedby=\"caption-attachment-134157\" style=\"width: 448px\" class=\"wp-caption alignnone\"><img loading=\"lazy\" decoding=\"async\" class=\"wp-image-134157 size-medium\" src=\"https:\/\/graziamagazine.com\/mx\/wp-content\/uploads\/sites\/13\/2024\/02\/Captura-de-Pantalla-2024-02-14-a-las-11.49.02-448x450.png\" alt=\"El beauty look perfecto para triunfar en San Valent\u00edn\" width=\"448\" height=\"450\" srcset=\"https:\/\/graziamagazine.com\/mx\/wp-content\/uploads\/sites\/13\/2024\/02\/Captura-de-Pantalla-2024-02-14-a-las-11.49.02-448x450.png 448w, https:\/\/graziamagazine.com\/mx\/wp-content\/uploads\/sites\/13\/2024\/02\/Captura-de-Pantalla-2024-02-14-a-las-11.49.02-1019x1024.png 1019w, https:\/\/graziamagazine.com\/mx\/wp-content\/uploads\/sites\/13\/2024\/02\/Captura-de-Pantalla-2024-02-14-a-las-11.49.02-150x150.png 150w, https:\/\/graziamagazine.com\/mx\/wp-content\/uploads\/sites\/13\/2024\/02\/Captura-de-Pantalla-2024-02-14-a-las-11.49.02-768x772.png 768w, https:\/\/graziamagazine.com\/mx\/wp-content\/uploads\/sites\/13\/2024\/02\/Captura-de-Pantalla-2024-02-14-a-las-11.49.02-400x402.png 400w, https:\/\/graziamagazine.com\/mx\/wp-content\/uploads\/sites\/13\/2024\/02\/Captura-de-Pantalla-2024-02-14-a-las-11.49.02-155x156.png 155w, https:\/\/graziamagazine.com\/mx\/wp-content\/uploads\/sites\/13\/2024\/02\/Captura-de-Pantalla-2024-02-14-a-las-11.49.02.png 1520w\" sizes=\"(max-width: 448px) 100vw, 448px\" \/><figcaption id=\"caption-attachment-134157\" class=\"wp-caption-text\">El beauty look perfecto para triunfar en San Valent\u00edn<\/figcaption><\/figure>\n<p>Comienza aplicando una sombra de ojos en tono nude o beige sobre todo el p\u00e1rpado como base. Luego, elige una sombra de ojos en tono rosa, dorado o rojo para darle un toque rom\u00e1ntico a tu look.<\/p>\n<p>Aplica la sombra en el p\u00e1rpado m\u00f3vil y difum\u00ednala hacia el pliegue del ojo para crear profundidad. Acent\u00faa el arco de la ceja con una sombra clara y aplica un toque de iluminador en el lagrimal para abrir la mirada.<\/p>\n<p>Completa el look con un delineador l\u00edquido negro para definir los ojos y unas capas de m\u00e1scara de pesta\u00f1as para lograr un efecto de pesta\u00f1as voluminosas.<\/p>\n<h3><strong>Paso 3: Maquillaje de Rostro<\/strong><\/h3>\n<figure id=\"attachment_134161\" aria-describedby=\"caption-attachment-134161\" style=\"width: 353px\" class=\"wp-caption alignnone\"><img loading=\"lazy\" decoding=\"async\" class=\"wp-image-134161 size-medium\" src=\"https:\/\/graziamagazine.com\/mx\/wp-content\/uploads\/sites\/13\/2024\/02\/Captura-de-Pantalla-2024-02-14-a-las-11.51.52-353x450.png\" alt=\"El beauty look perfecto para triunfar en San Valent\u00edn\" width=\"353\" height=\"450\" srcset=\"https:\/\/graziamagazine.com\/mx\/wp-content\/uploads\/sites\/13\/2024\/02\/Captura-de-Pantalla-2024-02-14-a-las-11.51.52-353x450.png 353w, https:\/\/graziamagazine.com\/mx\/wp-content\/uploads\/sites\/13\/2024\/02\/Captura-de-Pantalla-2024-02-14-a-las-11.51.52-400x510.png 400w, https:\/\/graziamagazine.com\/mx\/wp-content\/uploads\/sites\/13\/2024\/02\/Captura-de-Pantalla-2024-02-14-a-las-11.51.52-155x198.png 155w, https:\/\/graziamagazine.com\/mx\/wp-content\/uploads\/sites\/13\/2024\/02\/Captura-de-Pantalla-2024-02-14-a-las-11.51.52.png 704w\" sizes=\"(max-width: 353px) 100vw, 353px\" \/><figcaption id=\"caption-attachment-134161\" class=\"wp-caption-text\">El beauty look perfecto para triunfar en San Valent\u00edn<\/figcaption><\/figure>\n<p>Aplica una base de maquillaje de cobertura media para unificar el tono de la piel y cubrir cualquier imperfecci\u00f3n. Utiliza un corrector para ocultar ojeras y manchas, y sella con polvo trasl\u00facido para fijar el maquillaje en su lugar. A\u00f1ade un toque de rubor en tono rosado o melocot\u00f3n en las mejillas para dar un aspecto saludable y radiante.<\/p>\n<h3><strong>Paso 4: Maquillaje de Labios<\/strong><\/h3>\n<figure id=\"attachment_134153\" aria-describedby=\"caption-attachment-134153\" style=\"width: 353px\" class=\"wp-caption alignnone\"><img loading=\"lazy\" decoding=\"async\" class=\"wp-image-134153 size-medium\" src=\"https:\/\/graziamagazine.com\/mx\/wp-content\/uploads\/sites\/13\/2024\/02\/Captura-de-Pantalla-2024-02-14-a-las-11.45.22-353x450.png\" alt=\"El beauty look perfecto para triunfar en San Valent\u00edn\" width=\"353\" height=\"450\" srcset=\"https:\/\/graziamagazine.com\/mx\/wp-content\/uploads\/sites\/13\/2024\/02\/Captura-de-Pantalla-2024-02-14-a-las-11.45.22-353x450.png 353w, https:\/\/graziamagazine.com\/mx\/wp-content\/uploads\/sites\/13\/2024\/02\/Captura-de-Pantalla-2024-02-14-a-las-11.45.22-400x509.png 400w, https:\/\/graziamagazine.com\/mx\/wp-content\/uploads\/sites\/13\/2024\/02\/Captura-de-Pantalla-2024-02-14-a-las-11.45.22-155x197.png 155w, https:\/\/graziamagazine.com\/mx\/wp-content\/uploads\/sites\/13\/2024\/02\/Captura-de-Pantalla-2024-02-14-a-las-11.45.22.png 724w\" sizes=\"(max-width: 353px) 100vw, 353px\" \/><figcaption id=\"caption-attachment-134153\" class=\"wp-caption-text\">El beauty look perfecto para triunfar en San Valent\u00edn<\/figcaption><\/figure>\n<p>Elige un labial en tono rojo intenso, rosa suave o nude, seg\u00fan tus preferencias y el estilo que desees lucir. Aplica el labial con un pincel para obtener un acabado preciso y duradero. Si lo deseas, puedes a\u00f1adir un toque de brillo labial en el centro de los labios para darles un aspecto m\u00e1s voluminoso y jugoso.<\/p>\n<h3><strong>Paso 5: Peinado<\/strong><\/h3>\n<figure id=\"attachment_134164\" aria-describedby=\"caption-attachment-134164\" style=\"width: 352px\" class=\"wp-caption alignnone\"><img loading=\"lazy\" decoding=\"async\" class=\"wp-image-134164 size-medium\" src=\"https:\/\/graziamagazine.com\/mx\/wp-content\/uploads\/sites\/13\/2024\/02\/Captura-de-Pantalla-2024-02-14-a-las-11.55.06-352x450.png\" alt=\"El beauty look perfecto para triunfar en San Valent\u00edn\" width=\"352\" height=\"450\" srcset=\"https:\/\/graziamagazine.com\/mx\/wp-content\/uploads\/sites\/13\/2024\/02\/Captura-de-Pantalla-2024-02-14-a-las-11.55.06-352x450.png 352w, https:\/\/graziamagazine.com\/mx\/wp-content\/uploads\/sites\/13\/2024\/02\/Captura-de-Pantalla-2024-02-14-a-las-11.55.06-802x1024.png 802w, https:\/\/graziamagazine.com\/mx\/wp-content\/uploads\/sites\/13\/2024\/02\/Captura-de-Pantalla-2024-02-14-a-las-11.55.06-768x981.png 768w, https:\/\/graziamagazine.com\/mx\/wp-content\/uploads\/sites\/13\/2024\/02\/Captura-de-Pantalla-2024-02-14-a-las-11.55.06-400x511.png 400w, https:\/\/graziamagazine.com\/mx\/wp-content\/uploads\/sites\/13\/2024\/02\/Captura-de-Pantalla-2024-02-14-a-las-11.55.06-155x198.png 155w, https:\/\/graziamagazine.com\/mx\/wp-content\/uploads\/sites\/13\/2024\/02\/Captura-de-Pantalla-2024-02-14-a-las-11.55.06.png 844w\" sizes=\"(max-width: 352px) 100vw, 352px\" \/><figcaption id=\"caption-attachment-134164\" class=\"wp-caption-text\">El beauty look perfecto para triunfar en San Valent\u00edn<\/figcaption><\/figure>\n<p>Para completar tu look de San Valent\u00edn, elige un peinado que te haga sentir segura y glamorosa. Puedes optar por un elegante recogido, unas ondas suaves o un cl\u00e1sico cabello suelto con un toque de volumen. Aseg\u00farate de utilizar productos para el cabello que proporcionen brillo y fijaci\u00f3n para que tu peinado luzca impecable durante toda la noche.<\/p>\n<p>Con estos sencillos pasos, estar\u00e1s lista para triunfar en San Valent\u00edn con un beauty look que resalte tu belleza natural y te haga sentir segura y radiante. \u00a1Disfruta de esta fecha especial y si\u00e9ntete hermosa tanto por dentro como por fuera!<\/p>\n<p><em><strong>*IMAGEN: Google Images<\/strong><\/em><\/p>\n","protected":false},"author":28953,"featured_media":134163,"template":"","format":"standard","categories":[3],"acf":[],"yoast_head":"<!-- This site is optimized with the Yoast SEO Premium plugin v18.5 (Yoast SEO v20.4) - https:\/\/yoast.com\/wordpress\/plugins\/seo\/ -->\n<title>El beauty look perfecto para triunfar en San Valent\u00edn<\/title>\n<meta name=\"description\" content=\"Elijas el look que elijas, lo m\u00e1s importante es que te sientas c\u00f3moda y segura de ti misma. \u00a1Feliz San Valent\u00edn!\" \/>\n<meta name=\"robots\" content=\"index, follow, max-snippet:-1, max-image-preview:large, max-video-preview:-1\" \/>\n<link rel=\"canonical\" href=\"https:\/\/graziamagazine.com\/mx\/articles\/el-beauty-look-perfecto-para-triunfar-en-san-valentin\/\" \/>\n<meta property=\"og:locale\" content=\"es_MX\" \/>\n<meta property=\"og:type\" content=\"article\" \/>\n<meta property=\"og:title\" content=\"El beauty look perfecto para triunfar en San Valent\u00edn\" \/>\n<meta property=\"og:description\" content=\"Elijas el look que elijas, lo m\u00e1s importante es que te sientas c\u00f3moda y segura de ti misma. \u00a1Feliz San Valent\u00edn!\" \/>\n<meta property=\"og:url\" content=\"https:\/\/graziamagazine.com\/mx\/articles\/el-beauty-look-perfecto-para-triunfar-en-san-valentin\/\" \/>\n<meta property=\"og:site_name\" content=\"Grazia M\u00e9xico y Latinoam\u00e9rica\" \/>\n<meta property=\"article:modified_time\" content=\"2024-02-14T18:06:15+00:00\" \/>\n<meta property=\"og:image\" content=\"https:\/\/graziamagazine.com\/mx\/wp-content\/uploads\/sites\/13\/2024\/02\/416b368e313ac9aa7a5a643ad35d0c34-e1707933550923.jpg\" \/>\n\t<meta property=\"og:image:width\" content=\"750\" \/>\n\t<meta property=\"og:image:height\" content=\"562\" \/>\n\t<meta property=\"og:image:type\" content=\"image\/jpeg\" \/>\n<meta name=\"twitter:card\" content=\"summary_large_image\" \/>\n<meta name=\"twitter:label1\" content=\"Est. reading time\" \/>\n\t<meta name=\"twitter:data1\" content=\"4 minutos\" \/>\n<script type=\"application\/ld+json\" class=\"yoast-schema-graph\">{\"@context\":\"https:\/\/schema.org\",\"@graph\":[{\"@type\":\"WebPage\",\"@id\":\"https:\/\/graziamagazine.com\/mx\/articles\/el-beauty-look-perfecto-para-triunfar-en-san-valentin\/\",\"url\":\"https:\/\/graziamagazine.com\/mx\/articles\/el-beauty-look-perfecto-para-triunfar-en-san-valentin\/\",\"name\":\"El beauty look perfecto para triunfar en San Valent\u00edn\",\"isPartOf\":{\"@id\":\"https:\/\/graziamagazine.com\/mx\/#website\"},\"datePublished\":\"2024-02-14T17:36:17+00:00\",\"dateModified\":\"2024-02-14T18:06:15+00:00\",\"description\":\"Elijas el look que elijas, lo m\u00e1s importante es que te sientas c\u00f3moda y segura de ti misma. \u00a1Feliz San Valent\u00edn!\",\"breadcrumb\":{\"@id\":\"https:\/\/graziamagazine.com\/mx\/articles\/el-beauty-look-perfecto-para-triunfar-en-san-valentin\/#breadcrumb\"},\"inLanguage\":\"es-MX\",\"potentialAction\":[{\"@type\":\"ReadAction\",\"target\":[\"https:\/\/graziamagazine.com\/mx\/articles\/el-beauty-look-perfecto-para-triunfar-en-san-valentin\/\"]}]},{\"@type\":\"BreadcrumbList\",\"@id\":\"https:\/\/graziamagazine.com\/mx\/articles\/el-beauty-look-perfecto-para-triunfar-en-san-valentin\/#breadcrumb\",\"itemListElement\":[{\"@type\":\"ListItem\",\"position\":1,\"name\":\"Home\",\"item\":\"https:\/\/graziamagazine.com\/mx\/\"},{\"@type\":\"ListItem\",\"position\":2,\"name\":\"El beauty look perfecto para triunfar en San Valent\u00edn\"}]},{\"@type\":\"WebSite\",\"@id\":\"https:\/\/graziamagazine.com\/mx\/#website\",\"url\":\"https:\/\/graziamagazine.com\/mx\/\",\"name\":\"Grazia M\u00e9xico y Latinoam\u00e9rica\",\"description\":\"Grazia es moda, belleza y noticias  de actualidad \",\"potentialAction\":[{\"@type\":\"SearchAction\",\"target\":{\"@type\":\"EntryPoint\",\"urlTemplate\":\"https:\/\/graziamagazine.com\/mx\/?s={search_term_string}\"},\"query-input\":\"required name=search_term_string\"}],\"inLanguage\":\"es-MX\"}]}<\/script>\n<!-- \/ Yoast SEO Premium plugin. -->","yoast_head_json":{"title":"El beauty look perfecto para triunfar en San Valent\u00edn","description":"Elijas el look que elijas, lo m\u00e1s importante es que te sientas c\u00f3moda y segura de ti misma. \u00a1Feliz San Valent\u00edn!","robots":{"index":"index","follow":"follow","max-snippet":"max-snippet:-1","max-image-preview":"max-image-preview:large","max-video-preview":"max-video-preview:-1"},"canonical":"https:\/\/graziamagazine.com\/mx\/articles\/el-beauty-look-perfecto-para-triunfar-en-san-valentin\/","og_locale":"es_MX","og_type":"article","og_title":"El beauty look perfecto para triunfar en San Valent\u00edn","og_description":"Elijas el look que elijas, lo m\u00e1s importante es que te sientas c\u00f3moda y segura de ti misma. \u00a1Feliz San Valent\u00edn!","og_url":"https:\/\/graziamagazine.com\/mx\/articles\/el-beauty-look-perfecto-para-triunfar-en-san-valentin\/","og_site_name":"Grazia M\u00e9xico y Latinoam\u00e9rica","article_modified_time":"2024-02-14T18:06:15+00:00","og_image":[{"width":750,"height":562,"url":"https:\/\/graziamagazine.com\/mx\/wp-content\/uploads\/sites\/13\/2024\/02\/416b368e313ac9aa7a5a643ad35d0c34-e1707933550923.jpg","type":"image\/jpeg"}],"twitter_card":"summary_large_image","twitter_misc":{"Est. reading time":"4 minutos"},"schema":{"@context":"https:\/\/schema.org","@graph":[{"@type":"WebPage","@id":"https:\/\/graziamagazine.com\/mx\/articles\/el-beauty-look-perfecto-para-triunfar-en-san-valentin\/","url":"https:\/\/graziamagazine.com\/mx\/articles\/el-beauty-look-perfecto-para-triunfar-en-san-valentin\/","name":"El beauty look perfecto para triunfar en San Valent\u00edn","isPartOf":{"@id":"https:\/\/graziamagazine.com\/mx\/#website"},"datePublished":"2024-02-14T17:36:17+00:00","dateModified":"2024-02-14T18:06:15+00:00","description":"Elijas el look que elijas, lo m\u00e1s importante es que te sientas c\u00f3moda y segura de ti misma. \u00a1Feliz San Valent\u00edn!","breadcrumb":{"@id":"https:\/\/graziamagazine.com\/mx\/articles\/el-beauty-look-perfecto-para-triunfar-en-san-valentin\/#breadcrumb"},"inLanguage":"es-MX","potentialAction":[{"@type":"ReadAction","target":["https:\/\/graziamagazine.com\/mx\/articles\/el-beauty-look-perfecto-para-triunfar-en-san-valentin\/"]}]},{"@type":"BreadcrumbList","@id":"https:\/\/graziamagazine.com\/mx\/articles\/el-beauty-look-perfecto-para-triunfar-en-san-valentin\/#breadcrumb","itemListElement":[{"@type":"ListItem","position":1,"name":"Home","item":"https:\/\/graziamagazine.com\/mx\/"},{"@type":"ListItem","position":2,"name":"El beauty look perfecto para triunfar en San Valent\u00edn"}]},{"@type":"WebSite","@id":"https:\/\/graziamagazine.com\/mx\/#website","url":"https:\/\/graziamagazine.com\/mx\/","name":"Grazia M\u00e9xico y Latinoam\u00e9rica","description":"Grazia es moda, belleza y noticias  de actualidad ","potentialAction":[{"@type":"SearchAction","target":{"@type":"EntryPoint","urlTemplate":"https:\/\/graziamagazine.com\/mx\/?s={search_term_string}"},"query-input":"required name=search_term_string"}],"inLanguage":"es-MX"}]}},"jetpack_sharing_enabled":true,"distributor_meta":false,"distributor_terms":false,"distributor_media":false,"distributor_original_site_name":"Grazia M\u00e9xico y Latinoam\u00e9rica","distributor_original_site_url":"https:\/\/graziamagazine.com\/mx","push-errors":false,"_links":{"self":[{"href":"https:\/\/graziamagazine.com\/mx\/wp-json\/wp\/v2\/articles\/134150"}],"collection":[{"href":"https:\/\/graziamagazine.com\/mx\/wp-json\/wp\/v2\/articles"}],"about":[{"href":"https:\/\/graziamagazine.com\/mx\/wp-json\/wp\/v2\/types\/articles"}],"author":[{"embeddable":true,"href":"https:\/\/graziamagazine.com\/mx\/wp-json\/wp\/v2\/users\/28953"}],"wp:featuredmedia":[{"embeddable":true,"href":"https:\/\/graziamagazine.com\/mx\/wp-json\/wp\/v2\/media\/134163"}],"wp:attachment":[{"href":"https:\/\/graziamagazine.com\/mx\/wp-json\/wp\/v2\/media?parent=134150"}],"wp:term":[{"taxonomy":"category","embeddable":true,"href":"https:\/\/graziamagazine.com\/mx\/wp-json\/wp\/v2\/categories?post=134150"}],"curies":[{"name":"wp","href":"https:\/\/api.w.org\/{rel}","templated":true}]}}