{"id":133897,"date":"2024-02-05T22:51:53","date_gmt":"2024-02-06T03:51:53","guid":{"rendered":"https:\/\/graziamagazine.com\/mx\/?post_type=articles&#038;p=133897"},"modified":"2024-02-07T08:49:46","modified_gmt":"2024-02-07T13:49:46","slug":"harry-vera-padre-londres-tras-diagnostico-cancer","status":"publish","type":"articles","link":"https:\/\/graziamagazine.com\/mx\/articles\/harry-vera-padre-londres-tras-diagnostico-cancer\/","title":{"rendered":"Harry ver\u00e1 a su padre en Londres tras diagn\u00f3stico de c\u00e1ncer"},"content":{"rendered":"<p>El <strong>pr\u00edncipe Harry<\/strong> viajar\u00e1 a <strong>Ingraterra<\/strong> para visitar a su padre, el rey <strong>Carlos III<\/strong>, tras diagn\u00f3stico de <strong>c\u00e1ncer<\/strong>. Aunque su esposa <strong>Meghan Markle<\/strong> ni sus hijos viajar\u00e1n con \u00e9l, seg\u00fan el <em><strong>Daily Mail<\/strong><\/em>.<\/p>\n<p>Hace unos d\u00edas, la <strong>Casa Real<\/strong> anunci\u00f3 que Carlos padece c\u00e1ncer y ya ha comenzado un tratamiento en <strong>Londres<\/strong>.<\/p>\n<figure id=\"attachment_133899\" aria-describedby=\"caption-attachment-133899\" style=\"width: 450px\" class=\"wp-caption alignnone\"><img loading=\"lazy\" decoding=\"async\" class=\"size-medium wp-image-133899\" src=\"https:\/\/graziamagazine.com\/mx\/wp-content\/uploads\/sites\/13\/2024\/02\/Captura-de-pantalla-2024-02-06-215601-450x434.png\" alt=\"\" width=\"450\" height=\"434\" srcset=\"https:\/\/graziamagazine.com\/mx\/wp-content\/uploads\/sites\/13\/2024\/02\/Captura-de-pantalla-2024-02-06-215601-450x434.png 450w, https:\/\/graziamagazine.com\/mx\/wp-content\/uploads\/sites\/13\/2024\/02\/Captura-de-pantalla-2024-02-06-215601-400x386.png 400w, https:\/\/graziamagazine.com\/mx\/wp-content\/uploads\/sites\/13\/2024\/02\/Captura-de-pantalla-2024-02-06-215601-155x149.png 155w, https:\/\/graziamagazine.com\/mx\/wp-content\/uploads\/sites\/13\/2024\/02\/Captura-de-pantalla-2024-02-06-215601.png 588w\" sizes=\"(max-width: 450px) 100vw, 450px\" \/><figcaption id=\"caption-attachment-133899\" class=\"wp-caption-text\">Getty<\/figcaption><\/figure>\n<p>\u201cDurante la reciente estancia en el hospital del Rey para un procedimiento benigno de agrandamiento de pr\u00f3stata, se encontr\u00f3 algo que despert\u00f3 preocupaci\u00f3n. Tras las pruebas de diagn\u00f3stico pertinentes se ha identificado una forma de cancer\u201d, seg\u00fan un comunicado de prensa.<\/p>\n<p>\u201cSu Majestad ha comenzado hoy sus tratamientos regulares y durante este tiempo sus doctores le han recomendado posponer sus actos p\u00fablicos. A lo largo de este periodo, Su Majestad continuar\u00e1 llevando a cabo tareas de Estado y su trabajo de oficina como siempre\u201d, agrega.<\/p>\n<figure id=\"attachment_133901\" aria-describedby=\"caption-attachment-133901\" style=\"width: 450px\" class=\"wp-caption alignnone\"><img loading=\"lazy\" decoding=\"async\" class=\"size-medium wp-image-133901\" src=\"https:\/\/graziamagazine.com\/mx\/wp-content\/uploads\/sites\/13\/2024\/02\/Captura-de-pantalla-2024-02-06-215425-450x267.png\" alt=\"\" width=\"450\" height=\"267\" srcset=\"https:\/\/graziamagazine.com\/mx\/wp-content\/uploads\/sites\/13\/2024\/02\/Captura-de-pantalla-2024-02-06-215425-450x267.png 450w, https:\/\/graziamagazine.com\/mx\/wp-content\/uploads\/sites\/13\/2024\/02\/Captura-de-pantalla-2024-02-06-215425-400x238.png 400w, https:\/\/graziamagazine.com\/mx\/wp-content\/uploads\/sites\/13\/2024\/02\/Captura-de-pantalla-2024-02-06-215425-155x92.png 155w, https:\/\/graziamagazine.com\/mx\/wp-content\/uploads\/sites\/13\/2024\/02\/Captura-de-pantalla-2024-02-06-215425.png 636w\" sizes=\"(max-width: 450px) 100vw, 450px\" \/><figcaption id=\"caption-attachment-133901\" class=\"wp-caption-text\">Getty<\/figcaption><\/figure>\n<p>Seg\u00fan el medio brit\u00e1nico, el rey comunic\u00f3 personalmente la noticia a sus hijos Guillermo y Harry, as\u00ed como a sus tres hermanos Ana, Andr\u00e9s y Eduardo.<\/p>\n<p>Harry dejar\u00e1 su casa en <strong>California<\/strong>, <strong>Estados Unidos<\/strong>, donde vive desde el 2020 con su esposa Meghan y sus dos hijos Archie y Lilibeth.<\/p>\n<p>Fue en la coronaci\u00f3n llevada a cabo el 6 de mayo del 2023, que Harry estuvo junto a su padre y la Familia Real Brit\u00e1nica.<\/p>\n<figure id=\"attachment_133898\" aria-describedby=\"caption-attachment-133898\" style=\"width: 450px\" class=\"wp-caption alignnone\"><img loading=\"lazy\" decoding=\"async\" class=\"size-medium wp-image-133898\" src=\"https:\/\/graziamagazine.com\/mx\/wp-content\/uploads\/sites\/13\/2024\/02\/Captura-de-pantalla-2024-02-06-215644-450x268.png\" alt=\"\" width=\"450\" height=\"268\" srcset=\"https:\/\/graziamagazine.com\/mx\/wp-content\/uploads\/sites\/13\/2024\/02\/Captura-de-pantalla-2024-02-06-215644-450x268.png 450w, https:\/\/graziamagazine.com\/mx\/wp-content\/uploads\/sites\/13\/2024\/02\/Captura-de-pantalla-2024-02-06-215644-768x457.png 768w, https:\/\/graziamagazine.com\/mx\/wp-content\/uploads\/sites\/13\/2024\/02\/Captura-de-pantalla-2024-02-06-215644-400x238.png 400w, https:\/\/graziamagazine.com\/mx\/wp-content\/uploads\/sites\/13\/2024\/02\/Captura-de-pantalla-2024-02-06-215644-155x92.png 155w, https:\/\/graziamagazine.com\/mx\/wp-content\/uploads\/sites\/13\/2024\/02\/Captura-de-pantalla-2024-02-06-215644.png 772w\" sizes=\"(max-width: 450px) 100vw, 450px\" \/><figcaption id=\"caption-attachment-133898\" class=\"wp-caption-text\">Getty<\/figcaption><\/figure>\n<p>Meghan lo hizo en septiembre del 2022 en el funeral de la reina Isabel II que se celebr\u00f3 en dos partes, en la <strong>Abad\u00eda de Westminster<\/strong> y en la capilla de <strong>San Jorge<\/strong> del castillo de <strong>Windsor<\/strong>.<\/p>\n<p>Carlos III fue visto este domingo en la iglesia Santa Mar\u00eda Magdalena en Sandringham junto a la reina consorte Camilla. Se ve\u00eda sonriente y animado como cuando sali\u00f3 del hospital London Clinic de Londres tras tres d\u00edas de estar hospitalizado al someterse con \u00e9xito a una operaci\u00f3n.<\/p>\n","protected":false},"author":36289,"featured_media":133900,"template":"","format":"standard","categories":[12484],"acf":[],"yoast_head":"<!-- This site is optimized with the Yoast SEO Premium plugin v18.5 (Yoast SEO v20.4) - https:\/\/yoast.com\/wordpress\/plugins\/seo\/ -->\n<title>Harry ver\u00e1 a su padre en Londres tras diagn\u00f3stico de c\u00e1ncer | Grazia M\u00e9xico y Latinoam\u00e9rica<\/title>\n<meta name=\"description\" content=\"El pr\u00edncipe Harry viajar\u00e1 a Ingraterra para visitar a su padre, el rey Carlos III, tras diagn\u00f3stico de c\u00e1ncer. Aunque su esposa Meghan Markle ni sus hijos\" \/>\n<meta name=\"robots\" content=\"index, follow, max-snippet:-1, max-image-preview:large, max-video-preview:-1\" \/>\n<link rel=\"canonical\" href=\"https:\/\/graziamagazine.com\/mx\/articles\/harry-vera-padre-londres-tras-diagnostico-cancer\/\" \/>\n<meta property=\"og:locale\" content=\"es_MX\" \/>\n<meta property=\"og:type\" content=\"article\" \/>\n<meta property=\"og:title\" content=\"Harry ver\u00e1 a su padre en Londres tras diagn\u00f3stico de c\u00e1ncer\" \/>\n<meta property=\"og:description\" content=\"El pr\u00edncipe Harry viajar\u00e1 a Ingraterra para visitar a su padre, el rey Carlos III, tras diagn\u00f3stico de c\u00e1ncer. Aunque su esposa Meghan Markle ni sus hijos\" \/>\n<meta property=\"og:url\" content=\"https:\/\/graziamagazine.com\/mx\/articles\/harry-vera-padre-londres-tras-diagnostico-cancer\/\" \/>\n<meta property=\"og:site_name\" content=\"Grazia M\u00e9xico y Latinoam\u00e9rica\" \/>\n<meta property=\"article:modified_time\" content=\"2024-02-07T13:49:46+00:00\" \/>\n<meta property=\"og:image\" content=\"https:\/\/graziamagazine.com\/mx\/wp-content\/uploads\/sites\/13\/2024\/02\/Captura-de-pantalla-2024-02-06-215539-e1707278410626.png\" \/>\n\t<meta property=\"og:image:width\" content=\"524\" \/>\n\t<meta property=\"og:image:height\" content=\"403\" \/>\n\t<meta property=\"og:image:type\" content=\"image\/png\" \/>\n<meta name=\"twitter:card\" content=\"summary_large_image\" \/>\n<meta name=\"twitter:label1\" content=\"Est. reading time\" \/>\n\t<meta name=\"twitter:data1\" content=\"3 minutos\" \/>\n<script type=\"application\/ld+json\" class=\"yoast-schema-graph\">{\"@context\":\"https:\/\/schema.org\",\"@graph\":[{\"@type\":\"WebPage\",\"@id\":\"https:\/\/graziamagazine.com\/mx\/articles\/harry-vera-padre-londres-tras-diagnostico-cancer\/\",\"url\":\"https:\/\/graziamagazine.com\/mx\/articles\/harry-vera-padre-londres-tras-diagnostico-cancer\/\",\"name\":\"Harry ver\u00e1 a su padre en Londres tras diagn\u00f3stico de c\u00e1ncer | Grazia M\u00e9xico y Latinoam\u00e9rica\",\"isPartOf\":{\"@id\":\"https:\/\/graziamagazine.com\/mx\/#website\"},\"datePublished\":\"2024-02-06T03:51:53+00:00\",\"dateModified\":\"2024-02-07T13:49:46+00:00\",\"description\":\"El pr\u00edncipe Harry viajar\u00e1 a Ingraterra para visitar a su padre, el rey Carlos III, tras diagn\u00f3stico de c\u00e1ncer. Aunque su esposa Meghan Markle ni sus hijos\",\"breadcrumb\":{\"@id\":\"https:\/\/graziamagazine.com\/mx\/articles\/harry-vera-padre-londres-tras-diagnostico-cancer\/#breadcrumb\"},\"inLanguage\":\"es-MX\",\"potentialAction\":[{\"@type\":\"ReadAction\",\"target\":[\"https:\/\/graziamagazine.com\/mx\/articles\/harry-vera-padre-londres-tras-diagnostico-cancer\/\"]}]},{\"@type\":\"BreadcrumbList\",\"@id\":\"https:\/\/graziamagazine.com\/mx\/articles\/harry-vera-padre-londres-tras-diagnostico-cancer\/#breadcrumb\",\"itemListElement\":[{\"@type\":\"ListItem\",\"position\":1,\"name\":\"Home\",\"item\":\"https:\/\/graziamagazine.com\/mx\/\"},{\"@type\":\"ListItem\",\"position\":2,\"name\":\"Harry ver\u00e1 a su padre en Londres tras diagn\u00f3stico de c\u00e1ncer\"}]},{\"@type\":\"WebSite\",\"@id\":\"https:\/\/graziamagazine.com\/mx\/#website\",\"url\":\"https:\/\/graziamagazine.com\/mx\/\",\"name\":\"Grazia M\u00e9xico y Latinoam\u00e9rica\",\"description\":\"Grazia es moda, belleza y noticias  de actualidad \",\"potentialAction\":[{\"@type\":\"SearchAction\",\"target\":{\"@type\":\"EntryPoint\",\"urlTemplate\":\"https:\/\/graziamagazine.com\/mx\/?s={search_term_string}\"},\"query-input\":\"required name=search_term_string\"}],\"inLanguage\":\"es-MX\"}]}<\/script>\n<!-- \/ Yoast SEO Premium plugin. -->","yoast_head_json":{"title":"Harry ver\u00e1 a su padre en Londres tras diagn\u00f3stico de c\u00e1ncer | Grazia M\u00e9xico y Latinoam\u00e9rica","description":"El pr\u00edncipe Harry viajar\u00e1 a Ingraterra para visitar a su padre, el rey Carlos III, tras diagn\u00f3stico de c\u00e1ncer. Aunque su esposa Meghan Markle ni sus hijos","robots":{"index":"index","follow":"follow","max-snippet":"max-snippet:-1","max-image-preview":"max-image-preview:large","max-video-preview":"max-video-preview:-1"},"canonical":"https:\/\/graziamagazine.com\/mx\/articles\/harry-vera-padre-londres-tras-diagnostico-cancer\/","og_locale":"es_MX","og_type":"article","og_title":"Harry ver\u00e1 a su padre en Londres tras diagn\u00f3stico de c\u00e1ncer","og_description":"El pr\u00edncipe Harry viajar\u00e1 a Ingraterra para visitar a su padre, el rey Carlos III, tras diagn\u00f3stico de c\u00e1ncer. Aunque su esposa Meghan Markle ni sus hijos","og_url":"https:\/\/graziamagazine.com\/mx\/articles\/harry-vera-padre-londres-tras-diagnostico-cancer\/","og_site_name":"Grazia M\u00e9xico y Latinoam\u00e9rica","article_modified_time":"2024-02-07T13:49:46+00:00","og_image":[{"width":524,"height":403,"url":"https:\/\/graziamagazine.com\/mx\/wp-content\/uploads\/sites\/13\/2024\/02\/Captura-de-pantalla-2024-02-06-215539-e1707278410626.png","type":"image\/png"}],"twitter_card":"summary_large_image","twitter_misc":{"Est. reading time":"3 minutos"},"schema":{"@context":"https:\/\/schema.org","@graph":[{"@type":"WebPage","@id":"https:\/\/graziamagazine.com\/mx\/articles\/harry-vera-padre-londres-tras-diagnostico-cancer\/","url":"https:\/\/graziamagazine.com\/mx\/articles\/harry-vera-padre-londres-tras-diagnostico-cancer\/","name":"Harry ver\u00e1 a su padre en Londres tras diagn\u00f3stico de c\u00e1ncer | Grazia M\u00e9xico y Latinoam\u00e9rica","isPartOf":{"@id":"https:\/\/graziamagazine.com\/mx\/#website"},"datePublished":"2024-02-06T03:51:53+00:00","dateModified":"2024-02-07T13:49:46+00:00","description":"El pr\u00edncipe Harry viajar\u00e1 a Ingraterra para visitar a su padre, el rey Carlos III, tras diagn\u00f3stico de c\u00e1ncer. Aunque su esposa Meghan Markle ni sus hijos","breadcrumb":{"@id":"https:\/\/graziamagazine.com\/mx\/articles\/harry-vera-padre-londres-tras-diagnostico-cancer\/#breadcrumb"},"inLanguage":"es-MX","potentialAction":[{"@type":"ReadAction","target":["https:\/\/graziamagazine.com\/mx\/articles\/harry-vera-padre-londres-tras-diagnostico-cancer\/"]}]},{"@type":"BreadcrumbList","@id":"https:\/\/graziamagazine.com\/mx\/articles\/harry-vera-padre-londres-tras-diagnostico-cancer\/#breadcrumb","itemListElement":[{"@type":"ListItem","position":1,"name":"Home","item":"https:\/\/graziamagazine.com\/mx\/"},{"@type":"ListItem","position":2,"name":"Harry ver\u00e1 a su padre en Londres tras diagn\u00f3stico de c\u00e1ncer"}]},{"@type":"WebSite","@id":"https:\/\/graziamagazine.com\/mx\/#website","url":"https:\/\/graziamagazine.com\/mx\/","name":"Grazia M\u00e9xico y Latinoam\u00e9rica","description":"Grazia es moda, belleza y noticias  de actualidad ","potentialAction":[{"@type":"SearchAction","target":{"@type":"EntryPoint","urlTemplate":"https:\/\/graziamagazine.com\/mx\/?s={search_term_string}"},"query-input":"required name=search_term_string"}],"inLanguage":"es-MX"}]}},"jetpack_sharing_enabled":true,"distributor_meta":false,"distributor_terms":false,"distributor_media":false,"distributor_original_site_name":"Grazia M\u00e9xico y Latinoam\u00e9rica","distributor_original_site_url":"https:\/\/graziamagazine.com\/mx","push-errors":false,"_links":{"self":[{"href":"https:\/\/graziamagazine.com\/mx\/wp-json\/wp\/v2\/articles\/133897"}],"collection":[{"href":"https:\/\/graziamagazine.com\/mx\/wp-json\/wp\/v2\/articles"}],"about":[{"href":"https:\/\/graziamagazine.com\/mx\/wp-json\/wp\/v2\/types\/articles"}],"author":[{"embeddable":true,"href":"https:\/\/graziamagazine.com\/mx\/wp-json\/wp\/v2\/users\/36289"}],"wp:featuredmedia":[{"embeddable":true,"href":"https:\/\/graziamagazine.com\/mx\/wp-json\/wp\/v2\/media\/133900"}],"wp:attachment":[{"href":"https:\/\/graziamagazine.com\/mx\/wp-json\/wp\/v2\/media?parent=133897"}],"wp:term":[{"taxonomy":"category","embeddable":true,"href":"https:\/\/graziamagazine.com\/mx\/wp-json\/wp\/v2\/categories?post=133897"}],"curies":[{"name":"wp","href":"https:\/\/api.w.org\/{rel}","templated":true}]}}