{"id":133892,"date":"2024-02-06T21:26:19","date_gmt":"2024-02-07T02:26:19","guid":{"rendered":"https:\/\/graziamagazine.com\/mx\/?post_type=articles&#038;p=133892"},"modified":"2024-02-07T11:08:18","modified_gmt":"2024-02-07T16:08:18","slug":"quien-es-clara-bow-todo-sobre-la-actriz-nombrada-en-la-nueva-cancion-de-taylor-swift","status":"publish","type":"articles","link":"https:\/\/graziamagazine.com\/mx\/articles\/quien-es-clara-bow-todo-sobre-la-actriz-nombrada-en-la-nueva-cancion-de-taylor-swift\/","title":{"rendered":"\u00bfQui\u00e9n es Clara Bow? Todo sobre la actriz nombrada en la nueva canci\u00f3n de Taylor Swift"},"content":{"rendered":"<p><span style=\"font-weight: 400;\"><strong>Taylor Swift<\/strong> hizo historia al llevarse a casa el \u00e1lbum del a\u00f1o por cuarta vez, rompiendo el r\u00e9cord mundial de los <strong>Grammy Awards<\/strong>. Y, por si fuera poco, la cantante anunci\u00f3 su und\u00e9cimo \u00e1lbum de estudio, <strong>The Tortured Poets Departmen<\/strong>t, dando a conocer el <em>tracklist<\/em> oficial.<\/span><\/p>\n<p><span style=\"font-weight: 400;\">El \u00e1lbum incluye una canci\u00f3n titulada <\/span><strong><i>Clara Bow<\/i><\/strong><span style=\"font-weight: 400;\">, actriz de la d\u00e9cada de 1920, apodada &#8216;<strong><em>The It Girl&#8217;.<\/em><\/strong><\/span><\/p>\n<p><span style=\"font-weight: 400;\">Por lo tanto, los fans especulan sobre el tema del que podr\u00eda tratar la canci\u00f3n, estableciendo similitudes con las respectivas carreras de Bow y Swift y sus vidas altamente publicitadas en los medios.<\/span><\/p>\n<p><img loading=\"lazy\" decoding=\"async\" class=\"alignnone wp-image-133893 size-full\" src=\"https:\/\/graziamagazine.com\/mx\/wp-content\/uploads\/sites\/13\/2024\/02\/Captura-de-Pantalla-2024-02-06-a-las-19.29.29.png\" alt=\"\" width=\"504\" height=\"339\" srcset=\"https:\/\/graziamagazine.com\/mx\/wp-content\/uploads\/sites\/13\/2024\/02\/Captura-de-Pantalla-2024-02-06-a-las-19.29.29.png 504w, https:\/\/graziamagazine.com\/mx\/wp-content\/uploads\/sites\/13\/2024\/02\/Captura-de-Pantalla-2024-02-06-a-las-19.29.29-450x303.png 450w, https:\/\/graziamagazine.com\/mx\/wp-content\/uploads\/sites\/13\/2024\/02\/Captura-de-Pantalla-2024-02-06-a-las-19.29.29-400x269.png 400w, https:\/\/graziamagazine.com\/mx\/wp-content\/uploads\/sites\/13\/2024\/02\/Captura-de-Pantalla-2024-02-06-a-las-19.29.29-155x104.png 155w\" sizes=\"(max-width: 504px) 100vw, 504px\" \/><\/p>\n<p><span style=\"font-weight: 400;\">Clara Bow naci\u00f3 en 1905 en Prospect Heights, Brooklyn. Despu\u00e9s de una educaci\u00f3n dif\u00edcil, incluida una madre que supuestamente luch\u00f3 con su salud mental y luego fue institucionalizada, ella sigui\u00f3 una carrera en el cine al final de su adolescencia.<\/span><\/p>\n<p><span style=\"font-weight: 400;\">A los 16 a\u00f1os, particip\u00f3 en el concurso de belleza de una revista, lo que finalmente la llev\u00f3 a ganar un peque\u00f1o papel en la pel\u00edcula de 1922 M\u00e1s all\u00e1 del arco\u00edris. Aunque se dec\u00eda que sus escenas fueron cortadas, m\u00e1s tarde encontr\u00f3 el \u00e9xito durante la era del cine mudo de la d\u00e9cada de 1920 con papeles en Mantrap (1926), It (1927) y Wings (1927).<\/span><\/p>\n<p><span style=\"font-weight: 400;\">En 1931, Clara se cas\u00f3 con el actor Rex Bell, mejor conocido por protagonizar pel\u00edculas del oeste. La pareja se conoci\u00f3 por primera vez en el set de su pel\u00edcula de 1930 True to the Navy y se cas\u00f3 al a\u00f1o siguiente. Juntos tuvieron dos hijos, Tony Beldam (que cambi\u00f3 su nombre a Rex Anthony Bell Jr.) y George Beldam Jr.<\/span><\/p>\n<p><span style=\"font-weight: 400;\">Despu\u00e9s de retirarse de la actuaci\u00f3n en 1933, la pareja vivi\u00f3 en un rancho en Nevada con sus hijos. La pareja estuvo casada durante m\u00e1s de tres d\u00e9cadas antes de que Bell muriera de un ataque card\u00edaco el 4 de julio de 1962.<\/span><\/p>\n","protected":false},"author":11628,"featured_media":133005,"template":"","format":"standard","categories":[12517],"acf":[],"yoast_head":"<!-- This site is optimized with the Yoast SEO Premium plugin v18.5 (Yoast SEO v20.4) - https:\/\/yoast.com\/wordpress\/plugins\/seo\/ -->\n<title>\u00bfQui\u00e9n es Clara Bow? Todo sobre la actriz nombrada en la nueva canci\u00f3n de Taylor Swift | Grazia M\u00e9xico y Latinoam\u00e9rica<\/title>\n<meta name=\"description\" content=\"Taylor Swift hizo historia al llevarse a casa el \u00e1lbum del a\u00f1o por cuarta vez, rompiendo el r\u00e9cord mundial de los Grammy Awards. Y, por si fuera poco, la\" \/>\n<meta name=\"robots\" content=\"index, follow, max-snippet:-1, max-image-preview:large, max-video-preview:-1\" \/>\n<link rel=\"canonical\" href=\"https:\/\/graziamagazine.com\/mx\/articles\/quien-es-clara-bow-todo-sobre-la-actriz-nombrada-en-la-nueva-cancion-de-taylor-swift\/\" \/>\n<meta property=\"og:locale\" content=\"es_MX\" \/>\n<meta property=\"og:type\" content=\"article\" \/>\n<meta property=\"og:title\" content=\"\u00bfQui\u00e9n es Clara Bow? Todo sobre la actriz nombrada en la nueva canci\u00f3n de Taylor Swift\" \/>\n<meta property=\"og:description\" content=\"Taylor Swift hizo historia al llevarse a casa el \u00e1lbum del a\u00f1o por cuarta vez, rompiendo el r\u00e9cord mundial de los Grammy Awards. Y, por si fuera poco, la\" \/>\n<meta property=\"og:url\" content=\"https:\/\/graziamagazine.com\/mx\/articles\/quien-es-clara-bow-todo-sobre-la-actriz-nombrada-en-la-nueva-cancion-de-taylor-swift\/\" \/>\n<meta property=\"og:site_name\" content=\"Grazia M\u00e9xico y Latinoam\u00e9rica\" \/>\n<meta property=\"article:modified_time\" content=\"2024-02-07T16:08:18+00:00\" \/>\n<meta property=\"og:image\" content=\"https:\/\/graziamagazine.com\/mx\/wp-content\/uploads\/sites\/13\/2024\/01\/taylor-swift-golden-globes-style-tout-010724-1fc8a409635740ebbc29ac8fa1f482c0.jpg\" \/>\n\t<meta property=\"og:image:width\" content=\"1500\" \/>\n\t<meta property=\"og:image:height\" content=\"1001\" \/>\n\t<meta property=\"og:image:type\" content=\"image\/jpeg\" \/>\n<meta name=\"twitter:card\" content=\"summary_large_image\" \/>\n<meta name=\"twitter:label1\" content=\"Est. reading time\" \/>\n\t<meta name=\"twitter:data1\" content=\"2 minutos\" \/>\n<script type=\"application\/ld+json\" class=\"yoast-schema-graph\">{\"@context\":\"https:\/\/schema.org\",\"@graph\":[{\"@type\":\"WebPage\",\"@id\":\"https:\/\/graziamagazine.com\/mx\/articles\/quien-es-clara-bow-todo-sobre-la-actriz-nombrada-en-la-nueva-cancion-de-taylor-swift\/\",\"url\":\"https:\/\/graziamagazine.com\/mx\/articles\/quien-es-clara-bow-todo-sobre-la-actriz-nombrada-en-la-nueva-cancion-de-taylor-swift\/\",\"name\":\"\u00bfQui\u00e9n es Clara Bow? Todo sobre la actriz nombrada en la nueva canci\u00f3n de Taylor Swift | Grazia M\u00e9xico y Latinoam\u00e9rica\",\"isPartOf\":{\"@id\":\"https:\/\/graziamagazine.com\/mx\/#website\"},\"datePublished\":\"2024-02-07T02:26:19+00:00\",\"dateModified\":\"2024-02-07T16:08:18+00:00\",\"description\":\"Taylor Swift hizo historia al llevarse a casa el \u00e1lbum del a\u00f1o por cuarta vez, rompiendo el r\u00e9cord mundial de los Grammy Awards. Y, por si fuera poco, la\",\"breadcrumb\":{\"@id\":\"https:\/\/graziamagazine.com\/mx\/articles\/quien-es-clara-bow-todo-sobre-la-actriz-nombrada-en-la-nueva-cancion-de-taylor-swift\/#breadcrumb\"},\"inLanguage\":\"es-MX\",\"potentialAction\":[{\"@type\":\"ReadAction\",\"target\":[\"https:\/\/graziamagazine.com\/mx\/articles\/quien-es-clara-bow-todo-sobre-la-actriz-nombrada-en-la-nueva-cancion-de-taylor-swift\/\"]}]},{\"@type\":\"BreadcrumbList\",\"@id\":\"https:\/\/graziamagazine.com\/mx\/articles\/quien-es-clara-bow-todo-sobre-la-actriz-nombrada-en-la-nueva-cancion-de-taylor-swift\/#breadcrumb\",\"itemListElement\":[{\"@type\":\"ListItem\",\"position\":1,\"name\":\"Home\",\"item\":\"https:\/\/graziamagazine.com\/mx\/\"},{\"@type\":\"ListItem\",\"position\":2,\"name\":\"\u00bfQui\u00e9n es Clara Bow? Todo sobre la actriz nombrada en la nueva canci\u00f3n de Taylor Swift\"}]},{\"@type\":\"WebSite\",\"@id\":\"https:\/\/graziamagazine.com\/mx\/#website\",\"url\":\"https:\/\/graziamagazine.com\/mx\/\",\"name\":\"Grazia M\u00e9xico y Latinoam\u00e9rica\",\"description\":\"Grazia es moda, belleza y noticias  de actualidad \",\"potentialAction\":[{\"@type\":\"SearchAction\",\"target\":{\"@type\":\"EntryPoint\",\"urlTemplate\":\"https:\/\/graziamagazine.com\/mx\/?s={search_term_string}\"},\"query-input\":\"required name=search_term_string\"}],\"inLanguage\":\"es-MX\"}]}<\/script>\n<!-- \/ Yoast SEO Premium plugin. -->","yoast_head_json":{"title":"\u00bfQui\u00e9n es Clara Bow? Todo sobre la actriz nombrada en la nueva canci\u00f3n de Taylor Swift | Grazia M\u00e9xico y Latinoam\u00e9rica","description":"Taylor Swift hizo historia al llevarse a casa el \u00e1lbum del a\u00f1o por cuarta vez, rompiendo el r\u00e9cord mundial de los Grammy Awards. Y, por si fuera poco, la","robots":{"index":"index","follow":"follow","max-snippet":"max-snippet:-1","max-image-preview":"max-image-preview:large","max-video-preview":"max-video-preview:-1"},"canonical":"https:\/\/graziamagazine.com\/mx\/articles\/quien-es-clara-bow-todo-sobre-la-actriz-nombrada-en-la-nueva-cancion-de-taylor-swift\/","og_locale":"es_MX","og_type":"article","og_title":"\u00bfQui\u00e9n es Clara Bow? Todo sobre la actriz nombrada en la nueva canci\u00f3n de Taylor Swift","og_description":"Taylor Swift hizo historia al llevarse a casa el \u00e1lbum del a\u00f1o por cuarta vez, rompiendo el r\u00e9cord mundial de los Grammy Awards. Y, por si fuera poco, la","og_url":"https:\/\/graziamagazine.com\/mx\/articles\/quien-es-clara-bow-todo-sobre-la-actriz-nombrada-en-la-nueva-cancion-de-taylor-swift\/","og_site_name":"Grazia M\u00e9xico y Latinoam\u00e9rica","article_modified_time":"2024-02-07T16:08:18+00:00","og_image":[{"width":1500,"height":1001,"url":"https:\/\/graziamagazine.com\/mx\/wp-content\/uploads\/sites\/13\/2024\/01\/taylor-swift-golden-globes-style-tout-010724-1fc8a409635740ebbc29ac8fa1f482c0.jpg","type":"image\/jpeg"}],"twitter_card":"summary_large_image","twitter_misc":{"Est. reading time":"2 minutos"},"schema":{"@context":"https:\/\/schema.org","@graph":[{"@type":"WebPage","@id":"https:\/\/graziamagazine.com\/mx\/articles\/quien-es-clara-bow-todo-sobre-la-actriz-nombrada-en-la-nueva-cancion-de-taylor-swift\/","url":"https:\/\/graziamagazine.com\/mx\/articles\/quien-es-clara-bow-todo-sobre-la-actriz-nombrada-en-la-nueva-cancion-de-taylor-swift\/","name":"\u00bfQui\u00e9n es Clara Bow? Todo sobre la actriz nombrada en la nueva canci\u00f3n de Taylor Swift | Grazia M\u00e9xico y Latinoam\u00e9rica","isPartOf":{"@id":"https:\/\/graziamagazine.com\/mx\/#website"},"datePublished":"2024-02-07T02:26:19+00:00","dateModified":"2024-02-07T16:08:18+00:00","description":"Taylor Swift hizo historia al llevarse a casa el \u00e1lbum del a\u00f1o por cuarta vez, rompiendo el r\u00e9cord mundial de los Grammy Awards. Y, por si fuera poco, la","breadcrumb":{"@id":"https:\/\/graziamagazine.com\/mx\/articles\/quien-es-clara-bow-todo-sobre-la-actriz-nombrada-en-la-nueva-cancion-de-taylor-swift\/#breadcrumb"},"inLanguage":"es-MX","potentialAction":[{"@type":"ReadAction","target":["https:\/\/graziamagazine.com\/mx\/articles\/quien-es-clara-bow-todo-sobre-la-actriz-nombrada-en-la-nueva-cancion-de-taylor-swift\/"]}]},{"@type":"BreadcrumbList","@id":"https:\/\/graziamagazine.com\/mx\/articles\/quien-es-clara-bow-todo-sobre-la-actriz-nombrada-en-la-nueva-cancion-de-taylor-swift\/#breadcrumb","itemListElement":[{"@type":"ListItem","position":1,"name":"Home","item":"https:\/\/graziamagazine.com\/mx\/"},{"@type":"ListItem","position":2,"name":"\u00bfQui\u00e9n es Clara Bow? Todo sobre la actriz nombrada en la nueva canci\u00f3n de Taylor Swift"}]},{"@type":"WebSite","@id":"https:\/\/graziamagazine.com\/mx\/#website","url":"https:\/\/graziamagazine.com\/mx\/","name":"Grazia M\u00e9xico y Latinoam\u00e9rica","description":"Grazia es moda, belleza y noticias  de actualidad ","potentialAction":[{"@type":"SearchAction","target":{"@type":"EntryPoint","urlTemplate":"https:\/\/graziamagazine.com\/mx\/?s={search_term_string}"},"query-input":"required name=search_term_string"}],"inLanguage":"es-MX"}]}},"jetpack_sharing_enabled":true,"distributor_meta":false,"distributor_terms":false,"distributor_media":false,"distributor_original_site_name":"Grazia M\u00e9xico y Latinoam\u00e9rica","distributor_original_site_url":"https:\/\/graziamagazine.com\/mx","push-errors":false,"_links":{"self":[{"href":"https:\/\/graziamagazine.com\/mx\/wp-json\/wp\/v2\/articles\/133892"}],"collection":[{"href":"https:\/\/graziamagazine.com\/mx\/wp-json\/wp\/v2\/articles"}],"about":[{"href":"https:\/\/graziamagazine.com\/mx\/wp-json\/wp\/v2\/types\/articles"}],"author":[{"embeddable":true,"href":"https:\/\/graziamagazine.com\/mx\/wp-json\/wp\/v2\/users\/11628"}],"wp:featuredmedia":[{"embeddable":true,"href":"https:\/\/graziamagazine.com\/mx\/wp-json\/wp\/v2\/media\/133005"}],"wp:attachment":[{"href":"https:\/\/graziamagazine.com\/mx\/wp-json\/wp\/v2\/media?parent=133892"}],"wp:term":[{"taxonomy":"category","embeddable":true,"href":"https:\/\/graziamagazine.com\/mx\/wp-json\/wp\/v2\/categories?post=133892"}],"curies":[{"name":"wp","href":"https:\/\/api.w.org\/{rel}","templated":true}]}}