{"id":133556,"date":"2024-01-25T22:05:21","date_gmt":"2024-01-26T03:05:21","guid":{"rendered":"https:\/\/graziamagazine.com\/mx\/?post_type=articles&#038;p=133556"},"modified":"2024-01-25T22:16:50","modified_gmt":"2024-01-26T03:16:50","slug":"la-experiencia-inmersiva-de-john-galliano-en-la-alta-costura-retratos-nocturnos-en-paris","status":"publish","type":"articles","link":"https:\/\/graziamagazine.com\/mx\/articles\/la-experiencia-inmersiva-de-john-galliano-en-la-alta-costura-retratos-nocturnos-en-paris\/","title":{"rendered":"La Experiencia Inmersiva de John Galliano en la Alta Costura: Retratos Nocturnos en Par\u00eds"},"content":{"rendered":"<p>La pasarela de la<strong> Alta Costura<\/strong> de <strong>Maison Margiela Primavera 2024<\/strong> dej\u00f3 al p\u00fablico boquiabierto con su despliegue de creatividad, innovaci\u00f3n y audacia. Encabezado por el visionario John Galliano, la casa de moda francesa llev\u00f3 la moda a nuevas alturas, desafiando las convenciones y presentando una colecci\u00f3n que encapsula la esencia de la vanguardia.<\/p>\n<p>Galliano, conocido por su enfoque innovador y provocador, no decepcion\u00f3 en la presentaci\u00f3n de la colecci\u00f3n Couture Spring 2024. La pasarela fue una obra de arte en s\u00ed misma, con escenograf\u00eda surrealista que complementaba las piezas \u00fanicas que desfilaban.<\/p>\n<div class=\"content-gallery\"><div class=\"gallery-placeholder\"><div class=\"spinner\"><\/div><\/div><span class=\"gallery-pagination\"><\/span><div id=\"gallery-1\" class=\"gallery galleryid-133556 gallery-columns- gallery-size-\"><figure class=\"gallery-item\"><div class=\"gallery-icon landscape\"><img loading=\"lazy\" decoding=\"async\" width=\"700\" height=\"1158\" src=\"https:\/\/graziamagazine.com\/mx\/wp-content\/uploads\/sites\/13\/2024\/01\/Captura-de-Pantalla-2024-01-25-a-las-20.54.18.png\" class=\"lazy\" alt=\"\" \/><\/div><\/figure><figure class=\"gallery-item\"><div class=\"gallery-icon landscape\"><img loading=\"lazy\" decoding=\"async\" width=\"700\" height=\"1158\" src=\"https:\/\/graziamagazine.com\/mx\/wp-content\/uploads\/sites\/13\/2024\/01\/Captura-de-Pantalla-2024-01-25-a-las-20.53.39.png\" class=\"lazy\" alt=\"\" \/><\/div><\/figure><figure class=\"gallery-item\"><div class=\"gallery-icon landscape\"><img loading=\"lazy\" decoding=\"async\" width=\"700\" height=\"1158\" src=\"https:\/\/graziamagazine.com\/mx\/wp-content\/uploads\/sites\/13\/2024\/01\/Captura-de-Pantalla-2024-01-25-a-las-20.53.47.png\" class=\"lazy\" alt=\"\" \/><\/div><\/figure><figure class=\"gallery-item\"><div class=\"gallery-icon landscape\"><img loading=\"lazy\" decoding=\"async\" width=\"700\" height=\"1158\" src=\"https:\/\/graziamagazine.com\/mx\/wp-content\/uploads\/sites\/13\/2024\/01\/Captura-de-Pantalla-2024-01-25-a-las-20.54.09.png\" class=\"lazy\" alt=\"\" \/><\/div><\/figure><figure class=\"gallery-item\"><div class=\"gallery-icon landscape\"><img loading=\"lazy\" decoding=\"async\" width=\"700\" height=\"1158\" src=\"https:\/\/graziamagazine.com\/mx\/wp-content\/uploads\/sites\/13\/2024\/01\/Captura-de-Pantalla-2024-01-25-a-las-20.54.23.png\" class=\"lazy\" alt=\"\" \/><\/div><\/figure><figure class=\"gallery-item\"><div class=\"gallery-icon landscape\"><img loading=\"lazy\" decoding=\"async\" width=\"700\" height=\"1158\" src=\"https:\/\/graziamagazine.com\/mx\/wp-content\/uploads\/sites\/13\/2024\/01\/Captura-de-Pantalla-2024-01-25-a-las-20.54.29.png\" class=\"lazy\" alt=\"\" \/><\/div><\/figure><\/div><\/div>\n<p>La creatividad de Galliano se inspir\u00f3 en los retratos de <strong>Brassai de los a\u00f1os 20 y 30<\/strong>, que capturaban la vida nocturna de los bajos fondos parisinos. Este viaje a trav\u00e9s del tiempo y el espacio se tradujo en una colecci\u00f3n que fusiona la elegancia hist\u00f3rica con la rebeld\u00eda contempor\u00e1nea.<\/p>\n<p>El dise\u00f1ador present\u00f3 una producci\u00f3n que combinaba magistralmente el <strong>cine y el escenario<\/strong>. Los espejos reflejaban im\u00e1genes cinematogr\u00e1ficas de amantes, bailarines y g\u00e1ngsters, creando una narrativa visual \u00fanica.<\/p>\n<p>Los modelos, con cortes audaces, corseter\u00eda extrema y caderas acolchadas, encarnaban personajes enigm\u00e1ticos que paseaban por las <strong>orillas del Sena<\/strong> hasta el club parisino.<\/p>\n<div class=\"content-gallery\"><div class=\"gallery-placeholder\"><div class=\"spinner\"><\/div><\/div><span class=\"gallery-pagination\"><\/span><div id=\"gallery-2\" class=\"gallery galleryid-133556 gallery-columns- gallery-size-\"><figure class=\"gallery-item\"><div class=\"gallery-icon landscape\"><img loading=\"lazy\" decoding=\"async\" width=\"700\" height=\"1158\" src=\"https:\/\/graziamagazine.com\/mx\/wp-content\/uploads\/sites\/13\/2024\/01\/Captura-de-Pantalla-2024-01-25-a-las-20.54.50.png\" class=\"lazy\" alt=\"\" \/><\/div><\/figure><figure class=\"gallery-item\"><div class=\"gallery-icon landscape\"><img loading=\"lazy\" decoding=\"async\" width=\"700\" height=\"1158\" src=\"https:\/\/graziamagazine.com\/mx\/wp-content\/uploads\/sites\/13\/2024\/01\/Captura-de-Pantalla-2024-01-25-a-las-20.54.46.png\" class=\"lazy\" alt=\"\" \/><\/div><\/figure><figure class=\"gallery-item\"><div class=\"gallery-icon landscape\"><img loading=\"lazy\" decoding=\"async\" width=\"700\" height=\"1158\" src=\"https:\/\/graziamagazine.com\/mx\/wp-content\/uploads\/sites\/13\/2024\/01\/Captura-de-Pantalla-2024-01-25-a-las-20.54.54.png\" class=\"lazy\" alt=\"\" \/><\/div><\/figure><figure class=\"gallery-item\"><div class=\"gallery-icon landscape\"><img loading=\"lazy\" decoding=\"async\" width=\"700\" height=\"1158\" src=\"https:\/\/graziamagazine.com\/mx\/wp-content\/uploads\/sites\/13\/2024\/01\/Captura-de-Pantalla-2024-01-25-a-las-20.54.59.png\" class=\"lazy\" alt=\"\" \/><\/div><\/figure><figure class=\"gallery-item\"><div class=\"gallery-icon landscape\"><img loading=\"lazy\" decoding=\"async\" width=\"700\" height=\"1158\" src=\"https:\/\/graziamagazine.com\/mx\/wp-content\/uploads\/sites\/13\/2024\/01\/Captura-de-Pantalla-2024-01-25-a-las-20.55.03.png\" class=\"lazy\" alt=\"\" \/><\/div><\/figure><figure class=\"gallery-item\"><div class=\"gallery-icon landscape\"><img loading=\"lazy\" decoding=\"async\" width=\"700\" height=\"1158\" src=\"https:\/\/graziamagazine.com\/mx\/wp-content\/uploads\/sites\/13\/2024\/01\/Captura-de-Pantalla-2024-01-25-a-las-20.55.08.png\" class=\"lazy\" alt=\"\" \/><\/div><\/figure><\/div><\/div>\n<p>El director creativo desafi\u00f3 las convenciones de la moda con detalles provocativos. Algunos vestidos revelaban sutilmente vello p\u00fabico a trav\u00e9s de tul y encaje, provocando controversia y desencadenando debates sobre los l\u00edmites de la expresi\u00f3n art\u00edstica en la moda.<\/p>\n<p>Las t\u00e9cnicas innovadoras y las prendas transformadas en aut\u00e9nticas obras de arte demostraron la maestr\u00eda del dise\u00f1ador.<\/p>\n<p>La atenci\u00f3n al detalle fue excepcional en cada prenda. Los tejidos innovadores se mezclaron con elementos cl\u00e1sicos, creando una fusi\u00f3n \u00fanica de lo antiguo y lo nuevo. Desde telas lujosas hasta <strong>textiles tecnol\u00f3gicos<\/strong>, Maison Margiela llev\u00f3 la artesan\u00eda a nuevas alturas.<\/p>\n<div class=\"content-gallery\"><div class=\"gallery-placeholder\"><div class=\"spinner\"><\/div><\/div><span class=\"gallery-pagination\"><\/span><div id=\"gallery-3\" class=\"gallery galleryid-133556 gallery-columns- gallery-size-\"><figure class=\"gallery-item\"><div class=\"gallery-icon landscape\"><img loading=\"lazy\" decoding=\"async\" width=\"700\" height=\"1158\" src=\"https:\/\/graziamagazine.com\/mx\/wp-content\/uploads\/sites\/13\/2024\/01\/Captura-de-Pantalla-2024-01-25-a-las-20.55.12.png\" class=\"lazy\" alt=\"\" \/><\/div><\/figure><figure class=\"gallery-item\"><div class=\"gallery-icon landscape\"><img loading=\"lazy\" decoding=\"async\" width=\"700\" height=\"1158\" src=\"https:\/\/graziamagazine.com\/mx\/wp-content\/uploads\/sites\/13\/2024\/01\/Captura-de-Pantalla-2024-01-25-a-las-20.54.40.png\" class=\"lazy\" alt=\"\" \/><\/div><\/figure><figure class=\"gallery-item\"><div class=\"gallery-icon landscape\"><img loading=\"lazy\" decoding=\"async\" width=\"700\" height=\"1158\" src=\"https:\/\/graziamagazine.com\/mx\/wp-content\/uploads\/sites\/13\/2024\/01\/Captura-de-Pantalla-2024-01-25-a-las-20.55.17.png\" class=\"lazy\" alt=\"\" \/><\/div><\/figure><figure class=\"gallery-item\"><div class=\"gallery-icon landscape\"><img loading=\"lazy\" decoding=\"async\" width=\"700\" height=\"1158\" src=\"https:\/\/graziamagazine.com\/mx\/wp-content\/uploads\/sites\/13\/2024\/01\/Captura-de-Pantalla-2024-01-25-a-las-20.55.22.png\" class=\"lazy\" alt=\"\" \/><\/div><\/figure><figure class=\"gallery-item\"><div class=\"gallery-icon landscape\"><img loading=\"lazy\" decoding=\"async\" width=\"700\" height=\"1158\" src=\"https:\/\/graziamagazine.com\/mx\/wp-content\/uploads\/sites\/13\/2024\/01\/Captura-de-Pantalla-2024-01-25-a-las-20.55.38.png\" class=\"lazy\" alt=\"\" \/><\/div><\/figure><figure class=\"gallery-item\"><div class=\"gallery-icon landscape\"><img loading=\"lazy\" decoding=\"async\" width=\"700\" height=\"1158\" src=\"https:\/\/graziamagazine.com\/mx\/wp-content\/uploads\/sites\/13\/2024\/01\/Captura-de-Pantalla-2024-01-25-a-las-20.55.44.png\" class=\"lazy\" alt=\"\" \/><\/div><\/figure><\/div><\/div>\n<p>Los detalles intrincados, como pliegues, volantes y bordados a mano, demostraron la habilidad artesanal del equipo de dise\u00f1o. Los accesorios no se quedaron atr\u00e1s, con tocados extravagante que a\u00f1ad\u00edan un toque de teatralidad a la presentaci\u00f3n.<\/p>\n<p>La Alta Costura de John Galliano para esta temporada es m\u00e1s que una colecci\u00f3n; es una<strong> experiencia inmersiva<\/strong> que <strong>fusiona el arte, el teatro y la moda.<\/strong><\/p>\n<div class=\"content-gallery\"><div class=\"gallery-placeholder\"><div class=\"spinner\"><\/div><\/div><span class=\"gallery-pagination\"><\/span><div id=\"gallery-4\" class=\"gallery galleryid-133556 gallery-columns- gallery-size-\"><figure class=\"gallery-item\"><div class=\"gallery-icon landscape\"><img loading=\"lazy\" decoding=\"async\" width=\"700\" height=\"1158\" src=\"https:\/\/graziamagazine.com\/mx\/wp-content\/uploads\/sites\/13\/2024\/01\/Captura-de-Pantalla-2024-01-25-a-las-20.55.55.png\" class=\"lazy\" alt=\"\" \/><\/div><\/figure><figure class=\"gallery-item\"><div class=\"gallery-icon landscape\"><img loading=\"lazy\" decoding=\"async\" width=\"700\" height=\"1158\" src=\"https:\/\/graziamagazine.com\/mx\/wp-content\/uploads\/sites\/13\/2024\/01\/Captura-de-Pantalla-2024-01-25-a-las-20.55.38.png\" class=\"lazy\" alt=\"\" \/><\/div><\/figure><figure class=\"gallery-item\"><div class=\"gallery-icon landscape\"><img loading=\"lazy\" decoding=\"async\" width=\"700\" height=\"1158\" src=\"https:\/\/graziamagazine.com\/mx\/wp-content\/uploads\/sites\/13\/2024\/01\/Captura-de-Pantalla-2024-01-25-a-las-20.55.44.png\" class=\"lazy\" alt=\"\" \/><\/div><\/figure><figure class=\"gallery-item\"><div class=\"gallery-icon landscape\"><img loading=\"lazy\" decoding=\"async\" width=\"700\" height=\"1158\" src=\"https:\/\/graziamagazine.com\/mx\/wp-content\/uploads\/sites\/13\/2024\/01\/Captura-de-Pantalla-2024-01-25-a-las-20.55.49.png\" class=\"lazy\" alt=\"\" \/><\/div><\/figure><\/div><\/div>\n<p>La provocaci\u00f3n y la maestr\u00eda t\u00e9cnica se entrelazan para crear una noche m\u00e1gica en la que la moda trasciende las expectativas. La obra maestra de Galliano se erige como un testimonio del poder transformador de la moda cuando est\u00e1 en manos de un visionario.<\/p>\n<p>Este evento no solo dejar\u00e1 su huella en la historia de la moda, sino que tambi\u00e9n desafiar\u00e1 la percepci\u00f3n convencional de la expresi\u00f3n creativa en la pasarela.<\/p>\n<p><em><strong>*IMAGEN: Instagram<\/strong><\/em><\/p>\n","protected":false},"author":28953,"featured_media":133578,"template":"","format":"standard","categories":[4],"acf":[],"yoast_head":"<!-- This site is optimized with the Yoast SEO Premium plugin v18.5 (Yoast SEO v20.4) - https:\/\/yoast.com\/wordpress\/plugins\/seo\/ -->\n<title>La Experiencia Inmersiva de John Galliano en la Alta Costura: Retratos Nocturnos en Par\u00eds<\/title>\n<meta name=\"description\" content=\"Maison Margiela Couture Spring 2024 no fue simplemente una exhibici\u00f3n de moda; fue una declaraci\u00f3n art\u00edstica que desaf\u00eda las expectativas y redefine los l\u00edmites de la creatividad en la alta costura.\" \/>\n<meta name=\"robots\" content=\"index, follow, max-snippet:-1, max-image-preview:large, max-video-preview:-1\" \/>\n<link rel=\"canonical\" href=\"https:\/\/graziamagazine.com\/mx\/articles\/la-experiencia-inmersiva-de-john-galliano-en-la-alta-costura-retratos-nocturnos-en-paris\/\" \/>\n<meta property=\"og:locale\" content=\"es_MX\" \/>\n<meta property=\"og:type\" content=\"article\" \/>\n<meta property=\"og:title\" content=\"La Experiencia Inmersiva de John Galliano en la Alta Costura: Retratos Nocturnos en Par\u00eds\" \/>\n<meta property=\"og:description\" content=\"Maison Margiela Couture Spring 2024 no fue simplemente una exhibici\u00f3n de moda; fue una declaraci\u00f3n art\u00edstica que desaf\u00eda las expectativas y redefine los l\u00edmites de la creatividad en la alta costura.\" \/>\n<meta property=\"og:url\" content=\"https:\/\/graziamagazine.com\/mx\/articles\/la-experiencia-inmersiva-de-john-galliano-en-la-alta-costura-retratos-nocturnos-en-paris\/\" \/>\n<meta property=\"og:site_name\" content=\"Grazia M\u00e9xico y Latinoam\u00e9rica\" \/>\n<meta property=\"article:modified_time\" content=\"2024-01-26T03:16:50+00:00\" \/>\n<meta property=\"og:image\" content=\"https:\/\/graziamagazine.com\/mx\/wp-content\/uploads\/sites\/13\/2024\/01\/GettyImages-1961072913.jpg\" \/>\n\t<meta property=\"og:image:width\" content=\"1024\" \/>\n\t<meta property=\"og:image:height\" content=\"683\" \/>\n\t<meta property=\"og:image:type\" content=\"image\/jpeg\" \/>\n<meta name=\"twitter:card\" content=\"summary_large_image\" \/>\n<meta name=\"twitter:label1\" content=\"Est. reading time\" \/>\n\t<meta name=\"twitter:data1\" content=\"2 minutos\" \/>\n<script type=\"application\/ld+json\" class=\"yoast-schema-graph\">{\"@context\":\"https:\/\/schema.org\",\"@graph\":[{\"@type\":\"WebPage\",\"@id\":\"https:\/\/graziamagazine.com\/mx\/articles\/la-experiencia-inmersiva-de-john-galliano-en-la-alta-costura-retratos-nocturnos-en-paris\/\",\"url\":\"https:\/\/graziamagazine.com\/mx\/articles\/la-experiencia-inmersiva-de-john-galliano-en-la-alta-costura-retratos-nocturnos-en-paris\/\",\"name\":\"La Experiencia Inmersiva de John Galliano en la Alta Costura: Retratos Nocturnos en Par\u00eds\",\"isPartOf\":{\"@id\":\"https:\/\/graziamagazine.com\/mx\/#website\"},\"datePublished\":\"2024-01-26T03:05:21+00:00\",\"dateModified\":\"2024-01-26T03:16:50+00:00\",\"description\":\"Maison Margiela Couture Spring 2024 no fue simplemente una exhibici\u00f3n de moda; fue una declaraci\u00f3n art\u00edstica que desaf\u00eda las expectativas y redefine los l\u00edmites de la creatividad en la alta costura.\",\"breadcrumb\":{\"@id\":\"https:\/\/graziamagazine.com\/mx\/articles\/la-experiencia-inmersiva-de-john-galliano-en-la-alta-costura-retratos-nocturnos-en-paris\/#breadcrumb\"},\"inLanguage\":\"es-MX\",\"potentialAction\":[{\"@type\":\"ReadAction\",\"target\":[\"https:\/\/graziamagazine.com\/mx\/articles\/la-experiencia-inmersiva-de-john-galliano-en-la-alta-costura-retratos-nocturnos-en-paris\/\"]}]},{\"@type\":\"BreadcrumbList\",\"@id\":\"https:\/\/graziamagazine.com\/mx\/articles\/la-experiencia-inmersiva-de-john-galliano-en-la-alta-costura-retratos-nocturnos-en-paris\/#breadcrumb\",\"itemListElement\":[{\"@type\":\"ListItem\",\"position\":1,\"name\":\"Home\",\"item\":\"https:\/\/graziamagazine.com\/mx\/\"},{\"@type\":\"ListItem\",\"position\":2,\"name\":\"La Experiencia Inmersiva de John Galliano en la Alta Costura: Retratos Nocturnos en Par\u00eds\"}]},{\"@type\":\"WebSite\",\"@id\":\"https:\/\/graziamagazine.com\/mx\/#website\",\"url\":\"https:\/\/graziamagazine.com\/mx\/\",\"name\":\"Grazia M\u00e9xico y Latinoam\u00e9rica\",\"description\":\"Grazia es moda, belleza y noticias  de actualidad \",\"potentialAction\":[{\"@type\":\"SearchAction\",\"target\":{\"@type\":\"EntryPoint\",\"urlTemplate\":\"https:\/\/graziamagazine.com\/mx\/?s={search_term_string}\"},\"query-input\":\"required name=search_term_string\"}],\"inLanguage\":\"es-MX\"}]}<\/script>\n<!-- \/ Yoast SEO Premium plugin. -->","yoast_head_json":{"title":"La Experiencia Inmersiva de John Galliano en la Alta Costura: Retratos Nocturnos en Par\u00eds","description":"Maison Margiela Couture Spring 2024 no fue simplemente una exhibici\u00f3n de moda; fue una declaraci\u00f3n art\u00edstica que desaf\u00eda las expectativas y redefine los l\u00edmites de la creatividad en la alta costura.","robots":{"index":"index","follow":"follow","max-snippet":"max-snippet:-1","max-image-preview":"max-image-preview:large","max-video-preview":"max-video-preview:-1"},"canonical":"https:\/\/graziamagazine.com\/mx\/articles\/la-experiencia-inmersiva-de-john-galliano-en-la-alta-costura-retratos-nocturnos-en-paris\/","og_locale":"es_MX","og_type":"article","og_title":"La Experiencia Inmersiva de John Galliano en la Alta Costura: Retratos Nocturnos en Par\u00eds","og_description":"Maison Margiela Couture Spring 2024 no fue simplemente una exhibici\u00f3n de moda; fue una declaraci\u00f3n art\u00edstica que desaf\u00eda las expectativas y redefine los l\u00edmites de la creatividad en la alta costura.","og_url":"https:\/\/graziamagazine.com\/mx\/articles\/la-experiencia-inmersiva-de-john-galliano-en-la-alta-costura-retratos-nocturnos-en-paris\/","og_site_name":"Grazia M\u00e9xico y Latinoam\u00e9rica","article_modified_time":"2024-01-26T03:16:50+00:00","og_image":[{"url":"https:\/\/graziamagazine.com\/mx\/wp-content\/uploads\/sites\/13\/2024\/01\/GettyImages-1961072913.jpg","width":1024,"height":683,"type":"image\/jpeg"}],"twitter_card":"summary_large_image","twitter_misc":{"Est. reading time":"2 minutos"},"schema":{"@context":"https:\/\/schema.org","@graph":[{"@type":"WebPage","@id":"https:\/\/graziamagazine.com\/mx\/articles\/la-experiencia-inmersiva-de-john-galliano-en-la-alta-costura-retratos-nocturnos-en-paris\/","url":"https:\/\/graziamagazine.com\/mx\/articles\/la-experiencia-inmersiva-de-john-galliano-en-la-alta-costura-retratos-nocturnos-en-paris\/","name":"La Experiencia Inmersiva de John Galliano en la Alta Costura: Retratos Nocturnos en Par\u00eds","isPartOf":{"@id":"https:\/\/graziamagazine.com\/mx\/#website"},"datePublished":"2024-01-26T03:05:21+00:00","dateModified":"2024-01-26T03:16:50+00:00","description":"Maison Margiela Couture Spring 2024 no fue simplemente una exhibici\u00f3n de moda; fue una declaraci\u00f3n art\u00edstica que desaf\u00eda las expectativas y redefine los l\u00edmites de la creatividad en la alta costura.","breadcrumb":{"@id":"https:\/\/graziamagazine.com\/mx\/articles\/la-experiencia-inmersiva-de-john-galliano-en-la-alta-costura-retratos-nocturnos-en-paris\/#breadcrumb"},"inLanguage":"es-MX","potentialAction":[{"@type":"ReadAction","target":["https:\/\/graziamagazine.com\/mx\/articles\/la-experiencia-inmersiva-de-john-galliano-en-la-alta-costura-retratos-nocturnos-en-paris\/"]}]},{"@type":"BreadcrumbList","@id":"https:\/\/graziamagazine.com\/mx\/articles\/la-experiencia-inmersiva-de-john-galliano-en-la-alta-costura-retratos-nocturnos-en-paris\/#breadcrumb","itemListElement":[{"@type":"ListItem","position":1,"name":"Home","item":"https:\/\/graziamagazine.com\/mx\/"},{"@type":"ListItem","position":2,"name":"La Experiencia Inmersiva de John Galliano en la Alta Costura: Retratos Nocturnos en Par\u00eds"}]},{"@type":"WebSite","@id":"https:\/\/graziamagazine.com\/mx\/#website","url":"https:\/\/graziamagazine.com\/mx\/","name":"Grazia M\u00e9xico y Latinoam\u00e9rica","description":"Grazia es moda, belleza y noticias  de actualidad ","potentialAction":[{"@type":"SearchAction","target":{"@type":"EntryPoint","urlTemplate":"https:\/\/graziamagazine.com\/mx\/?s={search_term_string}"},"query-input":"required name=search_term_string"}],"inLanguage":"es-MX"}]}},"jetpack_sharing_enabled":true,"distributor_meta":false,"distributor_terms":false,"distributor_media":false,"distributor_original_site_name":"Grazia M\u00e9xico y Latinoam\u00e9rica","distributor_original_site_url":"https:\/\/graziamagazine.com\/mx","push-errors":false,"_links":{"self":[{"href":"https:\/\/graziamagazine.com\/mx\/wp-json\/wp\/v2\/articles\/133556"}],"collection":[{"href":"https:\/\/graziamagazine.com\/mx\/wp-json\/wp\/v2\/articles"}],"about":[{"href":"https:\/\/graziamagazine.com\/mx\/wp-json\/wp\/v2\/types\/articles"}],"author":[{"embeddable":true,"href":"https:\/\/graziamagazine.com\/mx\/wp-json\/wp\/v2\/users\/28953"}],"wp:featuredmedia":[{"embeddable":true,"href":"https:\/\/graziamagazine.com\/mx\/wp-json\/wp\/v2\/media\/133578"}],"wp:attachment":[{"href":"https:\/\/graziamagazine.com\/mx\/wp-json\/wp\/v2\/media?parent=133556"}],"wp:term":[{"taxonomy":"category","embeddable":true,"href":"https:\/\/graziamagazine.com\/mx\/wp-json\/wp\/v2\/categories?post=133556"}],"curies":[{"name":"wp","href":"https:\/\/api.w.org\/{rel}","templated":true}]}}