{"id":133367,"date":"2024-01-23T13:46:39","date_gmt":"2024-01-23T18:46:39","guid":{"rendered":"https:\/\/graziamagazine.com\/mx\/?post_type=articles&#038;p=133367"},"modified":"2024-01-23T15:21:44","modified_gmt":"2024-01-23T20:21:44","slug":"kate-del-castillo-se-convertira-en-chavela-vargas-en-serie-biografica","status":"publish","type":"articles","link":"https:\/\/graziamagazine.com\/mx\/articles\/kate-del-castillo-se-convertira-en-chavela-vargas-en-serie-biografica\/","title":{"rendered":"Kate del Castillo se convertir\u00e1 en Chavela Vargas en serie biogr\u00e1fica"},"content":{"rendered":"<p><span style=\"font-weight: 400\"><strong>Kate del Castillo<\/strong> se prepara para convertirse en la famosa cantante <strong>Chavela Vargas<\/strong>, en la pr\u00f3xima bioserie sobre la ic\u00f3nica cantante de m\u00fasica popular mexicana, su tumultuosa vida y su exitosa carrera musical.<\/span><\/p>\n<p><span style=\"font-weight: 400\">La serie sobre la legendaria cantante nacida en Costa Rica que se enamor\u00f3 de M\u00e9xico y se consideraba mexicana, es producida por Caracol Televisi\u00f3n de Colombia y la empresa independiente Miracol Media.<\/span><\/p>\n<p><span style=\"font-weight: 400\">\u201cKate se transformar\u00e1 en Vargas, la m\u00edtica mujer del poncho rojo, que rechaz\u00f3 audazmente las convenciones de su \u00e9poca, allanando el camino para un viaje \u00fanico y disruptivo en el panorama de la m\u00fasica popular mexicana\u201d, se lee en el comunicado sobre la serie.<\/span><\/p>\n<p><span style=\"font-weight: 400\">\u201cSu batalla interna contra los demonios personales, la angustia y el alcoholismo la impulsaron a convertirse en una pionera, subiendo al escenario para cantar canciones mexicanas con un jorongo, el poncho tradicional mexicano, y pantalones. Con una guitarra presionada contra su coraz\u00f3n, un tequila en la mano y una pistola enfundada en su cintur\u00f3n, hipnotiz\u00f3 al p\u00fablico, cautivando tanto a hombres como a mujeres\u201d, a\u00f1ade.<\/span><\/p>\n<p><img loading=\"lazy\" decoding=\"async\" class=\"alignnone wp-image-133368 size-large\" src=\"https:\/\/graziamagazine.com\/mx\/wp-content\/uploads\/sites\/13\/2024\/01\/Captura-de-Pantalla-2024-01-23-a-las-11.48.56.png?w=511\" alt=\"\" width=\"511\" height=\"313\" \/><\/p>\n<p><span style=\"font-weight: 400\">\u201cSal\u00ed del infierno, pero lo hice cantando\u201d, dijo Chavela una vez. A sus 88 a\u00f1os recibi\u00f3 un <strong>Grammy Latino<\/strong> y, cuando la criticaron por no ser mexicana, respondi\u00f3: \u201cLos mexicanos nacemos donde nos da la gana\u201d, de ah\u00ed la famosa frase que seguramente has escuchado.<\/span><\/p>\n<p><span style=\"font-weight: 400\">Chavela Vargas muri\u00f3 en Cuernavaca a los 93 a\u00f1os.<\/span><\/p>\n<p><span style=\"font-weight: 400\">\u201cEs un honor y un gran desaf\u00edo tener la oportunidad de retratar a una mujer tan femenina como Chavela Vargas, un personaje lleno de contradicciones y matices. Eso es lo que busco, como actriz me apasiona su vida y su amor por M\u00e9xico, las diferentes etapas de su vida, lo bueno, lo malo y lo peor. Su poes\u00eda y esoterismo. Me parecen fascinantes, junto con su amor y pasi\u00f3n por el tequila. Me da miedo y por eso lo acept\u00e9. Hay mucho que aprender de Chavela, empezando por su libertad\u201d, dijo <a href=\"https:\/\/graziamagazine.com\/mx\/articles\/la-reina-del-sur-gana-el-emmy-a-la-serie-de-habla-no-inglesa\/\">Kate<\/a> sobre su futura interpretaci\u00f3n.<\/span><\/p>\n<p><span style=\"font-weight: 400\"><strong>Arantxa Echevarr\u00eda<\/strong>, ganadora del Premio Goya a la mejor direcci\u00f3n revelaci\u00f3n, escribir\u00e1 y presentar\u00e1 la serie de 8 episodios, que est\u00e1 basada en la biograf\u00eda <\/span><strong><i>Dos Vidas Necesito. Las Verdades de Chavela<\/i>, de Mar\u00eda Cortina.\u00a0<\/strong><\/p>\n<p><span style=\"font-weight: 400\">\u201cEs un viaje hacia un alma libre y salvaje que grita y se asfixia al mismo tiempo. Una vida tan interesante que cuando llega a su fin, quieres seguir vivi\u00e9ndola. Para m\u00ed Chavela significa libertad\u201d, dijo Echevarr\u00eda.<\/span><\/p>\n<p><span style=\"font-weight: 400\">La producci\u00f3n planea recrear la vida de la cantante en tres \u00e9pocas: M\u00e9xico durante la segunda mitad del siglo XX, los a\u00f1os 20 en su natal Costa Rica y el Madrid de los 90.<\/span><\/p>\n","protected":false},"author":11628,"featured_media":133369,"template":"","format":"standard","categories":[12517],"acf":[],"yoast_head":"<!-- This site is optimized with the Yoast SEO Premium plugin v18.5 (Yoast SEO v20.4) - https:\/\/yoast.com\/wordpress\/plugins\/seo\/ -->\n<title>Kate del Castillo se convertir\u00e1 en Chavela Vargas en serie biogr\u00e1fica | Grazia M\u00e9xico y Latinoam\u00e9rica<\/title>\n<meta name=\"description\" content=\"Kate del Castillo se prepara para convertirse en la famosa cantante Chavela Vargas, en la pr\u00f3xima bioserie sobre la ic\u00f3nica cantante de m\u00fasica popular\" \/>\n<meta name=\"robots\" content=\"index, follow, max-snippet:-1, max-image-preview:large, max-video-preview:-1\" \/>\n<link rel=\"canonical\" href=\"https:\/\/graziamagazine.com\/mx\/articles\/kate-del-castillo-se-convertira-en-chavela-vargas-en-serie-biografica\/\" \/>\n<meta property=\"og:locale\" content=\"es_MX\" \/>\n<meta property=\"og:type\" content=\"article\" \/>\n<meta property=\"og:title\" content=\"Kate del Castillo se convertir\u00e1 en Chavela Vargas en serie biogr\u00e1fica\" \/>\n<meta property=\"og:description\" content=\"Kate del Castillo se prepara para convertirse en la famosa cantante Chavela Vargas, en la pr\u00f3xima bioserie sobre la ic\u00f3nica cantante de m\u00fasica popular\" \/>\n<meta property=\"og:url\" content=\"https:\/\/graziamagazine.com\/mx\/articles\/kate-del-castillo-se-convertira-en-chavela-vargas-en-serie-biografica\/\" \/>\n<meta property=\"og:site_name\" content=\"Grazia M\u00e9xico y Latinoam\u00e9rica\" \/>\n<meta property=\"article:modified_time\" content=\"2024-01-23T20:21:44+00:00\" \/>\n<meta property=\"og:image\" content=\"https:\/\/graziamagazine.com\/mx\/wp-content\/uploads\/sites\/13\/2024\/01\/Captura-de-Pantalla-2024-01-23-a-las-11.20.39.png\" \/>\n\t<meta property=\"og:image:width\" content=\"771\" \/>\n\t<meta property=\"og:image:height\" content=\"430\" \/>\n\t<meta property=\"og:image:type\" content=\"image\/png\" \/>\n<meta name=\"twitter:card\" content=\"summary_large_image\" \/>\n<meta name=\"twitter:label1\" content=\"Est. reading time\" \/>\n\t<meta name=\"twitter:data1\" content=\"3 minutos\" \/>\n<script type=\"application\/ld+json\" class=\"yoast-schema-graph\">{\"@context\":\"https:\/\/schema.org\",\"@graph\":[{\"@type\":\"WebPage\",\"@id\":\"https:\/\/graziamagazine.com\/mx\/articles\/kate-del-castillo-se-convertira-en-chavela-vargas-en-serie-biografica\/\",\"url\":\"https:\/\/graziamagazine.com\/mx\/articles\/kate-del-castillo-se-convertira-en-chavela-vargas-en-serie-biografica\/\",\"name\":\"Kate del Castillo se convertir\u00e1 en Chavela Vargas en serie biogr\u00e1fica | Grazia M\u00e9xico y Latinoam\u00e9rica\",\"isPartOf\":{\"@id\":\"https:\/\/graziamagazine.com\/mx\/#website\"},\"datePublished\":\"2024-01-23T18:46:39+00:00\",\"dateModified\":\"2024-01-23T20:21:44+00:00\",\"description\":\"Kate del Castillo se prepara para convertirse en la famosa cantante Chavela Vargas, en la pr\u00f3xima bioserie sobre la ic\u00f3nica cantante de m\u00fasica popular\",\"breadcrumb\":{\"@id\":\"https:\/\/graziamagazine.com\/mx\/articles\/kate-del-castillo-se-convertira-en-chavela-vargas-en-serie-biografica\/#breadcrumb\"},\"inLanguage\":\"es-MX\",\"potentialAction\":[{\"@type\":\"ReadAction\",\"target\":[\"https:\/\/graziamagazine.com\/mx\/articles\/kate-del-castillo-se-convertira-en-chavela-vargas-en-serie-biografica\/\"]}]},{\"@type\":\"BreadcrumbList\",\"@id\":\"https:\/\/graziamagazine.com\/mx\/articles\/kate-del-castillo-se-convertira-en-chavela-vargas-en-serie-biografica\/#breadcrumb\",\"itemListElement\":[{\"@type\":\"ListItem\",\"position\":1,\"name\":\"Home\",\"item\":\"https:\/\/graziamagazine.com\/mx\/\"},{\"@type\":\"ListItem\",\"position\":2,\"name\":\"Kate del Castillo se convertir\u00e1 en Chavela Vargas en serie biogr\u00e1fica\"}]},{\"@type\":\"WebSite\",\"@id\":\"https:\/\/graziamagazine.com\/mx\/#website\",\"url\":\"https:\/\/graziamagazine.com\/mx\/\",\"name\":\"Grazia M\u00e9xico y Latinoam\u00e9rica\",\"description\":\"Grazia es moda, belleza y noticias  de actualidad \",\"potentialAction\":[{\"@type\":\"SearchAction\",\"target\":{\"@type\":\"EntryPoint\",\"urlTemplate\":\"https:\/\/graziamagazine.com\/mx\/?s={search_term_string}\"},\"query-input\":\"required name=search_term_string\"}],\"inLanguage\":\"es-MX\"}]}<\/script>\n<!-- \/ Yoast SEO Premium plugin. -->","yoast_head_json":{"title":"Kate del Castillo se convertir\u00e1 en Chavela Vargas en serie biogr\u00e1fica | Grazia M\u00e9xico y Latinoam\u00e9rica","description":"Kate del Castillo se prepara para convertirse en la famosa cantante Chavela Vargas, en la pr\u00f3xima bioserie sobre la ic\u00f3nica cantante de m\u00fasica popular","robots":{"index":"index","follow":"follow","max-snippet":"max-snippet:-1","max-image-preview":"max-image-preview:large","max-video-preview":"max-video-preview:-1"},"canonical":"https:\/\/graziamagazine.com\/mx\/articles\/kate-del-castillo-se-convertira-en-chavela-vargas-en-serie-biografica\/","og_locale":"es_MX","og_type":"article","og_title":"Kate del Castillo se convertir\u00e1 en Chavela Vargas en serie biogr\u00e1fica","og_description":"Kate del Castillo se prepara para convertirse en la famosa cantante Chavela Vargas, en la pr\u00f3xima bioserie sobre la ic\u00f3nica cantante de m\u00fasica popular","og_url":"https:\/\/graziamagazine.com\/mx\/articles\/kate-del-castillo-se-convertira-en-chavela-vargas-en-serie-biografica\/","og_site_name":"Grazia M\u00e9xico y Latinoam\u00e9rica","article_modified_time":"2024-01-23T20:21:44+00:00","og_image":[{"width":771,"height":430,"url":"https:\/\/graziamagazine.com\/mx\/wp-content\/uploads\/sites\/13\/2024\/01\/Captura-de-Pantalla-2024-01-23-a-las-11.20.39.png","type":"image\/png"}],"twitter_card":"summary_large_image","twitter_misc":{"Est. reading time":"3 minutos"},"schema":{"@context":"https:\/\/schema.org","@graph":[{"@type":"WebPage","@id":"https:\/\/graziamagazine.com\/mx\/articles\/kate-del-castillo-se-convertira-en-chavela-vargas-en-serie-biografica\/","url":"https:\/\/graziamagazine.com\/mx\/articles\/kate-del-castillo-se-convertira-en-chavela-vargas-en-serie-biografica\/","name":"Kate del Castillo se convertir\u00e1 en Chavela Vargas en serie biogr\u00e1fica | Grazia M\u00e9xico y Latinoam\u00e9rica","isPartOf":{"@id":"https:\/\/graziamagazine.com\/mx\/#website"},"datePublished":"2024-01-23T18:46:39+00:00","dateModified":"2024-01-23T20:21:44+00:00","description":"Kate del Castillo se prepara para convertirse en la famosa cantante Chavela Vargas, en la pr\u00f3xima bioserie sobre la ic\u00f3nica cantante de m\u00fasica popular","breadcrumb":{"@id":"https:\/\/graziamagazine.com\/mx\/articles\/kate-del-castillo-se-convertira-en-chavela-vargas-en-serie-biografica\/#breadcrumb"},"inLanguage":"es-MX","potentialAction":[{"@type":"ReadAction","target":["https:\/\/graziamagazine.com\/mx\/articles\/kate-del-castillo-se-convertira-en-chavela-vargas-en-serie-biografica\/"]}]},{"@type":"BreadcrumbList","@id":"https:\/\/graziamagazine.com\/mx\/articles\/kate-del-castillo-se-convertira-en-chavela-vargas-en-serie-biografica\/#breadcrumb","itemListElement":[{"@type":"ListItem","position":1,"name":"Home","item":"https:\/\/graziamagazine.com\/mx\/"},{"@type":"ListItem","position":2,"name":"Kate del Castillo se convertir\u00e1 en Chavela Vargas en serie biogr\u00e1fica"}]},{"@type":"WebSite","@id":"https:\/\/graziamagazine.com\/mx\/#website","url":"https:\/\/graziamagazine.com\/mx\/","name":"Grazia M\u00e9xico y Latinoam\u00e9rica","description":"Grazia es moda, belleza y noticias  de actualidad ","potentialAction":[{"@type":"SearchAction","target":{"@type":"EntryPoint","urlTemplate":"https:\/\/graziamagazine.com\/mx\/?s={search_term_string}"},"query-input":"required name=search_term_string"}],"inLanguage":"es-MX"}]}},"jetpack_sharing_enabled":true,"distributor_meta":false,"distributor_terms":false,"distributor_media":false,"distributor_original_site_name":"Grazia M\u00e9xico y Latinoam\u00e9rica","distributor_original_site_url":"https:\/\/graziamagazine.com\/mx","push-errors":false,"_links":{"self":[{"href":"https:\/\/graziamagazine.com\/mx\/wp-json\/wp\/v2\/articles\/133367"}],"collection":[{"href":"https:\/\/graziamagazine.com\/mx\/wp-json\/wp\/v2\/articles"}],"about":[{"href":"https:\/\/graziamagazine.com\/mx\/wp-json\/wp\/v2\/types\/articles"}],"author":[{"embeddable":true,"href":"https:\/\/graziamagazine.com\/mx\/wp-json\/wp\/v2\/users\/11628"}],"wp:featuredmedia":[{"embeddable":true,"href":"https:\/\/graziamagazine.com\/mx\/wp-json\/wp\/v2\/media\/133369"}],"wp:attachment":[{"href":"https:\/\/graziamagazine.com\/mx\/wp-json\/wp\/v2\/media?parent=133367"}],"wp:term":[{"taxonomy":"category","embeddable":true,"href":"https:\/\/graziamagazine.com\/mx\/wp-json\/wp\/v2\/categories?post=133367"}],"curies":[{"name":"wp","href":"https:\/\/api.w.org\/{rel}","templated":true}]}}