{"id":133318,"date":"2024-01-22T18:42:47","date_gmt":"2024-01-22T23:42:47","guid":{"rendered":"https:\/\/graziamagazine.com\/mx\/?post_type=articles&#038;p=133318"},"modified":"2024-01-23T15:20:57","modified_gmt":"2024-01-23T20:20:57","slug":"enzo-vogrincic-damos-detalles-protagonista-sociedad-de-la-nieve","status":"publish","type":"articles","link":"https:\/\/graziamagazine.com\/mx\/articles\/enzo-vogrincic-damos-detalles-protagonista-sociedad-de-la-nieve\/","title":{"rendered":"Enzo Vogrincic: te damos todos los detalles del protagonista de La sociedad de la nieve"},"content":{"rendered":"<p>El uruguayo<strong> Enzo Vogrincic<\/strong> es uno de los actores del momento. Su papel en <em><strong>La sociedad de la nieve<\/strong><\/em> lo ha lanzado a la fama mundial y a pesar de su corta carrera, su talento ha conquistado al p\u00fablico en poco tiempo.<\/p>\n<p>Con tan solo 30 a\u00f1os, ha participado en proyectos como <em><strong>La noche de 12 a\u00f1os <\/strong><\/em><strong>y<\/strong><em><strong> 9<\/strong><\/em>. Pero fue su papel como <strong>Numa Turcatti<\/strong> en <em>La Sociedad de la Nieve<\/em>, lo que lo ha puesto en la fama mundial.<\/p>\n<p>Y una raz\u00f3n para lograrlo, fue su dedicaci\u00f3n y profesionalismo los que definieron esta nueva etapa en su carrera, pues lleg\u00f3 a adelgazar 20 kilos y enfrentar condiciones las extremas de las grabaciones en la<strong> Sierra Nevada<\/strong>.<\/p>\n<figure id=\"attachment_133321\" aria-describedby=\"caption-attachment-133321\" style=\"width: 845px\" class=\"wp-caption alignnone\"><img loading=\"lazy\" decoding=\"async\" class=\"wp-image-133321 size-large\" src=\"https:\/\/graziamagazine.com\/mx\/wp-content\/uploads\/sites\/13\/2024\/01\/WhatsApp-Image-2024-01-22-at-5.50.33-PM.jpeg?w=845\" alt=\"\" width=\"845\" height=\"1024\" \/><figcaption id=\"caption-attachment-133321\" class=\"wp-caption-text\">Instagram<\/figcaption><\/figure>\n<p>Enzo naci\u00f3 en Montevideo el 22 de marzo de 1993 y lo han comparado en redes sociales con <strong>Adam Driver<\/strong> y<strong> Keanu Reeves<\/strong>. Estudi\u00f3 en la <strong>Escuela Multidisciplinaria de Arte Dram\u00e1tico Margarita Xirgu<\/strong> (EMAD) y, desde los 18 a\u00f1os ha trabajado en teatro.<\/p>\n<p>En la pel\u00edcula &#8216;9&#8217; (estrenada en el 2021) tuvo su primer papel protagonista, el de Christian, una pel\u00edcula sobre el mundo del f\u00fatbol inspirada en el incidente del mundial de 2014 en el que<strong> Su\u00e1rez<\/strong> mordi\u00f3 a <strong>Chiellini<\/strong>.<\/p>\n<p>Luego hizo su primera serie, de <strong>Prime Video<\/strong>, que se llama <em><strong>Porno y helado<\/strong><\/em>, y trata sobre una banda de rock que arrasa en <strong>Buenos Aires<\/strong>. Hace un papel en solo un episodio. En la miniserie <em><strong>Iosi, el esp\u00eda arrepentido<\/strong><\/em>, interpret\u00f3 un esp\u00eda argentino durante los ocho episodios de la primera temporada.<\/p>\n<figure id=\"attachment_133319\" aria-describedby=\"caption-attachment-133319\" style=\"width: 979px\" class=\"wp-caption alignnone\"><img loading=\"lazy\" decoding=\"async\" class=\"wp-image-133319 size-large\" src=\"https:\/\/graziamagazine.com\/mx\/wp-content\/uploads\/sites\/13\/2024\/01\/WhatsApp-Image-2024-01-22-at-5.50.34-PM-1.jpeg?w=979\" alt=\"\" width=\"979\" height=\"712\" \/><figcaption id=\"caption-attachment-133319\" class=\"wp-caption-text\">Instagram<\/figcaption><\/figure>\n<p>Gracias a su papel como Numa Turcatti ha sido nominado a <strong>Mejor actor internacional<\/strong> en los premios<strong> Astra Film Awards<\/strong> y se espera que su actuaci\u00f3n sea premiada en otros premios de cine.<\/p>\n<p><em>La sociedad de la nieve<\/em>, que con tan solo 20 d\u00edas de haberse estrenado, ha entrado en el top 10 de las pel\u00edculas m\u00e1s vistas en toda la historia de<strong> Netflix<\/strong>.<\/p>\n","protected":false},"author":36289,"featured_media":133320,"template":"","format":"standard","categories":[2],"acf":[],"yoast_head":"<!-- This site is optimized with the Yoast SEO Premium plugin v18.5 (Yoast SEO v20.4) - https:\/\/yoast.com\/wordpress\/plugins\/seo\/ -->\n<title>Enzo Vogrincic: te damos todos los detalles del protagonista de La sociedad de la nieve | Grazia M\u00e9xico y Latinoam\u00e9rica<\/title>\n<meta name=\"description\" content=\"El uruguayo Enzo Vogrincic es uno de los actores del momento. Su papel en La sociedad de la nieve lo ha lanzado a la fama mundial y a pesar de su corta\" \/>\n<meta name=\"robots\" content=\"index, follow, max-snippet:-1, max-image-preview:large, max-video-preview:-1\" \/>\n<link rel=\"canonical\" href=\"https:\/\/graziamagazine.com\/mx\/articles\/enzo-vogrincic-damos-detalles-protagonista-sociedad-de-la-nieve\/\" \/>\n<meta property=\"og:locale\" content=\"es_MX\" \/>\n<meta property=\"og:type\" content=\"article\" \/>\n<meta property=\"og:title\" content=\"Enzo Vogrincic: te damos todos los detalles del protagonista de La sociedad de la nieve\" \/>\n<meta property=\"og:description\" content=\"El uruguayo Enzo Vogrincic es uno de los actores del momento. Su papel en La sociedad de la nieve lo ha lanzado a la fama mundial y a pesar de su corta\" \/>\n<meta property=\"og:url\" content=\"https:\/\/graziamagazine.com\/mx\/articles\/enzo-vogrincic-damos-detalles-protagonista-sociedad-de-la-nieve\/\" \/>\n<meta property=\"og:site_name\" content=\"Grazia M\u00e9xico y Latinoam\u00e9rica\" \/>\n<meta property=\"article:modified_time\" content=\"2024-01-23T20:20:57+00:00\" \/>\n<meta property=\"og:image\" content=\"https:\/\/graziamagazine.com\/mx\/wp-content\/uploads\/sites\/13\/2024\/01\/WhatsApp-Image-2024-01-22-at-5.50.34-PM-e1705967662700.jpeg\" \/>\n\t<meta property=\"og:image:width\" content=\"1125\" \/>\n\t<meta property=\"og:image:height\" content=\"710\" \/>\n\t<meta property=\"og:image:type\" content=\"image\/jpeg\" \/>\n<meta name=\"twitter:card\" content=\"summary_large_image\" \/>\n<meta name=\"twitter:label1\" content=\"Est. reading time\" \/>\n\t<meta name=\"twitter:data1\" content=\"2 minutos\" \/>\n<script type=\"application\/ld+json\" class=\"yoast-schema-graph\">{\"@context\":\"https:\/\/schema.org\",\"@graph\":[{\"@type\":\"WebPage\",\"@id\":\"https:\/\/graziamagazine.com\/mx\/articles\/enzo-vogrincic-damos-detalles-protagonista-sociedad-de-la-nieve\/\",\"url\":\"https:\/\/graziamagazine.com\/mx\/articles\/enzo-vogrincic-damos-detalles-protagonista-sociedad-de-la-nieve\/\",\"name\":\"Enzo Vogrincic: te damos todos los detalles del protagonista de La sociedad de la nieve | Grazia M\u00e9xico y Latinoam\u00e9rica\",\"isPartOf\":{\"@id\":\"https:\/\/graziamagazine.com\/mx\/#website\"},\"datePublished\":\"2024-01-22T23:42:47+00:00\",\"dateModified\":\"2024-01-23T20:20:57+00:00\",\"description\":\"El uruguayo Enzo Vogrincic es uno de los actores del momento. Su papel en La sociedad de la nieve lo ha lanzado a la fama mundial y a pesar de su corta\",\"breadcrumb\":{\"@id\":\"https:\/\/graziamagazine.com\/mx\/articles\/enzo-vogrincic-damos-detalles-protagonista-sociedad-de-la-nieve\/#breadcrumb\"},\"inLanguage\":\"es-MX\",\"potentialAction\":[{\"@type\":\"ReadAction\",\"target\":[\"https:\/\/graziamagazine.com\/mx\/articles\/enzo-vogrincic-damos-detalles-protagonista-sociedad-de-la-nieve\/\"]}]},{\"@type\":\"BreadcrumbList\",\"@id\":\"https:\/\/graziamagazine.com\/mx\/articles\/enzo-vogrincic-damos-detalles-protagonista-sociedad-de-la-nieve\/#breadcrumb\",\"itemListElement\":[{\"@type\":\"ListItem\",\"position\":1,\"name\":\"Home\",\"item\":\"https:\/\/graziamagazine.com\/mx\/\"},{\"@type\":\"ListItem\",\"position\":2,\"name\":\"Enzo Vogrincic: te damos todos los detalles del protagonista de La sociedad de la nieve\"}]},{\"@type\":\"WebSite\",\"@id\":\"https:\/\/graziamagazine.com\/mx\/#website\",\"url\":\"https:\/\/graziamagazine.com\/mx\/\",\"name\":\"Grazia M\u00e9xico y Latinoam\u00e9rica\",\"description\":\"Grazia es moda, belleza y noticias  de actualidad \",\"potentialAction\":[{\"@type\":\"SearchAction\",\"target\":{\"@type\":\"EntryPoint\",\"urlTemplate\":\"https:\/\/graziamagazine.com\/mx\/?s={search_term_string}\"},\"query-input\":\"required name=search_term_string\"}],\"inLanguage\":\"es-MX\"}]}<\/script>\n<!-- \/ Yoast SEO Premium plugin. -->","yoast_head_json":{"title":"Enzo Vogrincic: te damos todos los detalles del protagonista de La sociedad de la nieve | Grazia M\u00e9xico y Latinoam\u00e9rica","description":"El uruguayo Enzo Vogrincic es uno de los actores del momento. Su papel en La sociedad de la nieve lo ha lanzado a la fama mundial y a pesar de su corta","robots":{"index":"index","follow":"follow","max-snippet":"max-snippet:-1","max-image-preview":"max-image-preview:large","max-video-preview":"max-video-preview:-1"},"canonical":"https:\/\/graziamagazine.com\/mx\/articles\/enzo-vogrincic-damos-detalles-protagonista-sociedad-de-la-nieve\/","og_locale":"es_MX","og_type":"article","og_title":"Enzo Vogrincic: te damos todos los detalles del protagonista de La sociedad de la nieve","og_description":"El uruguayo Enzo Vogrincic es uno de los actores del momento. Su papel en La sociedad de la nieve lo ha lanzado a la fama mundial y a pesar de su corta","og_url":"https:\/\/graziamagazine.com\/mx\/articles\/enzo-vogrincic-damos-detalles-protagonista-sociedad-de-la-nieve\/","og_site_name":"Grazia M\u00e9xico y Latinoam\u00e9rica","article_modified_time":"2024-01-23T20:20:57+00:00","og_image":[{"width":1125,"height":710,"url":"https:\/\/graziamagazine.com\/mx\/wp-content\/uploads\/sites\/13\/2024\/01\/WhatsApp-Image-2024-01-22-at-5.50.34-PM-e1705967662700.jpeg","type":"image\/jpeg"}],"twitter_card":"summary_large_image","twitter_misc":{"Est. reading time":"2 minutos"},"schema":{"@context":"https:\/\/schema.org","@graph":[{"@type":"WebPage","@id":"https:\/\/graziamagazine.com\/mx\/articles\/enzo-vogrincic-damos-detalles-protagonista-sociedad-de-la-nieve\/","url":"https:\/\/graziamagazine.com\/mx\/articles\/enzo-vogrincic-damos-detalles-protagonista-sociedad-de-la-nieve\/","name":"Enzo Vogrincic: te damos todos los detalles del protagonista de La sociedad de la nieve | Grazia M\u00e9xico y Latinoam\u00e9rica","isPartOf":{"@id":"https:\/\/graziamagazine.com\/mx\/#website"},"datePublished":"2024-01-22T23:42:47+00:00","dateModified":"2024-01-23T20:20:57+00:00","description":"El uruguayo Enzo Vogrincic es uno de los actores del momento. Su papel en La sociedad de la nieve lo ha lanzado a la fama mundial y a pesar de su corta","breadcrumb":{"@id":"https:\/\/graziamagazine.com\/mx\/articles\/enzo-vogrincic-damos-detalles-protagonista-sociedad-de-la-nieve\/#breadcrumb"},"inLanguage":"es-MX","potentialAction":[{"@type":"ReadAction","target":["https:\/\/graziamagazine.com\/mx\/articles\/enzo-vogrincic-damos-detalles-protagonista-sociedad-de-la-nieve\/"]}]},{"@type":"BreadcrumbList","@id":"https:\/\/graziamagazine.com\/mx\/articles\/enzo-vogrincic-damos-detalles-protagonista-sociedad-de-la-nieve\/#breadcrumb","itemListElement":[{"@type":"ListItem","position":1,"name":"Home","item":"https:\/\/graziamagazine.com\/mx\/"},{"@type":"ListItem","position":2,"name":"Enzo Vogrincic: te damos todos los detalles del protagonista de La sociedad de la nieve"}]},{"@type":"WebSite","@id":"https:\/\/graziamagazine.com\/mx\/#website","url":"https:\/\/graziamagazine.com\/mx\/","name":"Grazia M\u00e9xico y Latinoam\u00e9rica","description":"Grazia es moda, belleza y noticias  de actualidad ","potentialAction":[{"@type":"SearchAction","target":{"@type":"EntryPoint","urlTemplate":"https:\/\/graziamagazine.com\/mx\/?s={search_term_string}"},"query-input":"required name=search_term_string"}],"inLanguage":"es-MX"}]}},"jetpack_sharing_enabled":true,"distributor_meta":false,"distributor_terms":false,"distributor_media":false,"distributor_original_site_name":"Grazia M\u00e9xico y Latinoam\u00e9rica","distributor_original_site_url":"https:\/\/graziamagazine.com\/mx","push-errors":false,"_links":{"self":[{"href":"https:\/\/graziamagazine.com\/mx\/wp-json\/wp\/v2\/articles\/133318"}],"collection":[{"href":"https:\/\/graziamagazine.com\/mx\/wp-json\/wp\/v2\/articles"}],"about":[{"href":"https:\/\/graziamagazine.com\/mx\/wp-json\/wp\/v2\/types\/articles"}],"author":[{"embeddable":true,"href":"https:\/\/graziamagazine.com\/mx\/wp-json\/wp\/v2\/users\/36289"}],"wp:featuredmedia":[{"embeddable":true,"href":"https:\/\/graziamagazine.com\/mx\/wp-json\/wp\/v2\/media\/133320"}],"wp:attachment":[{"href":"https:\/\/graziamagazine.com\/mx\/wp-json\/wp\/v2\/media?parent=133318"}],"wp:term":[{"taxonomy":"category","embeddable":true,"href":"https:\/\/graziamagazine.com\/mx\/wp-json\/wp\/v2\/categories?post=133318"}],"curies":[{"name":"wp","href":"https:\/\/api.w.org\/{rel}","templated":true}]}}