{"id":132956,"date":"2024-01-10T21:44:42","date_gmt":"2024-01-11T02:44:42","guid":{"rendered":"https:\/\/graziamagazine.com\/mx\/?post_type=articles&#038;p=132956"},"modified":"2024-01-10T21:48:07","modified_gmt":"2024-01-11T02:48:07","slug":"los-soprano-celebraciones-especiales-25-anos-serie","status":"publish","type":"articles","link":"https:\/\/graziamagazine.com\/mx\/articles\/los-soprano-celebraciones-especiales-25-anos-serie\/","title":{"rendered":"Los Soprano: estas son las celebraciones especiales por los 25 a\u00f1os de la serie"},"content":{"rendered":"<p><strong>Los Soprano<\/strong> est\u00e1 cumpliendo <strong>25 a\u00f1os<\/strong> de su estreno y se planean varias celebraciones a la seria considerada como una de las mejores de la \u00e9poca y la que puso a <strong>HBO Max<\/strong> en el mapa.<\/p>\n<p>Como parte de las celebraciones, ya est\u00e1n disponibles en la plataforma im\u00e1genes nunca vistas, espec\u00edficamente <strong>15 escenas eliminadas de la historia<\/strong>. Adem\u00e1s, m\u00e1s de <strong>cinco horas<\/strong> de contenido destacado detr\u00e1s de escena.<\/p>\n<p>En <strong>Nueva York y Los \u00c1ngeles<\/strong> habr\u00e1 con restaurantes emergentes especiales con el tema de Los Soprano.<\/p>\n<figure id=\"attachment_132959\" aria-describedby=\"caption-attachment-132959\" style=\"width: 450px\" class=\"wp-caption alignnone\"><img loading=\"lazy\" decoding=\"async\" class=\"size-medium wp-image-132959\" src=\"https:\/\/graziamagazine.com\/mx\/wp-content\/uploads\/sites\/13\/2024\/01\/WhatsApp-Image-2024-01-10-at-8.40.25-PM.jpeg?w=450\" alt=\"\" width=\"450\" height=\"300\" \/><figcaption id=\"caption-attachment-132959\" class=\"wp-caption-text\">Getty Images<\/figcaption><\/figure>\n<p>Del 11 de enero al 4 de febrero el reconocido restaurante Da Nico, tendr\u00e1 un men\u00fa especial con platos inspirados en los Soprano, como <strong>Carmela&#8217;s Baked Ziti y Satriale&#8217;s Special Caprese.<\/strong><\/p>\n<p>Este 10 de enero en Nueva York y Los \u00c1ngeles pueden se instal\u00f3 el pop-up oficial de Satriale, con un <strong>aut\u00e9ntico s\u00e1ndwich italiano<\/strong> inspirado en los Soprano de Ggiata en Los \u00c1ngeles y Regina&#8217;s en Nueva York. Solo estuvo disponible a domicilio por medio de una famosa <em>app<\/em> de entrega de comida.<\/p>\n<p>El mismo d\u00eda, HBO Max junto a <strong>Alamo Drafthouse<\/strong> present\u00f3 proyecciones de \u201cFamily Reunion\u201d en Nueva York y Los \u00c1ngeles, las cuales mostraron el episodio piloto de la serie.<\/p>\n<figure id=\"attachment_132957\" aria-describedby=\"caption-attachment-132957\" style=\"width: 450px\" class=\"wp-caption alignnone\"><img loading=\"lazy\" decoding=\"async\" class=\"size-medium wp-image-132957\" src=\"https:\/\/graziamagazine.com\/mx\/wp-content\/uploads\/sites\/13\/2024\/01\/WhatsApp-Image-2024-01-10-at-8.44.24-PM.jpeg?w=450\" alt=\"\" width=\"450\" height=\"296\" \/><figcaption id=\"caption-attachment-132957\" class=\"wp-caption-text\">Getty Images<\/figcaption><\/figure>\n<p>Adem\u00e1s, como parte de las celebraciones se podr\u00e1 acceder a los episodios uno y dos de la primera temporada en el canal de YouTube de HBO Max. Adem\u00e1s, la cuenta de TikTok <strong>@TheSoprano<\/strong> lanzar\u00e1 Sopranos en: 25, donde se podr\u00e1 revivir cada episodio nuevo en 25 segundos.<\/p>\n<p>\u201c&#8217;Los Soprano&#8217; dej\u00f3 una huella indeleble en la cultura del entretenimiento global y fue fundamental para definir a HBO como el destino de una programaci\u00f3n innovadora y galardonada. Las muchas formas en que honraremos este hito de 25 a\u00f1os permitir\u00e1n a los fan\u00e1ticos <strong>celebrar el legado de los Soprano<\/strong> y rendir homenaje a los personajes que han tenido un impacto tan duradero\u201d, dijo Zach Enterlin, vicepresidente ejecutivo de marca, contenido y creatividad, streaming marketing de HBO Max al anunciar las celebraciones.<\/p>\n<p>&nbsp;<\/p>\n","protected":false},"author":36289,"featured_media":132958,"template":"","format":"standard","categories":[12517],"acf":[],"yoast_head":"<!-- This site is optimized with the Yoast SEO Premium plugin v18.5 (Yoast SEO v20.4) - https:\/\/yoast.com\/wordpress\/plugins\/seo\/ -->\n<title>Los Soprano: estas son las celebraciones especiales por los 25 a\u00f1os de la serie | Grazia M\u00e9xico y Latinoam\u00e9rica<\/title>\n<meta name=\"description\" content=\"Los Soprano est\u00e1 cumpliendo 25 a\u00f1os de su estreno y se planean varias celebraciones a la seria considerada como una de las mejores de la \u00e9poca y la que\" \/>\n<meta name=\"robots\" content=\"index, follow, max-snippet:-1, max-image-preview:large, max-video-preview:-1\" \/>\n<link rel=\"canonical\" href=\"https:\/\/graziamagazine.com\/mx\/articles\/los-soprano-celebraciones-especiales-25-anos-serie\/\" \/>\n<meta property=\"og:locale\" content=\"es_MX\" \/>\n<meta property=\"og:type\" content=\"article\" \/>\n<meta property=\"og:title\" content=\"Los Soprano: estas son las celebraciones especiales por los 25 a\u00f1os de la serie\" \/>\n<meta property=\"og:description\" content=\"Los Soprano est\u00e1 cumpliendo 25 a\u00f1os de su estreno y se planean varias celebraciones a la seria considerada como una de las mejores de la \u00e9poca y la que\" \/>\n<meta property=\"og:url\" content=\"https:\/\/graziamagazine.com\/mx\/articles\/los-soprano-celebraciones-especiales-25-anos-serie\/\" \/>\n<meta property=\"og:site_name\" content=\"Grazia M\u00e9xico y Latinoam\u00e9rica\" \/>\n<meta property=\"article:modified_time\" content=\"2024-01-11T02:48:07+00:00\" \/>\n<meta property=\"og:image\" content=\"https:\/\/graziamagazine.com\/mx\/wp-content\/uploads\/sites\/13\/2024\/01\/WhatsApp-Image-2024-01-10-at-8.43.49-PM-e1704941188750.jpeg\" \/>\n\t<meta property=\"og:image:width\" content=\"1038\" \/>\n\t<meta property=\"og:image:height\" content=\"602\" \/>\n\t<meta property=\"og:image:type\" content=\"image\/jpeg\" \/>\n<meta name=\"twitter:card\" content=\"summary_large_image\" \/>\n<meta name=\"twitter:label1\" content=\"Est. reading time\" \/>\n\t<meta name=\"twitter:data1\" content=\"2 minutos\" \/>\n<script type=\"application\/ld+json\" class=\"yoast-schema-graph\">{\"@context\":\"https:\/\/schema.org\",\"@graph\":[{\"@type\":\"WebPage\",\"@id\":\"https:\/\/graziamagazine.com\/mx\/articles\/los-soprano-celebraciones-especiales-25-anos-serie\/\",\"url\":\"https:\/\/graziamagazine.com\/mx\/articles\/los-soprano-celebraciones-especiales-25-anos-serie\/\",\"name\":\"Los Soprano: estas son las celebraciones especiales por los 25 a\u00f1os de la serie | Grazia M\u00e9xico y Latinoam\u00e9rica\",\"isPartOf\":{\"@id\":\"https:\/\/graziamagazine.com\/mx\/#website\"},\"datePublished\":\"2024-01-11T02:44:42+00:00\",\"dateModified\":\"2024-01-11T02:48:07+00:00\",\"description\":\"Los Soprano est\u00e1 cumpliendo 25 a\u00f1os de su estreno y se planean varias celebraciones a la seria considerada como una de las mejores de la \u00e9poca y la que\",\"breadcrumb\":{\"@id\":\"https:\/\/graziamagazine.com\/mx\/articles\/los-soprano-celebraciones-especiales-25-anos-serie\/#breadcrumb\"},\"inLanguage\":\"es-MX\",\"potentialAction\":[{\"@type\":\"ReadAction\",\"target\":[\"https:\/\/graziamagazine.com\/mx\/articles\/los-soprano-celebraciones-especiales-25-anos-serie\/\"]}]},{\"@type\":\"BreadcrumbList\",\"@id\":\"https:\/\/graziamagazine.com\/mx\/articles\/los-soprano-celebraciones-especiales-25-anos-serie\/#breadcrumb\",\"itemListElement\":[{\"@type\":\"ListItem\",\"position\":1,\"name\":\"Home\",\"item\":\"https:\/\/graziamagazine.com\/mx\/\"},{\"@type\":\"ListItem\",\"position\":2,\"name\":\"Los Soprano: estas son las celebraciones especiales por los 25 a\u00f1os de la serie\"}]},{\"@type\":\"WebSite\",\"@id\":\"https:\/\/graziamagazine.com\/mx\/#website\",\"url\":\"https:\/\/graziamagazine.com\/mx\/\",\"name\":\"Grazia M\u00e9xico y Latinoam\u00e9rica\",\"description\":\"Grazia es moda, belleza y noticias  de actualidad \",\"potentialAction\":[{\"@type\":\"SearchAction\",\"target\":{\"@type\":\"EntryPoint\",\"urlTemplate\":\"https:\/\/graziamagazine.com\/mx\/?s={search_term_string}\"},\"query-input\":\"required name=search_term_string\"}],\"inLanguage\":\"es-MX\"}]}<\/script>\n<!-- \/ Yoast SEO Premium plugin. -->","yoast_head_json":{"title":"Los Soprano: estas son las celebraciones especiales por los 25 a\u00f1os de la serie | Grazia M\u00e9xico y Latinoam\u00e9rica","description":"Los Soprano est\u00e1 cumpliendo 25 a\u00f1os de su estreno y se planean varias celebraciones a la seria considerada como una de las mejores de la \u00e9poca y la que","robots":{"index":"index","follow":"follow","max-snippet":"max-snippet:-1","max-image-preview":"max-image-preview:large","max-video-preview":"max-video-preview:-1"},"canonical":"https:\/\/graziamagazine.com\/mx\/articles\/los-soprano-celebraciones-especiales-25-anos-serie\/","og_locale":"es_MX","og_type":"article","og_title":"Los Soprano: estas son las celebraciones especiales por los 25 a\u00f1os de la serie","og_description":"Los Soprano est\u00e1 cumpliendo 25 a\u00f1os de su estreno y se planean varias celebraciones a la seria considerada como una de las mejores de la \u00e9poca y la que","og_url":"https:\/\/graziamagazine.com\/mx\/articles\/los-soprano-celebraciones-especiales-25-anos-serie\/","og_site_name":"Grazia M\u00e9xico y Latinoam\u00e9rica","article_modified_time":"2024-01-11T02:48:07+00:00","og_image":[{"width":1038,"height":602,"url":"https:\/\/graziamagazine.com\/mx\/wp-content\/uploads\/sites\/13\/2024\/01\/WhatsApp-Image-2024-01-10-at-8.43.49-PM-e1704941188750.jpeg","type":"image\/jpeg"}],"twitter_card":"summary_large_image","twitter_misc":{"Est. reading time":"2 minutos"},"schema":{"@context":"https:\/\/schema.org","@graph":[{"@type":"WebPage","@id":"https:\/\/graziamagazine.com\/mx\/articles\/los-soprano-celebraciones-especiales-25-anos-serie\/","url":"https:\/\/graziamagazine.com\/mx\/articles\/los-soprano-celebraciones-especiales-25-anos-serie\/","name":"Los Soprano: estas son las celebraciones especiales por los 25 a\u00f1os de la serie | Grazia M\u00e9xico y Latinoam\u00e9rica","isPartOf":{"@id":"https:\/\/graziamagazine.com\/mx\/#website"},"datePublished":"2024-01-11T02:44:42+00:00","dateModified":"2024-01-11T02:48:07+00:00","description":"Los Soprano est\u00e1 cumpliendo 25 a\u00f1os de su estreno y se planean varias celebraciones a la seria considerada como una de las mejores de la \u00e9poca y la que","breadcrumb":{"@id":"https:\/\/graziamagazine.com\/mx\/articles\/los-soprano-celebraciones-especiales-25-anos-serie\/#breadcrumb"},"inLanguage":"es-MX","potentialAction":[{"@type":"ReadAction","target":["https:\/\/graziamagazine.com\/mx\/articles\/los-soprano-celebraciones-especiales-25-anos-serie\/"]}]},{"@type":"BreadcrumbList","@id":"https:\/\/graziamagazine.com\/mx\/articles\/los-soprano-celebraciones-especiales-25-anos-serie\/#breadcrumb","itemListElement":[{"@type":"ListItem","position":1,"name":"Home","item":"https:\/\/graziamagazine.com\/mx\/"},{"@type":"ListItem","position":2,"name":"Los Soprano: estas son las celebraciones especiales por los 25 a\u00f1os de la serie"}]},{"@type":"WebSite","@id":"https:\/\/graziamagazine.com\/mx\/#website","url":"https:\/\/graziamagazine.com\/mx\/","name":"Grazia M\u00e9xico y Latinoam\u00e9rica","description":"Grazia es moda, belleza y noticias  de actualidad ","potentialAction":[{"@type":"SearchAction","target":{"@type":"EntryPoint","urlTemplate":"https:\/\/graziamagazine.com\/mx\/?s={search_term_string}"},"query-input":"required name=search_term_string"}],"inLanguage":"es-MX"}]}},"jetpack_sharing_enabled":true,"distributor_meta":false,"distributor_terms":false,"distributor_media":false,"distributor_original_site_name":"Grazia M\u00e9xico y Latinoam\u00e9rica","distributor_original_site_url":"https:\/\/graziamagazine.com\/mx","push-errors":false,"_links":{"self":[{"href":"https:\/\/graziamagazine.com\/mx\/wp-json\/wp\/v2\/articles\/132956"}],"collection":[{"href":"https:\/\/graziamagazine.com\/mx\/wp-json\/wp\/v2\/articles"}],"about":[{"href":"https:\/\/graziamagazine.com\/mx\/wp-json\/wp\/v2\/types\/articles"}],"author":[{"embeddable":true,"href":"https:\/\/graziamagazine.com\/mx\/wp-json\/wp\/v2\/users\/36289"}],"wp:featuredmedia":[{"embeddable":true,"href":"https:\/\/graziamagazine.com\/mx\/wp-json\/wp\/v2\/media\/132958"}],"wp:attachment":[{"href":"https:\/\/graziamagazine.com\/mx\/wp-json\/wp\/v2\/media?parent=132956"}],"wp:term":[{"taxonomy":"category","embeddable":true,"href":"https:\/\/graziamagazine.com\/mx\/wp-json\/wp\/v2\/categories?post=132956"}],"curies":[{"name":"wp","href":"https:\/\/api.w.org\/{rel}","templated":true}]}}