{"id":132943,"date":"2024-01-10T12:18:44","date_gmt":"2024-01-10T17:18:44","guid":{"rendered":"https:\/\/graziamagazine.com\/mx\/?post_type=articles&#038;p=132943"},"modified":"2024-01-10T12:18:44","modified_gmt":"2024-01-10T17:18:44","slug":"le-baume-el-producto-multiusos-de-cuidado-de-dior-para-el-invierno","status":"publish","type":"articles","link":"https:\/\/graziamagazine.com\/mx\/articles\/le-baume-el-producto-multiusos-de-cuidado-de-dior-para-el-invierno\/","title":{"rendered":"Le Baume, el producto multiusos de cuidado de Dior para el invierno"},"content":{"rendered":"<p>Aunque todav\u00eda estamos en oto\u00f1o, este fr\u00edo que va y viene parece que como si el invierno ya hubiera llegado y para quedarse por largo rato. Ya sabemos que con la bajada de las temperaturas la piel sufre en exceso y es momento de cuidarla y mimarla m\u00e1s de lo que ya solemos hacer, por lo que es importante optar por productos s\u00faper hidratantes. Una piel hidratada es una piel sana y protegida, no lo olvidemos.<\/p>\n<p>Si eres de las que busca productos que a\u00fanen diferentes propiedades y as\u00ed no tener que cargar con mil botecitos o envases, tenemos la soluci\u00f3n perfecta para ti. Bueno, m\u00e1s bien <strong>la ha creado Dior y se llama Le Baume<\/strong>. Adem\u00e1s de que nos encanta el envase, no solo porque se puede llevar encima a todos lados y no ocupa apenas espacio, cabe en la palma de la mano, tambi\u00e9n por su dise\u00f1o <em>couture<\/em> y porque est\u00e1 adornado con el motivo Dior Logoman\u00eda. \u00a1Una chulada, la verdad!<\/p>\n<p><strong>Este producto no es un 2 en 1, no no, es un 3 en 1<\/strong>. Dior da un paso m\u00e1s all\u00e1 y crea este producto de tratamiento nutritivo y revitalizante para el cuidado facial y corporal que sirve para la piel del cuerpo, el rostro y \u00a1los labios! Tambi\u00e9n las manos, las u\u00f1as, los codos\u2026 Todas las partes del cuerpo que sientas m\u00e1s secas puedes tratarlas con \u00e9l.<\/p>\n<p><img loading=\"lazy\" decoding=\"async\" class=\"aligncenter wp-image-173362\" src=\"https:\/\/graziamagazine.com\/es\/wp-content\/uploads\/sites\/12\/2023\/06\/IMG_8423-copia.jpg?resize=600%2C579\" sizes=\"(max-width: 600px) 100vw, 600px\" srcset=\"https:\/\/graziamagazine.com\/es\/wp-content\/uploads\/sites\/12\/2023\/06\/IMG_8423-copia.jpg?resize=600%2C579?w=1242 1242w, https:\/\/graziamagazine.com\/es\/wp-content\/uploads\/sites\/12\/2023\/06\/IMG_8423-copia.jpg?resize=600%2C579?w=300 300w, https:\/\/graziamagazine.com\/es\/wp-content\/uploads\/sites\/12\/2023\/06\/IMG_8423-copia.jpg?resize=600%2C579?w=768 768w, https:\/\/graziamagazine.com\/es\/wp-content\/uploads\/sites\/12\/2023\/06\/IMG_8423-copia.jpg?resize=600%2C579?w=1024 1024w, https:\/\/graziamagazine.com\/es\/wp-content\/uploads\/sites\/12\/2023\/06\/IMG_8423-copia.jpg?resize=600%2C579?w=400 400w, https:\/\/graziamagazine.com\/es\/wp-content\/uploads\/sites\/12\/2023\/06\/IMG_8423-copia.jpg?resize=600%2C579?w=155 155w\" alt=\"\" width=\"600\" height=\"579\" data-recalc-dims=\"1\" \/><\/p>\n<h3 class=\"yiv4864953896MsoNormal\">\u00bfqu\u00e9 se consigue?<\/h3>\n<p><strong>Le Baume repara, hidrata y nutre gracias a su f\u00f3rmula compuesta en un 95% por ingredientes de origen natural<\/strong> y enriquecida con extractos de centella asi\u00e1tica, \u00e1cido hialur\u00f3nico y manteca de karit\u00e9, que adem\u00e1s consigue una doble acci\u00f3n reparadora y calmante.<\/p>\n<p>Por un lado potencia la s\u00edntesis de las mol\u00e9culas esenciales para la barrera cut\u00e1nea, por otro estimula los componentes clave de la cohesi\u00f3n de la piel y tambi\u00e9n disminuye la inflamaci\u00f3n y aporta una sensaci\u00f3n calmante inmediata.<\/p>\n<p>Su textura en b\u00e1lsamo envuelve la piel y en dos horas la barrera cut\u00e1nea se nota reparada. Y es que esta textura crea un efecto \u00abap\u00f3sito\u00bb, es decir, esta emulsi\u00f3n oleosa envuelve la piel con un velo protector sin dejar una pel\u00edcula grasa, al contrario, en cuanto se aplica su acabo cremoso se funde con la piel con una acci\u00f3n reparadora a medida, lo que hace que todas las pieles, tambi\u00e9n es unisex, puedan usarla y reaplicarla una y otra vez dependiendo de las necesidades.<\/p>\n<p><img loading=\"lazy\" decoding=\"async\" class=\"aligncenter wp-image-173360\" src=\"https:\/\/graziamagazine.com\/es\/wp-content\/uploads\/sites\/12\/2023\/06\/IMG_8418-copia.jpg?w=895&amp;resize=500%2C572\" sizes=\"(max-width: 500px) 100vw, 500px\" srcset=\"https:\/\/graziamagazine.com\/es\/wp-content\/uploads\/sites\/12\/2023\/06\/IMG_8418-copia.jpg?w=1242 1242w, https:\/\/graziamagazine.com\/es\/wp-content\/uploads\/sites\/12\/2023\/06\/IMG_8418-copia.jpg?w=262 262w, https:\/\/graziamagazine.com\/es\/wp-content\/uploads\/sites\/12\/2023\/06\/IMG_8418-copia.jpg?w=768 768w, https:\/\/graziamagazine.com\/es\/wp-content\/uploads\/sites\/12\/2023\/06\/IMG_8418-copia.jpg?w=895&amp;resize=500%2C572 895w, https:\/\/graziamagazine.com\/es\/wp-content\/uploads\/sites\/12\/2023\/06\/IMG_8418-copia.jpg?w=400 400w, https:\/\/graziamagazine.com\/es\/wp-content\/uploads\/sites\/12\/2023\/06\/IMG_8418-copia.jpg?w=155 155w\" alt=\"\" width=\"500\" height=\"572\" data-recalc-dims=\"1\" \/><\/p>\n<p><a href=\"https:\/\/www.dior.com\/es_es\/beauty\/products\/le-baume-C099700374.html#repara\" target=\"_blank\" rel=\"noopener\" target=\"_blank\">Encu\u00e9ntralo en el sitio web de <strong>Dior<\/strong>.<\/a><\/p>\n<p><em>*Im\u00e1genes: cortes\u00eda<\/em><\/p>\n<h5><\/h5>\n<p>&nbsp;<\/p>\n","protected":false},"author":11653,"featured_media":132944,"template":"","format":"standard","categories":[3],"acf":[],"yoast_head":"<!-- This site is optimized with the Yoast SEO Premium plugin v18.5 (Yoast SEO v20.4) - https:\/\/yoast.com\/wordpress\/plugins\/seo\/ -->\n<title>Le Baume, el producto multiusos de cuidado de Dior para el inviern<\/title>\n<meta name=\"description\" content=\"Este producto de tratamiento 3 en 1 para el cuidado facial y corporal repara, hidrata y nutre gracias a su f\u00f3rmula.\" \/>\n<meta name=\"robots\" content=\"index, follow, max-snippet:-1, max-image-preview:large, max-video-preview:-1\" \/>\n<link rel=\"canonical\" href=\"https:\/\/graziamagazine.com\/mx\/articles\/le-baume-el-producto-multiusos-de-cuidado-de-dior-para-el-invierno\/\" \/>\n<meta property=\"og:locale\" content=\"es_MX\" \/>\n<meta property=\"og:type\" content=\"article\" \/>\n<meta property=\"og:title\" content=\"Le Baume, el producto multiusos de cuidado de Dior para el invierno\" \/>\n<meta property=\"og:description\" content=\"Este producto de tratamiento 3 en 1 para el cuidado facial y corporal repara, hidrata y nutre gracias a su f\u00f3rmula.\" \/>\n<meta property=\"og:url\" content=\"https:\/\/graziamagazine.com\/mx\/articles\/le-baume-el-producto-multiusos-de-cuidado-de-dior-para-el-invierno\/\" \/>\n<meta property=\"og:site_name\" content=\"Grazia M\u00e9xico y Latinoam\u00e9rica\" \/>\n<meta property=\"og:image\" content=\"https:\/\/graziamagazine.com\/mx\/wp-content\/uploads\/sites\/13\/2024\/01\/IMG_8422-copia-e1701057147992.jpg\" \/>\n\t<meta property=\"og:image:width\" content=\"1213\" \/>\n\t<meta property=\"og:image:height\" content=\"817\" \/>\n\t<meta property=\"og:image:type\" content=\"image\/jpeg\" \/>\n<meta name=\"twitter:card\" content=\"summary_large_image\" \/>\n<meta name=\"twitter:label1\" content=\"Est. reading time\" \/>\n\t<meta name=\"twitter:data1\" content=\"3 minutos\" \/>\n<script type=\"application\/ld+json\" class=\"yoast-schema-graph\">{\"@context\":\"https:\/\/schema.org\",\"@graph\":[{\"@type\":\"WebPage\",\"@id\":\"https:\/\/graziamagazine.com\/mx\/articles\/le-baume-el-producto-multiusos-de-cuidado-de-dior-para-el-invierno\/\",\"url\":\"https:\/\/graziamagazine.com\/mx\/articles\/le-baume-el-producto-multiusos-de-cuidado-de-dior-para-el-invierno\/\",\"name\":\"Le Baume, el producto multiusos de cuidado de Dior para el inviern\",\"isPartOf\":{\"@id\":\"https:\/\/graziamagazine.com\/mx\/#website\"},\"datePublished\":\"2024-01-10T17:18:44+00:00\",\"dateModified\":\"2024-01-10T17:18:44+00:00\",\"description\":\"Este producto de tratamiento 3 en 1 para el cuidado facial y corporal repara, hidrata y nutre gracias a su f\u00f3rmula.\",\"breadcrumb\":{\"@id\":\"https:\/\/graziamagazine.com\/mx\/articles\/le-baume-el-producto-multiusos-de-cuidado-de-dior-para-el-invierno\/#breadcrumb\"},\"inLanguage\":\"es-MX\",\"potentialAction\":[{\"@type\":\"ReadAction\",\"target\":[\"https:\/\/graziamagazine.com\/mx\/articles\/le-baume-el-producto-multiusos-de-cuidado-de-dior-para-el-invierno\/\"]}]},{\"@type\":\"BreadcrumbList\",\"@id\":\"https:\/\/graziamagazine.com\/mx\/articles\/le-baume-el-producto-multiusos-de-cuidado-de-dior-para-el-invierno\/#breadcrumb\",\"itemListElement\":[{\"@type\":\"ListItem\",\"position\":1,\"name\":\"Home\",\"item\":\"https:\/\/graziamagazine.com\/mx\/\"},{\"@type\":\"ListItem\",\"position\":2,\"name\":\"Le Baume, el producto multiusos de cuidado de Dior para el invierno\"}]},{\"@type\":\"WebSite\",\"@id\":\"https:\/\/graziamagazine.com\/mx\/#website\",\"url\":\"https:\/\/graziamagazine.com\/mx\/\",\"name\":\"Grazia M\u00e9xico y Latinoam\u00e9rica\",\"description\":\"Grazia es moda, belleza y noticias  de actualidad \",\"potentialAction\":[{\"@type\":\"SearchAction\",\"target\":{\"@type\":\"EntryPoint\",\"urlTemplate\":\"https:\/\/graziamagazine.com\/mx\/?s={search_term_string}\"},\"query-input\":\"required name=search_term_string\"}],\"inLanguage\":\"es-MX\"}]}<\/script>\n<!-- \/ Yoast SEO Premium plugin. -->","yoast_head_json":{"title":"Le Baume, el producto multiusos de cuidado de Dior para el inviern","description":"Este producto de tratamiento 3 en 1 para el cuidado facial y corporal repara, hidrata y nutre gracias a su f\u00f3rmula.","robots":{"index":"index","follow":"follow","max-snippet":"max-snippet:-1","max-image-preview":"max-image-preview:large","max-video-preview":"max-video-preview:-1"},"canonical":"https:\/\/graziamagazine.com\/mx\/articles\/le-baume-el-producto-multiusos-de-cuidado-de-dior-para-el-invierno\/","og_locale":"es_MX","og_type":"article","og_title":"Le Baume, el producto multiusos de cuidado de Dior para el invierno","og_description":"Este producto de tratamiento 3 en 1 para el cuidado facial y corporal repara, hidrata y nutre gracias a su f\u00f3rmula.","og_url":"https:\/\/graziamagazine.com\/mx\/articles\/le-baume-el-producto-multiusos-de-cuidado-de-dior-para-el-invierno\/","og_site_name":"Grazia M\u00e9xico y Latinoam\u00e9rica","og_image":[{"width":1213,"height":817,"url":"https:\/\/graziamagazine.com\/mx\/wp-content\/uploads\/sites\/13\/2024\/01\/IMG_8422-copia-e1701057147992.jpg","type":"image\/jpeg"}],"twitter_card":"summary_large_image","twitter_misc":{"Est. reading time":"3 minutos"},"schema":{"@context":"https:\/\/schema.org","@graph":[{"@type":"WebPage","@id":"https:\/\/graziamagazine.com\/mx\/articles\/le-baume-el-producto-multiusos-de-cuidado-de-dior-para-el-invierno\/","url":"https:\/\/graziamagazine.com\/mx\/articles\/le-baume-el-producto-multiusos-de-cuidado-de-dior-para-el-invierno\/","name":"Le Baume, el producto multiusos de cuidado de Dior para el inviern","isPartOf":{"@id":"https:\/\/graziamagazine.com\/mx\/#website"},"datePublished":"2024-01-10T17:18:44+00:00","dateModified":"2024-01-10T17:18:44+00:00","description":"Este producto de tratamiento 3 en 1 para el cuidado facial y corporal repara, hidrata y nutre gracias a su f\u00f3rmula.","breadcrumb":{"@id":"https:\/\/graziamagazine.com\/mx\/articles\/le-baume-el-producto-multiusos-de-cuidado-de-dior-para-el-invierno\/#breadcrumb"},"inLanguage":"es-MX","potentialAction":[{"@type":"ReadAction","target":["https:\/\/graziamagazine.com\/mx\/articles\/le-baume-el-producto-multiusos-de-cuidado-de-dior-para-el-invierno\/"]}]},{"@type":"BreadcrumbList","@id":"https:\/\/graziamagazine.com\/mx\/articles\/le-baume-el-producto-multiusos-de-cuidado-de-dior-para-el-invierno\/#breadcrumb","itemListElement":[{"@type":"ListItem","position":1,"name":"Home","item":"https:\/\/graziamagazine.com\/mx\/"},{"@type":"ListItem","position":2,"name":"Le Baume, el producto multiusos de cuidado de Dior para el invierno"}]},{"@type":"WebSite","@id":"https:\/\/graziamagazine.com\/mx\/#website","url":"https:\/\/graziamagazine.com\/mx\/","name":"Grazia M\u00e9xico y Latinoam\u00e9rica","description":"Grazia es moda, belleza y noticias  de actualidad ","potentialAction":[{"@type":"SearchAction","target":{"@type":"EntryPoint","urlTemplate":"https:\/\/graziamagazine.com\/mx\/?s={search_term_string}"},"query-input":"required name=search_term_string"}],"inLanguage":"es-MX"}]}},"jetpack_sharing_enabled":true,"distributor_meta":false,"distributor_terms":false,"distributor_media":false,"distributor_original_site_name":"Grazia M\u00e9xico y Latinoam\u00e9rica","distributor_original_site_url":"https:\/\/graziamagazine.com\/mx","push-errors":false,"_links":{"self":[{"href":"https:\/\/graziamagazine.com\/mx\/wp-json\/wp\/v2\/articles\/132943"}],"collection":[{"href":"https:\/\/graziamagazine.com\/mx\/wp-json\/wp\/v2\/articles"}],"about":[{"href":"https:\/\/graziamagazine.com\/mx\/wp-json\/wp\/v2\/types\/articles"}],"author":[{"embeddable":true,"href":"https:\/\/graziamagazine.com\/mx\/wp-json\/wp\/v2\/users\/11653"}],"wp:featuredmedia":[{"embeddable":true,"href":"https:\/\/graziamagazine.com\/mx\/wp-json\/wp\/v2\/media\/132944"}],"wp:attachment":[{"href":"https:\/\/graziamagazine.com\/mx\/wp-json\/wp\/v2\/media?parent=132943"}],"wp:term":[{"taxonomy":"category","embeddable":true,"href":"https:\/\/graziamagazine.com\/mx\/wp-json\/wp\/v2\/categories?post=132943"}],"curies":[{"name":"wp","href":"https:\/\/api.w.org\/{rel}","templated":true}]}}