{"id":132903,"date":"2024-01-09T22:11:54","date_gmt":"2024-01-10T03:11:54","guid":{"rendered":"https:\/\/graziamagazine.com\/mx\/?post_type=articles&#038;p=132903"},"modified":"2024-01-09T22:14:14","modified_gmt":"2024-01-10T03:14:14","slug":"jennifer-lopez-hablo-de-la-cara-de-hartazgo-de-ben-affleck-en-los-golden-globes","status":"publish","type":"articles","link":"https:\/\/graziamagazine.com\/mx\/articles\/jennifer-lopez-hablo-de-la-cara-de-hartazgo-de-ben-affleck-en-los-golden-globes\/","title":{"rendered":"Jennifer Lopez habl\u00f3 de la cara de \u201chartazgo\u201d de Ben Affleck en los Golden Globes"},"content":{"rendered":"<p><span style=\"font-weight: 400\"><strong>Jennifer Lopez<\/strong> sali\u00f3 en defensa de su esposo, <strong>Ben Affleck<\/strong>, luego de las recientes cr\u00edticas que este ha recibido por su expresi\u00f3n facial durante la ceremonia de los <a href=\"https:\/\/graziamagazine.com\/mx\/articles\/golden-globes-2024-los-beauty-looks-mas-impactantes\/\"><strong>Golden Globes 2024.\u00a0<\/strong><\/a><\/span><\/p>\n<p><span style=\"font-weight: 400\">Ben, conocido por su carrera como actor y director, ha sido objeto de comentarios y memes en las redes sociales por lo que muchos interpretaron como una expresi\u00f3n de \u201caburrimiento o hartazgo\u201d.<\/span><\/p>\n<p><span style=\"font-weight: 400\">J.Lo, dijo a <em>Entertainment Tonight<\/em> &#8211; medio que le pregunt\u00f3 por qu\u00e9 &#8220;la gente siempre est\u00e1 preocupada por la expresi\u00f3n facial que tiene Ben&#8221; &#8211; que &#8220;Ben est\u00e1 bien\u201d. \u201cNo necesitas preocuparte por Ben, d\u00e9jame decirte. Est\u00e1 bien. Est\u00e1 feliz. Est\u00e1 aqu\u00ed, est\u00e1 nominado. Yo estoy relajada, no entiendo por qu\u00e9 la gente est\u00e1 tan ansiosa\u201d, respondi\u00f3.<\/span><\/p>\n<p><span style=\"font-weight: 400\">Adem\u00e1s, la cantante y actriz enfatiz\u00f3 que eventos como los Golden Globes pueden ser largos y extenuantes, y que es injusto juzgar a alguien por una reacci\u00f3n moment\u00e1nea. &#8220;Todos tenemos momentos en los que nuestra expresi\u00f3n facial podr\u00eda ser malinterpretada&#8221;, a\u00f1adi\u00f3.<\/span><\/p>\n<p><span style=\"font-weight: 400\">Jen tambi\u00e9n destac\u00f3 el apoyo y amor mutuo que existe en su relaci\u00f3n con Ben, recordando a sus seguidores y cr\u00edticos que las apariencias pueden ser enga\u00f1osas. &#8220;Ben es un hombre incre\u00edble, un padre maravilloso y un socio amoroso. Lo que vemos en una imagen no siempre refleja la realidad completa de una situaci\u00f3n&#8221;, concluy\u00f3.<\/span><\/p>\n","protected":false},"author":11628,"featured_media":132904,"template":"","format":"standard","categories":[2],"acf":[],"yoast_head":"<!-- This site is optimized with the Yoast SEO Premium plugin v18.5 (Yoast SEO v20.4) - https:\/\/yoast.com\/wordpress\/plugins\/seo\/ -->\n<title>Jennifer Lopez habl\u00f3 de la cara de \u201chartazgo\u201d de Ben Affleck en los Golden Globes | Grazia M\u00e9xico y Latinoam\u00e9rica<\/title>\n<meta name=\"description\" content=\"Jennifer Lopez sali\u00f3 en defensa de su esposo, Ben Affleck, luego de las recientes cr\u00edticas que este ha recibido por su expresi\u00f3n facial durante la\" \/>\n<meta name=\"robots\" content=\"index, follow, max-snippet:-1, max-image-preview:large, max-video-preview:-1\" \/>\n<link rel=\"canonical\" href=\"https:\/\/graziamagazine.com\/mx\/articles\/jennifer-lopez-hablo-de-la-cara-de-hartazgo-de-ben-affleck-en-los-golden-globes\/\" \/>\n<meta property=\"og:locale\" content=\"es_MX\" \/>\n<meta property=\"og:type\" content=\"article\" \/>\n<meta property=\"og:title\" content=\"Jennifer Lopez habl\u00f3 de la cara de \u201chartazgo\u201d de Ben Affleck en los Golden Globes\" \/>\n<meta property=\"og:description\" content=\"Jennifer Lopez sali\u00f3 en defensa de su esposo, Ben Affleck, luego de las recientes cr\u00edticas que este ha recibido por su expresi\u00f3n facial durante la\" \/>\n<meta property=\"og:url\" content=\"https:\/\/graziamagazine.com\/mx\/articles\/jennifer-lopez-hablo-de-la-cara-de-hartazgo-de-ben-affleck-en-los-golden-globes\/\" \/>\n<meta property=\"og:site_name\" content=\"Grazia M\u00e9xico y Latinoam\u00e9rica\" \/>\n<meta property=\"article:modified_time\" content=\"2024-01-10T03:14:14+00:00\" \/>\n<meta property=\"og:image\" content=\"https:\/\/graziamagazine.com\/mx\/wp-content\/uploads\/sites\/13\/2024\/01\/Captura-de-Pantalla-2024-01-09-a-las-20.05.05.png\" \/>\n\t<meta property=\"og:image:width\" content=\"571\" \/>\n\t<meta property=\"og:image:height\" content=\"322\" \/>\n\t<meta property=\"og:image:type\" content=\"image\/png\" \/>\n<meta name=\"twitter:card\" content=\"summary_large_image\" \/>\n<meta name=\"twitter:label1\" content=\"Est. reading time\" \/>\n\t<meta name=\"twitter:data1\" content=\"1 minuto\" \/>\n<script type=\"application\/ld+json\" class=\"yoast-schema-graph\">{\"@context\":\"https:\/\/schema.org\",\"@graph\":[{\"@type\":\"WebPage\",\"@id\":\"https:\/\/graziamagazine.com\/mx\/articles\/jennifer-lopez-hablo-de-la-cara-de-hartazgo-de-ben-affleck-en-los-golden-globes\/\",\"url\":\"https:\/\/graziamagazine.com\/mx\/articles\/jennifer-lopez-hablo-de-la-cara-de-hartazgo-de-ben-affleck-en-los-golden-globes\/\",\"name\":\"Jennifer Lopez habl\u00f3 de la cara de \u201chartazgo\u201d de Ben Affleck en los Golden Globes | Grazia M\u00e9xico y Latinoam\u00e9rica\",\"isPartOf\":{\"@id\":\"https:\/\/graziamagazine.com\/mx\/#website\"},\"datePublished\":\"2024-01-10T03:11:54+00:00\",\"dateModified\":\"2024-01-10T03:14:14+00:00\",\"description\":\"Jennifer Lopez sali\u00f3 en defensa de su esposo, Ben Affleck, luego de las recientes cr\u00edticas que este ha recibido por su expresi\u00f3n facial durante la\",\"breadcrumb\":{\"@id\":\"https:\/\/graziamagazine.com\/mx\/articles\/jennifer-lopez-hablo-de-la-cara-de-hartazgo-de-ben-affleck-en-los-golden-globes\/#breadcrumb\"},\"inLanguage\":\"es-MX\",\"potentialAction\":[{\"@type\":\"ReadAction\",\"target\":[\"https:\/\/graziamagazine.com\/mx\/articles\/jennifer-lopez-hablo-de-la-cara-de-hartazgo-de-ben-affleck-en-los-golden-globes\/\"]}]},{\"@type\":\"BreadcrumbList\",\"@id\":\"https:\/\/graziamagazine.com\/mx\/articles\/jennifer-lopez-hablo-de-la-cara-de-hartazgo-de-ben-affleck-en-los-golden-globes\/#breadcrumb\",\"itemListElement\":[{\"@type\":\"ListItem\",\"position\":1,\"name\":\"Home\",\"item\":\"https:\/\/graziamagazine.com\/mx\/\"},{\"@type\":\"ListItem\",\"position\":2,\"name\":\"Jennifer Lopez habl\u00f3 de la cara de \u201chartazgo\u201d de Ben Affleck en los Golden Globes\"}]},{\"@type\":\"WebSite\",\"@id\":\"https:\/\/graziamagazine.com\/mx\/#website\",\"url\":\"https:\/\/graziamagazine.com\/mx\/\",\"name\":\"Grazia M\u00e9xico y Latinoam\u00e9rica\",\"description\":\"Grazia es moda, belleza y noticias  de actualidad \",\"potentialAction\":[{\"@type\":\"SearchAction\",\"target\":{\"@type\":\"EntryPoint\",\"urlTemplate\":\"https:\/\/graziamagazine.com\/mx\/?s={search_term_string}\"},\"query-input\":\"required name=search_term_string\"}],\"inLanguage\":\"es-MX\"}]}<\/script>\n<!-- \/ Yoast SEO Premium plugin. -->","yoast_head_json":{"title":"Jennifer Lopez habl\u00f3 de la cara de \u201chartazgo\u201d de Ben Affleck en los Golden Globes | Grazia M\u00e9xico y Latinoam\u00e9rica","description":"Jennifer Lopez sali\u00f3 en defensa de su esposo, Ben Affleck, luego de las recientes cr\u00edticas que este ha recibido por su expresi\u00f3n facial durante la","robots":{"index":"index","follow":"follow","max-snippet":"max-snippet:-1","max-image-preview":"max-image-preview:large","max-video-preview":"max-video-preview:-1"},"canonical":"https:\/\/graziamagazine.com\/mx\/articles\/jennifer-lopez-hablo-de-la-cara-de-hartazgo-de-ben-affleck-en-los-golden-globes\/","og_locale":"es_MX","og_type":"article","og_title":"Jennifer Lopez habl\u00f3 de la cara de \u201chartazgo\u201d de Ben Affleck en los Golden Globes","og_description":"Jennifer Lopez sali\u00f3 en defensa de su esposo, Ben Affleck, luego de las recientes cr\u00edticas que este ha recibido por su expresi\u00f3n facial durante la","og_url":"https:\/\/graziamagazine.com\/mx\/articles\/jennifer-lopez-hablo-de-la-cara-de-hartazgo-de-ben-affleck-en-los-golden-globes\/","og_site_name":"Grazia M\u00e9xico y Latinoam\u00e9rica","article_modified_time":"2024-01-10T03:14:14+00:00","og_image":[{"width":571,"height":322,"url":"https:\/\/graziamagazine.com\/mx\/wp-content\/uploads\/sites\/13\/2024\/01\/Captura-de-Pantalla-2024-01-09-a-las-20.05.05.png","type":"image\/png"}],"twitter_card":"summary_large_image","twitter_misc":{"Est. reading time":"1 minuto"},"schema":{"@context":"https:\/\/schema.org","@graph":[{"@type":"WebPage","@id":"https:\/\/graziamagazine.com\/mx\/articles\/jennifer-lopez-hablo-de-la-cara-de-hartazgo-de-ben-affleck-en-los-golden-globes\/","url":"https:\/\/graziamagazine.com\/mx\/articles\/jennifer-lopez-hablo-de-la-cara-de-hartazgo-de-ben-affleck-en-los-golden-globes\/","name":"Jennifer Lopez habl\u00f3 de la cara de \u201chartazgo\u201d de Ben Affleck en los Golden Globes | Grazia M\u00e9xico y Latinoam\u00e9rica","isPartOf":{"@id":"https:\/\/graziamagazine.com\/mx\/#website"},"datePublished":"2024-01-10T03:11:54+00:00","dateModified":"2024-01-10T03:14:14+00:00","description":"Jennifer Lopez sali\u00f3 en defensa de su esposo, Ben Affleck, luego de las recientes cr\u00edticas que este ha recibido por su expresi\u00f3n facial durante la","breadcrumb":{"@id":"https:\/\/graziamagazine.com\/mx\/articles\/jennifer-lopez-hablo-de-la-cara-de-hartazgo-de-ben-affleck-en-los-golden-globes\/#breadcrumb"},"inLanguage":"es-MX","potentialAction":[{"@type":"ReadAction","target":["https:\/\/graziamagazine.com\/mx\/articles\/jennifer-lopez-hablo-de-la-cara-de-hartazgo-de-ben-affleck-en-los-golden-globes\/"]}]},{"@type":"BreadcrumbList","@id":"https:\/\/graziamagazine.com\/mx\/articles\/jennifer-lopez-hablo-de-la-cara-de-hartazgo-de-ben-affleck-en-los-golden-globes\/#breadcrumb","itemListElement":[{"@type":"ListItem","position":1,"name":"Home","item":"https:\/\/graziamagazine.com\/mx\/"},{"@type":"ListItem","position":2,"name":"Jennifer Lopez habl\u00f3 de la cara de \u201chartazgo\u201d de Ben Affleck en los Golden Globes"}]},{"@type":"WebSite","@id":"https:\/\/graziamagazine.com\/mx\/#website","url":"https:\/\/graziamagazine.com\/mx\/","name":"Grazia M\u00e9xico y Latinoam\u00e9rica","description":"Grazia es moda, belleza y noticias  de actualidad ","potentialAction":[{"@type":"SearchAction","target":{"@type":"EntryPoint","urlTemplate":"https:\/\/graziamagazine.com\/mx\/?s={search_term_string}"},"query-input":"required name=search_term_string"}],"inLanguage":"es-MX"}]}},"jetpack_sharing_enabled":true,"distributor_meta":false,"distributor_terms":false,"distributor_media":false,"distributor_original_site_name":"Grazia M\u00e9xico y Latinoam\u00e9rica","distributor_original_site_url":"https:\/\/graziamagazine.com\/mx","push-errors":false,"_links":{"self":[{"href":"https:\/\/graziamagazine.com\/mx\/wp-json\/wp\/v2\/articles\/132903"}],"collection":[{"href":"https:\/\/graziamagazine.com\/mx\/wp-json\/wp\/v2\/articles"}],"about":[{"href":"https:\/\/graziamagazine.com\/mx\/wp-json\/wp\/v2\/types\/articles"}],"author":[{"embeddable":true,"href":"https:\/\/graziamagazine.com\/mx\/wp-json\/wp\/v2\/users\/11628"}],"wp:featuredmedia":[{"embeddable":true,"href":"https:\/\/graziamagazine.com\/mx\/wp-json\/wp\/v2\/media\/132904"}],"wp:attachment":[{"href":"https:\/\/graziamagazine.com\/mx\/wp-json\/wp\/v2\/media?parent=132903"}],"wp:term":[{"taxonomy":"category","embeddable":true,"href":"https:\/\/graziamagazine.com\/mx\/wp-json\/wp\/v2\/categories?post=132903"}],"curies":[{"name":"wp","href":"https:\/\/api.w.org\/{rel}","templated":true}]}}