{"id":132791,"date":"2024-01-05T20:44:40","date_gmt":"2024-01-06T01:44:40","guid":{"rendered":"https:\/\/graziamagazine.com\/mx\/?post_type=articles&#038;p=132791"},"modified":"2024-01-05T20:55:05","modified_gmt":"2024-01-06T01:55:05","slug":"carlos-iii-expulsara-de-su-casa-al-principe-andres-tras-documentos-de-epstein","status":"publish","type":"articles","link":"https:\/\/graziamagazine.com\/mx\/articles\/carlos-iii-expulsara-de-su-casa-al-principe-andres-tras-documentos-de-epstein\/","title":{"rendered":"Carlos III expulsar\u00e1 de su casa al pr\u00edncipe Andr\u00e9s tras documentos de Epstein"},"content":{"rendered":"<p>De nuevo el pr\u00edncipe Andr\u00e9s est\u00e1 en el ojo del hurac\u00e1n pese a sus fallidos intentos de limpiar su imagen. Nuevos documentos judiciales del caso Jeffrey Epstein lo mencionan alrededor de 69 veces. Seg\u00fan la prensa brit\u00e1nica, el rey Carlos III lo obligar\u00e1 a dejar el Royal Lodge, la casa de diez habitaciones en Windsor en la que vive desde 2003 y pertenec\u00eda a la reina madre.<\/p>\n<figure id=\"attachment_132792\" aria-describedby=\"caption-attachment-132792\" style=\"width: 450px\" class=\"wp-caption alignnone\"><img loading=\"lazy\" decoding=\"async\" class=\"size-medium wp-image-132792\" src=\"https:\/\/graziamagazine.com\/mx\/wp-content\/uploads\/sites\/13\/2024\/01\/Captura-de-pantalla-2024-01-05-194827.png?w=450\" alt=\"\" width=\"450\" height=\"406\" \/><figcaption id=\"caption-attachment-132792\" class=\"wp-caption-text\">Getty<\/figcaption><\/figure>\n<p>Seg\u00fan el Daily Mail Andr\u00e9s ser\u00e1 forzado a abandonar la casa y ser\u00e1 trasladado a una residencia m\u00e1s peque\u00f1a, la Frogmore Cottage, donde vivieron el pr\u00edncipe Harry y Meghan antes de mudarse a Estados Unidos.<\/p>\n<p>Seg\u00fan los documentos, Virginia Giuffre asegur\u00f3 que fue obligada a tener relaciones sexuales con Andr\u00e9s en tres ocasiones distintas, incluido cuando ella ten\u00eda 17 a\u00f1os.<\/p>\n<p>Adem\u00e1s, dijo que Epstein le orden\u00f3 \u201cdarle al pr\u00edncipe\u201d lo que hab\u00eda pedido, incluida \u201cuna org\u00eda con muchas otras chicas menores de edad\u201d en la mansi\u00f3n de Litte Saint James.<\/p>\n<figure id=\"attachment_132794\" aria-describedby=\"caption-attachment-132794\" style=\"width: 450px\" class=\"wp-caption alignnone\"><img loading=\"lazy\" decoding=\"async\" class=\"size-medium wp-image-132794\" src=\"https:\/\/graziamagazine.com\/mx\/wp-content\/uploads\/sites\/13\/2024\/01\/Captura-de-pantalla-2024-01-05-194604.png?w=450\" alt=\"\" width=\"450\" height=\"251\" \/><figcaption id=\"caption-attachment-132794\" class=\"wp-caption-text\">Getty<\/figcaption><\/figure>\n<p>Son los detalles del abuso los que no se hab\u00edan revelado, pues en el 2022 Virginia y Andr\u00e9s llegaron a un acuerdo extrajudicial por 10 millones de libras. Virginia present\u00f3 la denuncia en Nueva York en el 2021. La reina Isabel II lo despoj\u00f3 de privilegios reales, t\u00edtulos militares y patrocinios en enero del 2022.<\/p>\n<p>\u201cHab\u00eda una peque\u00f1a marquilla en la marioneta que dec\u00eda \u2018Pr\u00edncipe Andr\u00e9s\u2019, y as\u00ed fue como supe de qui\u00e9n se trataba\u201d, dijo.<\/p>\n<p>\u201cPusieron el t\u00edtere sobre el regazo de Virginia y yo me sent\u00e9 en las piernas de Andr\u00e9s. Luego, pusieron la mano del t\u00edtere en los pechos de Virginia y Andr\u00e9s hizo lo mismo con los m\u00edos. All\u00ed tomaron una fotograf\u00eda\u201d, a\u00f1adi\u00f3 en el documento.<\/p>\n<p>El pr\u00edncipe Andr\u00e9s tiene prohibido asistir a eventos reales oficiales, as\u00ed como actos pol\u00edticos. Aunque a\u00fan se le permite asistir a eventos privados y familiares.<\/p>\n","protected":false},"author":36289,"featured_media":132795,"template":"","format":"standard","categories":[12484],"acf":[],"yoast_head":"<!-- This site is optimized with the Yoast SEO Premium plugin v18.5 (Yoast SEO v20.4) - https:\/\/yoast.com\/wordpress\/plugins\/seo\/ -->\n<title>Carlos III expulsar\u00e1 de su casa al pr\u00edncipe Andr\u00e9s tras documentos de Epstein | Grazia M\u00e9xico y Latinoam\u00e9rica<\/title>\n<meta name=\"description\" content=\"De nuevo el pr\u00edncipe Andr\u00e9s est\u00e1 en el ojo del hurac\u00e1n pese a sus fallidos intentos de limpiar su imagen. Nuevos documentos judiciales del caso Jeffrey\" \/>\n<meta name=\"robots\" content=\"index, follow, max-snippet:-1, max-image-preview:large, max-video-preview:-1\" \/>\n<link rel=\"canonical\" href=\"https:\/\/graziamagazine.com\/mx\/articles\/carlos-iii-expulsara-de-su-casa-al-principe-andres-tras-documentos-de-epstein\/\" \/>\n<meta property=\"og:locale\" content=\"es_MX\" \/>\n<meta property=\"og:type\" content=\"article\" \/>\n<meta property=\"og:title\" content=\"Carlos III expulsar\u00e1 de su casa al pr\u00edncipe Andr\u00e9s tras documentos de Epstein\" \/>\n<meta property=\"og:description\" content=\"De nuevo el pr\u00edncipe Andr\u00e9s est\u00e1 en el ojo del hurac\u00e1n pese a sus fallidos intentos de limpiar su imagen. Nuevos documentos judiciales del caso Jeffrey\" \/>\n<meta property=\"og:url\" content=\"https:\/\/graziamagazine.com\/mx\/articles\/carlos-iii-expulsara-de-su-casa-al-principe-andres-tras-documentos-de-epstein\/\" \/>\n<meta property=\"og:site_name\" content=\"Grazia M\u00e9xico y Latinoam\u00e9rica\" \/>\n<meta property=\"article:modified_time\" content=\"2024-01-06T01:55:05+00:00\" \/>\n<meta property=\"og:image\" content=\"https:\/\/graziamagazine.com\/mx\/wp-content\/uploads\/sites\/13\/2024\/01\/Captura-de-pantalla-2024-01-05-194549-e1704506022373.png\" \/>\n\t<meta property=\"og:image:width\" content=\"629\" \/>\n\t<meta property=\"og:image:height\" content=\"351\" \/>\n\t<meta property=\"og:image:type\" content=\"image\/png\" \/>\n<meta name=\"twitter:card\" content=\"summary_large_image\" \/>\n<meta name=\"twitter:label1\" content=\"Est. reading time\" \/>\n\t<meta name=\"twitter:data1\" content=\"2 minutos\" \/>\n<script type=\"application\/ld+json\" class=\"yoast-schema-graph\">{\"@context\":\"https:\/\/schema.org\",\"@graph\":[{\"@type\":\"WebPage\",\"@id\":\"https:\/\/graziamagazine.com\/mx\/articles\/carlos-iii-expulsara-de-su-casa-al-principe-andres-tras-documentos-de-epstein\/\",\"url\":\"https:\/\/graziamagazine.com\/mx\/articles\/carlos-iii-expulsara-de-su-casa-al-principe-andres-tras-documentos-de-epstein\/\",\"name\":\"Carlos III expulsar\u00e1 de su casa al pr\u00edncipe Andr\u00e9s tras documentos de Epstein | Grazia M\u00e9xico y Latinoam\u00e9rica\",\"isPartOf\":{\"@id\":\"https:\/\/graziamagazine.com\/mx\/#website\"},\"datePublished\":\"2024-01-06T01:44:40+00:00\",\"dateModified\":\"2024-01-06T01:55:05+00:00\",\"description\":\"De nuevo el pr\u00edncipe Andr\u00e9s est\u00e1 en el ojo del hurac\u00e1n pese a sus fallidos intentos de limpiar su imagen. Nuevos documentos judiciales del caso Jeffrey\",\"breadcrumb\":{\"@id\":\"https:\/\/graziamagazine.com\/mx\/articles\/carlos-iii-expulsara-de-su-casa-al-principe-andres-tras-documentos-de-epstein\/#breadcrumb\"},\"inLanguage\":\"es-MX\",\"potentialAction\":[{\"@type\":\"ReadAction\",\"target\":[\"https:\/\/graziamagazine.com\/mx\/articles\/carlos-iii-expulsara-de-su-casa-al-principe-andres-tras-documentos-de-epstein\/\"]}]},{\"@type\":\"BreadcrumbList\",\"@id\":\"https:\/\/graziamagazine.com\/mx\/articles\/carlos-iii-expulsara-de-su-casa-al-principe-andres-tras-documentos-de-epstein\/#breadcrumb\",\"itemListElement\":[{\"@type\":\"ListItem\",\"position\":1,\"name\":\"Home\",\"item\":\"https:\/\/graziamagazine.com\/mx\/\"},{\"@type\":\"ListItem\",\"position\":2,\"name\":\"Carlos III expulsar\u00e1 de su casa al pr\u00edncipe Andr\u00e9s tras documentos de Epstein\"}]},{\"@type\":\"WebSite\",\"@id\":\"https:\/\/graziamagazine.com\/mx\/#website\",\"url\":\"https:\/\/graziamagazine.com\/mx\/\",\"name\":\"Grazia M\u00e9xico y Latinoam\u00e9rica\",\"description\":\"Grazia es moda, belleza y noticias  de actualidad \",\"potentialAction\":[{\"@type\":\"SearchAction\",\"target\":{\"@type\":\"EntryPoint\",\"urlTemplate\":\"https:\/\/graziamagazine.com\/mx\/?s={search_term_string}\"},\"query-input\":\"required name=search_term_string\"}],\"inLanguage\":\"es-MX\"}]}<\/script>\n<!-- \/ Yoast SEO Premium plugin. -->","yoast_head_json":{"title":"Carlos III expulsar\u00e1 de su casa al pr\u00edncipe Andr\u00e9s tras documentos de Epstein | Grazia M\u00e9xico y Latinoam\u00e9rica","description":"De nuevo el pr\u00edncipe Andr\u00e9s est\u00e1 en el ojo del hurac\u00e1n pese a sus fallidos intentos de limpiar su imagen. Nuevos documentos judiciales del caso Jeffrey","robots":{"index":"index","follow":"follow","max-snippet":"max-snippet:-1","max-image-preview":"max-image-preview:large","max-video-preview":"max-video-preview:-1"},"canonical":"https:\/\/graziamagazine.com\/mx\/articles\/carlos-iii-expulsara-de-su-casa-al-principe-andres-tras-documentos-de-epstein\/","og_locale":"es_MX","og_type":"article","og_title":"Carlos III expulsar\u00e1 de su casa al pr\u00edncipe Andr\u00e9s tras documentos de Epstein","og_description":"De nuevo el pr\u00edncipe Andr\u00e9s est\u00e1 en el ojo del hurac\u00e1n pese a sus fallidos intentos de limpiar su imagen. Nuevos documentos judiciales del caso Jeffrey","og_url":"https:\/\/graziamagazine.com\/mx\/articles\/carlos-iii-expulsara-de-su-casa-al-principe-andres-tras-documentos-de-epstein\/","og_site_name":"Grazia M\u00e9xico y Latinoam\u00e9rica","article_modified_time":"2024-01-06T01:55:05+00:00","og_image":[{"width":629,"height":351,"url":"https:\/\/graziamagazine.com\/mx\/wp-content\/uploads\/sites\/13\/2024\/01\/Captura-de-pantalla-2024-01-05-194549-e1704506022373.png","type":"image\/png"}],"twitter_card":"summary_large_image","twitter_misc":{"Est. reading time":"2 minutos"},"schema":{"@context":"https:\/\/schema.org","@graph":[{"@type":"WebPage","@id":"https:\/\/graziamagazine.com\/mx\/articles\/carlos-iii-expulsara-de-su-casa-al-principe-andres-tras-documentos-de-epstein\/","url":"https:\/\/graziamagazine.com\/mx\/articles\/carlos-iii-expulsara-de-su-casa-al-principe-andres-tras-documentos-de-epstein\/","name":"Carlos III expulsar\u00e1 de su casa al pr\u00edncipe Andr\u00e9s tras documentos de Epstein | Grazia M\u00e9xico y Latinoam\u00e9rica","isPartOf":{"@id":"https:\/\/graziamagazine.com\/mx\/#website"},"datePublished":"2024-01-06T01:44:40+00:00","dateModified":"2024-01-06T01:55:05+00:00","description":"De nuevo el pr\u00edncipe Andr\u00e9s est\u00e1 en el ojo del hurac\u00e1n pese a sus fallidos intentos de limpiar su imagen. Nuevos documentos judiciales del caso Jeffrey","breadcrumb":{"@id":"https:\/\/graziamagazine.com\/mx\/articles\/carlos-iii-expulsara-de-su-casa-al-principe-andres-tras-documentos-de-epstein\/#breadcrumb"},"inLanguage":"es-MX","potentialAction":[{"@type":"ReadAction","target":["https:\/\/graziamagazine.com\/mx\/articles\/carlos-iii-expulsara-de-su-casa-al-principe-andres-tras-documentos-de-epstein\/"]}]},{"@type":"BreadcrumbList","@id":"https:\/\/graziamagazine.com\/mx\/articles\/carlos-iii-expulsara-de-su-casa-al-principe-andres-tras-documentos-de-epstein\/#breadcrumb","itemListElement":[{"@type":"ListItem","position":1,"name":"Home","item":"https:\/\/graziamagazine.com\/mx\/"},{"@type":"ListItem","position":2,"name":"Carlos III expulsar\u00e1 de su casa al pr\u00edncipe Andr\u00e9s tras documentos de Epstein"}]},{"@type":"WebSite","@id":"https:\/\/graziamagazine.com\/mx\/#website","url":"https:\/\/graziamagazine.com\/mx\/","name":"Grazia M\u00e9xico y Latinoam\u00e9rica","description":"Grazia es moda, belleza y noticias  de actualidad ","potentialAction":[{"@type":"SearchAction","target":{"@type":"EntryPoint","urlTemplate":"https:\/\/graziamagazine.com\/mx\/?s={search_term_string}"},"query-input":"required name=search_term_string"}],"inLanguage":"es-MX"}]}},"jetpack_sharing_enabled":true,"distributor_meta":false,"distributor_terms":false,"distributor_media":false,"distributor_original_site_name":"Grazia M\u00e9xico y Latinoam\u00e9rica","distributor_original_site_url":"https:\/\/graziamagazine.com\/mx","push-errors":false,"_links":{"self":[{"href":"https:\/\/graziamagazine.com\/mx\/wp-json\/wp\/v2\/articles\/132791"}],"collection":[{"href":"https:\/\/graziamagazine.com\/mx\/wp-json\/wp\/v2\/articles"}],"about":[{"href":"https:\/\/graziamagazine.com\/mx\/wp-json\/wp\/v2\/types\/articles"}],"author":[{"embeddable":true,"href":"https:\/\/graziamagazine.com\/mx\/wp-json\/wp\/v2\/users\/36289"}],"wp:featuredmedia":[{"embeddable":true,"href":"https:\/\/graziamagazine.com\/mx\/wp-json\/wp\/v2\/media\/132795"}],"wp:attachment":[{"href":"https:\/\/graziamagazine.com\/mx\/wp-json\/wp\/v2\/media?parent=132791"}],"wp:term":[{"taxonomy":"category","embeddable":true,"href":"https:\/\/graziamagazine.com\/mx\/wp-json\/wp\/v2\/categories?post=132791"}],"curies":[{"name":"wp","href":"https:\/\/api.w.org\/{rel}","templated":true}]}}