{"id":132637,"date":"2023-12-28T20:05:38","date_gmt":"2023-12-29T01:05:38","guid":{"rendered":"https:\/\/graziamagazine.com\/mx\/?post_type=articles&#038;p=132637"},"modified":"2023-12-28T20:11:23","modified_gmt":"2023-12-29T01:11:23","slug":"la-mama-de-peso-pluma-aclara-los-rumores-en-torno-al-padre-de-su-hijo","status":"publish","type":"articles","link":"https:\/\/graziamagazine.com\/mx\/articles\/la-mama-de-peso-pluma-aclara-los-rumores-en-torno-al-padre-de-su-hijo\/","title":{"rendered":"La mam\u00e1 de Peso Pluma aclara los rumores en torno al padre de su hijo"},"content":{"rendered":"<p><span style=\"font-weight: 400\">En los \u00faltimos d\u00edas han surgido en redes sociales rumores sobre que el supuesto padre de <a href=\"https:\/\/graziamagazine.com\/mx\/articles\/spotify-lanzara-colecciones-capsula-de-merchandising-de-algunos-artistas\/\"><strong>Peso Pluma<\/strong><\/a> es el fallecido cantante de m\u00fasica popular mexicana, <strong>Valent\u00edn Elizalde<\/strong>. Pero la mam\u00e1 del cantante ha decidido callar los rumores y hablar al respecto.<\/span><\/p>\n<p><span style=\"font-weight: 400\">Fue durante su participaci\u00f3n en el programa matutino de Estados Unidos, <\/span><i><span style=\"font-weight: 400\">Despierta Am\u00e9rica<\/span><\/i><span style=\"font-weight: 400\">, que <strong>Rub\u00ed Laija<\/strong>, madre de Peso Pluma &#8211; cuyo verdadero nombre es <strong>Hassan Emilio Kabande Laija<\/strong> &#8211; abord\u00f3 el tema.<\/span><\/p>\n<p><span style=\"font-weight: 400\">Rub\u00ed asegur\u00f3 que la llena de orgullo que consideren que su hijo \u201cla reencarnaci\u00f3n de Valent\u00edn Elizalde\u201d, pero aclar\u00f3: \u201cSolo nos re\u00edmos obviamente y qu\u00e9 bueno que lo comparan con \u00e9l, porque pues \u00e9l gustaba mucho, le gustaba mucho a toda la gente\u201d. Es decir, neg\u00f3 que Elizalde sea el padre.<\/span><\/p>\n<p><span style=\"font-weight: 400\">Otros rumores que han surgido en torno al exitoso cantante mexicano es que es hijo de la actriz <strong>Adela Noriega y el ex presidente Carlos Salinas de Gortari<\/strong>, teor\u00edas de las que tambi\u00e9n se r\u00ede con su mam\u00e1.\u00a0<\/span><\/p>\n<p><span style=\"font-weight: 400\">Por el contrario, reportes indican que su pap\u00e1 es Hassam Kabade Toledo, originario de Jalisco, mientras que su mam\u00e1 &#8211; conocida como \u201cla suegra de M\u00e9xico\u201d &#8211; es de Sinaloa.<\/span><\/p>\n<p><span style=\"font-weight: 400\">Peso pluma y su madre han demostrado p\u00fablicamente que su v\u00ednculo familiar es fuerte. A trav\u00e9s de su m\u00fasica y el apoyo de ella, Peso Pluma ha logrado consolidarse como uno de los artistas m\u00e1s exitosos de la m\u00fasica regional mexicana.<\/span><\/p>\n","protected":false},"author":11628,"featured_media":124369,"template":"","format":"standard","categories":[2],"acf":[],"yoast_head":"<!-- This site is optimized with the Yoast SEO Premium plugin v18.5 (Yoast SEO v20.4) - https:\/\/yoast.com\/wordpress\/plugins\/seo\/ -->\n<title>La mam\u00e1 de Peso Pluma aclara los rumores en torno al padre de su hijo | Grazia M\u00e9xico y Latinoam\u00e9rica<\/title>\n<meta name=\"description\" content=\"En los \u00faltimos d\u00edas han surgido en redes sociales rumores sobre que el supuesto padre de Peso Pluma es el fallecido cantante de m\u00fasica popular mexicana,\" \/>\n<meta name=\"robots\" content=\"index, follow, max-snippet:-1, max-image-preview:large, max-video-preview:-1\" \/>\n<link rel=\"canonical\" href=\"https:\/\/graziamagazine.com\/mx\/articles\/la-mama-de-peso-pluma-aclara-los-rumores-en-torno-al-padre-de-su-hijo\/\" \/>\n<meta property=\"og:locale\" content=\"es_MX\" \/>\n<meta property=\"og:type\" content=\"article\" \/>\n<meta property=\"og:title\" content=\"La mam\u00e1 de Peso Pluma aclara los rumores en torno al padre de su hijo\" \/>\n<meta property=\"og:description\" content=\"En los \u00faltimos d\u00edas han surgido en redes sociales rumores sobre que el supuesto padre de Peso Pluma es el fallecido cantante de m\u00fasica popular mexicana,\" \/>\n<meta property=\"og:url\" content=\"https:\/\/graziamagazine.com\/mx\/articles\/la-mama-de-peso-pluma-aclara-los-rumores-en-torno-al-padre-de-su-hijo\/\" \/>\n<meta property=\"og:site_name\" content=\"Grazia M\u00e9xico y Latinoam\u00e9rica\" \/>\n<meta property=\"article:modified_time\" content=\"2023-12-29T01:11:23+00:00\" \/>\n<meta property=\"og:image\" content=\"https:\/\/graziamagazine.com\/mx\/wp-content\/uploads\/sites\/13\/2023\/04\/Captura-de-Pantalla-2023-04-25-a-las-9.51.26.png\" \/>\n\t<meta property=\"og:image:width\" content=\"586\" \/>\n\t<meta property=\"og:image:height\" content=\"342\" \/>\n\t<meta property=\"og:image:type\" content=\"image\/png\" \/>\n<meta name=\"twitter:card\" content=\"summary_large_image\" \/>\n<meta name=\"twitter:label1\" content=\"Est. reading time\" \/>\n\t<meta name=\"twitter:data1\" content=\"2 minutos\" \/>\n<script type=\"application\/ld+json\" class=\"yoast-schema-graph\">{\"@context\":\"https:\/\/schema.org\",\"@graph\":[{\"@type\":\"WebPage\",\"@id\":\"https:\/\/graziamagazine.com\/mx\/articles\/la-mama-de-peso-pluma-aclara-los-rumores-en-torno-al-padre-de-su-hijo\/\",\"url\":\"https:\/\/graziamagazine.com\/mx\/articles\/la-mama-de-peso-pluma-aclara-los-rumores-en-torno-al-padre-de-su-hijo\/\",\"name\":\"La mam\u00e1 de Peso Pluma aclara los rumores en torno al padre de su hijo | Grazia M\u00e9xico y Latinoam\u00e9rica\",\"isPartOf\":{\"@id\":\"https:\/\/graziamagazine.com\/mx\/#website\"},\"datePublished\":\"2023-12-29T01:05:38+00:00\",\"dateModified\":\"2023-12-29T01:11:23+00:00\",\"description\":\"En los \u00faltimos d\u00edas han surgido en redes sociales rumores sobre que el supuesto padre de Peso Pluma es el fallecido cantante de m\u00fasica popular mexicana,\",\"breadcrumb\":{\"@id\":\"https:\/\/graziamagazine.com\/mx\/articles\/la-mama-de-peso-pluma-aclara-los-rumores-en-torno-al-padre-de-su-hijo\/#breadcrumb\"},\"inLanguage\":\"es-MX\",\"potentialAction\":[{\"@type\":\"ReadAction\",\"target\":[\"https:\/\/graziamagazine.com\/mx\/articles\/la-mama-de-peso-pluma-aclara-los-rumores-en-torno-al-padre-de-su-hijo\/\"]}]},{\"@type\":\"BreadcrumbList\",\"@id\":\"https:\/\/graziamagazine.com\/mx\/articles\/la-mama-de-peso-pluma-aclara-los-rumores-en-torno-al-padre-de-su-hijo\/#breadcrumb\",\"itemListElement\":[{\"@type\":\"ListItem\",\"position\":1,\"name\":\"Home\",\"item\":\"https:\/\/graziamagazine.com\/mx\/\"},{\"@type\":\"ListItem\",\"position\":2,\"name\":\"La mam\u00e1 de Peso Pluma aclara los rumores en torno al padre de su hijo\"}]},{\"@type\":\"WebSite\",\"@id\":\"https:\/\/graziamagazine.com\/mx\/#website\",\"url\":\"https:\/\/graziamagazine.com\/mx\/\",\"name\":\"Grazia M\u00e9xico y Latinoam\u00e9rica\",\"description\":\"Grazia es moda, belleza y noticias  de actualidad \",\"potentialAction\":[{\"@type\":\"SearchAction\",\"target\":{\"@type\":\"EntryPoint\",\"urlTemplate\":\"https:\/\/graziamagazine.com\/mx\/?s={search_term_string}\"},\"query-input\":\"required name=search_term_string\"}],\"inLanguage\":\"es-MX\"}]}<\/script>\n<!-- \/ Yoast SEO Premium plugin. -->","yoast_head_json":{"title":"La mam\u00e1 de Peso Pluma aclara los rumores en torno al padre de su hijo | Grazia M\u00e9xico y Latinoam\u00e9rica","description":"En los \u00faltimos d\u00edas han surgido en redes sociales rumores sobre que el supuesto padre de Peso Pluma es el fallecido cantante de m\u00fasica popular mexicana,","robots":{"index":"index","follow":"follow","max-snippet":"max-snippet:-1","max-image-preview":"max-image-preview:large","max-video-preview":"max-video-preview:-1"},"canonical":"https:\/\/graziamagazine.com\/mx\/articles\/la-mama-de-peso-pluma-aclara-los-rumores-en-torno-al-padre-de-su-hijo\/","og_locale":"es_MX","og_type":"article","og_title":"La mam\u00e1 de Peso Pluma aclara los rumores en torno al padre de su hijo","og_description":"En los \u00faltimos d\u00edas han surgido en redes sociales rumores sobre que el supuesto padre de Peso Pluma es el fallecido cantante de m\u00fasica popular mexicana,","og_url":"https:\/\/graziamagazine.com\/mx\/articles\/la-mama-de-peso-pluma-aclara-los-rumores-en-torno-al-padre-de-su-hijo\/","og_site_name":"Grazia M\u00e9xico y Latinoam\u00e9rica","article_modified_time":"2023-12-29T01:11:23+00:00","og_image":[{"width":586,"height":342,"url":"https:\/\/graziamagazine.com\/mx\/wp-content\/uploads\/sites\/13\/2023\/04\/Captura-de-Pantalla-2023-04-25-a-las-9.51.26.png","type":"image\/png"}],"twitter_card":"summary_large_image","twitter_misc":{"Est. reading time":"2 minutos"},"schema":{"@context":"https:\/\/schema.org","@graph":[{"@type":"WebPage","@id":"https:\/\/graziamagazine.com\/mx\/articles\/la-mama-de-peso-pluma-aclara-los-rumores-en-torno-al-padre-de-su-hijo\/","url":"https:\/\/graziamagazine.com\/mx\/articles\/la-mama-de-peso-pluma-aclara-los-rumores-en-torno-al-padre-de-su-hijo\/","name":"La mam\u00e1 de Peso Pluma aclara los rumores en torno al padre de su hijo | Grazia M\u00e9xico y Latinoam\u00e9rica","isPartOf":{"@id":"https:\/\/graziamagazine.com\/mx\/#website"},"datePublished":"2023-12-29T01:05:38+00:00","dateModified":"2023-12-29T01:11:23+00:00","description":"En los \u00faltimos d\u00edas han surgido en redes sociales rumores sobre que el supuesto padre de Peso Pluma es el fallecido cantante de m\u00fasica popular mexicana,","breadcrumb":{"@id":"https:\/\/graziamagazine.com\/mx\/articles\/la-mama-de-peso-pluma-aclara-los-rumores-en-torno-al-padre-de-su-hijo\/#breadcrumb"},"inLanguage":"es-MX","potentialAction":[{"@type":"ReadAction","target":["https:\/\/graziamagazine.com\/mx\/articles\/la-mama-de-peso-pluma-aclara-los-rumores-en-torno-al-padre-de-su-hijo\/"]}]},{"@type":"BreadcrumbList","@id":"https:\/\/graziamagazine.com\/mx\/articles\/la-mama-de-peso-pluma-aclara-los-rumores-en-torno-al-padre-de-su-hijo\/#breadcrumb","itemListElement":[{"@type":"ListItem","position":1,"name":"Home","item":"https:\/\/graziamagazine.com\/mx\/"},{"@type":"ListItem","position":2,"name":"La mam\u00e1 de Peso Pluma aclara los rumores en torno al padre de su hijo"}]},{"@type":"WebSite","@id":"https:\/\/graziamagazine.com\/mx\/#website","url":"https:\/\/graziamagazine.com\/mx\/","name":"Grazia M\u00e9xico y Latinoam\u00e9rica","description":"Grazia es moda, belleza y noticias  de actualidad ","potentialAction":[{"@type":"SearchAction","target":{"@type":"EntryPoint","urlTemplate":"https:\/\/graziamagazine.com\/mx\/?s={search_term_string}"},"query-input":"required name=search_term_string"}],"inLanguage":"es-MX"}]}},"jetpack_sharing_enabled":true,"distributor_meta":false,"distributor_terms":false,"distributor_media":false,"distributor_original_site_name":"Grazia M\u00e9xico y Latinoam\u00e9rica","distributor_original_site_url":"https:\/\/graziamagazine.com\/mx","push-errors":false,"_links":{"self":[{"href":"https:\/\/graziamagazine.com\/mx\/wp-json\/wp\/v2\/articles\/132637"}],"collection":[{"href":"https:\/\/graziamagazine.com\/mx\/wp-json\/wp\/v2\/articles"}],"about":[{"href":"https:\/\/graziamagazine.com\/mx\/wp-json\/wp\/v2\/types\/articles"}],"author":[{"embeddable":true,"href":"https:\/\/graziamagazine.com\/mx\/wp-json\/wp\/v2\/users\/11628"}],"wp:featuredmedia":[{"embeddable":true,"href":"https:\/\/graziamagazine.com\/mx\/wp-json\/wp\/v2\/media\/124369"}],"wp:attachment":[{"href":"https:\/\/graziamagazine.com\/mx\/wp-json\/wp\/v2\/media?parent=132637"}],"wp:term":[{"taxonomy":"category","embeddable":true,"href":"https:\/\/graziamagazine.com\/mx\/wp-json\/wp\/v2\/categories?post=132637"}],"curies":[{"name":"wp","href":"https:\/\/api.w.org\/{rel}","templated":true}]}}