{"id":132632,"date":"2023-12-28T16:10:18","date_gmt":"2023-12-28T21:10:18","guid":{"rendered":"https:\/\/graziamagazine.com\/mx\/?post_type=articles&#038;p=132632"},"modified":"2023-12-28T16:14:49","modified_gmt":"2023-12-28T21:14:49","slug":"dominic-west-revela-por-que-ya-no-tiene-relacion-con-el-principe-harry","status":"publish","type":"articles","link":"https:\/\/graziamagazine.com\/mx\/articles\/dominic-west-revela-por-que-ya-no-tiene-relacion-con-el-principe-harry\/","title":{"rendered":"Dominic West revela por qu\u00e9 ya no tiene relaci\u00f3n con el pr\u00edncipe Harry"},"content":{"rendered":"<p><span style=\"font-weight: 400\">El actor <strong>Dominic West<\/strong>, quien dio vida al entonces <strong>pr\u00edncipe Charles<\/strong> en <a href=\"https:\/\/graziamagazine.com\/mx\/articles\/the-crown-ultima-temporada-serie-estrenarse-trailer-promete-final-epico\/\"><em><strong>The Crown<\/strong><\/em><\/a>, rompi\u00f3 el silencio, revelando todos los detalles sobre su pelea con su ex amigo, el<strong> pr\u00edncipe Harry.<\/strong><\/span><\/p>\n<p><span style=\"font-weight: 400\">En 2013, Dominic y Harry realizaron juntos una expedici\u00f3n por el glaciar Langj\u00f6kull en Islandia, como parte del <strong>desaf\u00edo <em>Walking With the Wounded<\/em><\/strong> y, seg\u00fan comparti\u00f3 West, ya no hablan despu\u00e9s de que &#8220;dijo demasiado en una conferencia de prensa&#8221;.<\/span><\/p>\n<p><span style=\"font-weight: 400\">Pero eso no quiere decir que Dominic se acerc\u00f3 a Harry para pedirle consejo sobre c\u00f3mo interpretar a un miembro de la realeza, ya que los dos no se hablan exactamente hoy en d\u00eda.<\/span><\/p>\n<p><span style=\"font-weight: 400\">&#8220;No, en cierto modo&#8230; no&#8221;, respondi\u00f3 el actor a <em>Times Radio<\/em> en una entrevista publicada el 24 de diciembre, sobre si se acerc\u00f3 a Harry. &#8220;Dije demasiado en una conferencia de prensa y despu\u00e9s no hablamos&#8221;.<\/span><\/p>\n<p><span style=\"font-weight: 400\">&#8220;Creo que me preguntaron qu\u00e9 hicimos para celebrar cuando llegamos all\u00ed&#8221;, dijo Dominic, &#8220;y probablemente dije algo demasiado&#8221;.<\/span><\/p>\n<p><span style=\"font-weight: 400\">Si bien Dominic no dio m\u00e1s detalles sobre su pelea con Harry, parec\u00eda estar haciendo referencia a los comentarios que hizo en 2014 sobre las ruidosas celebraciones del grupo despu\u00e9s de terminar su viaje al \u00c1rtico.<\/span><\/p>\n<p><span style=\"font-weight: 400\">&#8220;La mayor\u00eda de nosotros, incluido Harry, simplemente nos fuimos de fiesta durante dos d\u00edas&#8221;, revel\u00f3 Dominic en una conferencia de prensa en ese momento, &#8220;con los camioneros islandeses que hab\u00edan tra\u00eddo una bebida casera letal&#8221;.<\/span><\/p>\n<p><span style=\"font-weight: 400\">El actor, que tambi\u00e9n cit\u00f3 la capacidad de Harry para construir los ba\u00f1os temporales del grupo, agreg\u00f3 que su fiesta posterior a la caminata incluy\u00f3 beber champ\u00e1n de las pr\u00f3tesis de piernas de su compa\u00f1ero excursionista, <strong>Duncan Slater.<\/strong><\/span><\/p>\n","protected":false},"author":11628,"featured_media":119030,"template":"","format":"standard","categories":[2,12655],"acf":[],"yoast_head":"<!-- This site is optimized with the Yoast SEO Premium plugin v18.5 (Yoast SEO v20.4) - https:\/\/yoast.com\/wordpress\/plugins\/seo\/ -->\n<title>Dominic West revela por qu\u00e9 ya no tiene relaci\u00f3n con el pr\u00edncipe Harry | Grazia M\u00e9xico y Latinoam\u00e9rica<\/title>\n<meta name=\"description\" content=\"El actor Dominic West, quien dio vida al entonces pr\u00edncipe Charles en The Crown, rompi\u00f3 el silencio, revelando todos los detalles sobre su pelea con su ex\" \/>\n<meta name=\"robots\" content=\"index, follow, max-snippet:-1, max-image-preview:large, max-video-preview:-1\" \/>\n<link rel=\"canonical\" href=\"https:\/\/graziamagazine.com\/mx\/articles\/dominic-west-revela-por-que-ya-no-tiene-relacion-con-el-principe-harry\/\" \/>\n<meta property=\"og:locale\" content=\"es_MX\" \/>\n<meta property=\"og:type\" content=\"article\" \/>\n<meta property=\"og:title\" content=\"Dominic West revela por qu\u00e9 ya no tiene relaci\u00f3n con el pr\u00edncipe Harry\" \/>\n<meta property=\"og:description\" content=\"El actor Dominic West, quien dio vida al entonces pr\u00edncipe Charles en The Crown, rompi\u00f3 el silencio, revelando todos los detalles sobre su pelea con su ex\" \/>\n<meta property=\"og:url\" content=\"https:\/\/graziamagazine.com\/mx\/articles\/dominic-west-revela-por-que-ya-no-tiene-relacion-con-el-principe-harry\/\" \/>\n<meta property=\"og:site_name\" content=\"Grazia M\u00e9xico y Latinoam\u00e9rica\" \/>\n<meta property=\"article:modified_time\" content=\"2023-12-28T21:14:49+00:00\" \/>\n<meta property=\"og:image\" content=\"https:\/\/graziamagazine.com\/mx\/wp-content\/uploads\/sites\/13\/2022\/11\/Captura-de-Pantalla-2022-11-14-a-las-15.52.45.png\" \/>\n\t<meta property=\"og:image:width\" content=\"618\" \/>\n\t<meta property=\"og:image:height\" content=\"418\" \/>\n\t<meta property=\"og:image:type\" content=\"image\/png\" \/>\n<meta name=\"twitter:card\" content=\"summary_large_image\" \/>\n<meta name=\"twitter:label1\" content=\"Est. reading time\" \/>\n\t<meta name=\"twitter:data1\" content=\"2 minutos\" \/>\n<script type=\"application\/ld+json\" class=\"yoast-schema-graph\">{\"@context\":\"https:\/\/schema.org\",\"@graph\":[{\"@type\":\"WebPage\",\"@id\":\"https:\/\/graziamagazine.com\/mx\/articles\/dominic-west-revela-por-que-ya-no-tiene-relacion-con-el-principe-harry\/\",\"url\":\"https:\/\/graziamagazine.com\/mx\/articles\/dominic-west-revela-por-que-ya-no-tiene-relacion-con-el-principe-harry\/\",\"name\":\"Dominic West revela por qu\u00e9 ya no tiene relaci\u00f3n con el pr\u00edncipe Harry | Grazia M\u00e9xico y Latinoam\u00e9rica\",\"isPartOf\":{\"@id\":\"https:\/\/graziamagazine.com\/mx\/#website\"},\"datePublished\":\"2023-12-28T21:10:18+00:00\",\"dateModified\":\"2023-12-28T21:14:49+00:00\",\"description\":\"El actor Dominic West, quien dio vida al entonces pr\u00edncipe Charles en The Crown, rompi\u00f3 el silencio, revelando todos los detalles sobre su pelea con su ex\",\"breadcrumb\":{\"@id\":\"https:\/\/graziamagazine.com\/mx\/articles\/dominic-west-revela-por-que-ya-no-tiene-relacion-con-el-principe-harry\/#breadcrumb\"},\"inLanguage\":\"es-MX\",\"potentialAction\":[{\"@type\":\"ReadAction\",\"target\":[\"https:\/\/graziamagazine.com\/mx\/articles\/dominic-west-revela-por-que-ya-no-tiene-relacion-con-el-principe-harry\/\"]}]},{\"@type\":\"BreadcrumbList\",\"@id\":\"https:\/\/graziamagazine.com\/mx\/articles\/dominic-west-revela-por-que-ya-no-tiene-relacion-con-el-principe-harry\/#breadcrumb\",\"itemListElement\":[{\"@type\":\"ListItem\",\"position\":1,\"name\":\"Home\",\"item\":\"https:\/\/graziamagazine.com\/mx\/\"},{\"@type\":\"ListItem\",\"position\":2,\"name\":\"Dominic West revela por qu\u00e9 ya no tiene relaci\u00f3n con el pr\u00edncipe Harry\"}]},{\"@type\":\"WebSite\",\"@id\":\"https:\/\/graziamagazine.com\/mx\/#website\",\"url\":\"https:\/\/graziamagazine.com\/mx\/\",\"name\":\"Grazia M\u00e9xico y Latinoam\u00e9rica\",\"description\":\"Grazia es moda, belleza y noticias  de actualidad \",\"potentialAction\":[{\"@type\":\"SearchAction\",\"target\":{\"@type\":\"EntryPoint\",\"urlTemplate\":\"https:\/\/graziamagazine.com\/mx\/?s={search_term_string}\"},\"query-input\":\"required name=search_term_string\"}],\"inLanguage\":\"es-MX\"}]}<\/script>\n<!-- \/ Yoast SEO Premium plugin. -->","yoast_head_json":{"title":"Dominic West revela por qu\u00e9 ya no tiene relaci\u00f3n con el pr\u00edncipe Harry | Grazia M\u00e9xico y Latinoam\u00e9rica","description":"El actor Dominic West, quien dio vida al entonces pr\u00edncipe Charles en The Crown, rompi\u00f3 el silencio, revelando todos los detalles sobre su pelea con su ex","robots":{"index":"index","follow":"follow","max-snippet":"max-snippet:-1","max-image-preview":"max-image-preview:large","max-video-preview":"max-video-preview:-1"},"canonical":"https:\/\/graziamagazine.com\/mx\/articles\/dominic-west-revela-por-que-ya-no-tiene-relacion-con-el-principe-harry\/","og_locale":"es_MX","og_type":"article","og_title":"Dominic West revela por qu\u00e9 ya no tiene relaci\u00f3n con el pr\u00edncipe Harry","og_description":"El actor Dominic West, quien dio vida al entonces pr\u00edncipe Charles en The Crown, rompi\u00f3 el silencio, revelando todos los detalles sobre su pelea con su ex","og_url":"https:\/\/graziamagazine.com\/mx\/articles\/dominic-west-revela-por-que-ya-no-tiene-relacion-con-el-principe-harry\/","og_site_name":"Grazia M\u00e9xico y Latinoam\u00e9rica","article_modified_time":"2023-12-28T21:14:49+00:00","og_image":[{"width":618,"height":418,"url":"https:\/\/graziamagazine.com\/mx\/wp-content\/uploads\/sites\/13\/2022\/11\/Captura-de-Pantalla-2022-11-14-a-las-15.52.45.png","type":"image\/png"}],"twitter_card":"summary_large_image","twitter_misc":{"Est. reading time":"2 minutos"},"schema":{"@context":"https:\/\/schema.org","@graph":[{"@type":"WebPage","@id":"https:\/\/graziamagazine.com\/mx\/articles\/dominic-west-revela-por-que-ya-no-tiene-relacion-con-el-principe-harry\/","url":"https:\/\/graziamagazine.com\/mx\/articles\/dominic-west-revela-por-que-ya-no-tiene-relacion-con-el-principe-harry\/","name":"Dominic West revela por qu\u00e9 ya no tiene relaci\u00f3n con el pr\u00edncipe Harry | Grazia M\u00e9xico y Latinoam\u00e9rica","isPartOf":{"@id":"https:\/\/graziamagazine.com\/mx\/#website"},"datePublished":"2023-12-28T21:10:18+00:00","dateModified":"2023-12-28T21:14:49+00:00","description":"El actor Dominic West, quien dio vida al entonces pr\u00edncipe Charles en The Crown, rompi\u00f3 el silencio, revelando todos los detalles sobre su pelea con su ex","breadcrumb":{"@id":"https:\/\/graziamagazine.com\/mx\/articles\/dominic-west-revela-por-que-ya-no-tiene-relacion-con-el-principe-harry\/#breadcrumb"},"inLanguage":"es-MX","potentialAction":[{"@type":"ReadAction","target":["https:\/\/graziamagazine.com\/mx\/articles\/dominic-west-revela-por-que-ya-no-tiene-relacion-con-el-principe-harry\/"]}]},{"@type":"BreadcrumbList","@id":"https:\/\/graziamagazine.com\/mx\/articles\/dominic-west-revela-por-que-ya-no-tiene-relacion-con-el-principe-harry\/#breadcrumb","itemListElement":[{"@type":"ListItem","position":1,"name":"Home","item":"https:\/\/graziamagazine.com\/mx\/"},{"@type":"ListItem","position":2,"name":"Dominic West revela por qu\u00e9 ya no tiene relaci\u00f3n con el pr\u00edncipe Harry"}]},{"@type":"WebSite","@id":"https:\/\/graziamagazine.com\/mx\/#website","url":"https:\/\/graziamagazine.com\/mx\/","name":"Grazia M\u00e9xico y Latinoam\u00e9rica","description":"Grazia es moda, belleza y noticias  de actualidad ","potentialAction":[{"@type":"SearchAction","target":{"@type":"EntryPoint","urlTemplate":"https:\/\/graziamagazine.com\/mx\/?s={search_term_string}"},"query-input":"required name=search_term_string"}],"inLanguage":"es-MX"}]}},"jetpack_sharing_enabled":true,"distributor_meta":false,"distributor_terms":false,"distributor_media":false,"distributor_original_site_name":"Grazia M\u00e9xico y Latinoam\u00e9rica","distributor_original_site_url":"https:\/\/graziamagazine.com\/mx","push-errors":false,"_links":{"self":[{"href":"https:\/\/graziamagazine.com\/mx\/wp-json\/wp\/v2\/articles\/132632"}],"collection":[{"href":"https:\/\/graziamagazine.com\/mx\/wp-json\/wp\/v2\/articles"}],"about":[{"href":"https:\/\/graziamagazine.com\/mx\/wp-json\/wp\/v2\/types\/articles"}],"author":[{"embeddable":true,"href":"https:\/\/graziamagazine.com\/mx\/wp-json\/wp\/v2\/users\/11628"}],"wp:featuredmedia":[{"embeddable":true,"href":"https:\/\/graziamagazine.com\/mx\/wp-json\/wp\/v2\/media\/119030"}],"wp:attachment":[{"href":"https:\/\/graziamagazine.com\/mx\/wp-json\/wp\/v2\/media?parent=132632"}],"wp:term":[{"taxonomy":"category","embeddable":true,"href":"https:\/\/graziamagazine.com\/mx\/wp-json\/wp\/v2\/categories?post=132632"}],"curies":[{"name":"wp","href":"https:\/\/api.w.org\/{rel}","templated":true}]}}