{"id":132605,"date":"2023-12-26T14:00:20","date_gmt":"2023-12-26T19:00:20","guid":{"rendered":"https:\/\/graziamagazine.com\/mx\/?post_type=articles&#038;p=132605"},"modified":"2023-12-26T14:23:15","modified_gmt":"2023-12-26T19:23:15","slug":"estos-fueron-los-looks-de-las-kardashian-para-esta-navidad","status":"publish","type":"articles","link":"https:\/\/graziamagazine.com\/mx\/articles\/estos-fueron-los-looks-de-las-kardashian-para-esta-navidad\/","title":{"rendered":"Estos fueron los looks de las Kardashian para esta Navidad"},"content":{"rendered":"<p>La Navidad siempre ha sido una \u00e9poca de celebraci\u00f3n y estilo para la familia Kardashian, conocida por su elegancia y sofisticaci\u00f3n en el mundo de la moda.<\/p>\n<p>Este a\u00f1o, las hermanas ic\u00f3nicas no decepcionaron al presentar looks deslumbrantes que dejaron a sus seguidores boquiabiertos.<\/p>\n<h3>Kris Jenner<img loading=\"lazy\" decoding=\"async\" class=\"alignnone size-large wp-image-132611\" src=\"https:\/\/graziamagazine.com\/mx\/wp-content\/uploads\/sites\/13\/2023\/12\/Captura-de-Pantalla-2023-12-26-a-las-13.17.43.png?w=665\" alt=\"\" width=\"665\" height=\"1024\" \/><\/h3>\n<p>La matriarca del clan, Kris Jenner abri\u00f3 la noche con un elegante vestido largo de color dorado y negro con detalles de lentejuelas. El vestido ten\u00eda un corte ce\u00f1ido al cuerpo que resaltaba su figura. Combin\u00f3 el vestido con unos guantes largos negros y accesorios lujosos.<\/p>\n<h3>Kim Kardashian<img loading=\"lazy\" decoding=\"async\" class=\"alignnone size-large wp-image-132614\" src=\"https:\/\/graziamagazine.com\/mx\/wp-content\/uploads\/sites\/13\/2023\/12\/Captura-de-Pantalla-2023-12-26-a-las-13.20.40.png?w=588\" alt=\"\" width=\"588\" height=\"1024\" \/><\/h3>\n<p>Kim Kardashian, opt\u00f3 por un enfoque elegante y moderno este a\u00f1o. Con un vestido de alta costura en tonalidades invernales, Kim combin\u00f3 a la perfecci\u00f3n la simplicidad con la extravagancia. La elecci\u00f3n de accesorios minimalistas resalt\u00f3 la belleza del conjunto, creando un look que seguramente se recordar\u00e1 en las listas de estilo de este a\u00f1o.<\/p>\n<h3>Khlo\u00e9 Kardashian<\/h3>\n<figure id=\"attachment_132609\" aria-describedby=\"caption-attachment-132609\" style=\"width: 636px\" class=\"wp-caption alignnone\"><img loading=\"lazy\" decoding=\"async\" class=\"size-large wp-image-132609\" src=\"https:\/\/graziamagazine.com\/mx\/wp-content\/uploads\/sites\/13\/2023\/12\/Captura-de-Pantalla-2023-12-26-a-las-13.17.15.png?w=636\" alt=\"Estos fueron los looks de las Kardashian para esta Navidad\" width=\"636\" height=\"1024\" \/><figcaption id=\"caption-attachment-132609\" class=\"wp-caption-text\">Estos fueron los looks de las Kardashian para esta Navidad<\/figcaption><\/figure>\n<p>Khlo\u00e9 Kardashian hizo una declaraci\u00f3n audaz con su elecci\u00f3n de un en tonos naturales con pedreria. El dise\u00f1o ajustado acentu\u00f3 sus curvas, mientras que los detalles de pedrer\u00eda a\u00f1adieron un toque de glamour festivo. Con su caracter\u00edstico sentido del estilo, Khlo\u00e9 demostr\u00f3 una vez m\u00e1s por qu\u00e9 es una fuerza a tener en cuenta en el mundo de la moda.<\/p>\n<h3>Kourtney Kardashian<img loading=\"lazy\" decoding=\"async\" class=\"alignnone size-large wp-image-132608\" src=\"https:\/\/graziamagazine.com\/mx\/wp-content\/uploads\/sites\/13\/2023\/12\/Captura-de-Pantalla-2023-12-26-a-las-13.16.57.png?w=621\" alt=\"\" width=\"621\" height=\"1024\" \/><\/h3>\n<p>Kourtney Kardashian opt\u00f3 por un enfoque m\u00e1s bohemio y relajado esta Navidad. Con un conjunto que fusionaba la comodidad con la elegancia, Kourtney\u00a0 llevo un abrigo de piel color negro combinando unas medias semitransparentes, demostrando que se puede lucir a la moda sin sacrificar la comodidad. Su elecci\u00f3n de accesorios naturales y su peinado relajado complementaron perfectamente su look festivo.<\/p>\n<h3>Kendall Jenner<img loading=\"lazy\" decoding=\"async\" class=\"alignnone size-large wp-image-132607\" src=\"https:\/\/graziamagazine.com\/mx\/wp-content\/uploads\/sites\/13\/2023\/12\/Captura-de-Pantalla-2023-12-26-a-las-13.16.39.png?w=562\" alt=\"\" width=\"562\" height=\"1024\" \/><\/h3>\n<p>La modelo de la familia, Kendall Jenner, opt\u00f3 por un enfoque glamoroso que resaltaba su belleza natural. Con un vestido de l\u00edneas limpias en tono negro y blanco con hombros descubiertos, demostr\u00f3 una vez m\u00e1s que la elegancia a menudo radica en la simplicidad. Su look sencillo pero impactante reflej\u00f3 su estatus como una de las principales influencias de la moda.<\/p>\n<h3>Kylie Jenner<img loading=\"lazy\" decoding=\"async\" class=\"alignnone size-large wp-image-132610\" src=\"https:\/\/graziamagazine.com\/mx\/wp-content\/uploads\/sites\/13\/2023\/12\/Captura-de-Pantalla-2023-12-26-a-las-13.17.25.png?w=664\" alt=\"\" width=\"664\" height=\"1024\" \/><\/h3>\n<p>Kylie Jenner cerr\u00f3 el a\u00f1o con su caracter\u00edstico estilo atrevido y glamoroso. Luciendo un vestido que combinaba brillo y lentejuelas doradas, Kylie no tuvo miedo de destacar en cualquier reuni\u00f3n navide\u00f1a. Su elecci\u00f3n de maquillaje audaz y peinado moderno completaron su look vanguardista.<\/p>\n<blockquote class=\"tiktok-embed\" cite=\"https:\/\/www.tiktok.com\/@kyliejenner\/video\/7316447612582890794\" data-video-id=\"7316447612582890794\" data-embed-from=\"oembed\" style=\"max-width: 605px;min-width: 325px;\" >\n<section> <a href=\"https:\/\/www.tiktok.com\/@kyliejenner?refer=embed\"target=\"_blank\" title=\"@kyliejenner\"  target=\"_blank\">@kyliejenner<\/a> <\/p>\n<p>we lost kim<\/p>\n<p> <a href=\"https:\/\/www.tiktok.com\/music\/Santa-Tell-Me-Naughty-Version-7308918297765316609?refer=embed\"target=\"_blank\" title=\"\u266c Santa Tell Me - Naughty Version - Ariana Grande\"  target=\"_blank\">\u266c Santa Tell Me &#8211; Naughty Version &#8211; Ariana Grande<\/a> <\/section>\n<\/blockquote>\n<p> <script async src=\"https:\/\/www.tiktok.com\/embed.js\"><\/script><\/p>\n<p>La familia Kardashian una vez m\u00e1s ha demostrado su dominio en el mundo de la moda con sus espectaculares looks navide\u00f1os.<\/p>\n<p>Cada hermana aport\u00f3 su propio giro \u00fanico a la temporada festiva, dejando a los fan\u00e1ticos ansiosos por ver qu\u00e9 sorpresas de estilo nos tienen reservadas en el pr\u00f3ximo a\u00f1o.<\/p>\n<p><em><strong>*IMAGEN: TikTok<\/strong><\/em><\/p>\n<p>&nbsp;<\/p>\n","protected":false},"author":28953,"featured_media":132612,"template":"","format":"standard","categories":[4],"acf":[],"yoast_head":"<!-- This site is optimized with the Yoast SEO Premium plugin v18.5 (Yoast SEO v20.4) - https:\/\/yoast.com\/wordpress\/plugins\/seo\/ -->\n<title>Estos fueron los looks de las Kardashian para esta Navidad<\/title>\n<meta name=\"description\" content=\"Las Kardashian-Jenner son conocidas por su estilo elegante y sofisticado, y la Navidad no es una excepci\u00f3n\" \/>\n<meta name=\"robots\" content=\"index, follow, max-snippet:-1, max-image-preview:large, max-video-preview:-1\" \/>\n<link rel=\"canonical\" href=\"https:\/\/graziamagazine.com\/mx\/articles\/estos-fueron-los-looks-de-las-kardashian-para-esta-navidad\/\" \/>\n<meta property=\"og:locale\" content=\"es_MX\" \/>\n<meta property=\"og:type\" content=\"article\" \/>\n<meta property=\"og:title\" content=\"Estos fueron los looks de las Kardashian para esta Navidad\" \/>\n<meta property=\"og:description\" content=\"Las Kardashian-Jenner son conocidas por su estilo elegante y sofisticado, y la Navidad no es una excepci\u00f3n\" \/>\n<meta property=\"og:url\" content=\"https:\/\/graziamagazine.com\/mx\/articles\/estos-fueron-los-looks-de-las-kardashian-para-esta-navidad\/\" \/>\n<meta property=\"og:site_name\" content=\"Grazia M\u00e9xico y Latinoam\u00e9rica\" \/>\n<meta property=\"article:modified_time\" content=\"2023-12-26T19:23:15+00:00\" \/>\n<meta property=\"og:image\" content=\"https:\/\/graziamagazine.com\/mx\/wp-content\/uploads\/sites\/13\/2023\/12\/Kardashian_2023.jpg\" \/>\n\t<meta property=\"og:image:width\" content=\"1200\" \/>\n\t<meta property=\"og:image:height\" content=\"700\" \/>\n\t<meta property=\"og:image:type\" content=\"image\/jpeg\" \/>\n<meta name=\"twitter:card\" content=\"summary_large_image\" \/>\n<meta name=\"twitter:label1\" content=\"Est. reading time\" \/>\n\t<meta name=\"twitter:data1\" content=\"4 minutos\" \/>\n<script type=\"application\/ld+json\" class=\"yoast-schema-graph\">{\"@context\":\"https:\/\/schema.org\",\"@graph\":[{\"@type\":\"WebPage\",\"@id\":\"https:\/\/graziamagazine.com\/mx\/articles\/estos-fueron-los-looks-de-las-kardashian-para-esta-navidad\/\",\"url\":\"https:\/\/graziamagazine.com\/mx\/articles\/estos-fueron-los-looks-de-las-kardashian-para-esta-navidad\/\",\"name\":\"Estos fueron los looks de las Kardashian para esta Navidad\",\"isPartOf\":{\"@id\":\"https:\/\/graziamagazine.com\/mx\/#website\"},\"datePublished\":\"2023-12-26T19:00:20+00:00\",\"dateModified\":\"2023-12-26T19:23:15+00:00\",\"description\":\"Las Kardashian-Jenner son conocidas por su estilo elegante y sofisticado, y la Navidad no es una excepci\u00f3n\",\"breadcrumb\":{\"@id\":\"https:\/\/graziamagazine.com\/mx\/articles\/estos-fueron-los-looks-de-las-kardashian-para-esta-navidad\/#breadcrumb\"},\"inLanguage\":\"es-MX\",\"potentialAction\":[{\"@type\":\"ReadAction\",\"target\":[\"https:\/\/graziamagazine.com\/mx\/articles\/estos-fueron-los-looks-de-las-kardashian-para-esta-navidad\/\"]}]},{\"@type\":\"BreadcrumbList\",\"@id\":\"https:\/\/graziamagazine.com\/mx\/articles\/estos-fueron-los-looks-de-las-kardashian-para-esta-navidad\/#breadcrumb\",\"itemListElement\":[{\"@type\":\"ListItem\",\"position\":1,\"name\":\"Home\",\"item\":\"https:\/\/graziamagazine.com\/mx\/\"},{\"@type\":\"ListItem\",\"position\":2,\"name\":\"Estos fueron los looks de las Kardashian para esta Navidad\"}]},{\"@type\":\"WebSite\",\"@id\":\"https:\/\/graziamagazine.com\/mx\/#website\",\"url\":\"https:\/\/graziamagazine.com\/mx\/\",\"name\":\"Grazia M\u00e9xico y Latinoam\u00e9rica\",\"description\":\"Grazia es moda, belleza y noticias  de actualidad \",\"potentialAction\":[{\"@type\":\"SearchAction\",\"target\":{\"@type\":\"EntryPoint\",\"urlTemplate\":\"https:\/\/graziamagazine.com\/mx\/?s={search_term_string}\"},\"query-input\":\"required name=search_term_string\"}],\"inLanguage\":\"es-MX\"}]}<\/script>\n<!-- \/ Yoast SEO Premium plugin. -->","yoast_head_json":{"title":"Estos fueron los looks de las Kardashian para esta Navidad","description":"Las Kardashian-Jenner son conocidas por su estilo elegante y sofisticado, y la Navidad no es una excepci\u00f3n","robots":{"index":"index","follow":"follow","max-snippet":"max-snippet:-1","max-image-preview":"max-image-preview:large","max-video-preview":"max-video-preview:-1"},"canonical":"https:\/\/graziamagazine.com\/mx\/articles\/estos-fueron-los-looks-de-las-kardashian-para-esta-navidad\/","og_locale":"es_MX","og_type":"article","og_title":"Estos fueron los looks de las Kardashian para esta Navidad","og_description":"Las Kardashian-Jenner son conocidas por su estilo elegante y sofisticado, y la Navidad no es una excepci\u00f3n","og_url":"https:\/\/graziamagazine.com\/mx\/articles\/estos-fueron-los-looks-de-las-kardashian-para-esta-navidad\/","og_site_name":"Grazia M\u00e9xico y Latinoam\u00e9rica","article_modified_time":"2023-12-26T19:23:15+00:00","og_image":[{"width":1200,"height":700,"url":"https:\/\/graziamagazine.com\/mx\/wp-content\/uploads\/sites\/13\/2023\/12\/Kardashian_2023.jpg","type":"image\/jpeg"}],"twitter_card":"summary_large_image","twitter_misc":{"Est. reading time":"4 minutos"},"schema":{"@context":"https:\/\/schema.org","@graph":[{"@type":"WebPage","@id":"https:\/\/graziamagazine.com\/mx\/articles\/estos-fueron-los-looks-de-las-kardashian-para-esta-navidad\/","url":"https:\/\/graziamagazine.com\/mx\/articles\/estos-fueron-los-looks-de-las-kardashian-para-esta-navidad\/","name":"Estos fueron los looks de las Kardashian para esta Navidad","isPartOf":{"@id":"https:\/\/graziamagazine.com\/mx\/#website"},"datePublished":"2023-12-26T19:00:20+00:00","dateModified":"2023-12-26T19:23:15+00:00","description":"Las Kardashian-Jenner son conocidas por su estilo elegante y sofisticado, y la Navidad no es una excepci\u00f3n","breadcrumb":{"@id":"https:\/\/graziamagazine.com\/mx\/articles\/estos-fueron-los-looks-de-las-kardashian-para-esta-navidad\/#breadcrumb"},"inLanguage":"es-MX","potentialAction":[{"@type":"ReadAction","target":["https:\/\/graziamagazine.com\/mx\/articles\/estos-fueron-los-looks-de-las-kardashian-para-esta-navidad\/"]}]},{"@type":"BreadcrumbList","@id":"https:\/\/graziamagazine.com\/mx\/articles\/estos-fueron-los-looks-de-las-kardashian-para-esta-navidad\/#breadcrumb","itemListElement":[{"@type":"ListItem","position":1,"name":"Home","item":"https:\/\/graziamagazine.com\/mx\/"},{"@type":"ListItem","position":2,"name":"Estos fueron los looks de las Kardashian para esta Navidad"}]},{"@type":"WebSite","@id":"https:\/\/graziamagazine.com\/mx\/#website","url":"https:\/\/graziamagazine.com\/mx\/","name":"Grazia M\u00e9xico y Latinoam\u00e9rica","description":"Grazia es moda, belleza y noticias  de actualidad ","potentialAction":[{"@type":"SearchAction","target":{"@type":"EntryPoint","urlTemplate":"https:\/\/graziamagazine.com\/mx\/?s={search_term_string}"},"query-input":"required name=search_term_string"}],"inLanguage":"es-MX"}]}},"jetpack_sharing_enabled":true,"distributor_meta":false,"distributor_terms":false,"distributor_media":false,"distributor_original_site_name":"Grazia M\u00e9xico y Latinoam\u00e9rica","distributor_original_site_url":"https:\/\/graziamagazine.com\/mx","push-errors":false,"_links":{"self":[{"href":"https:\/\/graziamagazine.com\/mx\/wp-json\/wp\/v2\/articles\/132605"}],"collection":[{"href":"https:\/\/graziamagazine.com\/mx\/wp-json\/wp\/v2\/articles"}],"about":[{"href":"https:\/\/graziamagazine.com\/mx\/wp-json\/wp\/v2\/types\/articles"}],"author":[{"embeddable":true,"href":"https:\/\/graziamagazine.com\/mx\/wp-json\/wp\/v2\/users\/28953"}],"wp:featuredmedia":[{"embeddable":true,"href":"https:\/\/graziamagazine.com\/mx\/wp-json\/wp\/v2\/media\/132612"}],"wp:attachment":[{"href":"https:\/\/graziamagazine.com\/mx\/wp-json\/wp\/v2\/media?parent=132605"}],"wp:term":[{"taxonomy":"category","embeddable":true,"href":"https:\/\/graziamagazine.com\/mx\/wp-json\/wp\/v2\/categories?post=132605"}],"curies":[{"name":"wp","href":"https:\/\/api.w.org\/{rel}","templated":true}]}}