{"id":132588,"date":"2023-12-26T12:52:51","date_gmt":"2023-12-26T17:52:51","guid":{"rendered":"https:\/\/graziamagazine.com\/mx\/?post_type=articles&#038;p=132588"},"modified":"2023-12-26T12:56:08","modified_gmt":"2023-12-26T17:56:08","slug":"kate-middleton-y-su-hija-charlotte-lucen-el-mismo-peinado-en-navidad","status":"publish","type":"articles","link":"https:\/\/graziamagazine.com\/mx\/articles\/kate-middleton-y-su-hija-charlotte-lucen-el-mismo-peinado-en-navidad\/","title":{"rendered":"Kate Middleton y su hija Charlotte lucen el mismo peinado en Navidad"},"content":{"rendered":"<p><span style=\"font-weight: 400\"><strong>Kate Middleton y el pr\u00edncipe William<\/strong> asistieron a la tradicional misa de Navidad en Sandringham junto a sus hijos, el <strong>pr\u00edncipe George, la princesa Charlotte y el pr\u00edncipe Louis.<\/strong><\/span><\/p>\n<p><img loading=\"lazy\" decoding=\"async\" class=\"alignnone size-medium wp-image-132593\" src=\"https:\/\/graziamagazine.com\/mx\/wp-content\/uploads\/sites\/13\/2023\/12\/Captura-de-Pantalla-2023-12-26-a-las-10.18.03.png?w=339\" alt=\"\" width=\"339\" height=\"450\" \/><\/p>\n<p><span style=\"font-weight: 400\">Para la ocasi\u00f3n, en la Iglesia de Santa Mar\u00eda Magdalena en Norfolk, Kate y Charlotte lucieron peinados iguales, que consisten en una trenza peque\u00f1a de cada lado, uni\u00e9ndose en la parte posterior de la cabeza y, en el caso de la hija de <a href=\"https:\/\/graziamagazine.com\/mx\/articles\/el-principe-george-la-princesa-charlotte-y-el-principe-louis-hacen-voluntariado-junto-a-su-madre-kate-middleton\/\">Kate<\/a> y William, la tranza contin\u00faa hacia abajo.<\/span><\/p>\n<p><span style=\"font-weight: 400\">A la tradici\u00f3n navide\u00f1a que se lleva a cabo todos los a\u00f1os y es solo una de las costumbres navide\u00f1as de la familia real, se unieron tambi\u00e9n el <strong>rey Charles III y la reina Camilla.<\/strong><\/span><\/p>\n<p><img loading=\"lazy\" decoding=\"async\" class=\"alignnone size-medium wp-image-132592\" src=\"https:\/\/graziamagazine.com\/mx\/wp-content\/uploads\/sites\/13\/2023\/12\/Captura-de-Pantalla-2023-12-26-a-las-10.18.27.png?w=381\" alt=\"\" width=\"381\" height=\"450\" \/><\/p>\n<p><span style=\"font-weight: 400\">La familia de los pr\u00edncipes de Gales coordinaron trajes azules y verdes este a\u00f1o. Kate luc\u00eda un abrigo azul y un sombrero acentuado por aretes de zafiro, mientras que William y George tambi\u00e9n vest\u00edan principalmente de azul. Charlotte luci\u00f3 un abrigo verde, similar al tono que us\u00f3 su madre el a\u00f1o pasado. Mientras tanto, Louis visti\u00f3 pantalones de tart\u00e1n verde y azul.<\/span><\/p>\n<p><img loading=\"lazy\" decoding=\"async\" class=\"alignnone size-medium wp-image-132591\" src=\"https:\/\/graziamagazine.com\/mx\/wp-content\/uploads\/sites\/13\/2023\/12\/Captura-de-Pantalla-2023-12-26-a-las-10.18.36.png?w=307\" alt=\"\" width=\"307\" height=\"450\" \/><\/p>\n<p><span style=\"font-weight: 400\">Despu\u00e9s de la misa, la familia real salud\u00f3 a los simpatizantes reunidos afuera. De vuelta en Sandringham House, almorzaron pavo relleno con papas y verduras.<\/span><\/p>\n<p><img loading=\"lazy\" decoding=\"async\" class=\"alignnone size-medium wp-image-132590\" src=\"https:\/\/graziamagazine.com\/mx\/wp-content\/uploads\/sites\/13\/2023\/12\/Captura-de-Pantalla-2023-12-26-a-las-10.18.45.png?w=343\" alt=\"\" width=\"343\" height=\"450\" \/><\/p>\n<p><span style=\"font-weight: 400\">Y como en a\u00f1os pasados, la princesa Kate y el pr\u00edncipe William compartieron una nueva foto familiar a principios de este mes como tarjeta de Navidad. La fotograf\u00eda, un retrato en blanco y negro de <strong>Josh Shinner<\/strong>, mostraba a la familia de cinco miembros coordinados con blusas blancas con botones, una nueva versi\u00f3n de sus fotograf\u00edas informales pasadas en entornos al aire libre.<\/span><\/p>\n<p><img loading=\"lazy\" decoding=\"async\" class=\"alignnone size-medium wp-image-132589\" src=\"https:\/\/graziamagazine.com\/mx\/wp-content\/uploads\/sites\/13\/2023\/12\/Captura-de-Pantalla-2023-12-26-a-las-10.19.04.png?w=335\" alt=\"\" width=\"335\" height=\"450\" \/><\/p>\n","protected":false},"author":11628,"featured_media":123874,"template":"","format":"standard","categories":[12655],"acf":[],"yoast_head":"<!-- This site is optimized with the Yoast SEO Premium plugin v18.5 (Yoast SEO v20.4) - https:\/\/yoast.com\/wordpress\/plugins\/seo\/ -->\n<title>Kate Middleton y su hija Charlotte lucen el mismo peinado en Navidad | Grazia M\u00e9xico y Latinoam\u00e9rica<\/title>\n<meta name=\"description\" content=\"Kate Middleton y el pr\u00edncipe William asistieron a la tradicional misa de Navidad en Sandringham junto a sus hijos, el pr\u00edncipe George, la princesa\" \/>\n<meta name=\"robots\" content=\"index, follow, max-snippet:-1, max-image-preview:large, max-video-preview:-1\" \/>\n<link rel=\"canonical\" href=\"https:\/\/graziamagazine.com\/mx\/articles\/kate-middleton-y-su-hija-charlotte-lucen-el-mismo-peinado-en-navidad\/\" \/>\n<meta property=\"og:locale\" content=\"es_MX\" \/>\n<meta property=\"og:type\" content=\"article\" \/>\n<meta property=\"og:title\" content=\"Kate Middleton y su hija Charlotte lucen el mismo peinado en Navidad\" \/>\n<meta property=\"og:description\" content=\"Kate Middleton y el pr\u00edncipe William asistieron a la tradicional misa de Navidad en Sandringham junto a sus hijos, el pr\u00edncipe George, la princesa\" \/>\n<meta property=\"og:url\" content=\"https:\/\/graziamagazine.com\/mx\/articles\/kate-middleton-y-su-hija-charlotte-lucen-el-mismo-peinado-en-navidad\/\" \/>\n<meta property=\"og:site_name\" content=\"Grazia M\u00e9xico y Latinoam\u00e9rica\" \/>\n<meta property=\"article:modified_time\" content=\"2023-12-26T17:56:08+00:00\" \/>\n<meta property=\"og:image\" content=\"https:\/\/graziamagazine.com\/mx\/wp-content\/uploads\/sites\/13\/2023\/04\/GettyImages-1481048907.jpg\" \/>\n\t<meta property=\"og:image:width\" content=\"1024\" \/>\n\t<meta property=\"og:image:height\" content=\"838\" \/>\n\t<meta property=\"og:image:type\" content=\"image\/jpeg\" \/>\n<meta name=\"twitter:card\" content=\"summary_large_image\" \/>\n<meta name=\"twitter:label1\" content=\"Est. reading time\" \/>\n\t<meta name=\"twitter:data1\" content=\"3 minutos\" \/>\n<script type=\"application\/ld+json\" class=\"yoast-schema-graph\">{\"@context\":\"https:\/\/schema.org\",\"@graph\":[{\"@type\":\"WebPage\",\"@id\":\"https:\/\/graziamagazine.com\/mx\/articles\/kate-middleton-y-su-hija-charlotte-lucen-el-mismo-peinado-en-navidad\/\",\"url\":\"https:\/\/graziamagazine.com\/mx\/articles\/kate-middleton-y-su-hija-charlotte-lucen-el-mismo-peinado-en-navidad\/\",\"name\":\"Kate Middleton y su hija Charlotte lucen el mismo peinado en Navidad | Grazia M\u00e9xico y Latinoam\u00e9rica\",\"isPartOf\":{\"@id\":\"https:\/\/graziamagazine.com\/mx\/#website\"},\"datePublished\":\"2023-12-26T17:52:51+00:00\",\"dateModified\":\"2023-12-26T17:56:08+00:00\",\"description\":\"Kate Middleton y el pr\u00edncipe William asistieron a la tradicional misa de Navidad en Sandringham junto a sus hijos, el pr\u00edncipe George, la princesa\",\"breadcrumb\":{\"@id\":\"https:\/\/graziamagazine.com\/mx\/articles\/kate-middleton-y-su-hija-charlotte-lucen-el-mismo-peinado-en-navidad\/#breadcrumb\"},\"inLanguage\":\"es-MX\",\"potentialAction\":[{\"@type\":\"ReadAction\",\"target\":[\"https:\/\/graziamagazine.com\/mx\/articles\/kate-middleton-y-su-hija-charlotte-lucen-el-mismo-peinado-en-navidad\/\"]}]},{\"@type\":\"BreadcrumbList\",\"@id\":\"https:\/\/graziamagazine.com\/mx\/articles\/kate-middleton-y-su-hija-charlotte-lucen-el-mismo-peinado-en-navidad\/#breadcrumb\",\"itemListElement\":[{\"@type\":\"ListItem\",\"position\":1,\"name\":\"Home\",\"item\":\"https:\/\/graziamagazine.com\/mx\/\"},{\"@type\":\"ListItem\",\"position\":2,\"name\":\"Kate Middleton y su hija Charlotte lucen el mismo peinado en Navidad\"}]},{\"@type\":\"WebSite\",\"@id\":\"https:\/\/graziamagazine.com\/mx\/#website\",\"url\":\"https:\/\/graziamagazine.com\/mx\/\",\"name\":\"Grazia M\u00e9xico y Latinoam\u00e9rica\",\"description\":\"Grazia es moda, belleza y noticias  de actualidad \",\"potentialAction\":[{\"@type\":\"SearchAction\",\"target\":{\"@type\":\"EntryPoint\",\"urlTemplate\":\"https:\/\/graziamagazine.com\/mx\/?s={search_term_string}\"},\"query-input\":\"required name=search_term_string\"}],\"inLanguage\":\"es-MX\"}]}<\/script>\n<!-- \/ Yoast SEO Premium plugin. -->","yoast_head_json":{"title":"Kate Middleton y su hija Charlotte lucen el mismo peinado en Navidad | Grazia M\u00e9xico y Latinoam\u00e9rica","description":"Kate Middleton y el pr\u00edncipe William asistieron a la tradicional misa de Navidad en Sandringham junto a sus hijos, el pr\u00edncipe George, la princesa","robots":{"index":"index","follow":"follow","max-snippet":"max-snippet:-1","max-image-preview":"max-image-preview:large","max-video-preview":"max-video-preview:-1"},"canonical":"https:\/\/graziamagazine.com\/mx\/articles\/kate-middleton-y-su-hija-charlotte-lucen-el-mismo-peinado-en-navidad\/","og_locale":"es_MX","og_type":"article","og_title":"Kate Middleton y su hija Charlotte lucen el mismo peinado en Navidad","og_description":"Kate Middleton y el pr\u00edncipe William asistieron a la tradicional misa de Navidad en Sandringham junto a sus hijos, el pr\u00edncipe George, la princesa","og_url":"https:\/\/graziamagazine.com\/mx\/articles\/kate-middleton-y-su-hija-charlotte-lucen-el-mismo-peinado-en-navidad\/","og_site_name":"Grazia M\u00e9xico y Latinoam\u00e9rica","article_modified_time":"2023-12-26T17:56:08+00:00","og_image":[{"url":"https:\/\/graziamagazine.com\/mx\/wp-content\/uploads\/sites\/13\/2023\/04\/GettyImages-1481048907.jpg","width":1024,"height":838,"type":"image\/jpeg"}],"twitter_card":"summary_large_image","twitter_misc":{"Est. reading time":"3 minutos"},"schema":{"@context":"https:\/\/schema.org","@graph":[{"@type":"WebPage","@id":"https:\/\/graziamagazine.com\/mx\/articles\/kate-middleton-y-su-hija-charlotte-lucen-el-mismo-peinado-en-navidad\/","url":"https:\/\/graziamagazine.com\/mx\/articles\/kate-middleton-y-su-hija-charlotte-lucen-el-mismo-peinado-en-navidad\/","name":"Kate Middleton y su hija Charlotte lucen el mismo peinado en Navidad | Grazia M\u00e9xico y Latinoam\u00e9rica","isPartOf":{"@id":"https:\/\/graziamagazine.com\/mx\/#website"},"datePublished":"2023-12-26T17:52:51+00:00","dateModified":"2023-12-26T17:56:08+00:00","description":"Kate Middleton y el pr\u00edncipe William asistieron a la tradicional misa de Navidad en Sandringham junto a sus hijos, el pr\u00edncipe George, la princesa","breadcrumb":{"@id":"https:\/\/graziamagazine.com\/mx\/articles\/kate-middleton-y-su-hija-charlotte-lucen-el-mismo-peinado-en-navidad\/#breadcrumb"},"inLanguage":"es-MX","potentialAction":[{"@type":"ReadAction","target":["https:\/\/graziamagazine.com\/mx\/articles\/kate-middleton-y-su-hija-charlotte-lucen-el-mismo-peinado-en-navidad\/"]}]},{"@type":"BreadcrumbList","@id":"https:\/\/graziamagazine.com\/mx\/articles\/kate-middleton-y-su-hija-charlotte-lucen-el-mismo-peinado-en-navidad\/#breadcrumb","itemListElement":[{"@type":"ListItem","position":1,"name":"Home","item":"https:\/\/graziamagazine.com\/mx\/"},{"@type":"ListItem","position":2,"name":"Kate Middleton y su hija Charlotte lucen el mismo peinado en Navidad"}]},{"@type":"WebSite","@id":"https:\/\/graziamagazine.com\/mx\/#website","url":"https:\/\/graziamagazine.com\/mx\/","name":"Grazia M\u00e9xico y Latinoam\u00e9rica","description":"Grazia es moda, belleza y noticias  de actualidad ","potentialAction":[{"@type":"SearchAction","target":{"@type":"EntryPoint","urlTemplate":"https:\/\/graziamagazine.com\/mx\/?s={search_term_string}"},"query-input":"required name=search_term_string"}],"inLanguage":"es-MX"}]}},"jetpack_sharing_enabled":true,"distributor_meta":false,"distributor_terms":false,"distributor_media":false,"distributor_original_site_name":"Grazia M\u00e9xico y Latinoam\u00e9rica","distributor_original_site_url":"https:\/\/graziamagazine.com\/mx","push-errors":false,"_links":{"self":[{"href":"https:\/\/graziamagazine.com\/mx\/wp-json\/wp\/v2\/articles\/132588"}],"collection":[{"href":"https:\/\/graziamagazine.com\/mx\/wp-json\/wp\/v2\/articles"}],"about":[{"href":"https:\/\/graziamagazine.com\/mx\/wp-json\/wp\/v2\/types\/articles"}],"author":[{"embeddable":true,"href":"https:\/\/graziamagazine.com\/mx\/wp-json\/wp\/v2\/users\/11628"}],"wp:featuredmedia":[{"embeddable":true,"href":"https:\/\/graziamagazine.com\/mx\/wp-json\/wp\/v2\/media\/123874"}],"wp:attachment":[{"href":"https:\/\/graziamagazine.com\/mx\/wp-json\/wp\/v2\/media?parent=132588"}],"wp:term":[{"taxonomy":"category","embeddable":true,"href":"https:\/\/graziamagazine.com\/mx\/wp-json\/wp\/v2\/categories?post=132588"}],"curies":[{"name":"wp","href":"https:\/\/api.w.org\/{rel}","templated":true}]}}