{"id":132562,"date":"2023-12-25T09:00:36","date_gmt":"2023-12-25T14:00:36","guid":{"rendered":"https:\/\/graziamagazine.com\/mx\/?post_type=articles&#038;p=132562"},"modified":"2023-12-24T14:27:36","modified_gmt":"2023-12-24T19:27:36","slug":"reese-witherspoon-y-laura-dern-se-visten-igual-para-celebrar-navidad","status":"publish","type":"articles","link":"https:\/\/graziamagazine.com\/mx\/articles\/reese-witherspoon-y-laura-dern-se-visten-igual-para-celebrar-navidad\/","title":{"rendered":"Reese Witherspoon y Laura Dern se visten igual para celebrar Navidad"},"content":{"rendered":"<p><span style=\"font-weight: 400\"><strong>Reese Witherspoon y Laura Dern<\/strong> dejaron ver que son las mejores amigas, alineando sus atuendos navide\u00f1os para estas fiestas. Las actrices asistieron a una fiesta y luego publicaron algunas fotograf\u00edas de las festividades, incluyendo su outfit id\u00e9ntico.<\/span><\/p>\n<p><span style=\"font-weight: 400\">Las amigas eligieron sweaters blancos de cuello redondo, decorados con etiquetas adhesivas con sus nombres y brillantes faldas de lentejuelas de corte A en el indudable color estelar de la temporada: plateado.<\/span><\/p>\n<p><span style=\"font-weight: 400\">Reese y Laura usaron solamente zapatos y bolsos diferentes. Reese eligi\u00f3 tacones negros y un bolso de mano plateado, mientras que Laura se inclin\u00f3 por un bolso rojo y zapatos con punta en punta.<\/span><\/p>\n<p><img loading=\"lazy\" decoding=\"async\" class=\"alignnone size-medium wp-image-132565\" src=\"https:\/\/graziamagazine.com\/mx\/wp-content\/uploads\/sites\/13\/2023\/12\/Captura-de-Pantalla-2023-12-24-a-las-12.09.16.png?w=321\" alt=\"\" width=\"321\" height=\"450\" \/><\/p>\n<p><span style=\"font-weight: 400\">Para completar su estilo a juego, ambas lucieron flequillos de cortina y l\u00e1piz labial rojo.<\/span><\/p>\n<p><span style=\"font-weight: 400\">\u201cEscucha, dije que Santa Claus tocara la bocina, inmediatamente. Tenemos una emergencia con la falda\u201d, subtitul\u00f3 Dern su publicaci\u00f3n.<\/span><\/p>\n<p><span style=\"font-weight: 400\">Reese, por su parte, escribi\u00f3 en su publicaci\u00f3n: &#8220;Difundir la alegr\u00eda navide\u00f1a&#8230; es agotador&#8221;.<\/span><\/p>\n<p><img loading=\"lazy\" decoding=\"async\" class=\"alignnone size-medium wp-image-132564\" src=\"https:\/\/graziamagazine.com\/mx\/wp-content\/uploads\/sites\/13\/2023\/12\/Captura-de-Pantalla-2023-12-24-a-las-12.09.23.png?w=318\" alt=\"\" width=\"318\" height=\"450\" \/><\/p>\n<p><span style=\"font-weight: 400\">Su peque\u00f1a sesi\u00f3n de fotos obtuvo elogios de otras celebridades como <strong>Kate Hudson, Kelsea Ballerini y Jonathan Scott.<\/strong><\/span><\/p>\n<p><span style=\"font-weight: 400\">No es la primera vez que estas amigas hacen de las suyas. Tambi\u00e9n coordinaron previamente sus outfits en 2018, justamente durante la temporada navide\u00f1a.<\/span><\/p>\n<p><em><span style=\"font-weight: 400\">Friendship goals!<\/span><\/em><\/p>\n","protected":false},"author":11628,"featured_media":132563,"template":"","format":"standard","categories":[2],"acf":[],"yoast_head":"<!-- This site is optimized with the Yoast SEO Premium plugin v18.5 (Yoast SEO v20.4) - https:\/\/yoast.com\/wordpress\/plugins\/seo\/ -->\n<title>Reese Witherspoon y Laura Dern se visten igual para celebrar Navidad | Grazia M\u00e9xico y Latinoam\u00e9rica<\/title>\n<meta name=\"description\" content=\"Reese Witherspoon y Laura Dern dejaron ver que son las mejores amigas, alineando sus atuendos navide\u00f1os para estas fiestas. Las actrices asistieron a una\" \/>\n<meta name=\"robots\" content=\"index, follow, max-snippet:-1, max-image-preview:large, max-video-preview:-1\" \/>\n<link rel=\"canonical\" href=\"https:\/\/graziamagazine.com\/mx\/articles\/reese-witherspoon-y-laura-dern-se-visten-igual-para-celebrar-navidad\/\" \/>\n<meta property=\"og:locale\" content=\"es_MX\" \/>\n<meta property=\"og:type\" content=\"article\" \/>\n<meta property=\"og:title\" content=\"Reese Witherspoon y Laura Dern se visten igual para celebrar Navidad\" \/>\n<meta property=\"og:description\" content=\"Reese Witherspoon y Laura Dern dejaron ver que son las mejores amigas, alineando sus atuendos navide\u00f1os para estas fiestas. Las actrices asistieron a una\" \/>\n<meta property=\"og:url\" content=\"https:\/\/graziamagazine.com\/mx\/articles\/reese-witherspoon-y-laura-dern-se-visten-igual-para-celebrar-navidad\/\" \/>\n<meta property=\"og:site_name\" content=\"Grazia M\u00e9xico y Latinoam\u00e9rica\" \/>\n<meta property=\"article:modified_time\" content=\"2023-12-24T19:27:36+00:00\" \/>\n<meta property=\"og:image\" content=\"https:\/\/graziamagazine.com\/mx\/wp-content\/uploads\/sites\/13\/2023\/12\/Captura-de-Pantalla-2023-12-24-a-las-12.23.26.png?fit=555%2C310\" \/>\n\t<meta property=\"og:image:width\" content=\"555\" \/>\n\t<meta property=\"og:image:height\" content=\"310\" \/>\n\t<meta property=\"og:image:type\" content=\"image\/png\" \/>\n<meta name=\"twitter:card\" content=\"summary_large_image\" \/>\n<meta name=\"twitter:label1\" content=\"Est. reading time\" \/>\n\t<meta name=\"twitter:data1\" content=\"2 minutos\" \/>\n<script type=\"application\/ld+json\" class=\"yoast-schema-graph\">{\"@context\":\"https:\/\/schema.org\",\"@graph\":[{\"@type\":\"WebPage\",\"@id\":\"https:\/\/graziamagazine.com\/mx\/articles\/reese-witherspoon-y-laura-dern-se-visten-igual-para-celebrar-navidad\/\",\"url\":\"https:\/\/graziamagazine.com\/mx\/articles\/reese-witherspoon-y-laura-dern-se-visten-igual-para-celebrar-navidad\/\",\"name\":\"Reese Witherspoon y Laura Dern se visten igual para celebrar Navidad | Grazia M\u00e9xico y Latinoam\u00e9rica\",\"isPartOf\":{\"@id\":\"https:\/\/graziamagazine.com\/mx\/#website\"},\"datePublished\":\"2023-12-25T14:00:36+00:00\",\"dateModified\":\"2023-12-24T19:27:36+00:00\",\"description\":\"Reese Witherspoon y Laura Dern dejaron ver que son las mejores amigas, alineando sus atuendos navide\u00f1os para estas fiestas. Las actrices asistieron a una\",\"breadcrumb\":{\"@id\":\"https:\/\/graziamagazine.com\/mx\/articles\/reese-witherspoon-y-laura-dern-se-visten-igual-para-celebrar-navidad\/#breadcrumb\"},\"inLanguage\":\"es-MX\",\"potentialAction\":[{\"@type\":\"ReadAction\",\"target\":[\"https:\/\/graziamagazine.com\/mx\/articles\/reese-witherspoon-y-laura-dern-se-visten-igual-para-celebrar-navidad\/\"]}]},{\"@type\":\"BreadcrumbList\",\"@id\":\"https:\/\/graziamagazine.com\/mx\/articles\/reese-witherspoon-y-laura-dern-se-visten-igual-para-celebrar-navidad\/#breadcrumb\",\"itemListElement\":[{\"@type\":\"ListItem\",\"position\":1,\"name\":\"Home\",\"item\":\"https:\/\/graziamagazine.com\/mx\/\"},{\"@type\":\"ListItem\",\"position\":2,\"name\":\"Reese Witherspoon y Laura Dern se visten igual para celebrar Navidad\"}]},{\"@type\":\"WebSite\",\"@id\":\"https:\/\/graziamagazine.com\/mx\/#website\",\"url\":\"https:\/\/graziamagazine.com\/mx\/\",\"name\":\"Grazia M\u00e9xico y Latinoam\u00e9rica\",\"description\":\"Grazia es moda, belleza y noticias  de actualidad \",\"potentialAction\":[{\"@type\":\"SearchAction\",\"target\":{\"@type\":\"EntryPoint\",\"urlTemplate\":\"https:\/\/graziamagazine.com\/mx\/?s={search_term_string}\"},\"query-input\":\"required name=search_term_string\"}],\"inLanguage\":\"es-MX\"}]}<\/script>\n<!-- \/ Yoast SEO Premium plugin. -->","yoast_head_json":{"title":"Reese Witherspoon y Laura Dern se visten igual para celebrar Navidad | Grazia M\u00e9xico y Latinoam\u00e9rica","description":"Reese Witherspoon y Laura Dern dejaron ver que son las mejores amigas, alineando sus atuendos navide\u00f1os para estas fiestas. Las actrices asistieron a una","robots":{"index":"index","follow":"follow","max-snippet":"max-snippet:-1","max-image-preview":"max-image-preview:large","max-video-preview":"max-video-preview:-1"},"canonical":"https:\/\/graziamagazine.com\/mx\/articles\/reese-witherspoon-y-laura-dern-se-visten-igual-para-celebrar-navidad\/","og_locale":"es_MX","og_type":"article","og_title":"Reese Witherspoon y Laura Dern se visten igual para celebrar Navidad","og_description":"Reese Witherspoon y Laura Dern dejaron ver que son las mejores amigas, alineando sus atuendos navide\u00f1os para estas fiestas. Las actrices asistieron a una","og_url":"https:\/\/graziamagazine.com\/mx\/articles\/reese-witherspoon-y-laura-dern-se-visten-igual-para-celebrar-navidad\/","og_site_name":"Grazia M\u00e9xico y Latinoam\u00e9rica","article_modified_time":"2023-12-24T19:27:36+00:00","og_image":[{"width":555,"height":310,"url":"https:\/\/graziamagazine.com\/mx\/wp-content\/uploads\/sites\/13\/2023\/12\/Captura-de-Pantalla-2023-12-24-a-las-12.23.26.png?fit=555%2C310","type":"image\/png"}],"twitter_card":"summary_large_image","twitter_misc":{"Est. reading time":"2 minutos"},"schema":{"@context":"https:\/\/schema.org","@graph":[{"@type":"WebPage","@id":"https:\/\/graziamagazine.com\/mx\/articles\/reese-witherspoon-y-laura-dern-se-visten-igual-para-celebrar-navidad\/","url":"https:\/\/graziamagazine.com\/mx\/articles\/reese-witherspoon-y-laura-dern-se-visten-igual-para-celebrar-navidad\/","name":"Reese Witherspoon y Laura Dern se visten igual para celebrar Navidad | Grazia M\u00e9xico y Latinoam\u00e9rica","isPartOf":{"@id":"https:\/\/graziamagazine.com\/mx\/#website"},"datePublished":"2023-12-25T14:00:36+00:00","dateModified":"2023-12-24T19:27:36+00:00","description":"Reese Witherspoon y Laura Dern dejaron ver que son las mejores amigas, alineando sus atuendos navide\u00f1os para estas fiestas. Las actrices asistieron a una","breadcrumb":{"@id":"https:\/\/graziamagazine.com\/mx\/articles\/reese-witherspoon-y-laura-dern-se-visten-igual-para-celebrar-navidad\/#breadcrumb"},"inLanguage":"es-MX","potentialAction":[{"@type":"ReadAction","target":["https:\/\/graziamagazine.com\/mx\/articles\/reese-witherspoon-y-laura-dern-se-visten-igual-para-celebrar-navidad\/"]}]},{"@type":"BreadcrumbList","@id":"https:\/\/graziamagazine.com\/mx\/articles\/reese-witherspoon-y-laura-dern-se-visten-igual-para-celebrar-navidad\/#breadcrumb","itemListElement":[{"@type":"ListItem","position":1,"name":"Home","item":"https:\/\/graziamagazine.com\/mx\/"},{"@type":"ListItem","position":2,"name":"Reese Witherspoon y Laura Dern se visten igual para celebrar Navidad"}]},{"@type":"WebSite","@id":"https:\/\/graziamagazine.com\/mx\/#website","url":"https:\/\/graziamagazine.com\/mx\/","name":"Grazia M\u00e9xico y Latinoam\u00e9rica","description":"Grazia es moda, belleza y noticias  de actualidad ","potentialAction":[{"@type":"SearchAction","target":{"@type":"EntryPoint","urlTemplate":"https:\/\/graziamagazine.com\/mx\/?s={search_term_string}"},"query-input":"required name=search_term_string"}],"inLanguage":"es-MX"}]}},"jetpack_sharing_enabled":true,"distributor_meta":false,"distributor_terms":false,"distributor_media":false,"distributor_original_site_name":"Grazia M\u00e9xico y Latinoam\u00e9rica","distributor_original_site_url":"https:\/\/graziamagazine.com\/mx","push-errors":false,"_links":{"self":[{"href":"https:\/\/graziamagazine.com\/mx\/wp-json\/wp\/v2\/articles\/132562"}],"collection":[{"href":"https:\/\/graziamagazine.com\/mx\/wp-json\/wp\/v2\/articles"}],"about":[{"href":"https:\/\/graziamagazine.com\/mx\/wp-json\/wp\/v2\/types\/articles"}],"author":[{"embeddable":true,"href":"https:\/\/graziamagazine.com\/mx\/wp-json\/wp\/v2\/users\/11628"}],"wp:featuredmedia":[{"embeddable":true,"href":"https:\/\/graziamagazine.com\/mx\/wp-json\/wp\/v2\/media\/132563"}],"wp:attachment":[{"href":"https:\/\/graziamagazine.com\/mx\/wp-json\/wp\/v2\/media?parent=132562"}],"wp:term":[{"taxonomy":"category","embeddable":true,"href":"https:\/\/graziamagazine.com\/mx\/wp-json\/wp\/v2\/categories?post=132562"}],"curies":[{"name":"wp","href":"https:\/\/api.w.org\/{rel}","templated":true}]}}