{"id":132084,"date":"2023-12-08T13:31:34","date_gmt":"2023-12-08T18:31:34","guid":{"rendered":"https:\/\/graziamagazine.com\/mx\/?post_type=articles&#038;p=132084"},"modified":"2023-12-08T13:49:43","modified_gmt":"2023-12-08T18:49:43","slug":"el-documental-metamorphosis-cuenta-la-historia-de-dior-en-mexico","status":"publish","type":"articles","link":"https:\/\/graziamagazine.com\/mx\/articles\/el-documental-metamorphosis-cuenta-la-historia-de-dior-en-mexico\/","title":{"rendered":"El documental &#8220;Metamorphosis&#8221; cuenta la historia de Dior en M\u00e9xico"},"content":{"rendered":"<p>&#8220;Metamorphosis&#8221; no solo es un documental, es una colaboraci\u00f3n art\u00edstica que trasciende las fronteras. El documental destaca la colaboraci\u00f3n \u00fanica entre<strong> Mar\u00eda Grazia Chiuri<\/strong>, la directora creativa de las colecciones femeninas de<strong> Dior<\/strong>, y <strong>Circe Henestrosa<\/strong>, una curadora experta en<strong> Frida Kahlo<\/strong> y el <strong>savoir-faire mexicano.<\/strong><\/p>\n<p>La historia visualmente impactante celebra la <strong>diversidad y la artesan\u00eda mexicana<\/strong>. Con cautivadoras imagenes, el documental nos sumerge en comunidades ind\u00edgenas mexicanas, explorando las t\u00e9cnicas artesanales transmitidas de generaci\u00f3n en generaci\u00f3n.<\/p>\n<p>Desde el majestuoso Antiguo Colegio de San Ildefonso, donde se llev\u00f3 a cabo el desfile, el documental nos lleva a trav\u00e9s de un viaje visual y art\u00edstico.<\/p>\n<p>&nbsp;<\/p>\n<figure id=\"attachment_132094\" aria-describedby=\"caption-attachment-132094\" style=\"width: 819px\" class=\"wp-caption alignnone\"><img loading=\"lazy\" decoding=\"async\" class=\"wp-image-132094 size-large\" src=\"https:\/\/graziamagazine.com\/mx\/wp-content\/uploads\/sites\/13\/2023\/12\/DIOR-METAMORPHOSIS_POSTER_\u00a9-Flor-Garduno-1.jpg?w=819\" alt=\"El documental &quot;Metamorphosis&quot; cuenta la historia de Dior en M\u00e9xico\" width=\"819\" height=\"1024\" \/><figcaption id=\"caption-attachment-132094\" class=\"wp-caption-text\">El documental &#8220;Metamorphosis&#8221; cuenta la historia de Dior en M\u00e9xico<\/figcaption><\/figure>\n<p>Desde la elaboraci\u00f3n de textiles hasta la creaci\u00f3n de patrones intrincados, cada escena teje una narrativa visual que celebra la diversidad cultural.<\/p>\n<p>Las prendas, inspiradas en la riqueza de la cultura mexicana, cobran vida en la pasarela, fusionando la visi\u00f3n vanguardista de Chiuri con las tradiciones artesanales.<\/p>\n<p>La pel\u00edcula captura el di\u00e1logo entre dos mundos aparentemente dispares: la alta costura y la artesan\u00eda mexicana. Desde los talleres de Dior hasta los rincones m\u00e1s remotos de<strong> M\u00e9xico<\/strong>, &#8220;Metamorphosis&#8221; muestra c\u00f3mo esta colaboraci\u00f3n \u00fanica se convierte en una expresi\u00f3n de creatividad y respeto mutuo.<\/p>\n<p><iframe loading=\"lazy\" title=\"&#039;Dior Metamorphosis:&#039; The Story of Dior in Mexico\" width=\"500\" height=\"281\" src=\"https:\/\/www.youtube.com\/embed\/AIv1qrV3MZg?feature=oembed\" frameborder=\"0\" allow=\"accelerometer; autoplay; clipboard-write; encrypted-media; gyroscope; picture-in-picture; web-share\" allowfullscreen><\/iframe><\/p>\n<p>Adem\u00e1s de la presentaci\u00f3n de la colecci\u00f3n, el documental nos lleva detr\u00e1s de c\u00e1maras, revelando la<strong> vida cotidiana de los artesanos<\/strong> y la conexi\u00f3n profunda entre la moda y la identidad cultural. Cada detalle es una expresi\u00f3n de la meticulosa atenci\u00f3n de Dior a la autenticidad y la calidad.<\/p>\n<p>Prep\u00e1rate para sumergirte en un viaje \u00fanico donde la <strong>moda y la cultura<\/strong> se entrelazan de manera excepcional. &#8220;Metamorphosis&#8221; es m\u00e1s que un documental; es un testimonio de c\u00f3mo la colaboraci\u00f3n creativa puede dar lugar a una transformaci\u00f3n hermosa y significativa.<\/p>\n<p><em><strong>*IMAGEN: Cortes\u00eda Dior<\/strong><\/em><\/p>\n","protected":false},"author":28953,"featured_media":132093,"template":"","format":"standard","categories":[4],"acf":[],"yoast_head":"<!-- This site is optimized with the Yoast SEO Premium plugin v18.5 (Yoast SEO v20.4) - https:\/\/yoast.com\/wordpress\/plugins\/seo\/ -->\n<title>El documental &quot;Metamorphosis&quot; cuenta la historia de Dior en M\u00e9xico<\/title>\n<meta name=\"description\" content=\"\u00a1No te pierdas la oportunidad de explorar la fascinante historia de &quot;Metamorphosis&quot;, un cap\u00edtulo memorable en la relaci\u00f3n entre Dior y M\u00e9xico!\" \/>\n<meta name=\"robots\" content=\"index, follow, max-snippet:-1, max-image-preview:large, max-video-preview:-1\" \/>\n<link rel=\"canonical\" href=\"https:\/\/graziamagazine.com\/mx\/articles\/el-documental-metamorphosis-cuenta-la-historia-de-dior-en-mexico\/\" \/>\n<meta property=\"og:locale\" content=\"es_MX\" \/>\n<meta property=\"og:type\" content=\"article\" \/>\n<meta property=\"og:title\" content=\"El documental &quot;Metamorphosis&quot; cuenta la historia de Dior en M\u00e9xico\" \/>\n<meta property=\"og:description\" content=\"\u00a1No te pierdas la oportunidad de explorar la fascinante historia de &quot;Metamorphosis&quot;, un cap\u00edtulo memorable en la relaci\u00f3n entre Dior y M\u00e9xico!\" \/>\n<meta property=\"og:url\" content=\"https:\/\/graziamagazine.com\/mx\/articles\/el-documental-metamorphosis-cuenta-la-historia-de-dior-en-mexico\/\" \/>\n<meta property=\"og:site_name\" content=\"Grazia M\u00e9xico y Latinoam\u00e9rica\" \/>\n<meta property=\"article:modified_time\" content=\"2023-12-08T18:49:43+00:00\" \/>\n<meta name=\"twitter:card\" content=\"summary_large_image\" \/>\n<meta name=\"twitter:image\" content=\"https:\/\/graziamagazine.com\/mx\/wp-content\/uploads\/sites\/13\/2023\/12\/DIOR-METAMORPHOSIS_POSTER_\u00a9-Flor-Garduno-e1702061042625.jpg\" \/>\n<meta name=\"twitter:label1\" content=\"Est. reading time\" \/>\n\t<meta name=\"twitter:data1\" content=\"2 minutos\" \/>\n<script type=\"application\/ld+json\" class=\"yoast-schema-graph\">{\"@context\":\"https:\/\/schema.org\",\"@graph\":[{\"@type\":\"WebPage\",\"@id\":\"https:\/\/graziamagazine.com\/mx\/articles\/el-documental-metamorphosis-cuenta-la-historia-de-dior-en-mexico\/\",\"url\":\"https:\/\/graziamagazine.com\/mx\/articles\/el-documental-metamorphosis-cuenta-la-historia-de-dior-en-mexico\/\",\"name\":\"El documental \\\"Metamorphosis\\\" cuenta la historia de Dior en M\u00e9xico\",\"isPartOf\":{\"@id\":\"https:\/\/graziamagazine.com\/mx\/#website\"},\"datePublished\":\"2023-12-08T18:31:34+00:00\",\"dateModified\":\"2023-12-08T18:49:43+00:00\",\"description\":\"\u00a1No te pierdas la oportunidad de explorar la fascinante historia de \\\"Metamorphosis\\\", un cap\u00edtulo memorable en la relaci\u00f3n entre Dior y M\u00e9xico!\",\"breadcrumb\":{\"@id\":\"https:\/\/graziamagazine.com\/mx\/articles\/el-documental-metamorphosis-cuenta-la-historia-de-dior-en-mexico\/#breadcrumb\"},\"inLanguage\":\"es-MX\",\"potentialAction\":[{\"@type\":\"ReadAction\",\"target\":[\"https:\/\/graziamagazine.com\/mx\/articles\/el-documental-metamorphosis-cuenta-la-historia-de-dior-en-mexico\/\"]}]},{\"@type\":\"BreadcrumbList\",\"@id\":\"https:\/\/graziamagazine.com\/mx\/articles\/el-documental-metamorphosis-cuenta-la-historia-de-dior-en-mexico\/#breadcrumb\",\"itemListElement\":[{\"@type\":\"ListItem\",\"position\":1,\"name\":\"Home\",\"item\":\"https:\/\/graziamagazine.com\/mx\/\"},{\"@type\":\"ListItem\",\"position\":2,\"name\":\"El documental &#8220;Metamorphosis&#8221; cuenta la historia de Dior en M\u00e9xico\"}]},{\"@type\":\"WebSite\",\"@id\":\"https:\/\/graziamagazine.com\/mx\/#website\",\"url\":\"https:\/\/graziamagazine.com\/mx\/\",\"name\":\"Grazia M\u00e9xico y Latinoam\u00e9rica\",\"description\":\"Grazia es moda, belleza y noticias  de actualidad \",\"potentialAction\":[{\"@type\":\"SearchAction\",\"target\":{\"@type\":\"EntryPoint\",\"urlTemplate\":\"https:\/\/graziamagazine.com\/mx\/?s={search_term_string}\"},\"query-input\":\"required name=search_term_string\"}],\"inLanguage\":\"es-MX\"}]}<\/script>\n<!-- \/ Yoast SEO Premium plugin. -->","yoast_head_json":{"title":"El documental \"Metamorphosis\" cuenta la historia de Dior en M\u00e9xico","description":"\u00a1No te pierdas la oportunidad de explorar la fascinante historia de \"Metamorphosis\", un cap\u00edtulo memorable en la relaci\u00f3n entre Dior y M\u00e9xico!","robots":{"index":"index","follow":"follow","max-snippet":"max-snippet:-1","max-image-preview":"max-image-preview:large","max-video-preview":"max-video-preview:-1"},"canonical":"https:\/\/graziamagazine.com\/mx\/articles\/el-documental-metamorphosis-cuenta-la-historia-de-dior-en-mexico\/","og_locale":"es_MX","og_type":"article","og_title":"El documental \"Metamorphosis\" cuenta la historia de Dior en M\u00e9xico","og_description":"\u00a1No te pierdas la oportunidad de explorar la fascinante historia de \"Metamorphosis\", un cap\u00edtulo memorable en la relaci\u00f3n entre Dior y M\u00e9xico!","og_url":"https:\/\/graziamagazine.com\/mx\/articles\/el-documental-metamorphosis-cuenta-la-historia-de-dior-en-mexico\/","og_site_name":"Grazia M\u00e9xico y Latinoam\u00e9rica","article_modified_time":"2023-12-08T18:49:43+00:00","twitter_card":"summary_large_image","twitter_image":"https:\/\/graziamagazine.com\/mx\/wp-content\/uploads\/sites\/13\/2023\/12\/DIOR-METAMORPHOSIS_POSTER_\u00a9-Flor-Garduno-e1702061042625.jpg","twitter_misc":{"Est. reading time":"2 minutos"},"schema":{"@context":"https:\/\/schema.org","@graph":[{"@type":"WebPage","@id":"https:\/\/graziamagazine.com\/mx\/articles\/el-documental-metamorphosis-cuenta-la-historia-de-dior-en-mexico\/","url":"https:\/\/graziamagazine.com\/mx\/articles\/el-documental-metamorphosis-cuenta-la-historia-de-dior-en-mexico\/","name":"El documental \"Metamorphosis\" cuenta la historia de Dior en M\u00e9xico","isPartOf":{"@id":"https:\/\/graziamagazine.com\/mx\/#website"},"datePublished":"2023-12-08T18:31:34+00:00","dateModified":"2023-12-08T18:49:43+00:00","description":"\u00a1No te pierdas la oportunidad de explorar la fascinante historia de \"Metamorphosis\", un cap\u00edtulo memorable en la relaci\u00f3n entre Dior y M\u00e9xico!","breadcrumb":{"@id":"https:\/\/graziamagazine.com\/mx\/articles\/el-documental-metamorphosis-cuenta-la-historia-de-dior-en-mexico\/#breadcrumb"},"inLanguage":"es-MX","potentialAction":[{"@type":"ReadAction","target":["https:\/\/graziamagazine.com\/mx\/articles\/el-documental-metamorphosis-cuenta-la-historia-de-dior-en-mexico\/"]}]},{"@type":"BreadcrumbList","@id":"https:\/\/graziamagazine.com\/mx\/articles\/el-documental-metamorphosis-cuenta-la-historia-de-dior-en-mexico\/#breadcrumb","itemListElement":[{"@type":"ListItem","position":1,"name":"Home","item":"https:\/\/graziamagazine.com\/mx\/"},{"@type":"ListItem","position":2,"name":"El documental &#8220;Metamorphosis&#8221; cuenta la historia de Dior en M\u00e9xico"}]},{"@type":"WebSite","@id":"https:\/\/graziamagazine.com\/mx\/#website","url":"https:\/\/graziamagazine.com\/mx\/","name":"Grazia M\u00e9xico y Latinoam\u00e9rica","description":"Grazia es moda, belleza y noticias  de actualidad ","potentialAction":[{"@type":"SearchAction","target":{"@type":"EntryPoint","urlTemplate":"https:\/\/graziamagazine.com\/mx\/?s={search_term_string}"},"query-input":"required name=search_term_string"}],"inLanguage":"es-MX"}]}},"jetpack_sharing_enabled":true,"distributor_meta":false,"distributor_terms":false,"distributor_media":false,"distributor_original_site_name":"Grazia M\u00e9xico y Latinoam\u00e9rica","distributor_original_site_url":"https:\/\/graziamagazine.com\/mx","push-errors":false,"_links":{"self":[{"href":"https:\/\/graziamagazine.com\/mx\/wp-json\/wp\/v2\/articles\/132084"}],"collection":[{"href":"https:\/\/graziamagazine.com\/mx\/wp-json\/wp\/v2\/articles"}],"about":[{"href":"https:\/\/graziamagazine.com\/mx\/wp-json\/wp\/v2\/types\/articles"}],"author":[{"embeddable":true,"href":"https:\/\/graziamagazine.com\/mx\/wp-json\/wp\/v2\/users\/28953"}],"wp:featuredmedia":[{"embeddable":true,"href":"https:\/\/graziamagazine.com\/mx\/wp-json\/wp\/v2\/media\/132093"}],"wp:attachment":[{"href":"https:\/\/graziamagazine.com\/mx\/wp-json\/wp\/v2\/media?parent=132084"}],"wp:term":[{"taxonomy":"category","embeddable":true,"href":"https:\/\/graziamagazine.com\/mx\/wp-json\/wp\/v2\/categories?post=132084"}],"curies":[{"name":"wp","href":"https:\/\/api.w.org\/{rel}","templated":true}]}}