{"id":132070,"date":"2023-12-07T17:51:48","date_gmt":"2023-12-07T22:51:48","guid":{"rendered":"https:\/\/graziamagazine.com\/mx\/?post_type=articles&#038;p=132070"},"modified":"2023-12-08T08:12:50","modified_gmt":"2023-12-08T13:12:50","slug":"chanel-presenta-metiers-dart-en-manchester","status":"publish","type":"articles","link":"https:\/\/graziamagazine.com\/mx\/articles\/chanel-presenta-metiers-dart-en-manchester\/","title":{"rendered":"Chanel Presenta M\u00e9tiers D&#8217;art en Manchester"},"content":{"rendered":"<div id=\"__next\">\n<div class=\"relative z-0 flex h-full w-full overflow-hidden\">\n<div class=\"relative flex h-full max-w-full flex-1 flex-col overflow-hidden\">\n<p>&nbsp;<\/p>\n<div class=\"flex h-full flex-col\" role=\"presentation\">\n<div class=\"flex-1 overflow-hidden\">\n<div class=\"react-scroll-to-bottom--css-pfgou-79elbk h-full\">\n<div class=\"react-scroll-to-bottom--css-pfgou-1n7m0yu\">\n<div class=\"flex flex-col pb-9 text-sm\">\n<div class=\"w-full text-token-text-primary\" data-testid=\"conversation-turn-111\">\n<div class=\"px-4 py-2 justify-center text-base md:gap-6 m-auto\">\n<div class=\"flex flex-1 text-base mx-auto gap-3 md:px-5 lg:px-1 xl:px-5 md:max-w-3xl lg:max-w-[40rem] xl:max-w-[48rem] } group final-completion\">\n<div class=\"relative flex w-full flex-col lg:w-[calc(100%-115px)] agent-turn\">\n<div class=\"flex-col gap-1 md:gap-3\">\n<div class=\"flex flex-grow flex-col max-w-full\">\n<div class=\"min-h-[20px] text-message flex flex-col items-start gap-3 whitespace-pre-wrap break-words [.text-message+&amp;]:mt-5 overflow-x-auto\" data-message-author-role=\"assistant\" data-message-id=\"64ece291-7ca4-4dcd-bd4d-ffeed0fc49d7\">\n<div class=\"markdown prose w-full break-words dark:prose-invert light\">\n<p>Chanel, la ic\u00f3nica casa de moda francesa, ha llevado su deslumbrante desfile <strong>M\u00e9tiers D&#8217;art<\/strong> a un lugar inesperado pero emocionante: la vibrante ciudad de <strong>Manchester.<\/strong><\/p>\n<p>Este evento no solo destaca la maestr\u00eda artesanal de <strong>Chanel<\/strong>, sino que tambi\u00e9n celebra la fusi\u00f3n de la alta costura con la energ\u00eda creativa de una ciudad conocida por su<strong> influencia en la m\u00fasica, la moda y las artes.<\/strong><\/p>\n<figure id=\"attachment_132075\" aria-describedby=\"caption-attachment-132075\" style=\"width: 768px\" class=\"wp-caption alignnone\"><img loading=\"lazy\" decoding=\"async\" class=\"size-large wp-image-132075\" src=\"https:\/\/graziamagazine.com\/mx\/wp-content\/uploads\/sites\/13\/2023\/12\/f.elconfidencial.com_original_93c_09a_159_93c09a1597da5c22c41427e3f3d70f1c.jpg?w=768\" alt=\"Chanel Presenta M\u00e9tiers D'art en Manchester\" width=\"768\" height=\"1024\" \/><figcaption id=\"caption-attachment-132075\" class=\"wp-caption-text\">Chanel Presenta M\u00e9tiers D&#8217;art en Manchester<\/figcaption><\/figure>\n<p>La elecci\u00f3n de Manchester como escenario para el desfile M\u00e9tiers D&#8217;art no fue aleatoria. <strong>Karl Lagerfeld<\/strong>, el legendario director creativo de Chanel, siempre encontr\u00f3 inspiraci\u00f3n en lugares inesperados.<\/p>\n<p>Manchester, conocida por su rica historia industrial y su vibrante escena cultural, ofrece un tel\u00f3n de fondo \u00fanico que complementa la visi\u00f3n vanguardista de Chanel.<\/p>\n<p>M\u00e9tiers D&#8217;art es una colecci\u00f3n anual de Chanel que<strong> rinde homenaje a los talleres artesanales<\/strong> y la <strong>habilidad excepcional<\/strong> de los artesanos que colaboran con la casa de moda.<\/p>\n<figure id=\"attachment_132076\" aria-describedby=\"caption-attachment-132076\" style=\"width: 1024px\" class=\"wp-caption alignnone\"><img loading=\"lazy\" decoding=\"async\" class=\"size-large wp-image-132076\" src=\"https:\/\/graziamagazine.com\/mx\/wp-content\/uploads\/sites\/13\/2023\/12\/f.elconfidencial.com_original_4c1_c4f_693_4c1c4f6931ed1e28fc31ac1653c38350.jpg?w=1024\" alt=\"Chanel Presenta M\u00e9tiers D'art en Manchester\" width=\"1024\" height=\"576\" \/><figcaption id=\"caption-attachment-132076\" class=\"wp-caption-text\">Chanel Presenta M\u00e9tiers D&#8217;art en Manchester<\/figcaption><\/figure>\n<div id=\"__next\">\n<div class=\"relative z-0 flex h-full w-full overflow-hidden\">\n<div class=\"relative flex h-full max-w-full flex-1 flex-col overflow-hidden\">\n<p>&nbsp;<\/p>\n<div class=\"flex h-full flex-col\" role=\"presentation\">\n<div class=\"flex-1 overflow-hidden\">\n<div class=\"react-scroll-to-bottom--css-pfgou-79elbk h-full\">\n<div class=\"react-scroll-to-bottom--css-pfgou-1n7m0yu\">\n<div class=\"flex flex-col pb-9 text-sm\">\n<div class=\"w-full text-token-text-primary\" data-testid=\"conversation-turn-111\">\n<div class=\"px-4 py-2 justify-center text-base md:gap-6 m-auto\">\n<div class=\"flex flex-1 text-base mx-auto gap-3 md:px-5 lg:px-1 xl:px-5 md:max-w-3xl lg:max-w-[40rem] xl:max-w-[48rem] } group final-completion\">\n<div class=\"relative flex w-full flex-col lg:w-[calc(100%-115px)] agent-turn\">\n<div class=\"flex-col gap-1 md:gap-3\">\n<div class=\"flex flex-grow flex-col max-w-full\">\n<div class=\"min-h-[20px] text-message flex flex-col items-start gap-3 whitespace-pre-wrap break-words [.text-message+&amp;]:mt-5 overflow-x-auto\" data-message-author-role=\"assistant\" data-message-id=\"64ece291-7ca4-4dcd-bd4d-ffeed0fc49d7\">\n<div class=\"markdown prose w-full break-words dark:prose-invert light\">\n<p>La colecci\u00f3n destaca diversas habilidades artesanales, desde bordados exquisitos hasta sombrerer\u00eda impecable. Cada prenda cuenta una historia de <strong>destreza, dedicaci\u00f3n y creatividad.<\/strong><\/p>\n<p>La presentaci\u00f3n en Manchester brinda a los espectadores la oportunidad de sumergirse en la experiencia \u00fanica de presenciar estas creaciones excepcionales en un entorno que resalta la importancia de la artesan\u00eda en la evoluci\u00f3n de la moda.<\/p>\n<p data-sourcepos=\"4:1-4:225\">La colecci\u00f3n estuvo inspirada en la m\u00fasica y la cultura de Manchester. Los modelos desfilaron por una pasarela en forma de guitarra, vestidos con prendas que combinaban la elegancia cl\u00e1sica de Chanel con un toque de rebeld\u00eda.<img loading=\"lazy\" decoding=\"async\" class=\"alignnone size-large wp-image-132074\" src=\"https:\/\/graziamagazine.com\/mx\/wp-content\/uploads\/sites\/13\/2023\/12\/2023-12-07T211938Z_1_LYNXMPEJB60VU_RTROPTP_4_FASHION-CHANEL-BRITAIN.jpg?w=1024\" alt=\"\" width=\"1024\" height=\"683\" \/><\/p>\n<p data-sourcepos=\"6:1-6:183\">Cada uno de los tejidos utilizados en la colecci\u00f3n eran de alta calidad, con bordados, encajes y pedrer\u00eda realizados a mano. Los colores eran vibrantes, con tonos de rojo, azul, verde y amarillo.<\/p>\n<p data-sourcepos=\"8:1-8:130\">Los accesorios tambi\u00e9n fueron llamativos, con zapatos de tac\u00f3n alto, bolsos de mano y sombreros decorados con detalles de costura.<\/p>\n<\/div>\n<\/div>\n<\/div>\n<\/div>\n<\/div>\n<\/div>\n<\/div>\n<\/div>\n<\/div>\n<\/div>\n<\/div>\n<\/div>\n<\/div>\n<p>&nbsp;<\/p>\n<\/div>\n<\/div>\n<\/div>\n<p>La elecci\u00f3n de Manchester no solo destaca la moda; es una declaraci\u00f3n audaz sobre la importancia de preservar las tradiciones mientras se abraza la innovaci\u00f3n.<\/p>\n<p>Chanel demuestra su voluntad de desafiar las convenciones y explorar nuevos horizontes creativos al fusionar la elegancia parisina con la rica historia industrial de Manchester.<\/p>\n<p><em><strong>*IMAGEN: Google Images<\/strong><\/em><\/p>\n<\/div>\n<\/div>\n<\/div>\n<\/div>\n<\/div>\n<\/div>\n<\/div>\n<\/div>\n<\/div>\n<\/div>\n<\/div>\n<\/div>\n<\/div>\n<p>&nbsp;<\/p>\n<\/div>\n<\/div>\n<\/div>\n<div><\/div>\n<div id=\"USE_CHAT_GPT_AI_ROOT_Context_Menu_Portal\">\n<div id=\"USE_CHAT_GPT_AI_ROOT_Floating_Reference_Element\" aria-hidden=\"true\">\n<div id=\":r7:\" class=\"RootMenu\" aria-expanded=\"false\">\n<div class=\"chat-message--text max-ai__writing-message-box use-chat-gpt-ai-context-menu-1amg59s\">\n<div class=\"markdown-body \"><\/div>\n<\/div>\n<\/div>\n<\/div>\n<div class=\"use-chat-gpt-ai--MuiPaper-root use-chat-gpt-ai--MuiPaper-elevation use-chat-gpt-ai--MuiPaper-rounded use-chat-gpt-ai--MuiPaper-elevation3 max-ai__click-context-menu open use-chat-gpt-ai-context-menu-16safqs\">\n<div class=\"use-chat-gpt-ai-context-menu-30jfr7\">\n<div id=\":ro:\" class=\"RootMenu use-chat-gpt-ai--MuiBox-root use-chat-gpt-ai-context-menu-458pxz\" aria-expanded=\"false\"><\/div>\n<\/div>\n<\/div>\n<\/div>\n<div id=\"USE_CHAT_GPT_AI_ROOT_Wrapper\">\n<div>\n<div class=\"use-chat-gpt-ai-app use-chat-gpt-ai--MuiBox-root use-chat-gpt-ai-emotion-cache-11tnanq\">\n<div class=\"use-chat-gpt-ai-emotion-cache-1pfvbtm\">\n<div class=\"use-chat-gpt-ai-emotion-cache-j7qwjs\"><\/div>\n<\/div>\n<\/div>\n<\/div>\n<\/div>\n<div id=\"maxai-snackbar-container\"><\/div>\n<p>&nbsp;<\/p>\n<div class=\"intercom-lightweight-app\"><\/div>\n","protected":false},"author":28953,"featured_media":132077,"template":"","format":"standard","categories":[4],"acf":[],"yoast_head":"<!-- This site is optimized with the Yoast SEO Premium plugin v18.5 (Yoast SEO v20.4) - https:\/\/yoast.com\/wordpress\/plugins\/seo\/ -->\n<title>Chanel Presenta M\u00e9tiers D&#039;art en Manchester<\/title>\n<meta name=\"description\" content=\"El espect\u00e1culo celebr\u00f3 la artesan\u00eda y el savoir-faire de los talleres M\u00e9tiers d&#039;art de Chanel\" \/>\n<meta name=\"robots\" content=\"index, follow, max-snippet:-1, max-image-preview:large, max-video-preview:-1\" \/>\n<link rel=\"canonical\" href=\"https:\/\/graziamagazine.com\/mx\/articles\/chanel-presenta-metiers-dart-en-manchester\/\" \/>\n<meta property=\"og:locale\" content=\"es_MX\" \/>\n<meta property=\"og:type\" content=\"article\" \/>\n<meta property=\"og:title\" content=\"Chanel Presenta M\u00e9tiers D&#039;art en Manchester\" \/>\n<meta property=\"og:description\" content=\"El espect\u00e1culo celebr\u00f3 la artesan\u00eda y el savoir-faire de los talleres M\u00e9tiers d&#039;art de Chanel\" \/>\n<meta property=\"og:url\" content=\"https:\/\/graziamagazine.com\/mx\/articles\/chanel-presenta-metiers-dart-en-manchester\/\" \/>\n<meta property=\"og:site_name\" content=\"Grazia M\u00e9xico y Latinoam\u00e9rica\" \/>\n<meta property=\"article:modified_time\" content=\"2023-12-08T13:12:50+00:00\" \/>\n<meta property=\"og:image\" content=\"https:\/\/graziamagazine.com\/mx\/wp-content\/uploads\/sites\/13\/2023\/12\/f.elconfidencial.com_original_ff5_bb5_e40_ff5bb5e40fb98e1389a2125051b277c3.jpg\" \/>\n\t<meta property=\"og:image:width\" content=\"1220\" \/>\n\t<meta property=\"og:image:height\" content=\"686\" \/>\n\t<meta property=\"og:image:type\" content=\"image\/jpeg\" \/>\n<meta name=\"twitter:card\" content=\"summary_large_image\" \/>\n<meta name=\"twitter:label1\" content=\"Est. reading time\" \/>\n\t<meta name=\"twitter:data1\" content=\"3 minutos\" \/>\n<script type=\"application\/ld+json\" class=\"yoast-schema-graph\">{\"@context\":\"https:\/\/schema.org\",\"@graph\":[{\"@type\":\"WebPage\",\"@id\":\"https:\/\/graziamagazine.com\/mx\/articles\/chanel-presenta-metiers-dart-en-manchester\/\",\"url\":\"https:\/\/graziamagazine.com\/mx\/articles\/chanel-presenta-metiers-dart-en-manchester\/\",\"name\":\"Chanel Presenta M\u00e9tiers D'art en Manchester\",\"isPartOf\":{\"@id\":\"https:\/\/graziamagazine.com\/mx\/#website\"},\"datePublished\":\"2023-12-07T22:51:48+00:00\",\"dateModified\":\"2023-12-08T13:12:50+00:00\",\"description\":\"El espect\u00e1culo celebr\u00f3 la artesan\u00eda y el savoir-faire de los talleres M\u00e9tiers d'art de Chanel\",\"breadcrumb\":{\"@id\":\"https:\/\/graziamagazine.com\/mx\/articles\/chanel-presenta-metiers-dart-en-manchester\/#breadcrumb\"},\"inLanguage\":\"es-MX\",\"potentialAction\":[{\"@type\":\"ReadAction\",\"target\":[\"https:\/\/graziamagazine.com\/mx\/articles\/chanel-presenta-metiers-dart-en-manchester\/\"]}]},{\"@type\":\"BreadcrumbList\",\"@id\":\"https:\/\/graziamagazine.com\/mx\/articles\/chanel-presenta-metiers-dart-en-manchester\/#breadcrumb\",\"itemListElement\":[{\"@type\":\"ListItem\",\"position\":1,\"name\":\"Home\",\"item\":\"https:\/\/graziamagazine.com\/mx\/\"},{\"@type\":\"ListItem\",\"position\":2,\"name\":\"Chanel Presenta M\u00e9tiers D&#8217;art en Manchester\"}]},{\"@type\":\"WebSite\",\"@id\":\"https:\/\/graziamagazine.com\/mx\/#website\",\"url\":\"https:\/\/graziamagazine.com\/mx\/\",\"name\":\"Grazia M\u00e9xico y Latinoam\u00e9rica\",\"description\":\"Grazia es moda, belleza y noticias  de actualidad \",\"potentialAction\":[{\"@type\":\"SearchAction\",\"target\":{\"@type\":\"EntryPoint\",\"urlTemplate\":\"https:\/\/graziamagazine.com\/mx\/?s={search_term_string}\"},\"query-input\":\"required name=search_term_string\"}],\"inLanguage\":\"es-MX\"}]}<\/script>\n<!-- \/ Yoast SEO Premium plugin. -->","yoast_head_json":{"title":"Chanel Presenta M\u00e9tiers D'art en Manchester","description":"El espect\u00e1culo celebr\u00f3 la artesan\u00eda y el savoir-faire de los talleres M\u00e9tiers d'art de Chanel","robots":{"index":"index","follow":"follow","max-snippet":"max-snippet:-1","max-image-preview":"max-image-preview:large","max-video-preview":"max-video-preview:-1"},"canonical":"https:\/\/graziamagazine.com\/mx\/articles\/chanel-presenta-metiers-dart-en-manchester\/","og_locale":"es_MX","og_type":"article","og_title":"Chanel Presenta M\u00e9tiers D'art en Manchester","og_description":"El espect\u00e1culo celebr\u00f3 la artesan\u00eda y el savoir-faire de los talleres M\u00e9tiers d'art de Chanel","og_url":"https:\/\/graziamagazine.com\/mx\/articles\/chanel-presenta-metiers-dart-en-manchester\/","og_site_name":"Grazia M\u00e9xico y Latinoam\u00e9rica","article_modified_time":"2023-12-08T13:12:50+00:00","og_image":[{"width":1220,"height":686,"url":"https:\/\/graziamagazine.com\/mx\/wp-content\/uploads\/sites\/13\/2023\/12\/f.elconfidencial.com_original_ff5_bb5_e40_ff5bb5e40fb98e1389a2125051b277c3.jpg","type":"image\/jpeg"}],"twitter_card":"summary_large_image","twitter_misc":{"Est. reading time":"3 minutos"},"schema":{"@context":"https:\/\/schema.org","@graph":[{"@type":"WebPage","@id":"https:\/\/graziamagazine.com\/mx\/articles\/chanel-presenta-metiers-dart-en-manchester\/","url":"https:\/\/graziamagazine.com\/mx\/articles\/chanel-presenta-metiers-dart-en-manchester\/","name":"Chanel Presenta M\u00e9tiers D'art en Manchester","isPartOf":{"@id":"https:\/\/graziamagazine.com\/mx\/#website"},"datePublished":"2023-12-07T22:51:48+00:00","dateModified":"2023-12-08T13:12:50+00:00","description":"El espect\u00e1culo celebr\u00f3 la artesan\u00eda y el savoir-faire de los talleres M\u00e9tiers d'art de Chanel","breadcrumb":{"@id":"https:\/\/graziamagazine.com\/mx\/articles\/chanel-presenta-metiers-dart-en-manchester\/#breadcrumb"},"inLanguage":"es-MX","potentialAction":[{"@type":"ReadAction","target":["https:\/\/graziamagazine.com\/mx\/articles\/chanel-presenta-metiers-dart-en-manchester\/"]}]},{"@type":"BreadcrumbList","@id":"https:\/\/graziamagazine.com\/mx\/articles\/chanel-presenta-metiers-dart-en-manchester\/#breadcrumb","itemListElement":[{"@type":"ListItem","position":1,"name":"Home","item":"https:\/\/graziamagazine.com\/mx\/"},{"@type":"ListItem","position":2,"name":"Chanel Presenta M\u00e9tiers D&#8217;art en Manchester"}]},{"@type":"WebSite","@id":"https:\/\/graziamagazine.com\/mx\/#website","url":"https:\/\/graziamagazine.com\/mx\/","name":"Grazia M\u00e9xico y Latinoam\u00e9rica","description":"Grazia es moda, belleza y noticias  de actualidad ","potentialAction":[{"@type":"SearchAction","target":{"@type":"EntryPoint","urlTemplate":"https:\/\/graziamagazine.com\/mx\/?s={search_term_string}"},"query-input":"required name=search_term_string"}],"inLanguage":"es-MX"}]}},"jetpack_sharing_enabled":true,"distributor_meta":false,"distributor_terms":false,"distributor_media":false,"distributor_original_site_name":"Grazia M\u00e9xico y Latinoam\u00e9rica","distributor_original_site_url":"https:\/\/graziamagazine.com\/mx","push-errors":false,"_links":{"self":[{"href":"https:\/\/graziamagazine.com\/mx\/wp-json\/wp\/v2\/articles\/132070"}],"collection":[{"href":"https:\/\/graziamagazine.com\/mx\/wp-json\/wp\/v2\/articles"}],"about":[{"href":"https:\/\/graziamagazine.com\/mx\/wp-json\/wp\/v2\/types\/articles"}],"author":[{"embeddable":true,"href":"https:\/\/graziamagazine.com\/mx\/wp-json\/wp\/v2\/users\/28953"}],"wp:featuredmedia":[{"embeddable":true,"href":"https:\/\/graziamagazine.com\/mx\/wp-json\/wp\/v2\/media\/132077"}],"wp:attachment":[{"href":"https:\/\/graziamagazine.com\/mx\/wp-json\/wp\/v2\/media?parent=132070"}],"wp:term":[{"taxonomy":"category","embeddable":true,"href":"https:\/\/graziamagazine.com\/mx\/wp-json\/wp\/v2\/categories?post=132070"}],"curies":[{"name":"wp","href":"https:\/\/api.w.org\/{rel}","templated":true}]}}